{"id":27648,"date":"2025-12-18T19:49:23","date_gmt":"2025-12-18T22:49:23","guid":{"rendered":"https:\/\/oficialnoticias.com\/?p=27648"},"modified":"2025-12-18T19:49:24","modified_gmt":"2025-12-18T22:49:24","slug":"tadeuzinho-fecha-ano-de-propag-na-assembleia-e-passa-a-bola-da-divida-para-zema","status":"publish","type":"post","link":"https:\/\/oficialnoticias.com\/?p=27648","title":{"rendered":"Tadeuzinho fecha ano de Propag na Assembleia e &#8216;passa a bola&#8217; da d\u00edvida para Zema"},"content":{"rendered":"<p><\/p>\n<div>\n<p>Ao encerrar os trabalhos da <bsp-link-enhancement><br \/>\n    <span class=\"LinkEnhancement\"><a class=\"Link\" href=\"https:\/\/www.itatiaia.com.br\/tags\/almg\" title=\"&lt;b&gt;Assembleia Legislativa de Minas Gerais (ALMG)&lt;\/b&gt;\"><b>Assembleia Legislativa de Minas Gerais (ALMG)<\/b><\/a><\/span><\/bsp-link-enhancement> em 2025, o presidente da Casa, <bsp-link-enhancement><br \/>\n    <span class=\"LinkEnhancement\"><a class=\"Link\" href=\"https:\/\/www.itatiaia.com.br\/politica\/tadeu-cobra-celeridade-do-governo-federal-para-avaliar-o-interesse-na-codemig-e-codemge\" title=\"&lt;b&gt;Tadeu Martins Leite (MDB)&lt;\/b&gt;\"><b>Tadeu Martins Leite (MDB)<\/b><\/a><\/span><\/bsp-link-enhancement>, concedeu entrevista coletiva em tom de virada de p\u00e1gina ap\u00f3s semestre carregado por projetos atrelados ao Programa de Pleno Pagamento de D\u00edvidas dos Estados (Propag). Nesta quinta-feira (18), \u00faltimo dia de trabalhos em plen\u00e1rio no ano, o parlamentar destacou que a responsabilidade de lidar com a quest\u00e3o fiscal do estado agora est\u00e1 diante do <bsp-link-enhancement><br \/>\n    <span class=\"LinkEnhancement\"><a class=\"Link\" href=\"https:\/\/www.itatiaia.com.br\/tags\/romeu-zema\" title=\"&lt;b&gt;governador Romeu Zema (Novo)&lt;\/b&gt;\"><b>governador Romeu Zema (Novo)<\/b><\/a><\/span><\/bsp-link-enhancement>.<\/p>\n<p>Tadeuzinho destacou o papel do Propag como uma alternativa constru\u00edda diante da resist\u00eancia dos deputados em aderir ao Regime de Recupera\u00e7\u00e3o Fiscal (RRF), tratado pelo Governo de Minas nos seis primeiros anos sob Zema como a medida essencial para lidar com a d\u00edvida do estado com a Uni\u00e3o. Hoje, o d\u00e9bito est\u00e1 avaliado em quase R$ 180 bilh\u00f5es.<\/p>\n<p>\u201cQuando o Propag apareceu, essa casa disse n\u00e3o ao Regime de Recupera\u00e7\u00e3o Fiscal e hoje o enterramos de vez. N\u00f3s estamos conseguindo construir o futuro de Minas Gerais e o futuro futuro das pr\u00f3ximas gera\u00e7\u00f5es. Agora cabe ao governo implementar as ideias do Propag, que vai muito al\u00e9m de apenas n\u00e3o pagar juros. O Propag d\u00e1 oportunidade, d\u00e1 f\u00f4lego para o estado de Minas Gerais agora em fazer as discuss\u00f5es priorit\u00e1rias e necess\u00e1rias. A partir de agora, vamos parar de falar sobre d\u00edvida e temos que come\u00e7ar a pensar, de fato, nas pessoas, no que resolve o problema da vida dos mineiros\u201d, declarou o presidente da ALMG.<\/p>\n<p>O RRF jamais foi votado na Assembleia e, em agosto de 2024, Zema<bsp-link-enhancement><br \/>\n    <span class=\"LinkEnhancement\"><a class=\"Link\" href=\"https:\/\/www.itatiaia.com.br\/politica\/2022\/07\/04\/com-aval-do-stf-zema-vai-a-brasilia-acelerar-regime-de-recuperacao-fiscal\" title=\" &lt;b&gt;conseguiu a ades\u00e3o via Supremo Tribunal Federal (STF)&lt;\/b&gt;\"> <b>conseguiu a ades\u00e3o via Supremo Tribunal Federal (STF)<\/b><\/a><\/span><\/bsp-link-enhancement>. O regime prev\u00ea medidas de austeridade que limitam os investimentos p\u00fablicos, congelam sal\u00e1rios de servidores e, inclusive, n\u00e3o preveem o pagamento real da d\u00edvida e a diminui\u00e7\u00e3o do estoque. O Propag foi planejado em 2024 como uma alternativa a partir do di\u00e1logo entre a Assembleia e do ent\u00e3o presidente do Senado, Rodrigo Pacheco (PSD-MG).<\/p>\n<p>Destacando o que classificou como uma boa rela\u00e7\u00e3o com os governos estadual e federal, Tadeuzinho recordou que a Assembleia aprovou mais de uma dezena de projetos enviados por Zema ao Legislativo para formatar a ades\u00e3o do estado ao programa de refinanciamento. O presidente da Casa ainda ressaltou que outros textos foram reformulados diante da resist\u00eancia de deputados em acatar a forma como chegaram as propostas vindas da Cidade Administrativa.<\/p>\n<p>\u201cA assembleia autorizou o Estado, incluindo todos os projetos que foram aprovados aqui, dos 14 que vieram, n\u00f3s votamos 10 e outros quatro, n\u00f3s constru\u00edmos um acordo aqui para que eles n\u00e3o precisassem ser votados. Lembro aqui, por exemplo, da federaliza\u00e7\u00e3o da Uemg (Universidade do Estado de Minas Gerais), dissemos n\u00e3o \u00e0 privatiza\u00e7\u00e3o e \u00e0 retirada do referendo, por exemplo, da Cemig, que era tamb\u00e9m uma um pedido do Estado tamb\u00e9m para tentar aderir ao Propag. Tudo que n\u00f3s pod\u00edamos fazer foi feito para que eles possam fazer ades\u00e3o da melhor forma poss\u00edvel\u201d, destacou<\/p>\n<p>Ao longo do segundo semestre a Assembleia aprovou projetos para a ades\u00e3o ao Propag como a mudan\u00e7a na estrutura da <bsp-link-enhancement><br \/>\n    <span class=\"LinkEnhancement\"><a class=\"Link\" href=\"https:\/\/www.itatiaia.com.br\/politica\/reformulacao-da-arsae-e-aprovada-em-definitivo-na-assembleia\" title=\"&lt;b&gt;Ag\u00eancia Reguladora de Servi\u00e7os de Abastecimento de \u00c1gua e Esgotamento Sanit\u00e1rio do Estado (Arsae-MG)&lt;\/b&gt;\"><b>Ag\u00eancia Reguladora de Servi\u00e7os de Abastecimento de \u00c1gua e Esgotamento Sanit\u00e1rio do Estado (Arsae-MG)<\/b><\/a><\/span><\/bsp-link-enhancement>; a <bsp-link-enhancement><br \/>\n    <span class=\"LinkEnhancement\"><a class=\"Link\" href=\"https:\/\/www.itatiaia.com.br\/politica\/almg-aprova-em-definitivo-projeto-que-preve-a-privatizacao-da-copasa\" title=\"&lt;b&gt;privatiza\u00e7\u00e3o da Copasa&lt;\/b&gt;\"><b>privatiza\u00e7\u00e3o da Copasa<\/b><\/a><\/span><\/bsp-link-enhancement>; a <bsp-link-enhancement><br \/>\n    <span class=\"LinkEnhancement\"><a class=\"Link\" href=\"https:\/\/www.itatiaia.com.br\/politica\/governo-de-minas-divulga-valor-da-codemig-estatal-sozinha-quase-atinge-marca-exigida-pelo-propag\" title=\"&lt;b&gt;federaliza\u00e7\u00e3o da Codemig&lt;\/b&gt;\"><b>federaliza\u00e7\u00e3o da Codemig<\/b><\/a><\/span><\/bsp-link-enhancement> e da Minas Gerais Participa\u00e7\u00f5es (MGI); e a pr\u00f3pria entrada no programa em si, com a consequente sa\u00edda do RRF.<\/p>\n<h2><b>O que diz o Propag<\/b><\/h2>\n<p>O Programa de Pleno pagamento de D\u00edvidas dos Estados (Propag) foi criado a partir das dificuldades encontradas pelo governador Romeu Zema (Novo) em <bsp-link-enhancement><br \/>\n    <span class=\"LinkEnhancement\"><a class=\"Link\" href=\"https:\/\/www.itatiaia.com.br\/politica\/2023\/01\/01\/zema-elege-regime-de-recuperacao-fiscal-como-prioridade-para-novo-mandato-e-espera-montar-base-na-assembleia\" target=\"_blank\" title=\"&lt;b&gt;&lt;u&gt;aprovar a ades\u00e3o de Minas Gerais ao Regime de Recupera\u00e7\u00e3o Fiscal (RRF)&lt;\/u&gt;&lt;\/b&gt;\" rel=\"noopener\"><b><u>aprovar a ades\u00e3o de Minas Gerais ao Regime de Recupera\u00e7\u00e3o Fiscal (RRF)<\/u><\/b><\/a><\/span><\/bsp-link-enhancement> na Assembleia Legislativa (ALMG). Principal pauta do Executivo Estadual para lidar com a situa\u00e7\u00e3o da bilion\u00e1ria d\u00edvida com a Uni\u00e3o, a medida foi considerada excessivamente austera pelos parlamentares e n\u00e3o caminhou na Casa.<\/p>\n<p>O RRF foi institu\u00eddo durante a presid\u00eancia de Michel Temer (MDB) como uma forma de adequa\u00e7\u00e3o or\u00e7ament\u00e1ria dos estados endividados. Durante nove anos de vig\u00eancia do regime, os estados precisam conter investimentos, limitar os reajustes salariais dos servidores e congelar novos concursos para o funcionalismo p\u00fablico, por exemplo.<\/p>\n<p>Sem conseguir aderir ao regime via Legislativa, <bsp-link-enhancement><br \/>\n    <span class=\"LinkEnhancement\"><a class=\"Link\" href=\"https:\/\/www.itatiaia.com.br\/colunas\/coluna-da-edilene-lopes\/2024\/08\/28\/com-acordo-aprovado-pelo-stf-minas-podera-futuramente-podera-escolher-entre-rrf-ou-propag\" target=\"_blank\" title=\"&lt;b&gt;&lt;u&gt;Zema conseguiu o ingresso via Supremo Tribunal Federal (STF)&lt;\/u&gt;&lt;\/b&gt;\" rel=\"noopener\"><b><u>Zema conseguiu o ingresso via Supremo Tribunal Federal (STF)<\/u><\/b><\/a><\/span><\/bsp-link-enhancement> em 2024. Minas, ent\u00e3o, se somou a um grupo formado por Goi\u00e1s, Rio Grande do Sul e Rio de Janeiro, todos operando sob o RRF. Paralelamente \u00e0 empreitada jur\u00eddica do governador, membros da oposi\u00e7\u00e3o na Assembleia, o presidente da Casa, <bsp-link-enhancement><br \/>\n    <span class=\"LinkEnhancement\"><a class=\"Link\" href=\"https:\/\/www.itatiaia.com.br\/politica\/pacheco-faz-afago-a-tadeuzinho-durante-agenda-de-lula-em-montes-claros\" target=\"_blank\" title=\"&lt;b&gt;&lt;u&gt;Tadeu Martins Leite (MDB), e o ent\u00e3o presidente do Senado, Rodrigo Pacheco (PSD-MG)&lt;\/u&gt;&lt;\/b&gt;\" rel=\"noopener\"><b><u>Tadeu Martins Leite (MDB), e o ent\u00e3o presidente do Senado, Rodrigo Pacheco (PSD-MG)<\/u><\/b><\/a><\/span><\/bsp-link-enhancement>, come\u00e7aram a costurar o que viria a ser o Propag.<\/p>\n<p>O projeto de lei complementar que propunha a cria\u00e7\u00e3o do Propag foi aprovado no Congresso Nacional em dezembro de 2024, <bsp-link-enhancement><br \/>\n    <span class=\"LinkEnhancement\"><a class=\"Link\" href=\"https:\/\/www.itatiaia.com.br\/politica\/2025\/01\/14\/lula-sanciona-com-vetos-projeto-que-renegocia-divida-dos-estados-entenda-o-que-muda\" target=\"_blank\" title=\"&lt;b&gt;&lt;u&gt;sancionado parcialmente pelo presidente Luiz In\u00e1cio Lula da Silva (PT)&lt;\/u&gt;&lt;\/b&gt;\" rel=\"noopener\"><b><u>sancionado parcialmente pelo presidente Luiz In\u00e1cio Lula da Silva (PT)<\/u><\/b><\/a><\/span><\/bsp-link-enhancement> em janeiro do ano seguinte e regulamentado em abril.<\/p>\n<p>O programa prev\u00ea a cria\u00e7\u00e3o de condi\u00e7\u00f5es para que os estados endividados com a Uni\u00e3o consigam parcelar o pagamento do d\u00e9bito em at\u00e9 30 anos. Neste contexto, o Propag estabelece mecanismos para a redu\u00e7\u00e3o dos juros cobrados sobre as parcelas, hoje calculados pelo \u00cdndice Nacional de Pre\u00e7os ao Consumidor Amplo (IPCA) \u2014 que estabelece a infla\u00e7\u00e3o \u2014 mais 4% do estoque da d\u00edvida ao ano.<\/p>\n<p>O ingresso no Propag deve ser decidido pelos estados at\u00e9 o fim deste ano e pode ser feito em diferentes modelagens, todas elas com a possibilidade da redu\u00e7\u00e3o dos juros reais com a elimina\u00e7\u00e3o dos quatro pontos percentuais cobrados al\u00e9m da infla\u00e7\u00e3o.<\/p>\n<p>O modelo escolhido pelo governo mineiro e em discuss\u00e3o com um <bsp-link-enhancement><br \/>\n    <span class=\"LinkEnhancement\"><a class=\"Link\" href=\"https:\/\/www.itatiaia.com.br\/politica\/2025\/05\/07\/vice-governador-mateus-simoes-protocola-pacote-propag-na-assembleia-de-minas\" target=\"_blank\" title=\"&lt;b&gt;&lt;u&gt;pacote com mais de uma dezena de projetos enviados \u00e0 Assembleia&lt;\/u&gt;&lt;\/b&gt;\" rel=\"noopener\"><b><u>pacote com mais de uma dezena de projetos enviados \u00e0 Assembleia<\/u><\/b><\/a><\/span><\/bsp-link-enhancement> prev\u00ea a redu\u00e7\u00e3o de dois pontos percentuais a partir do abatimento de ao menos 20% do estoque da d\u00edvida. Hoje, Minas deve cerca de R$ 175 bilh\u00f5es \u00e0 Uni\u00e3o e, portanto, precisaria pagar R$ 35 bilh\u00f5es para atingir seu objetivo.<\/p>\n<p>Esse pagamento pode ser feito a partir da federaliza\u00e7\u00e3o de ativos estatais para amortizar a d\u00edvida com seu repasse ao governo federal ou via privatiza\u00e7\u00e3o dos bens com uso do recurso para o abatimento do d\u00e9bito. Neste contexto est\u00e3o os pol\u00eamicos debates de venda de im\u00f3veis do estado e da Copasa e da <bsp-link-enhancement><br \/>\n    <span class=\"LinkEnhancement\"><a class=\"Link\" href=\"https:\/\/www.itatiaia.com.br\/politica\/governo-de-minas-divulga-valor-da-codemig-estatal-sozinha-quase-atinge-marca-exigida-pelo-propag\" target=\"_blank\" title=\"&lt;b&gt;&lt;u&gt;federaliza\u00e7\u00e3o da Codemig&lt;\/u&gt;&lt;\/b&gt;\" rel=\"noopener\"><b><u>federaliza\u00e7\u00e3o da Codemig<\/u><\/b><\/a><\/span><\/bsp-link-enhancement>, h\u00e1 meses monopolizando a discuss\u00e3o no Legislativo mineiro.<\/p>\n<p>Outro ponto percentual pode ser abatido com o compromisso de que a economia obtida com essa redu\u00e7\u00e3o de juros seja reinvestida no estado. O uso do valor que n\u00e3o ser\u00e1 pago em forma de d\u00edvida deve, portanto, ser aplicado em a\u00e7\u00f5es de seguran\u00e7a p\u00fablica, ensino profissionalizante, infraestrutura e outras \u00e1reas nevr\u00e1lgicas da estrutura do estado.<\/p>\n<p>Por fim, mais um ponto percentual pode ser suprimido com a contribui\u00e7\u00e3o com o Fundo de Equaliza\u00e7\u00e3o Federativa. Institu\u00eddo pelo pr\u00f3prio Propag, essa medida foi tomada como uma forma de negociar a aprova\u00e7\u00e3o do texto no Congresso junto a parlamentares de estados que n\u00e3o est\u00e3o em d\u00edvida com a Uni\u00e3o e que viam no programa de refinanciamento uma iniciativa de favorecimento das unidades federativas em d\u00e9bito. Os valores destinados ao fundo ser\u00e3o redistribu\u00eddos entre os estados do pa\u00eds.<\/p>\n<p><bsp-list-loadmore class=\"PageListStandardG\" data-module=\"\" data-show-loadmore=\"true\" data-list-title-size=\"3\" data-list-description-size=\"3\"><\/p>\n<p>    <a class=\"AnchorLink\" title=\"leia-tambem\" name=\"leia-tambem\"\/><\/p>\n<p><\/bsp-list-loadmore><\/p><\/div>\n<p><script>\n  window.fbAsyncInit = function() {\n      FB.init({\n              appId : '1447052969554341',\n          xfbml : true,\n          version : 'v2.9'\n      });\n  };\n  (function(d, s, id){\n     var js, fjs = d.getElementsByTagName(s)[0];\n     if (d.getElementById(id)) {return;}\n     js = d.createElement(s); js.id = id;\n     js.src = \"https:\/\/connect.facebook.net\/en_US\/sdk.js\";\n     fjs.parentNode.insertBefore(js, fjs);\n   }(document, 'script', 'facebook-jssdk'));\n<\/script><\/p>\n","protected":false},"excerpt":{"rendered":"<p>Ao encerrar os trabalhos da Assembleia Legislativa de Minas Gerais (ALMG) em 2025, o presidente da Casa, Tadeu Martins Leite (MDB), concedeu entrevista coletiva em tom de virada de p\u00e1gina ap\u00f3s semestre carregado por projetos atrelados ao Programa de Pleno Pagamento de D\u00edvidas dos Estados (Propag). Nesta quinta-feira (18), \u00faltimo dia de trabalhos em plen\u00e1rio&#8230;<\/p>\n","protected":false},"author":2,"featured_media":27649,"comment_status":"open","ping_status":"open","sticky":false,"template":"","format":"standard","meta":{"footnotes":""},"categories":[24],"tags":[],"class_list":["post-27648","post","type-post","status-publish","format-standard","has-post-thumbnail","hentry","category-politica"],"yoast_head":"<!-- This site is optimized with the Yoast SEO plugin v28.1 - https:\/\/yoast.com\/product\/yoast-seo-wordpress\/ -->\n<title>Tadeuzinho fecha ano de Propag na Assembleia e &#039;passa a bola&#039; da d\u00edvida para Zema -<\/title>\n<meta name=\"robots\" content=\"index, follow, max-snippet:-1, max-image-preview:large, max-video-preview:-1\" \/>\n<link rel=\"canonical\" href=\"https:\/\/oficialnoticias.com\/?p=27648\" \/>\n<meta property=\"og:locale\" content=\"pt_BR\" \/>\n<meta property=\"og:type\" content=\"article\" \/>\n<meta property=\"og:title\" content=\"Tadeuzinho fecha ano de Propag na Assembleia e &#039;passa a bola&#039; da d\u00edvida para Zema -\" \/>\n<meta property=\"og:description\" content=\"Ao encerrar os trabalhos da Assembleia Legislativa de Minas Gerais (ALMG) em 2025, o presidente da Casa, Tadeu Martins Leite (MDB), concedeu entrevista coletiva em tom de virada de p\u00e1gina ap\u00f3s semestre carregado por projetos atrelados ao Programa de Pleno Pagamento de D\u00edvidas dos Estados (Propag). Nesta quinta-feira (18), \u00faltimo dia de trabalhos em plen\u00e1rio...\" \/>\n<meta property=\"og:url\" content=\"https:\/\/oficialnoticias.com\/?p=27648\" \/>\n<meta property=\"article:published_time\" content=\"2025-12-18T22:49:23+00:00\" \/>\n<meta property=\"article:modified_time\" content=\"2025-12-18T22:49:24+00:00\" \/>\n<meta property=\"og:image\" content=\"https:\/\/oficialnoticias.com\/wp-content\/uploads\/2025\/12\/urlhttps3A2F2Fk2-prod-radio-itatiaia.s3.us-east-1.amazonaws.com2Fbrightspot2F272F682F3b93b4.webp\" \/>\n\t<meta property=\"og:image:width\" content=\"1200\" \/>\n\t<meta property=\"og:image:height\" content=\"630\" \/>\n\t<meta property=\"og:image:type\" content=\"image\/webp\" \/>\n<meta name=\"author\" content=\"Luana Gon\u00e7alves\" \/>\n<meta name=\"twitter:card\" content=\"summary_large_image\" \/>\n<meta name=\"twitter:label1\" content=\"Escrito por\" \/>\n\t<meta name=\"twitter:data1\" content=\"Luana Gon\u00e7alves\" \/>\n\t<meta name=\"twitter:label2\" content=\"Est. tempo de leitura\" \/>\n\t<meta name=\"twitter:data2\" content=\"6 minutos\" \/>\n<script type=\"application\/ld+json\" class=\"yoast-schema-graph\">{\"@context\":\"https:\\\/\\\/schema.org\",\"@graph\":[{\"@type\":\"Article\",\"@id\":\"https:\\\/\\\/oficialnoticias.com\\\/?p=27648#article\",\"isPartOf\":{\"@id\":\"https:\\\/\\\/oficialnoticias.com\\\/?p=27648\"},\"author\":{\"name\":\"Luana Gon\u00e7alves\",\"@id\":\"https:\\\/\\\/oficialnoticias.com\\\/#\\\/schema\\\/person\\\/2d1dcbb6bfbc28d68171b4dc04723d4a\"},\"headline\":\"Tadeuzinho fecha ano de Propag na Assembleia e &#8216;passa a bola&#8217; da d\u00edvida para Zema\",\"datePublished\":\"2025-12-18T22:49:23+00:00\",\"dateModified\":\"2025-12-18T22:49:24+00:00\",\"mainEntityOfPage\":{\"@id\":\"https:\\\/\\\/oficialnoticias.com\\\/?p=27648\"},\"wordCount\":1273,\"commentCount\":0,\"publisher\":{\"@id\":\"https:\\\/\\\/oficialnoticias.com\\\/#organization\"},\"image\":{\"@id\":\"https:\\\/\\\/oficialnoticias.com\\\/?p=27648#primaryimage\"},\"thumbnailUrl\":\"https:\\\/\\\/oficialnoticias.com\\\/wp-content\\\/uploads\\\/2025\\\/12\\\/urlhttps3A2F2Fk2-prod-radio-itatiaia.s3.us-east-1.amazonaws.com2Fbrightspot2F272F682F3b93b4.webp\",\"articleSection\":[\"Politica\"],\"inLanguage\":\"pt-BR\",\"potentialAction\":[{\"@type\":\"CommentAction\",\"name\":\"Comment\",\"target\":[\"https:\\\/\\\/oficialnoticias.com\\\/?p=27648#respond\"]}]},{\"@type\":\"WebPage\",\"@id\":\"https:\\\/\\\/oficialnoticias.com\\\/?p=27648\",\"url\":\"https:\\\/\\\/oficialnoticias.com\\\/?p=27648\",\"name\":\"Tadeuzinho fecha ano de Propag na Assembleia e 'passa a bola' da d\u00edvida para Zema -\",\"isPartOf\":{\"@id\":\"https:\\\/\\\/oficialnoticias.com\\\/#website\"},\"primaryImageOfPage\":{\"@id\":\"https:\\\/\\\/oficialnoticias.com\\\/?p=27648#primaryimage\"},\"image\":{\"@id\":\"https:\\\/\\\/oficialnoticias.com\\\/?p=27648#primaryimage\"},\"thumbnailUrl\":\"https:\\\/\\\/oficialnoticias.com\\\/wp-content\\\/uploads\\\/2025\\\/12\\\/urlhttps3A2F2Fk2-prod-radio-itatiaia.s3.us-east-1.amazonaws.com2Fbrightspot2F272F682F3b93b4.webp\",\"datePublished\":\"2025-12-18T22:49:23+00:00\",\"dateModified\":\"2025-12-18T22:49:24+00:00\",\"breadcrumb\":{\"@id\":\"https:\\\/\\\/oficialnoticias.com\\\/?p=27648#breadcrumb\"},\"inLanguage\":\"pt-BR\",\"potentialAction\":[{\"@type\":\"ReadAction\",\"target\":[\"https:\\\/\\\/oficialnoticias.com\\\/?p=27648\"]}]},{\"@type\":\"ImageObject\",\"inLanguage\":\"pt-BR\",\"@id\":\"https:\\\/\\\/oficialnoticias.com\\\/?p=27648#primaryimage\",\"url\":\"https:\\\/\\\/oficialnoticias.com\\\/wp-content\\\/uploads\\\/2025\\\/12\\\/urlhttps3A2F2Fk2-prod-radio-itatiaia.s3.us-east-1.amazonaws.com2Fbrightspot2F272F682F3b93b4.webp\",\"contentUrl\":\"https:\\\/\\\/oficialnoticias.com\\\/wp-content\\\/uploads\\\/2025\\\/12\\\/urlhttps3A2F2Fk2-prod-radio-itatiaia.s3.us-east-1.amazonaws.com2Fbrightspot2F272F682F3b93b4.webp\",\"width\":1200,\"height\":630},{\"@type\":\"BreadcrumbList\",\"@id\":\"https:\\\/\\\/oficialnoticias.com\\\/?p=27648#breadcrumb\",\"itemListElement\":[{\"@type\":\"ListItem\",\"position\":1,\"name\":\"In\u00edcio\",\"item\":\"https:\\\/\\\/oficialnoticias.com\\\/\"},{\"@type\":\"ListItem\",\"position\":2,\"name\":\"Tadeuzinho fecha ano de Propag na Assembleia e &#8216;passa a bola&#8217; da d\u00edvida para Zema\"}]},{\"@type\":\"WebSite\",\"@id\":\"https:\\\/\\\/oficialnoticias.com\\\/#website\",\"url\":\"https:\\\/\\\/oficialnoticias.com\\\/\",\"name\":\"oficial Noticias\",\"description\":\"\",\"publisher\":{\"@id\":\"https:\\\/\\\/oficialnoticias.com\\\/#organization\"},\"potentialAction\":[{\"@type\":\"SearchAction\",\"target\":{\"@type\":\"EntryPoint\",\"urlTemplate\":\"https:\\\/\\\/oficialnoticias.com\\\/?s={search_term_string}\"},\"query-input\":{\"@type\":\"PropertyValueSpecification\",\"valueRequired\":true,\"valueName\":\"search_term_string\"}}],\"inLanguage\":\"pt-BR\"},{\"@type\":\"Organization\",\"@id\":\"https:\\\/\\\/oficialnoticias.com\\\/#organization\",\"name\":\"oficial noticias\",\"url\":\"https:\\\/\\\/oficialnoticias.com\\\/\",\"logo\":{\"@type\":\"ImageObject\",\"inLanguage\":\"pt-BR\",\"@id\":\"https:\\\/\\\/oficialnoticias.com\\\/#\\\/schema\\\/logo\\\/image\\\/\",\"url\":\"https:\\\/\\\/oficialnoticias.com\\\/wp-content\\\/uploads\\\/2025\\\/08\\\/cropped-cropped-cropped-Logo-Noticias-e1753639739829.png\",\"contentUrl\":\"https:\\\/\\\/oficialnoticias.com\\\/wp-content\\\/uploads\\\/2025\\\/08\\\/cropped-cropped-cropped-Logo-Noticias-e1753639739829.png\",\"width\":119,\"height\":86,\"caption\":\"oficial noticias\"},\"image\":{\"@id\":\"https:\\\/\\\/oficialnoticias.com\\\/#\\\/schema\\\/logo\\\/image\\\/\"}},{\"@type\":\"Person\",\"@id\":\"https:\\\/\\\/oficialnoticias.com\\\/#\\\/schema\\\/person\\\/2d1dcbb6bfbc28d68171b4dc04723d4a\",\"name\":\"Luana Gon\u00e7alves\",\"image\":{\"@type\":\"ImageObject\",\"inLanguage\":\"pt-BR\",\"@id\":\"https:\\\/\\\/secure.gravatar.com\\\/avatar\\\/7aa6afdef873224c1a0265951f3fdfc0679f65dfbd15f018612595d323c52521?s=96&d=mm&r=g\",\"url\":\"https:\\\/\\\/secure.gravatar.com\\\/avatar\\\/7aa6afdef873224c1a0265951f3fdfc0679f65dfbd15f018612595d323c52521?s=96&d=mm&r=g\",\"contentUrl\":\"https:\\\/\\\/secure.gravatar.com\\\/avatar\\\/7aa6afdef873224c1a0265951f3fdfc0679f65dfbd15f018612595d323c52521?s=96&d=mm&r=g\",\"caption\":\"Luana Gon\u00e7alves\"},\"sameAs\":[\"https:\\\/\\\/oficialnoticias.com\\\/\"],\"url\":\"https:\\\/\\\/oficialnoticias.com\\\/?author=2\"}]}<\/script>\n<!-- \/ Yoast SEO plugin. -->","yoast_head_json":{"title":"Tadeuzinho fecha ano de Propag na Assembleia e 'passa a bola' da d\u00edvida para Zema -","robots":{"index":"index","follow":"follow","max-snippet":"max-snippet:-1","max-image-preview":"max-image-preview:large","max-video-preview":"max-video-preview:-1"},"canonical":"https:\/\/oficialnoticias.com\/?p=27648","og_locale":"pt_BR","og_type":"article","og_title":"Tadeuzinho fecha ano de Propag na Assembleia e 'passa a bola' da d\u00edvida para Zema -","og_description":"Ao encerrar os trabalhos da Assembleia Legislativa de Minas Gerais (ALMG) em 2025, o presidente da Casa, Tadeu Martins Leite (MDB), concedeu entrevista coletiva em tom de virada de p\u00e1gina ap\u00f3s semestre carregado por projetos atrelados ao Programa de Pleno Pagamento de D\u00edvidas dos Estados (Propag). Nesta quinta-feira (18), \u00faltimo dia de trabalhos em plen\u00e1rio...","og_url":"https:\/\/oficialnoticias.com\/?p=27648","article_published_time":"2025-12-18T22:49:23+00:00","article_modified_time":"2025-12-18T22:49:24+00:00","og_image":[{"width":1200,"height":630,"url":"https:\/\/oficialnoticias.com\/wp-content\/uploads\/2025\/12\/urlhttps3A2F2Fk2-prod-radio-itatiaia.s3.us-east-1.amazonaws.com2Fbrightspot2F272F682F3b93b4.webp","type":"image\/webp"}],"author":"Luana Gon\u00e7alves","twitter_card":"summary_large_image","twitter_misc":{"Escrito por":"Luana Gon\u00e7alves","Est. tempo de leitura":"6 minutos"},"schema":{"@context":"https:\/\/schema.org","@graph":[{"@type":"Article","@id":"https:\/\/oficialnoticias.com\/?p=27648#article","isPartOf":{"@id":"https:\/\/oficialnoticias.com\/?p=27648"},"author":{"name":"Luana Gon\u00e7alves","@id":"https:\/\/oficialnoticias.com\/#\/schema\/person\/2d1dcbb6bfbc28d68171b4dc04723d4a"},"headline":"Tadeuzinho fecha ano de Propag na Assembleia e &#8216;passa a bola&#8217; da d\u00edvida para Zema","datePublished":"2025-12-18T22:49:23+00:00","dateModified":"2025-12-18T22:49:24+00:00","mainEntityOfPage":{"@id":"https:\/\/oficialnoticias.com\/?p=27648"},"wordCount":1273,"commentCount":0,"publisher":{"@id":"https:\/\/oficialnoticias.com\/#organization"},"image":{"@id":"https:\/\/oficialnoticias.com\/?p=27648#primaryimage"},"thumbnailUrl":"https:\/\/oficialnoticias.com\/wp-content\/uploads\/2025\/12\/urlhttps3A2F2Fk2-prod-radio-itatiaia.s3.us-east-1.amazonaws.com2Fbrightspot2F272F682F3b93b4.webp","articleSection":["Politica"],"inLanguage":"pt-BR","potentialAction":[{"@type":"CommentAction","name":"Comment","target":["https:\/\/oficialnoticias.com\/?p=27648#respond"]}]},{"@type":"WebPage","@id":"https:\/\/oficialnoticias.com\/?p=27648","url":"https:\/\/oficialnoticias.com\/?p=27648","name":"Tadeuzinho fecha ano de Propag na Assembleia e 'passa a bola' da d\u00edvida para Zema -","isPartOf":{"@id":"https:\/\/oficialnoticias.com\/#website"},"primaryImageOfPage":{"@id":"https:\/\/oficialnoticias.com\/?p=27648#primaryimage"},"image":{"@id":"https:\/\/oficialnoticias.com\/?p=27648#primaryimage"},"thumbnailUrl":"https:\/\/oficialnoticias.com\/wp-content\/uploads\/2025\/12\/urlhttps3A2F2Fk2-prod-radio-itatiaia.s3.us-east-1.amazonaws.com2Fbrightspot2F272F682F3b93b4.webp","datePublished":"2025-12-18T22:49:23+00:00","dateModified":"2025-12-18T22:49:24+00:00","breadcrumb":{"@id":"https:\/\/oficialnoticias.com\/?p=27648#breadcrumb"},"inLanguage":"pt-BR","potentialAction":[{"@type":"ReadAction","target":["https:\/\/oficialnoticias.com\/?p=27648"]}]},{"@type":"ImageObject","inLanguage":"pt-BR","@id":"https:\/\/oficialnoticias.com\/?p=27648#primaryimage","url":"https:\/\/oficialnoticias.com\/wp-content\/uploads\/2025\/12\/urlhttps3A2F2Fk2-prod-radio-itatiaia.s3.us-east-1.amazonaws.com2Fbrightspot2F272F682F3b93b4.webp","contentUrl":"https:\/\/oficialnoticias.com\/wp-content\/uploads\/2025\/12\/urlhttps3A2F2Fk2-prod-radio-itatiaia.s3.us-east-1.amazonaws.com2Fbrightspot2F272F682F3b93b4.webp","width":1200,"height":630},{"@type":"BreadcrumbList","@id":"https:\/\/oficialnoticias.com\/?p=27648#breadcrumb","itemListElement":[{"@type":"ListItem","position":1,"name":"In\u00edcio","item":"https:\/\/oficialnoticias.com\/"},{"@type":"ListItem","position":2,"name":"Tadeuzinho fecha ano de Propag na Assembleia e &#8216;passa a bola&#8217; da d\u00edvida para Zema"}]},{"@type":"WebSite","@id":"https:\/\/oficialnoticias.com\/#website","url":"https:\/\/oficialnoticias.com\/","name":"oficial Noticias","description":"","publisher":{"@id":"https:\/\/oficialnoticias.com\/#organization"},"potentialAction":[{"@type":"SearchAction","target":{"@type":"EntryPoint","urlTemplate":"https:\/\/oficialnoticias.com\/?s={search_term_string}"},"query-input":{"@type":"PropertyValueSpecification","valueRequired":true,"valueName":"search_term_string"}}],"inLanguage":"pt-BR"},{"@type":"Organization","@id":"https:\/\/oficialnoticias.com\/#organization","name":"oficial noticias","url":"https:\/\/oficialnoticias.com\/","logo":{"@type":"ImageObject","inLanguage":"pt-BR","@id":"https:\/\/oficialnoticias.com\/#\/schema\/logo\/image\/","url":"https:\/\/oficialnoticias.com\/wp-content\/uploads\/2025\/08\/cropped-cropped-cropped-Logo-Noticias-e1753639739829.png","contentUrl":"https:\/\/oficialnoticias.com\/wp-content\/uploads\/2025\/08\/cropped-cropped-cropped-Logo-Noticias-e1753639739829.png","width":119,"height":86,"caption":"oficial noticias"},"image":{"@id":"https:\/\/oficialnoticias.com\/#\/schema\/logo\/image\/"}},{"@type":"Person","@id":"https:\/\/oficialnoticias.com\/#\/schema\/person\/2d1dcbb6bfbc28d68171b4dc04723d4a","name":"Luana Gon\u00e7alves","image":{"@type":"ImageObject","inLanguage":"pt-BR","@id":"https:\/\/secure.gravatar.com\/avatar\/7aa6afdef873224c1a0265951f3fdfc0679f65dfbd15f018612595d323c52521?s=96&d=mm&r=g","url":"https:\/\/secure.gravatar.com\/avatar\/7aa6afdef873224c1a0265951f3fdfc0679f65dfbd15f018612595d323c52521?s=96&d=mm&r=g","contentUrl":"https:\/\/secure.gravatar.com\/avatar\/7aa6afdef873224c1a0265951f3fdfc0679f65dfbd15f018612595d323c52521?s=96&d=mm&r=g","caption":"Luana Gon\u00e7alves"},"sameAs":["https:\/\/oficialnoticias.com\/"],"url":"https:\/\/oficialnoticias.com\/?author=2"}]}},"_links":{"self":[{"href":"https:\/\/oficialnoticias.com\/index.php?rest_route=\/wp\/v2\/posts\/27648","targetHints":{"allow":["GET"]}}],"collection":[{"href":"https:\/\/oficialnoticias.com\/index.php?rest_route=\/wp\/v2\/posts"}],"about":[{"href":"https:\/\/oficialnoticias.com\/index.php?rest_route=\/wp\/v2\/types\/post"}],"author":[{"embeddable":true,"href":"https:\/\/oficialnoticias.com\/index.php?rest_route=\/wp\/v2\/users\/2"}],"replies":[{"embeddable":true,"href":"https:\/\/oficialnoticias.com\/index.php?rest_route=%2Fwp%2Fv2%2Fcomments&post=27648"}],"version-history":[{"count":1,"href":"https:\/\/oficialnoticias.com\/index.php?rest_route=\/wp\/v2\/posts\/27648\/revisions"}],"predecessor-version":[{"id":27650,"href":"https:\/\/oficialnoticias.com\/index.php?rest_route=\/wp\/v2\/posts\/27648\/revisions\/27650"}],"wp:featuredmedia":[{"embeddable":true,"href":"https:\/\/oficialnoticias.com\/index.php?rest_route=\/wp\/v2\/media\/27649"}],"wp:attachment":[{"href":"https:\/\/oficialnoticias.com\/index.php?rest_route=%2Fwp%2Fv2%2Fmedia&parent=27648"}],"wp:term":[{"taxonomy":"category","embeddable":true,"href":"https:\/\/oficialnoticias.com\/index.php?rest_route=%2Fwp%2Fv2%2Fcategories&post=27648"},{"taxonomy":"post_tag","embeddable":true,"href":"https:\/\/oficialnoticias.com\/index.php?rest_route=%2Fwp%2Fv2%2Ftags&post=27648"}],"curies":[{"name":"wp","href":"https:\/\/api.w.org\/{rel}","templated":true}]}}