{"id":27372,"date":"2025-12-16T18:12:21","date_gmt":"2025-12-16T21:12:21","guid":{"rendered":"https:\/\/oficialnoticias.com\/?p=27372"},"modified":"2025-12-16T18:12:21","modified_gmt":"2025-12-16T21:12:21","slug":"lula-venceria-no-2o-turno-de-flavio-zema-caiado-tarcisio-e-ratinho-jr","status":"publish","type":"post","link":"https:\/\/oficialnoticias.com\/?p=27372","title":{"rendered":"Lula venceria, no 2\u00ba turno, de Fl\u00e1vio, Zema, Caiado, Tarc\u00edsio e Ratinho Jr."},"content":{"rendered":"<p><\/p>\n<div>\n<p>O<bsp-link-enhancement><br \/>\n    <span class=\"LinkEnhancement\"><a class=\"Link\" href=\"https:\/\/www.itatiaia.com.br\/politica\/quaest-lula-tem-39-flavio-bolsonaro-23-ratinho-jr-13\" title=\" presidente Luiz In\u00e1cio Lula da Silva (PT)\"> presidente Luiz In\u00e1cio Lula da Silva (PT)<\/a><\/span><\/bsp-link-enhancement> registra 46% das inten\u00e7\u00f5es de voto contra 36% de Fl\u00e1vio Bolsonaro (PL) em eventual segundo turno nas elei\u00e7\u00f5es gerais de 2026, aponta pesquisa Genial\/Quaest divulgada nesta ter\u00e7a-feira (16).<\/p>\n<p>O<bsp-link-enhancement><br \/>\n    <span class=\"LinkEnhancement\"><a class=\"Link\" href=\"https:\/\/www.itatiaia.com.br\/politica\/lula-e-desaprovado-por-49-e-aprovado-por-48-aponta-genial-quaest\" title=\" levantamento ainda mostra que o petista venceria o segundo turno em todos os cen\u00e1rios\"> levantamento ainda mostra que o petista venceria o segundo turno em todos os cen\u00e1rios<\/a><\/span><\/bsp-link-enhancement>, tanto contra Fl\u00e1vio, quanto contra Tarc\u00edsio de Freitas (Republicanos), Ratinho J\u00fanior (PSD), Ronaldo Caiado (Uni\u00e3o) e Romeu Zema (Novo).<\/p>\n<p>Esta foi a primeira pesquisa realizada pelo instituto sem o nome do ex-presidente Jair Bolsonaro, que indicou o filho para concorrer ao Pal\u00e1cio do Planalto no ano que vem.<\/p>\n<p>O levantamento ouviu 2.004 pessoas com 16 anos ou mais entre 11 e 14 de dezembro. A margem de erro \u00e9 de dois pontos percentuais para mais ou para menos, e o n\u00edvel de confian\u00e7a \u00e9 de 95%.<\/p>\n<p><bsp-list-loadmore class=\"PageListStandardG\" data-module=\"\" data-show-loadmore=\"true\" data-list-title-size=\"3\" data-list-description-size=\"3\"><\/p>\n<p>    <a class=\"AnchorLink\" title=\"leia-tambem\" name=\"leia-tambem\"\/><\/p>\n<p><\/bsp-list-loadmore><\/p>\n<h2>Segundo turno<\/h2>\n<p><b>Cen\u00e1rio 1<\/b><br \/>Lula (PT): 46%<br \/>Fl\u00e1vio Bolsonaro (PL): 36%<br \/>Indecisos: 3%<br \/>Branco\/Nulo\/N\u00e3o vai votar: 15%<\/p>\n<p><b>Cen\u00e1rio 2<\/b><br \/>Lula (PT): 45%<br \/>Tarc\u00edsio de Freitas (Republicanos): 35%<br \/>Indecisos: 4%<br \/>Branco\/Nulo\/N\u00e3o vai votar: 16%<\/p>\n<p><b>Cen\u00e1rio 3<\/b><br \/>Lula (PT): 45%<br \/>Ratinho Junior (PSD): 35%<br \/>Indecisos: 3%<br \/>Branco\/Nulo\/N\u00e3o vai votar: 17%<\/p>\n<p>Cen\u00e1rio 4<br \/>Lula (PT): 44%<br \/>Ronaldo Caiado (Uni\u00e3o): 33%<br \/>Indecisos: 3%<br \/>Branco\/Nulo\/N\u00e3o vai votar: 20%<\/p>\n<p><b>Cen\u00e1rio 5<\/b><br \/>Lula (PT): 45%<br \/>Romeu Zema (Novo): 33%<br \/>Indecisos: 4%<br \/>Branco\/Nulo\/N\u00e3o vai votar: 18%<\/p>\n<\/p><\/div>\n<p><script>\n  window.fbAsyncInit = function() {\n      FB.init({\n              appId : '1447052969554341',\n          xfbml : true,\n          version : 'v2.9'\n      });\n  };\n  (function(d, s, id){\n     var js, fjs = d.getElementsByTagName(s)[0];\n     if (d.getElementById(id)) {return;}\n     js = d.createElement(s); js.id = id;\n     js.src = \"https:\/\/connect.facebook.net\/en_US\/sdk.js\";\n     fjs.parentNode.insertBefore(js, fjs);\n   }(document, 'script', 'facebook-jssdk'));\n<\/script><\/p>\n","protected":false},"excerpt":{"rendered":"<p>O presidente Luiz In\u00e1cio Lula da Silva (PT) registra 46% das inten\u00e7\u00f5es de voto contra 36% de Fl\u00e1vio Bolsonaro (PL) em eventual segundo turno nas elei\u00e7\u00f5es gerais de 2026, aponta pesquisa Genial\/Quaest divulgada nesta ter\u00e7a-feira (16). O levantamento ainda mostra que o petista venceria o segundo turno em todos os cen\u00e1rios, tanto contra Fl\u00e1vio, quanto&#8230;<\/p>\n","protected":false},"author":2,"featured_media":27373,"comment_status":"open","ping_status":"open","sticky":false,"template":"","format":"standard","meta":{"footnotes":""},"categories":[24],"tags":[],"class_list":["post-27372","post","type-post","status-publish","format-standard","has-post-thumbnail","hentry","category-politica"],"yoast_head":"<!-- This site is optimized with the Yoast SEO plugin v28.1 - https:\/\/yoast.com\/product\/yoast-seo-wordpress\/ -->\n<title>Lula venceria, no 2\u00ba turno, de Fl\u00e1vio, Zema, Caiado, Tarc\u00edsio e Ratinho Jr. -<\/title>\n<meta name=\"robots\" content=\"index, follow, max-snippet:-1, max-image-preview:large, max-video-preview:-1\" \/>\n<link rel=\"canonical\" href=\"https:\/\/oficialnoticias.com\/?p=27372\" \/>\n<meta property=\"og:locale\" content=\"pt_BR\" \/>\n<meta property=\"og:type\" content=\"article\" \/>\n<meta property=\"og:title\" content=\"Lula venceria, no 2\u00ba turno, de Fl\u00e1vio, Zema, Caiado, Tarc\u00edsio e Ratinho Jr. -\" \/>\n<meta property=\"og:description\" content=\"O presidente Luiz In\u00e1cio Lula da Silva (PT) registra 46% das inten\u00e7\u00f5es de voto contra 36% de Fl\u00e1vio Bolsonaro (PL) em eventual segundo turno nas elei\u00e7\u00f5es gerais de 2026, aponta pesquisa Genial\/Quaest divulgada nesta ter\u00e7a-feira (16). O levantamento ainda mostra que o petista venceria o segundo turno em todos os cen\u00e1rios, tanto contra Fl\u00e1vio, quanto...\" \/>\n<meta property=\"og:url\" content=\"https:\/\/oficialnoticias.com\/?p=27372\" \/>\n<meta property=\"article:published_time\" content=\"2025-12-16T21:12:21+00:00\" \/>\n<meta property=\"og:image\" content=\"https:\/\/oficialnoticias.com\/wp-content\/uploads\/2025\/12\/urlhttps3A2F2Fk2-prod-radio-itatiaia.s3.us-east-1.amazonaws.com2Fbrightspot2F502F782F0fdb38.webp\" \/>\n\t<meta property=\"og:image:width\" content=\"1200\" \/>\n\t<meta property=\"og:image:height\" content=\"630\" \/>\n\t<meta property=\"og:image:type\" content=\"image\/webp\" \/>\n<meta name=\"author\" content=\"Luana Gon\u00e7alves\" \/>\n<meta name=\"twitter:card\" content=\"summary_large_image\" \/>\n<meta name=\"twitter:label1\" content=\"Escrito por\" \/>\n\t<meta name=\"twitter:data1\" content=\"Luana Gon\u00e7alves\" \/>\n\t<meta name=\"twitter:label2\" content=\"Est. tempo de leitura\" \/>\n\t<meta name=\"twitter:data2\" content=\"1 minuto\" \/>\n<script type=\"application\/ld+json\" class=\"yoast-schema-graph\">{\"@context\":\"https:\\\/\\\/schema.org\",\"@graph\":[{\"@type\":\"Article\",\"@id\":\"https:\\\/\\\/oficialnoticias.com\\\/?p=27372#article\",\"isPartOf\":{\"@id\":\"https:\\\/\\\/oficialnoticias.com\\\/?p=27372\"},\"author\":{\"name\":\"Luana Gon\u00e7alves\",\"@id\":\"https:\\\/\\\/oficialnoticias.com\\\/#\\\/schema\\\/person\\\/2d1dcbb6bfbc28d68171b4dc04723d4a\"},\"headline\":\"Lula venceria, no 2\u00ba turno, de Fl\u00e1vio, Zema, Caiado, Tarc\u00edsio e Ratinho Jr.\",\"datePublished\":\"2025-12-16T21:12:21+00:00\",\"mainEntityOfPage\":{\"@id\":\"https:\\\/\\\/oficialnoticias.com\\\/?p=27372\"},\"wordCount\":230,\"commentCount\":0,\"publisher\":{\"@id\":\"https:\\\/\\\/oficialnoticias.com\\\/#organization\"},\"image\":{\"@id\":\"https:\\\/\\\/oficialnoticias.com\\\/?p=27372#primaryimage\"},\"thumbnailUrl\":\"https:\\\/\\\/oficialnoticias.com\\\/wp-content\\\/uploads\\\/2025\\\/12\\\/urlhttps3A2F2Fk2-prod-radio-itatiaia.s3.us-east-1.amazonaws.com2Fbrightspot2F502F782F0fdb38.webp\",\"articleSection\":[\"Politica\"],\"inLanguage\":\"pt-BR\",\"potentialAction\":[{\"@type\":\"CommentAction\",\"name\":\"Comment\",\"target\":[\"https:\\\/\\\/oficialnoticias.com\\\/?p=27372#respond\"]}]},{\"@type\":\"WebPage\",\"@id\":\"https:\\\/\\\/oficialnoticias.com\\\/?p=27372\",\"url\":\"https:\\\/\\\/oficialnoticias.com\\\/?p=27372\",\"name\":\"Lula venceria, no 2\u00ba turno, de Fl\u00e1vio, Zema, Caiado, Tarc\u00edsio e Ratinho Jr. -\",\"isPartOf\":{\"@id\":\"https:\\\/\\\/oficialnoticias.com\\\/#website\"},\"primaryImageOfPage\":{\"@id\":\"https:\\\/\\\/oficialnoticias.com\\\/?p=27372#primaryimage\"},\"image\":{\"@id\":\"https:\\\/\\\/oficialnoticias.com\\\/?p=27372#primaryimage\"},\"thumbnailUrl\":\"https:\\\/\\\/oficialnoticias.com\\\/wp-content\\\/uploads\\\/2025\\\/12\\\/urlhttps3A2F2Fk2-prod-radio-itatiaia.s3.us-east-1.amazonaws.com2Fbrightspot2F502F782F0fdb38.webp\",\"datePublished\":\"2025-12-16T21:12:21+00:00\",\"breadcrumb\":{\"@id\":\"https:\\\/\\\/oficialnoticias.com\\\/?p=27372#breadcrumb\"},\"inLanguage\":\"pt-BR\",\"potentialAction\":[{\"@type\":\"ReadAction\",\"target\":[\"https:\\\/\\\/oficialnoticias.com\\\/?p=27372\"]}]},{\"@type\":\"ImageObject\",\"inLanguage\":\"pt-BR\",\"@id\":\"https:\\\/\\\/oficialnoticias.com\\\/?p=27372#primaryimage\",\"url\":\"https:\\\/\\\/oficialnoticias.com\\\/wp-content\\\/uploads\\\/2025\\\/12\\\/urlhttps3A2F2Fk2-prod-radio-itatiaia.s3.us-east-1.amazonaws.com2Fbrightspot2F502F782F0fdb38.webp\",\"contentUrl\":\"https:\\\/\\\/oficialnoticias.com\\\/wp-content\\\/uploads\\\/2025\\\/12\\\/urlhttps3A2F2Fk2-prod-radio-itatiaia.s3.us-east-1.amazonaws.com2Fbrightspot2F502F782F0fdb38.webp\",\"width\":1200,\"height\":630},{\"@type\":\"BreadcrumbList\",\"@id\":\"https:\\\/\\\/oficialnoticias.com\\\/?p=27372#breadcrumb\",\"itemListElement\":[{\"@type\":\"ListItem\",\"position\":1,\"name\":\"In\u00edcio\",\"item\":\"https:\\\/\\\/oficialnoticias.com\\\/\"},{\"@type\":\"ListItem\",\"position\":2,\"name\":\"Lula venceria, no 2\u00ba turno, de Fl\u00e1vio, Zema, Caiado, Tarc\u00edsio e Ratinho Jr.\"}]},{\"@type\":\"WebSite\",\"@id\":\"https:\\\/\\\/oficialnoticias.com\\\/#website\",\"url\":\"https:\\\/\\\/oficialnoticias.com\\\/\",\"name\":\"oficial Noticias\",\"description\":\"\",\"publisher\":{\"@id\":\"https:\\\/\\\/oficialnoticias.com\\\/#organization\"},\"potentialAction\":[{\"@type\":\"SearchAction\",\"target\":{\"@type\":\"EntryPoint\",\"urlTemplate\":\"https:\\\/\\\/oficialnoticias.com\\\/?s={search_term_string}\"},\"query-input\":{\"@type\":\"PropertyValueSpecification\",\"valueRequired\":true,\"valueName\":\"search_term_string\"}}],\"inLanguage\":\"pt-BR\"},{\"@type\":\"Organization\",\"@id\":\"https:\\\/\\\/oficialnoticias.com\\\/#organization\",\"name\":\"oficial noticias\",\"url\":\"https:\\\/\\\/oficialnoticias.com\\\/\",\"logo\":{\"@type\":\"ImageObject\",\"inLanguage\":\"pt-BR\",\"@id\":\"https:\\\/\\\/oficialnoticias.com\\\/#\\\/schema\\\/logo\\\/image\\\/\",\"url\":\"https:\\\/\\\/oficialnoticias.com\\\/wp-content\\\/uploads\\\/2025\\\/08\\\/cropped-cropped-cropped-Logo-Noticias-e1753639739829.png\",\"contentUrl\":\"https:\\\/\\\/oficialnoticias.com\\\/wp-content\\\/uploads\\\/2025\\\/08\\\/cropped-cropped-cropped-Logo-Noticias-e1753639739829.png\",\"width\":119,\"height\":86,\"caption\":\"oficial noticias\"},\"image\":{\"@id\":\"https:\\\/\\\/oficialnoticias.com\\\/#\\\/schema\\\/logo\\\/image\\\/\"}},{\"@type\":\"Person\",\"@id\":\"https:\\\/\\\/oficialnoticias.com\\\/#\\\/schema\\\/person\\\/2d1dcbb6bfbc28d68171b4dc04723d4a\",\"name\":\"Luana Gon\u00e7alves\",\"image\":{\"@type\":\"ImageObject\",\"inLanguage\":\"pt-BR\",\"@id\":\"https:\\\/\\\/secure.gravatar.com\\\/avatar\\\/7aa6afdef873224c1a0265951f3fdfc0679f65dfbd15f018612595d323c52521?s=96&d=mm&r=g\",\"url\":\"https:\\\/\\\/secure.gravatar.com\\\/avatar\\\/7aa6afdef873224c1a0265951f3fdfc0679f65dfbd15f018612595d323c52521?s=96&d=mm&r=g\",\"contentUrl\":\"https:\\\/\\\/secure.gravatar.com\\\/avatar\\\/7aa6afdef873224c1a0265951f3fdfc0679f65dfbd15f018612595d323c52521?s=96&d=mm&r=g\",\"caption\":\"Luana Gon\u00e7alves\"},\"sameAs\":[\"https:\\\/\\\/oficialnoticias.com\\\/\"],\"url\":\"https:\\\/\\\/oficialnoticias.com\\\/?author=2\"}]}<\/script>\n<!-- \/ Yoast SEO plugin. -->","yoast_head_json":{"title":"Lula venceria, no 2\u00ba turno, de Fl\u00e1vio, Zema, Caiado, Tarc\u00edsio e Ratinho Jr. -","robots":{"index":"index","follow":"follow","max-snippet":"max-snippet:-1","max-image-preview":"max-image-preview:large","max-video-preview":"max-video-preview:-1"},"canonical":"https:\/\/oficialnoticias.com\/?p=27372","og_locale":"pt_BR","og_type":"article","og_title":"Lula venceria, no 2\u00ba turno, de Fl\u00e1vio, Zema, Caiado, Tarc\u00edsio e Ratinho Jr. -","og_description":"O presidente Luiz In\u00e1cio Lula da Silva (PT) registra 46% das inten\u00e7\u00f5es de voto contra 36% de Fl\u00e1vio Bolsonaro (PL) em eventual segundo turno nas elei\u00e7\u00f5es gerais de 2026, aponta pesquisa Genial\/Quaest divulgada nesta ter\u00e7a-feira (16). O levantamento ainda mostra que o petista venceria o segundo turno em todos os cen\u00e1rios, tanto contra Fl\u00e1vio, quanto...","og_url":"https:\/\/oficialnoticias.com\/?p=27372","article_published_time":"2025-12-16T21:12:21+00:00","og_image":[{"width":1200,"height":630,"url":"https:\/\/oficialnoticias.com\/wp-content\/uploads\/2025\/12\/urlhttps3A2F2Fk2-prod-radio-itatiaia.s3.us-east-1.amazonaws.com2Fbrightspot2F502F782F0fdb38.webp","type":"image\/webp"}],"author":"Luana Gon\u00e7alves","twitter_card":"summary_large_image","twitter_misc":{"Escrito por":"Luana Gon\u00e7alves","Est. tempo de leitura":"1 minuto"},"schema":{"@context":"https:\/\/schema.org","@graph":[{"@type":"Article","@id":"https:\/\/oficialnoticias.com\/?p=27372#article","isPartOf":{"@id":"https:\/\/oficialnoticias.com\/?p=27372"},"author":{"name":"Luana Gon\u00e7alves","@id":"https:\/\/oficialnoticias.com\/#\/schema\/person\/2d1dcbb6bfbc28d68171b4dc04723d4a"},"headline":"Lula venceria, no 2\u00ba turno, de Fl\u00e1vio, Zema, Caiado, Tarc\u00edsio e Ratinho Jr.","datePublished":"2025-12-16T21:12:21+00:00","mainEntityOfPage":{"@id":"https:\/\/oficialnoticias.com\/?p=27372"},"wordCount":230,"commentCount":0,"publisher":{"@id":"https:\/\/oficialnoticias.com\/#organization"},"image":{"@id":"https:\/\/oficialnoticias.com\/?p=27372#primaryimage"},"thumbnailUrl":"https:\/\/oficialnoticias.com\/wp-content\/uploads\/2025\/12\/urlhttps3A2F2Fk2-prod-radio-itatiaia.s3.us-east-1.amazonaws.com2Fbrightspot2F502F782F0fdb38.webp","articleSection":["Politica"],"inLanguage":"pt-BR","potentialAction":[{"@type":"CommentAction","name":"Comment","target":["https:\/\/oficialnoticias.com\/?p=27372#respond"]}]},{"@type":"WebPage","@id":"https:\/\/oficialnoticias.com\/?p=27372","url":"https:\/\/oficialnoticias.com\/?p=27372","name":"Lula venceria, no 2\u00ba turno, de Fl\u00e1vio, Zema, Caiado, Tarc\u00edsio e Ratinho Jr. -","isPartOf":{"@id":"https:\/\/oficialnoticias.com\/#website"},"primaryImageOfPage":{"@id":"https:\/\/oficialnoticias.com\/?p=27372#primaryimage"},"image":{"@id":"https:\/\/oficialnoticias.com\/?p=27372#primaryimage"},"thumbnailUrl":"https:\/\/oficialnoticias.com\/wp-content\/uploads\/2025\/12\/urlhttps3A2F2Fk2-prod-radio-itatiaia.s3.us-east-1.amazonaws.com2Fbrightspot2F502F782F0fdb38.webp","datePublished":"2025-12-16T21:12:21+00:00","breadcrumb":{"@id":"https:\/\/oficialnoticias.com\/?p=27372#breadcrumb"},"inLanguage":"pt-BR","potentialAction":[{"@type":"ReadAction","target":["https:\/\/oficialnoticias.com\/?p=27372"]}]},{"@type":"ImageObject","inLanguage":"pt-BR","@id":"https:\/\/oficialnoticias.com\/?p=27372#primaryimage","url":"https:\/\/oficialnoticias.com\/wp-content\/uploads\/2025\/12\/urlhttps3A2F2Fk2-prod-radio-itatiaia.s3.us-east-1.amazonaws.com2Fbrightspot2F502F782F0fdb38.webp","contentUrl":"https:\/\/oficialnoticias.com\/wp-content\/uploads\/2025\/12\/urlhttps3A2F2Fk2-prod-radio-itatiaia.s3.us-east-1.amazonaws.com2Fbrightspot2F502F782F0fdb38.webp","width":1200,"height":630},{"@type":"BreadcrumbList","@id":"https:\/\/oficialnoticias.com\/?p=27372#breadcrumb","itemListElement":[{"@type":"ListItem","position":1,"name":"In\u00edcio","item":"https:\/\/oficialnoticias.com\/"},{"@type":"ListItem","position":2,"name":"Lula venceria, no 2\u00ba turno, de Fl\u00e1vio, Zema, Caiado, Tarc\u00edsio e Ratinho Jr."}]},{"@type":"WebSite","@id":"https:\/\/oficialnoticias.com\/#website","url":"https:\/\/oficialnoticias.com\/","name":"oficial Noticias","description":"","publisher":{"@id":"https:\/\/oficialnoticias.com\/#organization"},"potentialAction":[{"@type":"SearchAction","target":{"@type":"EntryPoint","urlTemplate":"https:\/\/oficialnoticias.com\/?s={search_term_string}"},"query-input":{"@type":"PropertyValueSpecification","valueRequired":true,"valueName":"search_term_string"}}],"inLanguage":"pt-BR"},{"@type":"Organization","@id":"https:\/\/oficialnoticias.com\/#organization","name":"oficial noticias","url":"https:\/\/oficialnoticias.com\/","logo":{"@type":"ImageObject","inLanguage":"pt-BR","@id":"https:\/\/oficialnoticias.com\/#\/schema\/logo\/image\/","url":"https:\/\/oficialnoticias.com\/wp-content\/uploads\/2025\/08\/cropped-cropped-cropped-Logo-Noticias-e1753639739829.png","contentUrl":"https:\/\/oficialnoticias.com\/wp-content\/uploads\/2025\/08\/cropped-cropped-cropped-Logo-Noticias-e1753639739829.png","width":119,"height":86,"caption":"oficial noticias"},"image":{"@id":"https:\/\/oficialnoticias.com\/#\/schema\/logo\/image\/"}},{"@type":"Person","@id":"https:\/\/oficialnoticias.com\/#\/schema\/person\/2d1dcbb6bfbc28d68171b4dc04723d4a","name":"Luana Gon\u00e7alves","image":{"@type":"ImageObject","inLanguage":"pt-BR","@id":"https:\/\/secure.gravatar.com\/avatar\/7aa6afdef873224c1a0265951f3fdfc0679f65dfbd15f018612595d323c52521?s=96&d=mm&r=g","url":"https:\/\/secure.gravatar.com\/avatar\/7aa6afdef873224c1a0265951f3fdfc0679f65dfbd15f018612595d323c52521?s=96&d=mm&r=g","contentUrl":"https:\/\/secure.gravatar.com\/avatar\/7aa6afdef873224c1a0265951f3fdfc0679f65dfbd15f018612595d323c52521?s=96&d=mm&r=g","caption":"Luana Gon\u00e7alves"},"sameAs":["https:\/\/oficialnoticias.com\/"],"url":"https:\/\/oficialnoticias.com\/?author=2"}]}},"_links":{"self":[{"href":"https:\/\/oficialnoticias.com\/index.php?rest_route=\/wp\/v2\/posts\/27372","targetHints":{"allow":["GET"]}}],"collection":[{"href":"https:\/\/oficialnoticias.com\/index.php?rest_route=\/wp\/v2\/posts"}],"about":[{"href":"https:\/\/oficialnoticias.com\/index.php?rest_route=\/wp\/v2\/types\/post"}],"author":[{"embeddable":true,"href":"https:\/\/oficialnoticias.com\/index.php?rest_route=\/wp\/v2\/users\/2"}],"replies":[{"embeddable":true,"href":"https:\/\/oficialnoticias.com\/index.php?rest_route=%2Fwp%2Fv2%2Fcomments&post=27372"}],"version-history":[{"count":1,"href":"https:\/\/oficialnoticias.com\/index.php?rest_route=\/wp\/v2\/posts\/27372\/revisions"}],"predecessor-version":[{"id":27374,"href":"https:\/\/oficialnoticias.com\/index.php?rest_route=\/wp\/v2\/posts\/27372\/revisions\/27374"}],"wp:featuredmedia":[{"embeddable":true,"href":"https:\/\/oficialnoticias.com\/index.php?rest_route=\/wp\/v2\/media\/27373"}],"wp:attachment":[{"href":"https:\/\/oficialnoticias.com\/index.php?rest_route=%2Fwp%2Fv2%2Fmedia&parent=27372"}],"wp:term":[{"taxonomy":"category","embeddable":true,"href":"https:\/\/oficialnoticias.com\/index.php?rest_route=%2Fwp%2Fv2%2Fcategories&post=27372"},{"taxonomy":"post_tag","embeddable":true,"href":"https:\/\/oficialnoticias.com\/index.php?rest_route=%2Fwp%2Fv2%2Ftags&post=27372"}],"curies":[{"name":"wp","href":"https:\/\/api.w.org\/{rel}","templated":true}]}}