{"id":2717,"date":"2025-08-16T00:54:50","date_gmt":"2025-08-16T03:54:50","guid":{"rendered":"https:\/\/oficialnoticias.com\/?p=2717"},"modified":"2025-08-16T00:54:54","modified_gmt":"2025-08-16T03:54:54","slug":"advogado-diz-que-ha-provas-contundentes-para-indiciar-rene-junior","status":"publish","type":"post","link":"https:\/\/oficialnoticias.com\/?p=2717","title":{"rendered":"advogado diz que h\u00e1 provas contundentes para indiciar Ren\u00ea J\u00fanior"},"content":{"rendered":"<p><\/p>\n<div>\n<p>O <b>Itatiaia Patrulha<\/b> recebeu, na tarde desta sexta-feira (15), o advogado criminalista Tiago Lenoir, que vem atuando como auxiliar da acusa\u00e7\u00e3o no caso do assassinato do gari Laudemir de Souza Fernandes, de 44 anos. Segundo ele, j\u00e1 existem provas contundentes para o indiciamento de Ren\u00ea da Silva Nogueira J\u00fanior, <bsp-link-enhancement><br \/>\n    <span class=\"LinkEnhancement\"><a class=\"Link\" href=\"https:\/\/www.itatiaia.com.br\/cidades\/suspeito-de-matar-gari-chegou-ao-trabalho-30-minutos-depois-do-crime-dizem-fontes\" title=\"apontado preliminarmente como o autor do homic\u00eddio\">apontado preliminarmente como o autor do homic\u00eddio<\/a><\/span><\/bsp-link-enhancement>.<\/p>\n<p>\u201cEu sou bastante t\u00e9cnico para analisar o processo. Eu n\u00e3o posso levar a quest\u00e3o para um lado emotivo, nem subjetivo. N\u00f3s temos provas contundentes para o indiciamento. E eu n\u00e3o vou sossegar enquanto esse indiv\u00edduo n\u00e3o for denunciado, processado, pronunciado, levado a j\u00fari popular e condenado. \u00c9 um passo a passo, porque eu tamb\u00e9m n\u00e3o quero que uma nulidade aconte\u00e7a\u201d, afirmou Lenoir.<\/p>\n<p>O advogado ainda recriminou a postura de <bsp-link-enhancement><br \/>\n    <span class=\"LinkEnhancement\"><a class=\"Link\" href=\"https:\/\/www.itatiaia.com.br\/cidades\/sejusp-desmente-suspeito-de-matar-gari-que-afirmou-conhecer-secretario-em-tom-de-ameaca\" title=\"Ren\u00ea J\u00fanior, que amea\u00e7ou um policial penal durante sua estadia no Ceresp Gameleira\">Ren\u00ea J\u00fanior, que amea\u00e7ou um policial penal durante sua estadia no Ceresp Gameleira<\/a><\/span><\/bsp-link-enhancement>, onde foi preso em um primeiro momento.<\/p>\n<p>\u201cEle agiu de forma dissimulada (na audi\u00eancia de cust\u00f3dia). Ele n\u00e3o teve respeito pelo policial penal que estava fazendo a cust\u00f3dia dele dentro do Ceresp. Eu tamb\u00e9m coloquei isso no processo, chamei a aten\u00e7\u00e3o para esse fato grav\u00edssimo. O indiv\u00edduo est\u00e1 preso e mesmo assim ele calunia, ele amea\u00e7a um policial penal. Isso n\u00e3o \u00e9 normal. O indiv\u00edduo quando ele chega e come\u00e7a a dissimular, a falar demais, acaba o prejudicando\u201d, apontou Tiago.<\/p>\n<h2>Advogado pediu bloqueio de bens de suspeito e de delegada<\/h2>\n<p>Tiago Lenoir revelou, ainda, que <bsp-link-enhancement><br \/>\n    <span class=\"LinkEnhancement\"><a class=\"Link\" href=\"https:\/\/www.itatiaia.com.br\/cidades\/advogado-da-familia-de-gari-morto-pede-bloqueio-de-bens-de-suspeito-e-de-delegada\" title=\"pediu o bloqueio de bens de Ren\u00ea da Silva Nogueira J\u00fanior, apontado preliminarmente como o autor do homic\u00eddio, e de sua esposa, a delegada da Pol\u00edcia Civil, Ana Paula Lamego Balbino Nogueira\">pediu o bloqueio de bens de Ren\u00ea da Silva Nogueira J\u00fanior, apontado preliminarmente como o autor do homic\u00eddio, e de sua esposa, a delegada da Pol\u00edcia Civil, Ana Paula Lamego Balbino Nogueira<\/a><\/span><\/bsp-link-enhancement>.<\/p>\n<p>\u201cOntem mesmo eu entrei com o pedido de bloqueio de todos os bens, tanto do Ren\u00ea, quanto da delegada Ana. Para que todas as pessoas que direta ou indiretamente sejam responsabilizadas por isso, eles reparem os danos materiais, morais e respondam criminalmente por tudo isso. Cada um na medida da sua culpabilidade\u201d, revelou Lenoir.<\/p>\n<p>O advogado explicou o que busca com o pedido.<\/p>\n<p>\u201cIsso \u00e9 uma quest\u00e3o de tutela antecipada. O C\u00f3digo de Processo Civil, o C\u00f3digo de Processo Penal, prev\u00ea essa tutela antecipada. Eu n\u00e3o estou falando que a delegada \u00e9 culpada de absolutamente nada. Por incr\u00edvel que pare\u00e7a, eu n\u00e3o posso nem falar que esse indiv\u00edduo \u00e9 culpado. Ele tem todo o direito de defesa, do contradit\u00f3rio, e \u00e9 ao final que ele ser\u00e1 considerado culpado. Por enquanto h\u00e1 ind\u00edcios suficientes de autoria e materialidade.<\/p>\n<p>A tutela antecipada \u00e9 pra garantir que eventualmente o patrim\u00f4nio deles n\u00e3o seja dilapidado (deteriora\u00e7\u00e3o intencional ou negligente de bens) e isso da\u00ed repare o m\u00ednimo. O m\u00e1ximo n\u00e3o tem como, que \u00e9 incomensur\u00e1vel o retorno de uma vida, agora \u00e9 o m\u00ednimo para essa fam\u00edlia\u201d, explicou Tiago Lenoir.<\/p>\n<div class=\"Enhancement\" data-align-center=\"\">\n<div class=\"Enhancement-item\">\n<blockquote class=\"twitter-tweet\">\n<p lang=\"pt\" dir=\"ltr\">BLOQUEIO DE BENS | Em entrevista exclusiva para a Itatiaia, o advogado, que est\u00e1 atuando na defesa da fam\u00edlia do gari Laudemir de Souza, afirmou que j\u00e1 realizou  pedido de bloqueio de bens de Ren\u00ea da Silva &#8211; suspeito de assassinato do trabalhador &#8211; e tamb\u00e9m da esposa dele a\u2026 <a href=\"https:\/\/t.co\/5f9LTEkVNE\">pic.twitter.com\/5f9LTEkVNE<\/a><\/p>\n<p>\u2014 Itatiaia (@itatiaia) <a href=\"https:\/\/twitter.com\/itatiaia\/status\/1956471482999341449?ref_src=twsrc%5Etfw\">August 15, 2025<\/a><\/p><\/blockquote>\n<\/div>\n<\/div>\n<h2>Gari morto em BH: arma usada no crime \u00e9 de delegada da PC<\/h2>\n<p>A arma usada no assassinato do gari Laudemir de Souza era da <bsp-link-enhancement><br \/>\n    <span class=\"LinkEnhancement\"><a class=\"Link\" href=\"https:\/\/www.itatiaia.com.br\/cidades\/homem-suspeito-de-matar-gari-com-um-tiro-na-barriga-em-bh-e-marido-de-delegada-da-policia-civil\" target=\"_blank\" title=\"delegada Ana Paula Balbino\" rel=\"noopener\">delegada Ana Paula Balbino<\/a><\/span><\/bsp-link-enhancement>, esposa de <bsp-link-enhancement><br \/>\n    <span class=\"LinkEnhancement\"><a class=\"Link\" href=\"https:\/\/www.itatiaia.com.br\/cidades\/homem-suspeito-de-matar-gari-com-um-tiro-na-barriga-e-preso-em-academia-em-belo-horizonte\" target=\"_blank\" title=\"Ren\u00ea J\u00fanior\" rel=\"noopener\">Ren\u00ea J\u00fanior<\/a><\/span><\/bsp-link-enhancement>. O fato foi constatado ap\u00f3s o teste bal\u00edstico da arma. A informa\u00e7\u00e3o foi confirmada pela Pol\u00edcia Civil, que divulgou uma nota.<\/p>\n<p>\u201cDe acordo com os exames periciais realizados, a arma de fogo utilizada no homic\u00eddio, ocorrido na \u00faltima segunda-feira (11), no bairro Vista Alegre, em Belo Horizonte, que vitimou um homem, de 44 anos, est\u00e1 registrada em nome da servidora da institui\u00e7\u00e3o. Trata-se de uma arma de fogo particular\u201d, diz comunicado.<\/p>\n<p>Ren\u00ea est\u00e1 preso desde a segunda-feira (11). Ele foi detido <bsp-link-enhancement><br \/>\n    <span class=\"LinkEnhancement\"><a class=\"Link\" href=\"https:\/\/www.itatiaia.com.br\/cidades\/gari-morto-em-bh-video-mostra-trabalhador-ferido-apos-ser-baleado\" target=\"_blank\" title=\"horas ap\u00f3s o crime\" rel=\"noopener\">horas ap\u00f3s o crime<\/a><\/span><\/bsp-link-enhancement> em uma <bsp-link-enhancement><br \/>\n    <span class=\"LinkEnhancement\"><a class=\"Link\" href=\"https:\/\/www.itatiaia.com.br\/cidades\/homem-suspeito-de-matar-gari-com-um-tiro-na-barriga-e-preso-em-academia-em-belo-horizonte\" target=\"_blank\" title=\"academia na Avenida Raja Gabaglia\" rel=\"noopener\">academia na Avenida Raja Gabaglia<\/a><\/span><\/bsp-link-enhancement>, regi\u00e3o Oeste de Belo Horizonte.<\/p>\n<p>J\u00e1 a delegada \u00e9 <bsp-link-enhancement><br \/>\n    <span class=\"LinkEnhancement\"><a class=\"Link\" href=\"https:\/\/www.itatiaia.com.br\/cidades\/corregedoria-da-pc-investiga-delegada-casada-com-empresario-preso-por-matar-gari-em-bh\" target=\"_blank\" title=\"investigada pela Corregedoria da Pol\u00edcia Civil\" rel=\"noopener\">investigada pela Corregedoria da Pol\u00edcia Civil<\/a><\/span><\/bsp-link-enhancement>. Ela foi ouvida e teve duas armas recolhidas em sua casa: uma arma de fogo de uso particular e uma da corpora\u00e7\u00e3o. Em um primeiro momento, a delegada havia dito que o marido n\u00e3o tinha acesso ao armamento.<\/p>\n<h2>Justi\u00e7a quebra sigilo e PC ter\u00e1 acesso a rotas de carro e liga\u00e7\u00f5es de celular<\/h2>\n<p>A Justi\u00e7a de Minas Gerais determinou a <bsp-link-enhancement><br \/>\n    <span class=\"LinkEnhancement\"><a class=\"Link\" href=\"https:\/\/www.itatiaia.com.br\/cidades\/gari-morto-em-bh-justica-quebra-sigilo-e-pc-tera-acesso-a-rotas-de-carro-e-ligacoes-de-celular\" target=\"_blank\" title=\"quebra do sigilo telef\u00f4nico e do rastreamento do carro de Ren\u00ea J\u00fanior.\" rel=\"noopener\">quebra do sigilo telef\u00f4nico e do rastreamento do carro de Ren\u00ea J\u00fanior.<\/a><\/span><\/bsp-link-enhancement> A empresa BYD do Brasil e a operadora Claro dever\u00e3o fornecer informa\u00e7\u00f5es como rotas percorridas, comandos de voz, velocidade, registro de chamas e demais dados telem\u00e1ticos do ve\u00edculo no dia do crime.<\/p>\n<p>Um dos pontos apurados envolve o tempo de deslocamento do suspeito entre a cena do crime e o local onde realizava testes como representante comercial, em Betim. Conforme as apura\u00e7\u00f5es, ele teria deixado o bairro Vista Alegre por volta das 9h07, <bsp-link-enhancement><br \/>\n    <span class=\"LinkEnhancement\"><a class=\"Link\" href=\"https:\/\/www.itatiaia.com.br\/cidades\/suspeito-de-matar-gari-chegou-ao-trabalho-30-minutos-depois-do-crime-dizem-fontes\" target=\"_blank\" title=\"chegando \u00e0 empresa cerca de 30 minutos depois\" rel=\"noopener\">chegando \u00e0 empresa cerca de 30 minutos depois<\/a><\/span><\/bsp-link-enhancement>, \u00e0s 9h37 &#8211; um intervalo considerado compat\u00edvel com a dist\u00e2ncia e o tr\u00e2nsito no momento.<\/p>\n<p>A pol\u00edcia tamb\u00e9m analisa imagens registradas logo ap\u00f3s a chegada de Ren\u00ea ao trabalho, observando seu comportamento durante o per\u00edodo em que permaneceu na empresa.<\/p>\n<p>\u201cEssas quebras de sigilo telem\u00e1tico, telef\u00f4nico, v\u00e3o alicer\u00e7ar todas as informa\u00e7\u00f5es que j\u00e1 existem no processo\u201d, garantiu Tiago Lenoir, em entrevista ao <b>Itatiaia Patrulha<\/b>.<\/p>\n<h3>O crime<\/h3>\n<p><bsp-link-enhancement><br \/>\n    <span class=\"LinkEnhancement\"><a class=\"Link\" href=\"https:\/\/www.itatiaia.com.br\/cidades\/pessoa-de-um-coracao-enorme-diz-gestor-do-gari-assassinado-com-um-tiro-na-barriga-em-bh\" target=\"_blank\" title=\"Laudemir de Souza Fernandes\" rel=\"noopener\">Laudemir de Souza Fernandes<\/a><\/span><\/bsp-link-enhancement>, de 44 anos, foi morto com um tiro no abd\u00f4men na manh\u00e3 dessa segunda-feira (11), no bairro Vista Alegre, regi\u00e3o Oeste de Belo Horizonte. De acordo com a Pol\u00edcia Militar, o crime foi motivado por uma briga de tr\u00e2nsito. A <bsp-link-enhancement><br \/>\n    <span class=\"LinkEnhancement\"><a class=\"Link\" href=\"https:\/\/www.itatiaia.com.br\/cidades\/matou-um-pai-de-familia-diz-dono-de-empresa-de-gari-assassinado-durante-briga-de-transito-em-bh\" target=\"_blank\" title=\"v\u00edtima\" rel=\"noopener\">v\u00edtima<\/a><\/span><\/bsp-link-enhancement> chegou a ser socorrida por populares, mas n\u00e3o resistiu.<\/p>\n<p>Segundo o dono da empresa terceirizada que presta servi\u00e7o \u00e0 Prefeitura de Belo Horizonte, o suspeito amea\u00e7ou a motorista do caminh\u00e3o de coleta, apontando um rev\u00f3lver para o rosto dela antes de disparar contra o gari. Ele afirmou que a rua era larga e que a motorista havia encostado o caminh\u00e3o para permitir a passagem do carro do atirador, um BYD de grande porte.<\/p>\n<p>Mesmo assim, o homem teria feito a amea\u00e7a de matar todos caso o ve\u00edculo fosse encostado no dele.<\/p>\n<p>Os garis tentaram convencer o agressor a n\u00e3o atirar, mas, ap\u00f3s o carro passar, ele teria descido, atirado e atingido o abd\u00f4men de Laudemir. O trabalhador foi levado para o Hospital Santa Rita, mas morreu pouco depois.<\/p>\n<p><bsp-list-loadmore class=\"PageListStandardG\" data-module=\"\" data-show-loadmore=\"true\" data-list-title-size=\"3\" data-list-description-size=\"3\"><\/p>\n<p>    <a class=\"AnchorLink\" title=\"leia-tambem\" name=\"leia-tambem\"\/><\/p>\n<p><\/bsp-list-loadmore><\/p><\/div>\n<p><script async src=\"\/\/platform.twitter.com\/widgets.js\" charset=\"utf-8\"><\/script><script>\n  window.fbAsyncInit = function() {\n      FB.init({\n              appId : '1447052969554341',\n          xfbml : true,\n          version : 'v2.9'\n      });\n  };\n  (function(d, s, id){\n     var js, fjs = d.getElementsByTagName(s)[0];\n     if (d.getElementById(id)) {return;}\n     js = d.createElement(s); js.id = id;\n     js.src = \"https:\/\/connect.facebook.net\/en_US\/sdk.js\";\n     fjs.parentNode.insertBefore(js, fjs);\n   }(document, 'script', 'facebook-jssdk'));\n<\/script><br \/>\n  <\/a><\/p>\n","protected":false},"excerpt":{"rendered":"<p>O Itatiaia Patrulha recebeu, na tarde desta sexta-feira (15), o advogado criminalista Tiago Lenoir, que vem atuando como auxiliar da acusa\u00e7\u00e3o no caso do assassinato do gari Laudemir de Souza Fernandes, de 44 anos. Segundo ele, j\u00e1 existem provas contundentes para o indiciamento de Ren\u00ea da Silva Nogueira J\u00fanior, apontado preliminarmente como o autor do&#8230;<\/p>\n","protected":false},"author":2,"featured_media":2718,"comment_status":"open","ping_status":"open","sticky":false,"template":"","format":"standard","meta":{"footnotes":""},"categories":[3],"tags":[],"class_list":["post-2717","post","type-post","status-publish","format-standard","has-post-thumbnail","hentry","category-fashion"],"yoast_head":"<!-- This site is optimized with the Yoast SEO plugin v27.3 - https:\/\/yoast.com\/product\/yoast-seo-wordpress\/ -->\n<title>advogado diz que h\u00e1 provas contundentes para indiciar Ren\u00ea J\u00fanior -<\/title>\n<meta name=\"robots\" content=\"index, follow, max-snippet:-1, max-image-preview:large, max-video-preview:-1\" \/>\n<link rel=\"canonical\" href=\"https:\/\/oficialnoticias.com\/?p=2717\" \/>\n<meta property=\"og:locale\" content=\"pt_BR\" \/>\n<meta property=\"og:type\" content=\"article\" \/>\n<meta property=\"og:title\" content=\"advogado diz que h\u00e1 provas contundentes para indiciar Ren\u00ea J\u00fanior -\" \/>\n<meta property=\"og:description\" content=\"O Itatiaia Patrulha recebeu, na tarde desta sexta-feira (15), o advogado criminalista Tiago Lenoir, que vem atuando como auxiliar da acusa\u00e7\u00e3o no caso do assassinato do gari Laudemir de Souza Fernandes, de 44 anos. Segundo ele, j\u00e1 existem provas contundentes para o indiciamento de Ren\u00ea da Silva Nogueira J\u00fanior, apontado preliminarmente como o autor do...\" \/>\n<meta property=\"og:url\" content=\"https:\/\/oficialnoticias.com\/?p=2717\" \/>\n<meta property=\"article:published_time\" content=\"2025-08-16T03:54:50+00:00\" \/>\n<meta property=\"article:modified_time\" content=\"2025-08-16T03:54:54+00:00\" \/>\n<meta property=\"og:image\" content=\"https:\/\/oficialnoticias.com\/wp-content\/uploads\/2025\/08\/urlhttps3A2F2Fk2-prod-radio-itatiaia.s3.us-east-1.amazonaws.com2Fbrightspot2Fb42F5e2F170583.webp\" \/>\n\t<meta property=\"og:image:width\" content=\"1200\" \/>\n\t<meta property=\"og:image:height\" content=\"630\" \/>\n\t<meta property=\"og:image:type\" content=\"image\/webp\" \/>\n<meta name=\"author\" content=\"Luana Gon\u00e7alves\" \/>\n<meta name=\"twitter:card\" content=\"summary_large_image\" \/>\n<meta name=\"twitter:label1\" content=\"Escrito por\" \/>\n\t<meta name=\"twitter:data1\" content=\"Luana Gon\u00e7alves\" \/>\n\t<meta name=\"twitter:label2\" content=\"Est. tempo de leitura\" \/>\n\t<meta name=\"twitter:data2\" content=\"6 minutos\" \/>\n<script type=\"application\/ld+json\" class=\"yoast-schema-graph\">{\"@context\":\"https:\\\/\\\/schema.org\",\"@graph\":[{\"@type\":\"Article\",\"@id\":\"https:\\\/\\\/oficialnoticias.com\\\/?p=2717#article\",\"isPartOf\":{\"@id\":\"https:\\\/\\\/oficialnoticias.com\\\/?p=2717\"},\"author\":{\"name\":\"Luana Gon\u00e7alves\",\"@id\":\"https:\\\/\\\/oficialnoticias.com\\\/#\\\/schema\\\/person\\\/2d1dcbb6bfbc28d68171b4dc04723d4a\"},\"headline\":\"advogado diz que h\u00e1 provas contundentes para indiciar Ren\u00ea J\u00fanior\",\"datePublished\":\"2025-08-16T03:54:50+00:00\",\"dateModified\":\"2025-08-16T03:54:54+00:00\",\"mainEntityOfPage\":{\"@id\":\"https:\\\/\\\/oficialnoticias.com\\\/?p=2717\"},\"wordCount\":1132,\"commentCount\":0,\"publisher\":{\"@id\":\"https:\\\/\\\/oficialnoticias.com\\\/#organization\"},\"image\":{\"@id\":\"https:\\\/\\\/oficialnoticias.com\\\/?p=2717#primaryimage\"},\"thumbnailUrl\":\"https:\\\/\\\/oficialnoticias.com\\\/wp-content\\\/uploads\\\/2025\\\/08\\\/urlhttps3A2F2Fk2-prod-radio-itatiaia.s3.us-east-1.amazonaws.com2Fbrightspot2Fb42F5e2F170583.webp\",\"articleSection\":[\"Brasil\"],\"inLanguage\":\"pt-BR\",\"potentialAction\":[{\"@type\":\"CommentAction\",\"name\":\"Comment\",\"target\":[\"https:\\\/\\\/oficialnoticias.com\\\/?p=2717#respond\"]}]},{\"@type\":\"WebPage\",\"@id\":\"https:\\\/\\\/oficialnoticias.com\\\/?p=2717\",\"url\":\"https:\\\/\\\/oficialnoticias.com\\\/?p=2717\",\"name\":\"advogado diz que h\u00e1 provas contundentes para indiciar Ren\u00ea J\u00fanior -\",\"isPartOf\":{\"@id\":\"https:\\\/\\\/oficialnoticias.com\\\/#website\"},\"primaryImageOfPage\":{\"@id\":\"https:\\\/\\\/oficialnoticias.com\\\/?p=2717#primaryimage\"},\"image\":{\"@id\":\"https:\\\/\\\/oficialnoticias.com\\\/?p=2717#primaryimage\"},\"thumbnailUrl\":\"https:\\\/\\\/oficialnoticias.com\\\/wp-content\\\/uploads\\\/2025\\\/08\\\/urlhttps3A2F2Fk2-prod-radio-itatiaia.s3.us-east-1.amazonaws.com2Fbrightspot2Fb42F5e2F170583.webp\",\"datePublished\":\"2025-08-16T03:54:50+00:00\",\"dateModified\":\"2025-08-16T03:54:54+00:00\",\"breadcrumb\":{\"@id\":\"https:\\\/\\\/oficialnoticias.com\\\/?p=2717#breadcrumb\"},\"inLanguage\":\"pt-BR\",\"potentialAction\":[{\"@type\":\"ReadAction\",\"target\":[\"https:\\\/\\\/oficialnoticias.com\\\/?p=2717\"]}]},{\"@type\":\"ImageObject\",\"inLanguage\":\"pt-BR\",\"@id\":\"https:\\\/\\\/oficialnoticias.com\\\/?p=2717#primaryimage\",\"url\":\"https:\\\/\\\/oficialnoticias.com\\\/wp-content\\\/uploads\\\/2025\\\/08\\\/urlhttps3A2F2Fk2-prod-radio-itatiaia.s3.us-east-1.amazonaws.com2Fbrightspot2Fb42F5e2F170583.webp\",\"contentUrl\":\"https:\\\/\\\/oficialnoticias.com\\\/wp-content\\\/uploads\\\/2025\\\/08\\\/urlhttps3A2F2Fk2-prod-radio-itatiaia.s3.us-east-1.amazonaws.com2Fbrightspot2Fb42F5e2F170583.webp\",\"width\":1200,\"height\":630},{\"@type\":\"BreadcrumbList\",\"@id\":\"https:\\\/\\\/oficialnoticias.com\\\/?p=2717#breadcrumb\",\"itemListElement\":[{\"@type\":\"ListItem\",\"position\":1,\"name\":\"In\u00edcio\",\"item\":\"https:\\\/\\\/oficialnoticias.com\\\/\"},{\"@type\":\"ListItem\",\"position\":2,\"name\":\"advogado diz que h\u00e1 provas contundentes para indiciar Ren\u00ea J\u00fanior\"}]},{\"@type\":\"WebSite\",\"@id\":\"https:\\\/\\\/oficialnoticias.com\\\/#website\",\"url\":\"https:\\\/\\\/oficialnoticias.com\\\/\",\"name\":\"oficial Noticias\",\"description\":\"\",\"publisher\":{\"@id\":\"https:\\\/\\\/oficialnoticias.com\\\/#organization\"},\"potentialAction\":[{\"@type\":\"SearchAction\",\"target\":{\"@type\":\"EntryPoint\",\"urlTemplate\":\"https:\\\/\\\/oficialnoticias.com\\\/?s={search_term_string}\"},\"query-input\":{\"@type\":\"PropertyValueSpecification\",\"valueRequired\":true,\"valueName\":\"search_term_string\"}}],\"inLanguage\":\"pt-BR\"},{\"@type\":\"Organization\",\"@id\":\"https:\\\/\\\/oficialnoticias.com\\\/#organization\",\"name\":\"oficial noticias\",\"url\":\"https:\\\/\\\/oficialnoticias.com\\\/\",\"logo\":{\"@type\":\"ImageObject\",\"inLanguage\":\"pt-BR\",\"@id\":\"https:\\\/\\\/oficialnoticias.com\\\/#\\\/schema\\\/logo\\\/image\\\/\",\"url\":\"https:\\\/\\\/oficialnoticias.com\\\/wp-content\\\/uploads\\\/2025\\\/08\\\/cropped-cropped-cropped-Logo-Noticias-e1753639739829.png\",\"contentUrl\":\"https:\\\/\\\/oficialnoticias.com\\\/wp-content\\\/uploads\\\/2025\\\/08\\\/cropped-cropped-cropped-Logo-Noticias-e1753639739829.png\",\"width\":119,\"height\":86,\"caption\":\"oficial noticias\"},\"image\":{\"@id\":\"https:\\\/\\\/oficialnoticias.com\\\/#\\\/schema\\\/logo\\\/image\\\/\"}},{\"@type\":\"Person\",\"@id\":\"https:\\\/\\\/oficialnoticias.com\\\/#\\\/schema\\\/person\\\/2d1dcbb6bfbc28d68171b4dc04723d4a\",\"name\":\"Luana Gon\u00e7alves\",\"image\":{\"@type\":\"ImageObject\",\"inLanguage\":\"pt-BR\",\"@id\":\"https:\\\/\\\/secure.gravatar.com\\\/avatar\\\/7aa6afdef873224c1a0265951f3fdfc0679f65dfbd15f018612595d323c52521?s=96&d=mm&r=g\",\"url\":\"https:\\\/\\\/secure.gravatar.com\\\/avatar\\\/7aa6afdef873224c1a0265951f3fdfc0679f65dfbd15f018612595d323c52521?s=96&d=mm&r=g\",\"contentUrl\":\"https:\\\/\\\/secure.gravatar.com\\\/avatar\\\/7aa6afdef873224c1a0265951f3fdfc0679f65dfbd15f018612595d323c52521?s=96&d=mm&r=g\",\"caption\":\"Luana Gon\u00e7alves\"},\"sameAs\":[\"https:\\\/\\\/oficialnoticias.com\\\/\"],\"url\":\"https:\\\/\\\/oficialnoticias.com\\\/?author=2\"}]}<\/script>\n<!-- \/ Yoast SEO plugin. -->","yoast_head_json":{"title":"advogado diz que h\u00e1 provas contundentes para indiciar Ren\u00ea J\u00fanior -","robots":{"index":"index","follow":"follow","max-snippet":"max-snippet:-1","max-image-preview":"max-image-preview:large","max-video-preview":"max-video-preview:-1"},"canonical":"https:\/\/oficialnoticias.com\/?p=2717","og_locale":"pt_BR","og_type":"article","og_title":"advogado diz que h\u00e1 provas contundentes para indiciar Ren\u00ea J\u00fanior -","og_description":"O Itatiaia Patrulha recebeu, na tarde desta sexta-feira (15), o advogado criminalista Tiago Lenoir, que vem atuando como auxiliar da acusa\u00e7\u00e3o no caso do assassinato do gari Laudemir de Souza Fernandes, de 44 anos. Segundo ele, j\u00e1 existem provas contundentes para o indiciamento de Ren\u00ea da Silva Nogueira J\u00fanior, apontado preliminarmente como o autor do...","og_url":"https:\/\/oficialnoticias.com\/?p=2717","article_published_time":"2025-08-16T03:54:50+00:00","article_modified_time":"2025-08-16T03:54:54+00:00","og_image":[{"width":1200,"height":630,"url":"https:\/\/oficialnoticias.com\/wp-content\/uploads\/2025\/08\/urlhttps3A2F2Fk2-prod-radio-itatiaia.s3.us-east-1.amazonaws.com2Fbrightspot2Fb42F5e2F170583.webp","type":"image\/webp"}],"author":"Luana Gon\u00e7alves","twitter_card":"summary_large_image","twitter_misc":{"Escrito por":"Luana Gon\u00e7alves","Est. tempo de leitura":"6 minutos"},"schema":{"@context":"https:\/\/schema.org","@graph":[{"@type":"Article","@id":"https:\/\/oficialnoticias.com\/?p=2717#article","isPartOf":{"@id":"https:\/\/oficialnoticias.com\/?p=2717"},"author":{"name":"Luana Gon\u00e7alves","@id":"https:\/\/oficialnoticias.com\/#\/schema\/person\/2d1dcbb6bfbc28d68171b4dc04723d4a"},"headline":"advogado diz que h\u00e1 provas contundentes para indiciar Ren\u00ea J\u00fanior","datePublished":"2025-08-16T03:54:50+00:00","dateModified":"2025-08-16T03:54:54+00:00","mainEntityOfPage":{"@id":"https:\/\/oficialnoticias.com\/?p=2717"},"wordCount":1132,"commentCount":0,"publisher":{"@id":"https:\/\/oficialnoticias.com\/#organization"},"image":{"@id":"https:\/\/oficialnoticias.com\/?p=2717#primaryimage"},"thumbnailUrl":"https:\/\/oficialnoticias.com\/wp-content\/uploads\/2025\/08\/urlhttps3A2F2Fk2-prod-radio-itatiaia.s3.us-east-1.amazonaws.com2Fbrightspot2Fb42F5e2F170583.webp","articleSection":["Brasil"],"inLanguage":"pt-BR","potentialAction":[{"@type":"CommentAction","name":"Comment","target":["https:\/\/oficialnoticias.com\/?p=2717#respond"]}]},{"@type":"WebPage","@id":"https:\/\/oficialnoticias.com\/?p=2717","url":"https:\/\/oficialnoticias.com\/?p=2717","name":"advogado diz que h\u00e1 provas contundentes para indiciar Ren\u00ea J\u00fanior -","isPartOf":{"@id":"https:\/\/oficialnoticias.com\/#website"},"primaryImageOfPage":{"@id":"https:\/\/oficialnoticias.com\/?p=2717#primaryimage"},"image":{"@id":"https:\/\/oficialnoticias.com\/?p=2717#primaryimage"},"thumbnailUrl":"https:\/\/oficialnoticias.com\/wp-content\/uploads\/2025\/08\/urlhttps3A2F2Fk2-prod-radio-itatiaia.s3.us-east-1.amazonaws.com2Fbrightspot2Fb42F5e2F170583.webp","datePublished":"2025-08-16T03:54:50+00:00","dateModified":"2025-08-16T03:54:54+00:00","breadcrumb":{"@id":"https:\/\/oficialnoticias.com\/?p=2717#breadcrumb"},"inLanguage":"pt-BR","potentialAction":[{"@type":"ReadAction","target":["https:\/\/oficialnoticias.com\/?p=2717"]}]},{"@type":"ImageObject","inLanguage":"pt-BR","@id":"https:\/\/oficialnoticias.com\/?p=2717#primaryimage","url":"https:\/\/oficialnoticias.com\/wp-content\/uploads\/2025\/08\/urlhttps3A2F2Fk2-prod-radio-itatiaia.s3.us-east-1.amazonaws.com2Fbrightspot2Fb42F5e2F170583.webp","contentUrl":"https:\/\/oficialnoticias.com\/wp-content\/uploads\/2025\/08\/urlhttps3A2F2Fk2-prod-radio-itatiaia.s3.us-east-1.amazonaws.com2Fbrightspot2Fb42F5e2F170583.webp","width":1200,"height":630},{"@type":"BreadcrumbList","@id":"https:\/\/oficialnoticias.com\/?p=2717#breadcrumb","itemListElement":[{"@type":"ListItem","position":1,"name":"In\u00edcio","item":"https:\/\/oficialnoticias.com\/"},{"@type":"ListItem","position":2,"name":"advogado diz que h\u00e1 provas contundentes para indiciar Ren\u00ea J\u00fanior"}]},{"@type":"WebSite","@id":"https:\/\/oficialnoticias.com\/#website","url":"https:\/\/oficialnoticias.com\/","name":"oficial Noticias","description":"","publisher":{"@id":"https:\/\/oficialnoticias.com\/#organization"},"potentialAction":[{"@type":"SearchAction","target":{"@type":"EntryPoint","urlTemplate":"https:\/\/oficialnoticias.com\/?s={search_term_string}"},"query-input":{"@type":"PropertyValueSpecification","valueRequired":true,"valueName":"search_term_string"}}],"inLanguage":"pt-BR"},{"@type":"Organization","@id":"https:\/\/oficialnoticias.com\/#organization","name":"oficial noticias","url":"https:\/\/oficialnoticias.com\/","logo":{"@type":"ImageObject","inLanguage":"pt-BR","@id":"https:\/\/oficialnoticias.com\/#\/schema\/logo\/image\/","url":"https:\/\/oficialnoticias.com\/wp-content\/uploads\/2025\/08\/cropped-cropped-cropped-Logo-Noticias-e1753639739829.png","contentUrl":"https:\/\/oficialnoticias.com\/wp-content\/uploads\/2025\/08\/cropped-cropped-cropped-Logo-Noticias-e1753639739829.png","width":119,"height":86,"caption":"oficial noticias"},"image":{"@id":"https:\/\/oficialnoticias.com\/#\/schema\/logo\/image\/"}},{"@type":"Person","@id":"https:\/\/oficialnoticias.com\/#\/schema\/person\/2d1dcbb6bfbc28d68171b4dc04723d4a","name":"Luana Gon\u00e7alves","image":{"@type":"ImageObject","inLanguage":"pt-BR","@id":"https:\/\/secure.gravatar.com\/avatar\/7aa6afdef873224c1a0265951f3fdfc0679f65dfbd15f018612595d323c52521?s=96&d=mm&r=g","url":"https:\/\/secure.gravatar.com\/avatar\/7aa6afdef873224c1a0265951f3fdfc0679f65dfbd15f018612595d323c52521?s=96&d=mm&r=g","contentUrl":"https:\/\/secure.gravatar.com\/avatar\/7aa6afdef873224c1a0265951f3fdfc0679f65dfbd15f018612595d323c52521?s=96&d=mm&r=g","caption":"Luana Gon\u00e7alves"},"sameAs":["https:\/\/oficialnoticias.com\/"],"url":"https:\/\/oficialnoticias.com\/?author=2"}]}},"_links":{"self":[{"href":"https:\/\/oficialnoticias.com\/index.php?rest_route=\/wp\/v2\/posts\/2717","targetHints":{"allow":["GET"]}}],"collection":[{"href":"https:\/\/oficialnoticias.com\/index.php?rest_route=\/wp\/v2\/posts"}],"about":[{"href":"https:\/\/oficialnoticias.com\/index.php?rest_route=\/wp\/v2\/types\/post"}],"author":[{"embeddable":true,"href":"https:\/\/oficialnoticias.com\/index.php?rest_route=\/wp\/v2\/users\/2"}],"replies":[{"embeddable":true,"href":"https:\/\/oficialnoticias.com\/index.php?rest_route=%2Fwp%2Fv2%2Fcomments&post=2717"}],"version-history":[{"count":1,"href":"https:\/\/oficialnoticias.com\/index.php?rest_route=\/wp\/v2\/posts\/2717\/revisions"}],"predecessor-version":[{"id":2719,"href":"https:\/\/oficialnoticias.com\/index.php?rest_route=\/wp\/v2\/posts\/2717\/revisions\/2719"}],"wp:featuredmedia":[{"embeddable":true,"href":"https:\/\/oficialnoticias.com\/index.php?rest_route=\/wp\/v2\/media\/2718"}],"wp:attachment":[{"href":"https:\/\/oficialnoticias.com\/index.php?rest_route=%2Fwp%2Fv2%2Fmedia&parent=2717"}],"wp:term":[{"taxonomy":"category","embeddable":true,"href":"https:\/\/oficialnoticias.com\/index.php?rest_route=%2Fwp%2Fv2%2Fcategories&post=2717"},{"taxonomy":"post_tag","embeddable":true,"href":"https:\/\/oficialnoticias.com\/index.php?rest_route=%2Fwp%2Fv2%2Ftags&post=2717"}],"curies":[{"name":"wp","href":"https:\/\/api.w.org\/{rel}","templated":true}]}}