{"id":27093,"date":"2025-12-14T09:42:00","date_gmt":"2025-12-14T12:42:00","guid":{"rendered":"https:\/\/oficialnoticias.com\/?p=27093"},"modified":"2025-12-14T09:42:01","modified_gmt":"2025-12-14T12:42:01","slug":"como-a-saude-dos-lideres-influencia-decisoes-e-resultados-nas-empresas","status":"publish","type":"post","link":"https:\/\/oficialnoticias.com\/?p=27093","title":{"rendered":"Como a sa\u00fade dos l\u00edderes influencia decis\u00f5es e resultados nas empresas"},"content":{"rendered":"<p><\/p>\n<div>\n<p>O cuidado com a sa\u00fade da lideran\u00e7a deixou de ser um gesto isolado e passou a fazer parte das estrat\u00e9gias de sustentabilidade das empresas. Para Nayara Madureira Costa, coordenadora de Seguran\u00e7a e Sa\u00fade para a Ind\u00fastria do Sesi de Belo Horizonte, ignorar esse aspecto pode comprometer decis\u00f5es e at\u00e9 a capacidade de inova\u00e7\u00e3o.<\/p>\n<p>\u201cNas organiza\u00e7\u00f5es, a lideran\u00e7a funciona como um n\u00facleo estrat\u00e9gico, onde as decis\u00f5es ganham forma, prazos e impacto. Quando um l\u00edder n\u00e3o est\u00e1 bem, f\u00edsica e\/ou mentalmente, isso pode se refletir em decis\u00f5es mais reativas, mais morosas e menor capacidade de inova\u00e7\u00e3o\u201d, afirma \u00e0 <b>Itatiaia<\/b>.<\/p>\n<p>Ela explica que o monitoramento regular da sa\u00fade n\u00e3o s\u00f3 reduz riscos, mas tamb\u00e9m traz equil\u00edbrio para quem conduz pessoas e neg\u00f3cios. \u201cO acompanhamento sistem\u00e1tico \u00e9 mais do que uma boa pr\u00e1tica: \u00e9 uma estrat\u00e9gia de sustentabilidade empresarial.\u201d<\/p>\n<h2>O que inclui o check-up executivo do Sesi-MG<\/h2>\n<p>De acordo com a profissional, o check-up executivo oferecido pelo Sesi-MG foi desenhado para ser completo, cient\u00edfico e acolhedor. Nayara destaca que o programa combina rigor t\u00e9cnico com uma jornada confort\u00e1vel e sem excessos.<\/p>\n<p>\u201cO check-up foi desenhado para ser completo, acolhedor e baseado em evid\u00eancias cient\u00edficas, sem excessos e sem lacunas\u201d, explica.<\/p>\n<p>Entre os principais componentes est\u00e3o avalia\u00e7\u00f5es cl\u00ednicas amplas, consultas com diversos especialistas e exames complementares, como laboratoriais, eletrocardiograma, audiometria e bioimped\u00e2ncia.<\/p>\n<p>O pacote inclui ainda exames de imagem de alta relev\u00e2ncia \u2014 densitometria \u00f3ssea com an\u00e1lise de composi\u00e7\u00e3o corporal, ultrassonografias e mamografia \u2014 e avalia\u00e7\u00f5es funcionais, como teste ergom\u00e9trico, nutri\u00e7\u00e3o, psicologia e fonoaudiologia.<\/p>\n<p>Segundo Nayara, a proposta \u00e9 oferecer uma experi\u00eancia fluida e reservada. O circuito inclui ainda um diferencial que os executivos valorizam: \u201cAo final, o participante passa por um espa\u00e7o de bem-estar, com massagem relaxante\u201d.<\/p>\n<h2>Sa\u00fade est\u00e1vel gera decis\u00f5es mais assertivas<\/h2>\n<p>O check-up n\u00e3o se restringe \u00e0 preven\u00e7\u00e3o. Ele tamb\u00e9m melhora a qualidade da tomada de decis\u00e3o. \u201cQuando a lideran\u00e7a conhece seus indicadores de sa\u00fade, entende seus riscos e recebe orienta\u00e7\u00f5es personalizadas, ela ganha previsibilidade\u201d, explica Nayara.<\/p>\n<p>Essa previsibilidade reduz o estresse e aumenta a sensa\u00e7\u00e3o de controle. \u201cSa\u00fade f\u00edsica e mental adequadas favorecem um melhor racioc\u00ednio estrat\u00e9gico, maior estabilidade emocional e decis\u00f5es mais r\u00e1pidas e consistentes\u201d, diz.<\/p>\n<h2>Dados que orientam pol\u00edticas internas<\/h2>\n<p>Os resultados dos check-ups tamb\u00e9m ajudam a guiar pol\u00edticas de sa\u00fade dentro das empresas. \u201cOs dados agregados, preservando o sigilo individual, permitem que as organiza\u00e7\u00f5es visualizem tend\u00eancias reais na sua lideran\u00e7a\u201d, afirma.<\/p>\n<p>Com essas informa\u00e7\u00f5es, \u00e9 poss\u00edvel identificar padr\u00f5es de risco cardiovascular, n\u00edveis de sedentarismo, impacto do sono e preval\u00eancia de estresse, entre outros fatores.<\/p>\n<p>Esses achados se tornam base para programas mais assertivos de manejo do estresse, ergonomia, sono e incentivo \u00e0 atividade f\u00edsica.<\/p>\n<h2>Benef\u00edcios diretos para empresas e profissionais<\/h2>\n<p>Al\u00e9m de antecipar problemas e reduzir afastamentos, investir no check-up executivo ajuda a reter talentos. \u201cOferecer check-ups demonstra que a empresa se preocupa com a sa\u00fade de seus empregados. Pessoas que se sentem cuidadas t\u00eam maior probabilidade de permanecer na empresa\u201d, afirma Nayara.<\/p>\n<p>Segundo ela, o impacto no dia a dia \u00e9 evidente: \u201cUma pessoa com boa sa\u00fade f\u00edsica e mental pode tomar decis\u00f5es com mais clareza, manter a energia e o foco, o que aumenta a produtividade geral da organiza\u00e7\u00e3o.\u201d<\/p>\n<p>Implemente um programa de sa\u00fade completo com o Sesi Vida. Fale com a gente agora mesmo: <bsp-link-enhancement><br \/>\n    <span class=\"LinkEnhancement\"><a class=\"Link\" href=\"https:\/\/wa.me\/5531993922407?text=Ol%C3%A1%2C%20vi%20a%20mat%C3%A9ria%20da%20Itatiaia%20e%20gostaria%20de%20mais%20informa%C3%A7%C3%B5es.%20\" target=\"_blank\" title=\"&lt;b&gt;clique aqui.&lt;\/b&gt;\" rel=\"noopener\"><b>clique aqui.<\/b><\/a><\/span><\/bsp-link-enhancement><\/p>\n<p><bsp-list-loadmore class=\"PageListStandardG\" data-module=\"\" data-show-loadmore=\"true\" data-list-title-size=\"3\" data-list-description-size=\"3\"><\/p>\n<p>    <a class=\"AnchorLink\" title=\"leia-tambem\" name=\"leia-tambem\"\/><\/p>\n<p><\/bsp-list-loadmore><\/p><\/div>\n<p><script>\n  window.fbAsyncInit = function() {\n      FB.init({\n              appId : '1447052969554341',\n          xfbml : true,\n          version : 'v2.9'\n      });\n  };\n  (function(d, s, id){\n     var js, fjs = d.getElementsByTagName(s)[0];\n     if (d.getElementById(id)) {return;}\n     js = d.createElement(s); js.id = id;\n     js.src = \"https:\/\/connect.facebook.net\/en_US\/sdk.js\";\n     fjs.parentNode.insertBefore(js, fjs);\n   }(document, 'script', 'facebook-jssdk'));\n<\/script><\/p>\n","protected":false},"excerpt":{"rendered":"<p>O cuidado com a sa\u00fade da lideran\u00e7a deixou de ser um gesto isolado e passou a fazer parte das estrat\u00e9gias de sustentabilidade das empresas. Para Nayara Madureira Costa, coordenadora de Seguran\u00e7a e Sa\u00fade para a Ind\u00fastria do Sesi de Belo Horizonte, ignorar esse aspecto pode comprometer decis\u00f5es e at\u00e9 a capacidade de inova\u00e7\u00e3o. \u201cNas organiza\u00e7\u00f5es,&#8230;<\/p>\n","protected":false},"author":2,"featured_media":27094,"comment_status":"open","ping_status":"open","sticky":false,"template":"","format":"standard","meta":{"footnotes":""},"categories":[25],"tags":[],"class_list":["post-27093","post","type-post","status-publish","format-standard","has-post-thumbnail","hentry","category-economia"],"yoast_head":"<!-- This site is optimized with the Yoast SEO plugin v27.3 - https:\/\/yoast.com\/product\/yoast-seo-wordpress\/ -->\n<title>Como a sa\u00fade dos l\u00edderes influencia decis\u00f5es e resultados nas empresas -<\/title>\n<meta name=\"robots\" content=\"index, follow, max-snippet:-1, max-image-preview:large, max-video-preview:-1\" \/>\n<link rel=\"canonical\" href=\"https:\/\/oficialnoticias.com\/?p=27093\" \/>\n<meta property=\"og:locale\" content=\"pt_BR\" \/>\n<meta property=\"og:type\" content=\"article\" \/>\n<meta property=\"og:title\" content=\"Como a sa\u00fade dos l\u00edderes influencia decis\u00f5es e resultados nas empresas -\" \/>\n<meta property=\"og:description\" content=\"O cuidado com a sa\u00fade da lideran\u00e7a deixou de ser um gesto isolado e passou a fazer parte das estrat\u00e9gias de sustentabilidade das empresas. Para Nayara Madureira Costa, coordenadora de Seguran\u00e7a e Sa\u00fade para a Ind\u00fastria do Sesi de Belo Horizonte, ignorar esse aspecto pode comprometer decis\u00f5es e at\u00e9 a capacidade de inova\u00e7\u00e3o. \u201cNas organiza\u00e7\u00f5es,...\" \/>\n<meta property=\"og:url\" content=\"https:\/\/oficialnoticias.com\/?p=27093\" \/>\n<meta property=\"article:published_time\" content=\"2025-12-14T12:42:00+00:00\" \/>\n<meta property=\"article:modified_time\" content=\"2025-12-14T12:42:01+00:00\" \/>\n<meta property=\"og:image\" content=\"https:\/\/oficialnoticias.com\/wp-content\/uploads\/2025\/12\/urlhttps3A2F2Fk2-prod-radio-itatiaia.s3.us-east-1.amazonaws.com2Fbrightspot2Fdc2F302Fcaf54d.webp\" \/>\n\t<meta property=\"og:image:width\" content=\"1200\" \/>\n\t<meta property=\"og:image:height\" content=\"630\" \/>\n\t<meta property=\"og:image:type\" content=\"image\/webp\" \/>\n<meta name=\"author\" content=\"Luana Gon\u00e7alves\" \/>\n<meta name=\"twitter:card\" content=\"summary_large_image\" \/>\n<meta name=\"twitter:label1\" content=\"Escrito por\" \/>\n\t<meta name=\"twitter:data1\" content=\"Luana Gon\u00e7alves\" \/>\n\t<meta name=\"twitter:label2\" content=\"Est. tempo de leitura\" \/>\n\t<meta name=\"twitter:data2\" content=\"3 minutos\" \/>\n<script type=\"application\/ld+json\" class=\"yoast-schema-graph\">{\"@context\":\"https:\\\/\\\/schema.org\",\"@graph\":[{\"@type\":\"Article\",\"@id\":\"https:\\\/\\\/oficialnoticias.com\\\/?p=27093#article\",\"isPartOf\":{\"@id\":\"https:\\\/\\\/oficialnoticias.com\\\/?p=27093\"},\"author\":{\"name\":\"Luana Gon\u00e7alves\",\"@id\":\"https:\\\/\\\/oficialnoticias.com\\\/#\\\/schema\\\/person\\\/2d1dcbb6bfbc28d68171b4dc04723d4a\"},\"headline\":\"Como a sa\u00fade dos l\u00edderes influencia decis\u00f5es e resultados nas empresas\",\"datePublished\":\"2025-12-14T12:42:00+00:00\",\"dateModified\":\"2025-12-14T12:42:01+00:00\",\"mainEntityOfPage\":{\"@id\":\"https:\\\/\\\/oficialnoticias.com\\\/?p=27093\"},\"wordCount\":628,\"commentCount\":0,\"publisher\":{\"@id\":\"https:\\\/\\\/oficialnoticias.com\\\/#organization\"},\"image\":{\"@id\":\"https:\\\/\\\/oficialnoticias.com\\\/?p=27093#primaryimage\"},\"thumbnailUrl\":\"https:\\\/\\\/oficialnoticias.com\\\/wp-content\\\/uploads\\\/2025\\\/12\\\/urlhttps3A2F2Fk2-prod-radio-itatiaia.s3.us-east-1.amazonaws.com2Fbrightspot2Fdc2F302Fcaf54d.webp\",\"articleSection\":[\"Economia\"],\"inLanguage\":\"pt-BR\",\"potentialAction\":[{\"@type\":\"CommentAction\",\"name\":\"Comment\",\"target\":[\"https:\\\/\\\/oficialnoticias.com\\\/?p=27093#respond\"]}]},{\"@type\":\"WebPage\",\"@id\":\"https:\\\/\\\/oficialnoticias.com\\\/?p=27093\",\"url\":\"https:\\\/\\\/oficialnoticias.com\\\/?p=27093\",\"name\":\"Como a sa\u00fade dos l\u00edderes influencia decis\u00f5es e resultados nas empresas -\",\"isPartOf\":{\"@id\":\"https:\\\/\\\/oficialnoticias.com\\\/#website\"},\"primaryImageOfPage\":{\"@id\":\"https:\\\/\\\/oficialnoticias.com\\\/?p=27093#primaryimage\"},\"image\":{\"@id\":\"https:\\\/\\\/oficialnoticias.com\\\/?p=27093#primaryimage\"},\"thumbnailUrl\":\"https:\\\/\\\/oficialnoticias.com\\\/wp-content\\\/uploads\\\/2025\\\/12\\\/urlhttps3A2F2Fk2-prod-radio-itatiaia.s3.us-east-1.amazonaws.com2Fbrightspot2Fdc2F302Fcaf54d.webp\",\"datePublished\":\"2025-12-14T12:42:00+00:00\",\"dateModified\":\"2025-12-14T12:42:01+00:00\",\"breadcrumb\":{\"@id\":\"https:\\\/\\\/oficialnoticias.com\\\/?p=27093#breadcrumb\"},\"inLanguage\":\"pt-BR\",\"potentialAction\":[{\"@type\":\"ReadAction\",\"target\":[\"https:\\\/\\\/oficialnoticias.com\\\/?p=27093\"]}]},{\"@type\":\"ImageObject\",\"inLanguage\":\"pt-BR\",\"@id\":\"https:\\\/\\\/oficialnoticias.com\\\/?p=27093#primaryimage\",\"url\":\"https:\\\/\\\/oficialnoticias.com\\\/wp-content\\\/uploads\\\/2025\\\/12\\\/urlhttps3A2F2Fk2-prod-radio-itatiaia.s3.us-east-1.amazonaws.com2Fbrightspot2Fdc2F302Fcaf54d.webp\",\"contentUrl\":\"https:\\\/\\\/oficialnoticias.com\\\/wp-content\\\/uploads\\\/2025\\\/12\\\/urlhttps3A2F2Fk2-prod-radio-itatiaia.s3.us-east-1.amazonaws.com2Fbrightspot2Fdc2F302Fcaf54d.webp\",\"width\":1200,\"height\":630},{\"@type\":\"BreadcrumbList\",\"@id\":\"https:\\\/\\\/oficialnoticias.com\\\/?p=27093#breadcrumb\",\"itemListElement\":[{\"@type\":\"ListItem\",\"position\":1,\"name\":\"In\u00edcio\",\"item\":\"https:\\\/\\\/oficialnoticias.com\\\/\"},{\"@type\":\"ListItem\",\"position\":2,\"name\":\"Como a sa\u00fade dos l\u00edderes influencia decis\u00f5es e resultados nas empresas\"}]},{\"@type\":\"WebSite\",\"@id\":\"https:\\\/\\\/oficialnoticias.com\\\/#website\",\"url\":\"https:\\\/\\\/oficialnoticias.com\\\/\",\"name\":\"oficial Noticias\",\"description\":\"\",\"publisher\":{\"@id\":\"https:\\\/\\\/oficialnoticias.com\\\/#organization\"},\"potentialAction\":[{\"@type\":\"SearchAction\",\"target\":{\"@type\":\"EntryPoint\",\"urlTemplate\":\"https:\\\/\\\/oficialnoticias.com\\\/?s={search_term_string}\"},\"query-input\":{\"@type\":\"PropertyValueSpecification\",\"valueRequired\":true,\"valueName\":\"search_term_string\"}}],\"inLanguage\":\"pt-BR\"},{\"@type\":\"Organization\",\"@id\":\"https:\\\/\\\/oficialnoticias.com\\\/#organization\",\"name\":\"oficial noticias\",\"url\":\"https:\\\/\\\/oficialnoticias.com\\\/\",\"logo\":{\"@type\":\"ImageObject\",\"inLanguage\":\"pt-BR\",\"@id\":\"https:\\\/\\\/oficialnoticias.com\\\/#\\\/schema\\\/logo\\\/image\\\/\",\"url\":\"https:\\\/\\\/oficialnoticias.com\\\/wp-content\\\/uploads\\\/2025\\\/08\\\/cropped-cropped-cropped-Logo-Noticias-e1753639739829.png\",\"contentUrl\":\"https:\\\/\\\/oficialnoticias.com\\\/wp-content\\\/uploads\\\/2025\\\/08\\\/cropped-cropped-cropped-Logo-Noticias-e1753639739829.png\",\"width\":119,\"height\":86,\"caption\":\"oficial noticias\"},\"image\":{\"@id\":\"https:\\\/\\\/oficialnoticias.com\\\/#\\\/schema\\\/logo\\\/image\\\/\"}},{\"@type\":\"Person\",\"@id\":\"https:\\\/\\\/oficialnoticias.com\\\/#\\\/schema\\\/person\\\/2d1dcbb6bfbc28d68171b4dc04723d4a\",\"name\":\"Luana Gon\u00e7alves\",\"image\":{\"@type\":\"ImageObject\",\"inLanguage\":\"pt-BR\",\"@id\":\"https:\\\/\\\/secure.gravatar.com\\\/avatar\\\/7aa6afdef873224c1a0265951f3fdfc0679f65dfbd15f018612595d323c52521?s=96&d=mm&r=g\",\"url\":\"https:\\\/\\\/secure.gravatar.com\\\/avatar\\\/7aa6afdef873224c1a0265951f3fdfc0679f65dfbd15f018612595d323c52521?s=96&d=mm&r=g\",\"contentUrl\":\"https:\\\/\\\/secure.gravatar.com\\\/avatar\\\/7aa6afdef873224c1a0265951f3fdfc0679f65dfbd15f018612595d323c52521?s=96&d=mm&r=g\",\"caption\":\"Luana Gon\u00e7alves\"},\"sameAs\":[\"https:\\\/\\\/oficialnoticias.com\\\/\"],\"url\":\"https:\\\/\\\/oficialnoticias.com\\\/?author=2\"}]}<\/script>\n<!-- \/ Yoast SEO plugin. -->","yoast_head_json":{"title":"Como a sa\u00fade dos l\u00edderes influencia decis\u00f5es e resultados nas empresas -","robots":{"index":"index","follow":"follow","max-snippet":"max-snippet:-1","max-image-preview":"max-image-preview:large","max-video-preview":"max-video-preview:-1"},"canonical":"https:\/\/oficialnoticias.com\/?p=27093","og_locale":"pt_BR","og_type":"article","og_title":"Como a sa\u00fade dos l\u00edderes influencia decis\u00f5es e resultados nas empresas -","og_description":"O cuidado com a sa\u00fade da lideran\u00e7a deixou de ser um gesto isolado e passou a fazer parte das estrat\u00e9gias de sustentabilidade das empresas. Para Nayara Madureira Costa, coordenadora de Seguran\u00e7a e Sa\u00fade para a Ind\u00fastria do Sesi de Belo Horizonte, ignorar esse aspecto pode comprometer decis\u00f5es e at\u00e9 a capacidade de inova\u00e7\u00e3o. \u201cNas organiza\u00e7\u00f5es,...","og_url":"https:\/\/oficialnoticias.com\/?p=27093","article_published_time":"2025-12-14T12:42:00+00:00","article_modified_time":"2025-12-14T12:42:01+00:00","og_image":[{"width":1200,"height":630,"url":"https:\/\/oficialnoticias.com\/wp-content\/uploads\/2025\/12\/urlhttps3A2F2Fk2-prod-radio-itatiaia.s3.us-east-1.amazonaws.com2Fbrightspot2Fdc2F302Fcaf54d.webp","type":"image\/webp"}],"author":"Luana Gon\u00e7alves","twitter_card":"summary_large_image","twitter_misc":{"Escrito por":"Luana Gon\u00e7alves","Est. tempo de leitura":"3 minutos"},"schema":{"@context":"https:\/\/schema.org","@graph":[{"@type":"Article","@id":"https:\/\/oficialnoticias.com\/?p=27093#article","isPartOf":{"@id":"https:\/\/oficialnoticias.com\/?p=27093"},"author":{"name":"Luana Gon\u00e7alves","@id":"https:\/\/oficialnoticias.com\/#\/schema\/person\/2d1dcbb6bfbc28d68171b4dc04723d4a"},"headline":"Como a sa\u00fade dos l\u00edderes influencia decis\u00f5es e resultados nas empresas","datePublished":"2025-12-14T12:42:00+00:00","dateModified":"2025-12-14T12:42:01+00:00","mainEntityOfPage":{"@id":"https:\/\/oficialnoticias.com\/?p=27093"},"wordCount":628,"commentCount":0,"publisher":{"@id":"https:\/\/oficialnoticias.com\/#organization"},"image":{"@id":"https:\/\/oficialnoticias.com\/?p=27093#primaryimage"},"thumbnailUrl":"https:\/\/oficialnoticias.com\/wp-content\/uploads\/2025\/12\/urlhttps3A2F2Fk2-prod-radio-itatiaia.s3.us-east-1.amazonaws.com2Fbrightspot2Fdc2F302Fcaf54d.webp","articleSection":["Economia"],"inLanguage":"pt-BR","potentialAction":[{"@type":"CommentAction","name":"Comment","target":["https:\/\/oficialnoticias.com\/?p=27093#respond"]}]},{"@type":"WebPage","@id":"https:\/\/oficialnoticias.com\/?p=27093","url":"https:\/\/oficialnoticias.com\/?p=27093","name":"Como a sa\u00fade dos l\u00edderes influencia decis\u00f5es e resultados nas empresas -","isPartOf":{"@id":"https:\/\/oficialnoticias.com\/#website"},"primaryImageOfPage":{"@id":"https:\/\/oficialnoticias.com\/?p=27093#primaryimage"},"image":{"@id":"https:\/\/oficialnoticias.com\/?p=27093#primaryimage"},"thumbnailUrl":"https:\/\/oficialnoticias.com\/wp-content\/uploads\/2025\/12\/urlhttps3A2F2Fk2-prod-radio-itatiaia.s3.us-east-1.amazonaws.com2Fbrightspot2Fdc2F302Fcaf54d.webp","datePublished":"2025-12-14T12:42:00+00:00","dateModified":"2025-12-14T12:42:01+00:00","breadcrumb":{"@id":"https:\/\/oficialnoticias.com\/?p=27093#breadcrumb"},"inLanguage":"pt-BR","potentialAction":[{"@type":"ReadAction","target":["https:\/\/oficialnoticias.com\/?p=27093"]}]},{"@type":"ImageObject","inLanguage":"pt-BR","@id":"https:\/\/oficialnoticias.com\/?p=27093#primaryimage","url":"https:\/\/oficialnoticias.com\/wp-content\/uploads\/2025\/12\/urlhttps3A2F2Fk2-prod-radio-itatiaia.s3.us-east-1.amazonaws.com2Fbrightspot2Fdc2F302Fcaf54d.webp","contentUrl":"https:\/\/oficialnoticias.com\/wp-content\/uploads\/2025\/12\/urlhttps3A2F2Fk2-prod-radio-itatiaia.s3.us-east-1.amazonaws.com2Fbrightspot2Fdc2F302Fcaf54d.webp","width":1200,"height":630},{"@type":"BreadcrumbList","@id":"https:\/\/oficialnoticias.com\/?p=27093#breadcrumb","itemListElement":[{"@type":"ListItem","position":1,"name":"In\u00edcio","item":"https:\/\/oficialnoticias.com\/"},{"@type":"ListItem","position":2,"name":"Como a sa\u00fade dos l\u00edderes influencia decis\u00f5es e resultados nas empresas"}]},{"@type":"WebSite","@id":"https:\/\/oficialnoticias.com\/#website","url":"https:\/\/oficialnoticias.com\/","name":"oficial Noticias","description":"","publisher":{"@id":"https:\/\/oficialnoticias.com\/#organization"},"potentialAction":[{"@type":"SearchAction","target":{"@type":"EntryPoint","urlTemplate":"https:\/\/oficialnoticias.com\/?s={search_term_string}"},"query-input":{"@type":"PropertyValueSpecification","valueRequired":true,"valueName":"search_term_string"}}],"inLanguage":"pt-BR"},{"@type":"Organization","@id":"https:\/\/oficialnoticias.com\/#organization","name":"oficial noticias","url":"https:\/\/oficialnoticias.com\/","logo":{"@type":"ImageObject","inLanguage":"pt-BR","@id":"https:\/\/oficialnoticias.com\/#\/schema\/logo\/image\/","url":"https:\/\/oficialnoticias.com\/wp-content\/uploads\/2025\/08\/cropped-cropped-cropped-Logo-Noticias-e1753639739829.png","contentUrl":"https:\/\/oficialnoticias.com\/wp-content\/uploads\/2025\/08\/cropped-cropped-cropped-Logo-Noticias-e1753639739829.png","width":119,"height":86,"caption":"oficial noticias"},"image":{"@id":"https:\/\/oficialnoticias.com\/#\/schema\/logo\/image\/"}},{"@type":"Person","@id":"https:\/\/oficialnoticias.com\/#\/schema\/person\/2d1dcbb6bfbc28d68171b4dc04723d4a","name":"Luana Gon\u00e7alves","image":{"@type":"ImageObject","inLanguage":"pt-BR","@id":"https:\/\/secure.gravatar.com\/avatar\/7aa6afdef873224c1a0265951f3fdfc0679f65dfbd15f018612595d323c52521?s=96&d=mm&r=g","url":"https:\/\/secure.gravatar.com\/avatar\/7aa6afdef873224c1a0265951f3fdfc0679f65dfbd15f018612595d323c52521?s=96&d=mm&r=g","contentUrl":"https:\/\/secure.gravatar.com\/avatar\/7aa6afdef873224c1a0265951f3fdfc0679f65dfbd15f018612595d323c52521?s=96&d=mm&r=g","caption":"Luana Gon\u00e7alves"},"sameAs":["https:\/\/oficialnoticias.com\/"],"url":"https:\/\/oficialnoticias.com\/?author=2"}]}},"_links":{"self":[{"href":"https:\/\/oficialnoticias.com\/index.php?rest_route=\/wp\/v2\/posts\/27093","targetHints":{"allow":["GET"]}}],"collection":[{"href":"https:\/\/oficialnoticias.com\/index.php?rest_route=\/wp\/v2\/posts"}],"about":[{"href":"https:\/\/oficialnoticias.com\/index.php?rest_route=\/wp\/v2\/types\/post"}],"author":[{"embeddable":true,"href":"https:\/\/oficialnoticias.com\/index.php?rest_route=\/wp\/v2\/users\/2"}],"replies":[{"embeddable":true,"href":"https:\/\/oficialnoticias.com\/index.php?rest_route=%2Fwp%2Fv2%2Fcomments&post=27093"}],"version-history":[{"count":1,"href":"https:\/\/oficialnoticias.com\/index.php?rest_route=\/wp\/v2\/posts\/27093\/revisions"}],"predecessor-version":[{"id":27095,"href":"https:\/\/oficialnoticias.com\/index.php?rest_route=\/wp\/v2\/posts\/27093\/revisions\/27095"}],"wp:featuredmedia":[{"embeddable":true,"href":"https:\/\/oficialnoticias.com\/index.php?rest_route=\/wp\/v2\/media\/27094"}],"wp:attachment":[{"href":"https:\/\/oficialnoticias.com\/index.php?rest_route=%2Fwp%2Fv2%2Fmedia&parent=27093"}],"wp:term":[{"taxonomy":"category","embeddable":true,"href":"https:\/\/oficialnoticias.com\/index.php?rest_route=%2Fwp%2Fv2%2Fcategories&post=27093"},{"taxonomy":"post_tag","embeddable":true,"href":"https:\/\/oficialnoticias.com\/index.php?rest_route=%2Fwp%2Fv2%2Ftags&post=27093"}],"curies":[{"name":"wp","href":"https:\/\/api.w.org\/{rel}","templated":true}]}}