{"id":26651,"date":"2025-12-10T12:52:22","date_gmt":"2025-12-10T15:52:22","guid":{"rendered":"https:\/\/oficialnoticias.com\/?p=26651"},"modified":"2025-12-10T12:52:23","modified_gmt":"2025-12-10T15:52:23","slug":"maria-corina-machado-nao-chegara-em-oslo-a-tempo-de-receber-premio-nobel","status":"publish","type":"post","link":"https:\/\/oficialnoticias.com\/?p=26651","title":{"rendered":"Mar\u00eda Corina Machado n\u00e3o chegar\u00e1 em Oslo a tempo de receber pr\u00eamio Nobel"},"content":{"rendered":"<p>\n<\/p>\n<div>\n<p>A l\u00edder da oposi\u00e7\u00e3o da Venezuela e <bsp-link-enhancement><br \/>\n    <span class=\"LinkEnhancement\"><a class=\"Link\" href=\"https:\/\/www.itatiaia.com.br\/mundo\/saiba-quem-e-maria-corina-machado-opositora-venezuelana-que-venceu-o-nobel-da-paz\" title=\"&lt;b&gt;vencedora do Nobel da Paz de 2025, Mar\u00eda Corina Machado&lt;\/b&gt;\"><b>vencedora do Nobel da Paz de 2025, Mar\u00eda Corina Machado<\/b><\/a><\/span><\/bsp-link-enhancement>, n\u00e3o chegar\u00e1 em <bsp-link-enhancement><br \/>\n    <span class=\"LinkEnhancement\"><a class=\"Link\" href=\"https:\/\/www.itatiaia.com.br\/mundo\/maria-machado-vencedora-do-nobel-da-paz-tem-entrevista-adiada-em-oslo\" title=\"&lt;b&gt;Oslo&lt;\/b&gt;\"><b>Oslo<\/b><\/a><\/span><\/bsp-link-enhancement>, na Noruega, a tempo para <bsp-link-enhancement><br \/>\n    <span class=\"LinkEnhancement\"><a class=\"Link\" href=\"https:\/\/www.itatiaia.com.br\/mundo\/opositora-de-maduro-corina-machado-vai-a-noruega-para-receber-nobel-da-paz\" title=\"&lt;b&gt;receber o pr\u00eamio nesta quarta-feira (10)&lt;\/b&gt; \"><b>receber o pr\u00eamio nesta quarta-feira (10)<\/b> <\/a><\/span><\/bsp-link-enhancement>e ser\u00e1 representada pela filha, informou o Comit\u00ea Noruegu\u00eas respons\u00e1vel pela premia\u00e7\u00e3o.<\/p>\n<p>Desde outubro, quando foi <bsp-link-enhancement><br \/>\n    <span class=\"LinkEnhancement\"><a class=\"Link\" href=\"https:\/\/www.itatiaia.com.br\/mundo\/nobel-da-paz-maria-corina-machado-reage-apos-vencer-premio-em-choque\" title=\"&lt;b&gt;Mar\u00eda&lt;\/b&gt; \"><b>Mar\u00eda<\/b> <\/a><\/span><\/bsp-link-enhancement>foi laureada, era um mist\u00e9rio se ela conseguiria viajar at\u00e9 Oslo para receb\u00ea-lo. Machado vive na clandestinidade desde agosto de 2024 e n\u00e3o aparece em p\u00fablico h\u00e1 quase um ano.<\/p>\n<p>O Instituto do Nobel indicou que Machado est\u00e1 \u2018a salvo\u2019 e que viajaria para a capital norueguesa, mas que n\u00e3o conseguir\u00e1 chegar a tempo da entrega. Ela deve chegar \u00e0 capital entre a noite de hoje e a manh\u00e3 desta quinta-feira (11).<\/p>\n<p><bsp-list-loadmore class=\"PageListStandardG\" data-module=\"\" data-show-loadmore=\"true\" data-list-title-size=\"3\" data-list-description-size=\"3\"><\/p>\n<p>    <a class=\"AnchorLink\" title=\"leia-tambem\" name=\"leia-tambem\"\/><\/p>\n<p><\/bsp-list-loadmore><\/p>\n<p>Ana Corina Sosa Machado, filha de <bsp-link-enhancement><br \/>\n    <span class=\"LinkEnhancement\"><a class=\"Link\" href=\"https:\/\/www.itatiaia.com.br\/mundo\/mariacorina-opositora-de-maduro-na-venezuela-vence-o-nobel-da-paz\" title=\"&lt;b&gt;Mar\u00eda Corina&lt;\/b&gt;\"><b>Mar\u00eda Corina<\/b><\/a><\/span><\/bsp-link-enhancement>, a representar\u00e1 na cerim\u00f4nia e far\u00e1 o discurso no nome da m\u00e3e.<\/p>\n<p>Parentes e aliados de Machado estar\u00e3o em Oslo para assistir \u00e0 premia\u00e7\u00e3o, assim como alguns <bsp-link-enhancement><br \/>\n    <span class=\"LinkEnhancement\"><a class=\"Link\" href=\"https:\/\/www.itatiaia.com.br\/mundo\/milei-viaja-a-noruega-para-assistir-a-entrega-do-nobel-da-paz-a-machado\" title=\"&lt;b&gt;chefes de Estado&lt;\/b&gt;\"><b>chefes de Estado<\/b><\/a><\/span><\/bsp-link-enhancement>.<\/p>\n<p>O Nobel da Paz ser\u00e1 entregue em Oslo, j\u00e1 os de <bsp-link-enhancement><br \/>\n    <span class=\"LinkEnhancement\"><a class=\"Link\" href=\"https:\/\/www.itatiaia.com.br\/mundo\/autor-hungaro-laszlo-krasznahorkai-vence-o-premio-nobel-de-literatura\" title=\"&lt;b&gt;Literatura&lt;\/b&gt;\"><b>Literatura<\/b><\/a><\/span><\/bsp-link-enhancement>, <bsp-link-enhancement><br \/>\n    <span class=\"LinkEnhancement\"><a class=\"Link\" href=\"https:\/\/www.itatiaia.com.br\/saude\/pesquisa-premiada-com-nobel-da-medicina-pode-transformar-tratamento-de-cancer\" target=\"_blank\" title=\"&lt;b&gt;Medicina&lt;\/b&gt;\" rel=\"noopener\"><b>Medicina<\/b><\/a><\/span><\/bsp-link-enhancement>, <bsp-link-enhancement><br \/>\n    <span class=\"LinkEnhancement\"><a class=\"Link\" href=\"https:\/\/www.itatiaia.com.br\/mundo\/pesquisa-de-nobel-da-fisica-abriu-caminho-para-computacao-quantica-explicam-especialistas\" target=\"_blank\" title=\"&lt;b&gt;F\u00edsica&lt;\/b&gt;\" rel=\"noopener\"><b>F\u00edsica<\/b><\/a><\/span><\/bsp-link-enhancement>, <bsp-link-enhancement><br \/>\n    <span class=\"LinkEnhancement\"><a class=\"Link\" href=\"https:\/\/www.itatiaia.com.br\/ciencia-e-tecnologia\/nobel-de-quimica-importantes-na-sustentabilidade-estruturas-metal-organicas-sao-estudadas-pela-ufmg\" target=\"_blank\" title=\"&lt;b&gt;Qu\u00edmica&lt;\/b&gt;\" rel=\"noopener\"><b>Qu\u00edmica<\/b><\/a><\/span><\/bsp-link-enhancement> e <bsp-link-enhancement><br \/>\n    <span class=\"LinkEnhancement\"><a class=\"Link\" href=\"https:\/\/www.itatiaia.com.br\/mundo\/trio-e-premiado-com-nobel-de-economia-por-pesquisas-sobre-tecnologia-e-crescimento\" title=\"&lt;b&gt;Economia&lt;\/b&gt;\"><b>Economia<\/b><\/a><\/span><\/bsp-link-enhancement> ser\u00e3o entregues em Estocolmo, na Su\u00e9cia.<\/p>\n<p>*Com AFP<\/p>\n<\/p><\/div>\n<p><script>\n  window.fbAsyncInit = function() {\n      FB.init({\n              appId : '1447052969554341',\n          xfbml : true,\n          version : 'v2.9'\n      });\n  };\n  (function(d, s, id){\n     var js, fjs = d.getElementsByTagName(s)[0];\n     if (d.getElementById(id)) {return;}\n     js = d.createElement(s); js.id = id;\n     js.src = \"https:\/\/connect.facebook.net\/en_US\/sdk.js\";\n     fjs.parentNode.insertBefore(js, fjs);\n   }(document, 'script', 'facebook-jssdk'));\n<\/script><br \/>\n  <\/a><\/p>\n","protected":false},"excerpt":{"rendered":"<p>A l\u00edder da oposi\u00e7\u00e3o da Venezuela e vencedora do Nobel da Paz de 2025, Mar\u00eda Corina Machado, n\u00e3o chegar\u00e1 em Oslo, na Noruega, a tempo para receber o pr\u00eamio nesta quarta-feira (10) e ser\u00e1 representada pela filha, informou o Comit\u00ea Noruegu\u00eas respons\u00e1vel pela premia\u00e7\u00e3o. Desde outubro, quando foi Mar\u00eda foi laureada, era um mist\u00e9rio se&#8230;<\/p>\n","protected":false},"author":2,"featured_media":26652,"comment_status":"open","ping_status":"open","sticky":false,"template":"","format":"standard","meta":{"footnotes":""},"categories":[2],"tags":[],"class_list":["post-26651","post","type-post","status-publish","format-standard","has-post-thumbnail","hentry","category-decor"],"yoast_head":"<!-- This site is optimized with the Yoast SEO plugin v27.3 - https:\/\/yoast.com\/product\/yoast-seo-wordpress\/ -->\n<title>Mar\u00eda Corina Machado n\u00e3o chegar\u00e1 em Oslo a tempo de receber pr\u00eamio Nobel -<\/title>\n<meta name=\"robots\" content=\"index, follow, max-snippet:-1, max-image-preview:large, max-video-preview:-1\" \/>\n<link rel=\"canonical\" href=\"https:\/\/oficialnoticias.com\/?p=26651\" \/>\n<meta property=\"og:locale\" content=\"pt_BR\" \/>\n<meta property=\"og:type\" content=\"article\" \/>\n<meta property=\"og:title\" content=\"Mar\u00eda Corina Machado n\u00e3o chegar\u00e1 em Oslo a tempo de receber pr\u00eamio Nobel -\" \/>\n<meta property=\"og:description\" content=\"A l\u00edder da oposi\u00e7\u00e3o da Venezuela e vencedora do Nobel da Paz de 2025, Mar\u00eda Corina Machado, n\u00e3o chegar\u00e1 em Oslo, na Noruega, a tempo para receber o pr\u00eamio nesta quarta-feira (10) e ser\u00e1 representada pela filha, informou o Comit\u00ea Noruegu\u00eas respons\u00e1vel pela premia\u00e7\u00e3o. Desde outubro, quando foi Mar\u00eda foi laureada, era um mist\u00e9rio se...\" \/>\n<meta property=\"og:url\" content=\"https:\/\/oficialnoticias.com\/?p=26651\" \/>\n<meta property=\"article:published_time\" content=\"2025-12-10T15:52:22+00:00\" \/>\n<meta property=\"article:modified_time\" content=\"2025-12-10T15:52:23+00:00\" \/>\n<meta property=\"og:image\" content=\"https:\/\/oficialnoticias.com\/wp-content\/uploads\/2025\/12\/1765381943_urlhttps3A2F2Fk2-prod-radio-itatiaia.s3.us-east-1.amazonaws.com2Fbrightspot2F472F192Fb84d97.webp\" \/>\n\t<meta property=\"og:image:width\" content=\"1200\" \/>\n\t<meta property=\"og:image:height\" content=\"630\" \/>\n\t<meta property=\"og:image:type\" content=\"image\/webp\" \/>\n<meta name=\"author\" content=\"Luana Gon\u00e7alves\" \/>\n<meta name=\"twitter:card\" content=\"summary_large_image\" \/>\n<meta name=\"twitter:label1\" content=\"Escrito por\" \/>\n\t<meta name=\"twitter:data1\" content=\"Luana Gon\u00e7alves\" \/>\n\t<meta name=\"twitter:label2\" content=\"Est. tempo de leitura\" \/>\n\t<meta name=\"twitter:data2\" content=\"1 minuto\" \/>\n<script type=\"application\/ld+json\" class=\"yoast-schema-graph\">{\"@context\":\"https:\\\/\\\/schema.org\",\"@graph\":[{\"@type\":\"Article\",\"@id\":\"https:\\\/\\\/oficialnoticias.com\\\/?p=26651#article\",\"isPartOf\":{\"@id\":\"https:\\\/\\\/oficialnoticias.com\\\/?p=26651\"},\"author\":{\"name\":\"Luana Gon\u00e7alves\",\"@id\":\"https:\\\/\\\/oficialnoticias.com\\\/#\\\/schema\\\/person\\\/2d1dcbb6bfbc28d68171b4dc04723d4a\"},\"headline\":\"Mar\u00eda Corina Machado n\u00e3o chegar\u00e1 em Oslo a tempo de receber pr\u00eamio Nobel\",\"datePublished\":\"2025-12-10T15:52:22+00:00\",\"dateModified\":\"2025-12-10T15:52:23+00:00\",\"mainEntityOfPage\":{\"@id\":\"https:\\\/\\\/oficialnoticias.com\\\/?p=26651\"},\"wordCount\":217,\"commentCount\":0,\"publisher\":{\"@id\":\"https:\\\/\\\/oficialnoticias.com\\\/#organization\"},\"image\":{\"@id\":\"https:\\\/\\\/oficialnoticias.com\\\/?p=26651#primaryimage\"},\"thumbnailUrl\":\"https:\\\/\\\/oficialnoticias.com\\\/wp-content\\\/uploads\\\/2025\\\/12\\\/1765381943_urlhttps3A2F2Fk2-prod-radio-itatiaia.s3.us-east-1.amazonaws.com2Fbrightspot2F472F192Fb84d97.webp\",\"articleSection\":[\"Mundo\"],\"inLanguage\":\"pt-BR\",\"potentialAction\":[{\"@type\":\"CommentAction\",\"name\":\"Comment\",\"target\":[\"https:\\\/\\\/oficialnoticias.com\\\/?p=26651#respond\"]}]},{\"@type\":\"WebPage\",\"@id\":\"https:\\\/\\\/oficialnoticias.com\\\/?p=26651\",\"url\":\"https:\\\/\\\/oficialnoticias.com\\\/?p=26651\",\"name\":\"Mar\u00eda Corina Machado n\u00e3o chegar\u00e1 em Oslo a tempo de receber pr\u00eamio Nobel -\",\"isPartOf\":{\"@id\":\"https:\\\/\\\/oficialnoticias.com\\\/#website\"},\"primaryImageOfPage\":{\"@id\":\"https:\\\/\\\/oficialnoticias.com\\\/?p=26651#primaryimage\"},\"image\":{\"@id\":\"https:\\\/\\\/oficialnoticias.com\\\/?p=26651#primaryimage\"},\"thumbnailUrl\":\"https:\\\/\\\/oficialnoticias.com\\\/wp-content\\\/uploads\\\/2025\\\/12\\\/1765381943_urlhttps3A2F2Fk2-prod-radio-itatiaia.s3.us-east-1.amazonaws.com2Fbrightspot2F472F192Fb84d97.webp\",\"datePublished\":\"2025-12-10T15:52:22+00:00\",\"dateModified\":\"2025-12-10T15:52:23+00:00\",\"breadcrumb\":{\"@id\":\"https:\\\/\\\/oficialnoticias.com\\\/?p=26651#breadcrumb\"},\"inLanguage\":\"pt-BR\",\"potentialAction\":[{\"@type\":\"ReadAction\",\"target\":[\"https:\\\/\\\/oficialnoticias.com\\\/?p=26651\"]}]},{\"@type\":\"ImageObject\",\"inLanguage\":\"pt-BR\",\"@id\":\"https:\\\/\\\/oficialnoticias.com\\\/?p=26651#primaryimage\",\"url\":\"https:\\\/\\\/oficialnoticias.com\\\/wp-content\\\/uploads\\\/2025\\\/12\\\/1765381943_urlhttps3A2F2Fk2-prod-radio-itatiaia.s3.us-east-1.amazonaws.com2Fbrightspot2F472F192Fb84d97.webp\",\"contentUrl\":\"https:\\\/\\\/oficialnoticias.com\\\/wp-content\\\/uploads\\\/2025\\\/12\\\/1765381943_urlhttps3A2F2Fk2-prod-radio-itatiaia.s3.us-east-1.amazonaws.com2Fbrightspot2F472F192Fb84d97.webp\",\"width\":1200,\"height\":630},{\"@type\":\"BreadcrumbList\",\"@id\":\"https:\\\/\\\/oficialnoticias.com\\\/?p=26651#breadcrumb\",\"itemListElement\":[{\"@type\":\"ListItem\",\"position\":1,\"name\":\"In\u00edcio\",\"item\":\"https:\\\/\\\/oficialnoticias.com\\\/\"},{\"@type\":\"ListItem\",\"position\":2,\"name\":\"Mar\u00eda Corina Machado n\u00e3o chegar\u00e1 em Oslo a tempo de receber pr\u00eamio Nobel\"}]},{\"@type\":\"WebSite\",\"@id\":\"https:\\\/\\\/oficialnoticias.com\\\/#website\",\"url\":\"https:\\\/\\\/oficialnoticias.com\\\/\",\"name\":\"oficial Noticias\",\"description\":\"\",\"publisher\":{\"@id\":\"https:\\\/\\\/oficialnoticias.com\\\/#organization\"},\"potentialAction\":[{\"@type\":\"SearchAction\",\"target\":{\"@type\":\"EntryPoint\",\"urlTemplate\":\"https:\\\/\\\/oficialnoticias.com\\\/?s={search_term_string}\"},\"query-input\":{\"@type\":\"PropertyValueSpecification\",\"valueRequired\":true,\"valueName\":\"search_term_string\"}}],\"inLanguage\":\"pt-BR\"},{\"@type\":\"Organization\",\"@id\":\"https:\\\/\\\/oficialnoticias.com\\\/#organization\",\"name\":\"oficial noticias\",\"url\":\"https:\\\/\\\/oficialnoticias.com\\\/\",\"logo\":{\"@type\":\"ImageObject\",\"inLanguage\":\"pt-BR\",\"@id\":\"https:\\\/\\\/oficialnoticias.com\\\/#\\\/schema\\\/logo\\\/image\\\/\",\"url\":\"https:\\\/\\\/oficialnoticias.com\\\/wp-content\\\/uploads\\\/2025\\\/08\\\/cropped-cropped-cropped-Logo-Noticias-e1753639739829.png\",\"contentUrl\":\"https:\\\/\\\/oficialnoticias.com\\\/wp-content\\\/uploads\\\/2025\\\/08\\\/cropped-cropped-cropped-Logo-Noticias-e1753639739829.png\",\"width\":119,\"height\":86,\"caption\":\"oficial noticias\"},\"image\":{\"@id\":\"https:\\\/\\\/oficialnoticias.com\\\/#\\\/schema\\\/logo\\\/image\\\/\"}},{\"@type\":\"Person\",\"@id\":\"https:\\\/\\\/oficialnoticias.com\\\/#\\\/schema\\\/person\\\/2d1dcbb6bfbc28d68171b4dc04723d4a\",\"name\":\"Luana Gon\u00e7alves\",\"image\":{\"@type\":\"ImageObject\",\"inLanguage\":\"pt-BR\",\"@id\":\"https:\\\/\\\/secure.gravatar.com\\\/avatar\\\/7aa6afdef873224c1a0265951f3fdfc0679f65dfbd15f018612595d323c52521?s=96&d=mm&r=g\",\"url\":\"https:\\\/\\\/secure.gravatar.com\\\/avatar\\\/7aa6afdef873224c1a0265951f3fdfc0679f65dfbd15f018612595d323c52521?s=96&d=mm&r=g\",\"contentUrl\":\"https:\\\/\\\/secure.gravatar.com\\\/avatar\\\/7aa6afdef873224c1a0265951f3fdfc0679f65dfbd15f018612595d323c52521?s=96&d=mm&r=g\",\"caption\":\"Luana Gon\u00e7alves\"},\"sameAs\":[\"https:\\\/\\\/oficialnoticias.com\\\/\"],\"url\":\"https:\\\/\\\/oficialnoticias.com\\\/?author=2\"}]}<\/script>\n<!-- \/ Yoast SEO plugin. -->","yoast_head_json":{"title":"Mar\u00eda Corina Machado n\u00e3o chegar\u00e1 em Oslo a tempo de receber pr\u00eamio Nobel -","robots":{"index":"index","follow":"follow","max-snippet":"max-snippet:-1","max-image-preview":"max-image-preview:large","max-video-preview":"max-video-preview:-1"},"canonical":"https:\/\/oficialnoticias.com\/?p=26651","og_locale":"pt_BR","og_type":"article","og_title":"Mar\u00eda Corina Machado n\u00e3o chegar\u00e1 em Oslo a tempo de receber pr\u00eamio Nobel -","og_description":"A l\u00edder da oposi\u00e7\u00e3o da Venezuela e vencedora do Nobel da Paz de 2025, Mar\u00eda Corina Machado, n\u00e3o chegar\u00e1 em Oslo, na Noruega, a tempo para receber o pr\u00eamio nesta quarta-feira (10) e ser\u00e1 representada pela filha, informou o Comit\u00ea Noruegu\u00eas respons\u00e1vel pela premia\u00e7\u00e3o. Desde outubro, quando foi Mar\u00eda foi laureada, era um mist\u00e9rio se...","og_url":"https:\/\/oficialnoticias.com\/?p=26651","article_published_time":"2025-12-10T15:52:22+00:00","article_modified_time":"2025-12-10T15:52:23+00:00","og_image":[{"width":1200,"height":630,"url":"https:\/\/oficialnoticias.com\/wp-content\/uploads\/2025\/12\/1765381943_urlhttps3A2F2Fk2-prod-radio-itatiaia.s3.us-east-1.amazonaws.com2Fbrightspot2F472F192Fb84d97.webp","type":"image\/webp"}],"author":"Luana Gon\u00e7alves","twitter_card":"summary_large_image","twitter_misc":{"Escrito por":"Luana Gon\u00e7alves","Est. tempo de leitura":"1 minuto"},"schema":{"@context":"https:\/\/schema.org","@graph":[{"@type":"Article","@id":"https:\/\/oficialnoticias.com\/?p=26651#article","isPartOf":{"@id":"https:\/\/oficialnoticias.com\/?p=26651"},"author":{"name":"Luana Gon\u00e7alves","@id":"https:\/\/oficialnoticias.com\/#\/schema\/person\/2d1dcbb6bfbc28d68171b4dc04723d4a"},"headline":"Mar\u00eda Corina Machado n\u00e3o chegar\u00e1 em Oslo a tempo de receber pr\u00eamio Nobel","datePublished":"2025-12-10T15:52:22+00:00","dateModified":"2025-12-10T15:52:23+00:00","mainEntityOfPage":{"@id":"https:\/\/oficialnoticias.com\/?p=26651"},"wordCount":217,"commentCount":0,"publisher":{"@id":"https:\/\/oficialnoticias.com\/#organization"},"image":{"@id":"https:\/\/oficialnoticias.com\/?p=26651#primaryimage"},"thumbnailUrl":"https:\/\/oficialnoticias.com\/wp-content\/uploads\/2025\/12\/1765381943_urlhttps3A2F2Fk2-prod-radio-itatiaia.s3.us-east-1.amazonaws.com2Fbrightspot2F472F192Fb84d97.webp","articleSection":["Mundo"],"inLanguage":"pt-BR","potentialAction":[{"@type":"CommentAction","name":"Comment","target":["https:\/\/oficialnoticias.com\/?p=26651#respond"]}]},{"@type":"WebPage","@id":"https:\/\/oficialnoticias.com\/?p=26651","url":"https:\/\/oficialnoticias.com\/?p=26651","name":"Mar\u00eda Corina Machado n\u00e3o chegar\u00e1 em Oslo a tempo de receber pr\u00eamio Nobel -","isPartOf":{"@id":"https:\/\/oficialnoticias.com\/#website"},"primaryImageOfPage":{"@id":"https:\/\/oficialnoticias.com\/?p=26651#primaryimage"},"image":{"@id":"https:\/\/oficialnoticias.com\/?p=26651#primaryimage"},"thumbnailUrl":"https:\/\/oficialnoticias.com\/wp-content\/uploads\/2025\/12\/1765381943_urlhttps3A2F2Fk2-prod-radio-itatiaia.s3.us-east-1.amazonaws.com2Fbrightspot2F472F192Fb84d97.webp","datePublished":"2025-12-10T15:52:22+00:00","dateModified":"2025-12-10T15:52:23+00:00","breadcrumb":{"@id":"https:\/\/oficialnoticias.com\/?p=26651#breadcrumb"},"inLanguage":"pt-BR","potentialAction":[{"@type":"ReadAction","target":["https:\/\/oficialnoticias.com\/?p=26651"]}]},{"@type":"ImageObject","inLanguage":"pt-BR","@id":"https:\/\/oficialnoticias.com\/?p=26651#primaryimage","url":"https:\/\/oficialnoticias.com\/wp-content\/uploads\/2025\/12\/1765381943_urlhttps3A2F2Fk2-prod-radio-itatiaia.s3.us-east-1.amazonaws.com2Fbrightspot2F472F192Fb84d97.webp","contentUrl":"https:\/\/oficialnoticias.com\/wp-content\/uploads\/2025\/12\/1765381943_urlhttps3A2F2Fk2-prod-radio-itatiaia.s3.us-east-1.amazonaws.com2Fbrightspot2F472F192Fb84d97.webp","width":1200,"height":630},{"@type":"BreadcrumbList","@id":"https:\/\/oficialnoticias.com\/?p=26651#breadcrumb","itemListElement":[{"@type":"ListItem","position":1,"name":"In\u00edcio","item":"https:\/\/oficialnoticias.com\/"},{"@type":"ListItem","position":2,"name":"Mar\u00eda Corina Machado n\u00e3o chegar\u00e1 em Oslo a tempo de receber pr\u00eamio Nobel"}]},{"@type":"WebSite","@id":"https:\/\/oficialnoticias.com\/#website","url":"https:\/\/oficialnoticias.com\/","name":"oficial Noticias","description":"","publisher":{"@id":"https:\/\/oficialnoticias.com\/#organization"},"potentialAction":[{"@type":"SearchAction","target":{"@type":"EntryPoint","urlTemplate":"https:\/\/oficialnoticias.com\/?s={search_term_string}"},"query-input":{"@type":"PropertyValueSpecification","valueRequired":true,"valueName":"search_term_string"}}],"inLanguage":"pt-BR"},{"@type":"Organization","@id":"https:\/\/oficialnoticias.com\/#organization","name":"oficial noticias","url":"https:\/\/oficialnoticias.com\/","logo":{"@type":"ImageObject","inLanguage":"pt-BR","@id":"https:\/\/oficialnoticias.com\/#\/schema\/logo\/image\/","url":"https:\/\/oficialnoticias.com\/wp-content\/uploads\/2025\/08\/cropped-cropped-cropped-Logo-Noticias-e1753639739829.png","contentUrl":"https:\/\/oficialnoticias.com\/wp-content\/uploads\/2025\/08\/cropped-cropped-cropped-Logo-Noticias-e1753639739829.png","width":119,"height":86,"caption":"oficial noticias"},"image":{"@id":"https:\/\/oficialnoticias.com\/#\/schema\/logo\/image\/"}},{"@type":"Person","@id":"https:\/\/oficialnoticias.com\/#\/schema\/person\/2d1dcbb6bfbc28d68171b4dc04723d4a","name":"Luana Gon\u00e7alves","image":{"@type":"ImageObject","inLanguage":"pt-BR","@id":"https:\/\/secure.gravatar.com\/avatar\/7aa6afdef873224c1a0265951f3fdfc0679f65dfbd15f018612595d323c52521?s=96&d=mm&r=g","url":"https:\/\/secure.gravatar.com\/avatar\/7aa6afdef873224c1a0265951f3fdfc0679f65dfbd15f018612595d323c52521?s=96&d=mm&r=g","contentUrl":"https:\/\/secure.gravatar.com\/avatar\/7aa6afdef873224c1a0265951f3fdfc0679f65dfbd15f018612595d323c52521?s=96&d=mm&r=g","caption":"Luana Gon\u00e7alves"},"sameAs":["https:\/\/oficialnoticias.com\/"],"url":"https:\/\/oficialnoticias.com\/?author=2"}]}},"_links":{"self":[{"href":"https:\/\/oficialnoticias.com\/index.php?rest_route=\/wp\/v2\/posts\/26651","targetHints":{"allow":["GET"]}}],"collection":[{"href":"https:\/\/oficialnoticias.com\/index.php?rest_route=\/wp\/v2\/posts"}],"about":[{"href":"https:\/\/oficialnoticias.com\/index.php?rest_route=\/wp\/v2\/types\/post"}],"author":[{"embeddable":true,"href":"https:\/\/oficialnoticias.com\/index.php?rest_route=\/wp\/v2\/users\/2"}],"replies":[{"embeddable":true,"href":"https:\/\/oficialnoticias.com\/index.php?rest_route=%2Fwp%2Fv2%2Fcomments&post=26651"}],"version-history":[{"count":1,"href":"https:\/\/oficialnoticias.com\/index.php?rest_route=\/wp\/v2\/posts\/26651\/revisions"}],"predecessor-version":[{"id":26653,"href":"https:\/\/oficialnoticias.com\/index.php?rest_route=\/wp\/v2\/posts\/26651\/revisions\/26653"}],"wp:featuredmedia":[{"embeddable":true,"href":"https:\/\/oficialnoticias.com\/index.php?rest_route=\/wp\/v2\/media\/26652"}],"wp:attachment":[{"href":"https:\/\/oficialnoticias.com\/index.php?rest_route=%2Fwp%2Fv2%2Fmedia&parent=26651"}],"wp:term":[{"taxonomy":"category","embeddable":true,"href":"https:\/\/oficialnoticias.com\/index.php?rest_route=%2Fwp%2Fv2%2Fcategories&post=26651"},{"taxonomy":"post_tag","embeddable":true,"href":"https:\/\/oficialnoticias.com\/index.php?rest_route=%2Fwp%2Fv2%2Ftags&post=26651"}],"curies":[{"name":"wp","href":"https:\/\/api.w.org\/{rel}","templated":true}]}}