{"id":26447,"date":"2025-12-08T20:07:22","date_gmt":"2025-12-08T23:07:22","guid":{"rendered":"https:\/\/oficialnoticias.com\/?p=26447"},"modified":"2025-12-08T20:07:23","modified_gmt":"2025-12-08T23:07:23","slug":"brasileira-ligada-a-porta-voz-de-trump-que-esta-presa-nos-eua-sera-solta-sob-fianca","status":"publish","type":"post","link":"https:\/\/oficialnoticias.com\/?p=26447","title":{"rendered":"Brasileira ligada \u00e0 porta-voz de Trump que est\u00e1 presa nos EUA ser\u00e1 solta sob fian\u00e7a"},"content":{"rendered":"<p>\n<\/p>\n<div>\n<p>A brasileira Bruna Ferreira, detida pelo servi\u00e7o de imigra\u00e7\u00e3o dos Estados Unidos desde novembro, recebeu autoriza\u00e7\u00e3o para deixar a cust\u00f3dia mediante fian\u00e7a. A decis\u00e3o foi tomada nesta segunda-feira (8) por uma ju\u00edza de imigra\u00e7\u00e3o e, segundo sua defesa, a liberta\u00e7\u00e3o deve ocorrer nas pr\u00f3ximas horas.<\/p>\n<p>A informa\u00e7\u00e3o foi inicialmente divulgada pelo Washington Post e confirmada \u00e0 CNN Brasil pelo advogado da brasileira, Todd Pomerleau.<\/p>\n<p>De acordo com ele, a magistrada fixou o valor da fian\u00e7a no patamar m\u00ednimo permitido, US$ 1.500, ap\u00f3s a defesa argumentar que Bruna n\u00e3o oferecia risco \u00e0 comunidade nem \u00e0 investiga\u00e7\u00e3o. \u201cEla ser\u00e1 liberada em breve\u201d, declarou o advogado, refor\u00e7ando que a classifica\u00e7\u00e3o feita pelo Departamento de Seguran\u00e7a Interna (DHS), que a apresentou publicamente como uma \u201cimigrante ilegal criminosa\u201d, \u00e9 infundada.<\/p>\n<p>Pomerleau explicou ainda que a sa\u00edda da brasileira depende apenas de procedimentos internos do ICE, que precisa registrar o pagamento da fian\u00e7a no sistema. \u201c\u00c9 poss\u00edvel que o processo s\u00f3 se conclua amanh\u00e3\u201d, afirmou.<\/p>\n<p>O caso ganhou repercuss\u00e3o nos Estados Unidos e no Brasil por envolver familiares da porta-voz do presidente Donald Trump, Karoline Leavitt, ex-cunhada de Bruna e madrinha do filho dela. Segundo o advogado, a ju\u00edza Cynthia Goodman entendeu que n\u00e3o havia justificativa para uma fian\u00e7a mais alta e determinou sua soltura imediata mediante o valor m\u00ednimo previsto em lei. \u201cEsperamos que ela esteja com a fam\u00edlia at\u00e9 amanh\u00e3\u201d, disse.<\/p>\n<p>O Washington Post relatou que o representante do governo Trump na audi\u00eancia n\u00e3o contestou a libera\u00e7\u00e3o, reconhecendo que a brasileira n\u00e3o representava amea\u00e7a nem risco de fuga. <\/p>\n<p>Bruna est\u00e1 detida desde 12 de novembro, quando foi interceptada enquanto dirigia para buscar o filho na escola. Ela permanece no Centro de Processamento do ICE em Basile, no sul da Louisiana. Vivendo nos Estados Unidos h\u00e1 quase tr\u00eas d\u00e9cadas, a brasileira divide a guarda do filho de 11 anos com o ex-noivo, Michael Leavitt, irm\u00e3o da atual secret\u00e1ria de Imprensa da Casa Branca.<\/p>\n<p>As autoridades afirmam que ela excedeu seu per\u00edodo de perman\u00eancia legal em 1999 e mencionaram uma suposta pris\u00e3o por agress\u00e3o, alega\u00e7\u00e3o que Pomerleau nega. \u201cBruna n\u00e3o tem antecedentes criminais\u201d, reiterou.<\/p>\n<p>A decis\u00e3o judicial ocorre um dia depois de Bruna ter concedido entrevista ao Washington Post, na qual rebateu a narrativa do governo Trump, que a caracterizou como m\u00e3e ausente e pessoa perigosa. <\/p>\n<p>Ela contou ao jornal que desde 2015 trava uma disputa judicial pela guarda do filho, marcada por trocas de acusa\u00e7\u00f5es entre ela e o ex-parceiro. Em 2021, ambos chegaram a um acordo segundo o qual o menino viveria com o pai em New Hampshire, passando os fins de semana com a m\u00e3e.<\/p>\n<p>Na conversa com o jornal americano, Bruna tamb\u00e9m comentou a rela\u00e7\u00e3o com Karoline Leavitt, de quem j\u00e1 foi muito pr\u00f3xima ao ponto de convid\u00e1-la para ser madrinha da crian\u00e7a. \u201cCometi um erro ao confiar nela\u201d, declarou.<\/p>\n<div class=\"Enhancement\" data-align-center=\"\">\n<div class=\"Enhancement-item\">\n<p>                            <bsp-figure class=\"Figure\" id=\"image-fb0000\"><br \/>\n    <button class=\"containerImg\"><\/p>\n<p>    <a class=\"AnchorLink\" title=\"image-fb0000\" name=\"image-fb0000\"\/><\/p>\n<picture><source type=\"image\/webp\" width=\"1000\" height=\"563\" srcset=\"https:\/\/medias.itatiaia.com.br\/dims4\/default\/f30ac56\/2147483647\/strip\/true\/crop\/1024x577+0+0\/resize\/568x320!\/format\/webp\/quality\/90\/?url=https%3A%2F%2Fk2-prod-radio-itatiaia.s3.us-east-1.amazonaws.com%2Fbrightspot%2F76%2F1a%2Fac800cf44665971fd24ff9d08f59%2Fafp-20250801-leyden-whitehou250731-npyy3-v1-midres-whitehousepressbriefingonjul.jpg 568w,https:\/\/medias.itatiaia.com.br\/dims4\/default\/8a04f46\/2147483647\/strip\/true\/crop\/1024x577+0+0\/resize\/768x432!\/format\/webp\/quality\/90\/?url=https%3A%2F%2Fk2-prod-radio-itatiaia.s3.us-east-1.amazonaws.com%2Fbrightspot%2F76%2F1a%2Fac800cf44665971fd24ff9d08f59%2Fafp-20250801-leyden-whitehou250731-npyy3-v1-midres-whitehousepressbriefingonjul.jpg 768w,https:\/\/medias.itatiaia.com.br\/dims4\/default\/47dfca1\/2147483647\/strip\/true\/crop\/1024x577+0+0\/resize\/1000x563!\/format\/webp\/quality\/90\/?url=https%3A%2F%2Fk2-prod-radio-itatiaia.s3.us-east-1.amazonaws.com%2Fbrightspot%2F76%2F1a%2Fac800cf44665971fd24ff9d08f59%2Fafp-20250801-leyden-whitehou250731-npyy3-v1-midres-whitehousepressbriefingonjul.jpg 1000w\"\/><source width=\"1000\" height=\"563\" srcset=\"https:\/\/medias.itatiaia.com.br\/dims4\/default\/b969f1a\/2147483647\/strip\/true\/crop\/1024x577+0+0\/resize\/1000x563!\/quality\/90\/?url=https%3A%2F%2Fk2-prod-radio-itatiaia.s3.us-east-1.amazonaws.com%2Fbrightspot%2F76%2F1a%2Fac800cf44665971fd24ff9d08f59%2Fafp-20250801-leyden-whitehou250731-npyy3-v1-midres-whitehousepressbriefingonjul.jpg\"\/><\/picture>\n<div class=\"Figure-credit\">\n<p>ANDREW LEYDEN\/NurPhoto via AFP<\/p>\n<\/div>\n<p>    <\/button><\/p>\n<div class=\"Figure-content\"><figcaption class=\"Figure-caption\">\n<p>A secret\u00e1ria de imprensa da Casa Branca, Karoline Leavitt, mostra imagens do novo Sal\u00e3o de Baile de Estado da Casa Branca, que o presidente Donald Trump planeja construir a partir de setembro.<\/p>\n<\/figcaption><\/div>\n<p><\/bsp-figure><\/p><\/div>\n<\/p><\/div>\n<p>Michael Leavitt, por sua vez, negou ao Washington Post qualquer participa\u00e7\u00e3o na deten\u00e7\u00e3o de Bruna. Disse que n\u00e3o acionou autoridades nem interferiu no processo. Segundo o jornal, Bruna alega que, recentemente, ele e o pai teriam sugerido que ela se \u201cautodeportasse\u201d e tentasse retornar de maneira legal, o que, pela legisla\u00e7\u00e3o, a impediria de reentrar no pa\u00eds por dez anos.<\/p>\n<p>Segundo o advogado, Bruna tamb\u00e9m tramitava em paralelo em um processo para obter o green card quando foi detida.<\/p>\n<p>Bruna chegou aos EUA ainda crian\u00e7a como uma \u2018dreamer\u2019, termo usado para jovens que tentam prote\u00e7\u00e3o pelo DACA (A\u00e7\u00e3o Diferida para Chegadas na Inf\u00e2ncia), programa que suspende temporariamente deporta\u00e7\u00f5es. Segundo o advogado, ela n\u00e3o conseguiu renovar o benef\u00edcio porque o programa ficou \u201canos travado em lit\u00edgios na Suprema Corte\u201d, situa\u00e7\u00e3o semelhante \u00e0 de milhares de outros jovens.<\/p>\n<p>O programa foi alvo de tentativa de encerramento por Donald Trump durante seu primeiro mandato, mas a Justi\u00e7a bloqueou a iniciativa. O governo atual contesta a prote\u00e7\u00e3o legal dos dreamers. \u201cO DACA n\u00e3o confere qualquer tipo de status legal neste pa\u00eds\u201d, disse, recentemente, a secret\u00e1ria-adjunta de Seguran\u00e7a Interna, Tricia McLaughlin.<\/p>\n<p>*Com CNN<\/p>\n<p><bsp-list-loadmore class=\"PageListStandardG\" data-module=\"\" data-show-loadmore=\"true\" data-list-title-size=\"3\" data-list-description-size=\"3\"><\/p>\n<p>    <a class=\"AnchorLink\" title=\"leia-tambem\" name=\"leia-tambem\"\/><\/p>\n<p><\/bsp-list-loadmore><\/p><\/div>\n<p><script>\n  window.fbAsyncInit = function() {\n      FB.init({\n              appId : '1447052969554341',\n          xfbml : true,\n          version : 'v2.9'\n      });\n  };\n  (function(d, s, id){\n     var js, fjs = d.getElementsByTagName(s)[0];\n     if (d.getElementById(id)) {return;}\n     js = d.createElement(s); js.id = id;\n     js.src = \"https:\/\/connect.facebook.net\/en_US\/sdk.js\";\n     fjs.parentNode.insertBefore(js, fjs);\n   }(document, 'script', 'facebook-jssdk'));\n<\/script><br \/>\n  <\/a><\/p>\n","protected":false},"excerpt":{"rendered":"<p>A brasileira Bruna Ferreira, detida pelo servi\u00e7o de imigra\u00e7\u00e3o dos Estados Unidos desde novembro, recebeu autoriza\u00e7\u00e3o para deixar a cust\u00f3dia mediante fian\u00e7a. A decis\u00e3o foi tomada nesta segunda-feira (8) por uma ju\u00edza de imigra\u00e7\u00e3o e, segundo sua defesa, a liberta\u00e7\u00e3o deve ocorrer nas pr\u00f3ximas horas. A informa\u00e7\u00e3o foi inicialmente divulgada pelo Washington Post e confirmada&#8230;<\/p>\n","protected":false},"author":2,"featured_media":26448,"comment_status":"open","ping_status":"open","sticky":false,"template":"","format":"standard","meta":{"footnotes":""},"categories":[2],"tags":[],"class_list":["post-26447","post","type-post","status-publish","format-standard","has-post-thumbnail","hentry","category-decor"],"yoast_head":"<!-- This site is optimized with the Yoast SEO plugin v28.1 - https:\/\/yoast.com\/product\/yoast-seo-wordpress\/ -->\n<title>Brasileira ligada \u00e0 porta-voz de Trump que est\u00e1 presa nos EUA ser\u00e1 solta sob fian\u00e7a -<\/title>\n<meta name=\"robots\" content=\"index, follow, max-snippet:-1, max-image-preview:large, max-video-preview:-1\" \/>\n<link rel=\"canonical\" href=\"https:\/\/oficialnoticias.com\/?p=26447\" \/>\n<meta property=\"og:locale\" content=\"pt_BR\" \/>\n<meta property=\"og:type\" content=\"article\" \/>\n<meta property=\"og:title\" content=\"Brasileira ligada \u00e0 porta-voz de Trump que est\u00e1 presa nos EUA ser\u00e1 solta sob fian\u00e7a -\" \/>\n<meta property=\"og:description\" content=\"A brasileira Bruna Ferreira, detida pelo servi\u00e7o de imigra\u00e7\u00e3o dos Estados Unidos desde novembro, recebeu autoriza\u00e7\u00e3o para deixar a cust\u00f3dia mediante fian\u00e7a. A decis\u00e3o foi tomada nesta segunda-feira (8) por uma ju\u00edza de imigra\u00e7\u00e3o e, segundo sua defesa, a liberta\u00e7\u00e3o deve ocorrer nas pr\u00f3ximas horas. A informa\u00e7\u00e3o foi inicialmente divulgada pelo Washington Post e confirmada...\" \/>\n<meta property=\"og:url\" content=\"https:\/\/oficialnoticias.com\/?p=26447\" \/>\n<meta property=\"article:published_time\" content=\"2025-12-08T23:07:22+00:00\" \/>\n<meta property=\"article:modified_time\" content=\"2025-12-08T23:07:23+00:00\" \/>\n<meta property=\"og:image\" content=\"https:\/\/oficialnoticias.com\/wp-content\/uploads\/2025\/12\/urlhttps3A2F2Fk2-prod-radio-itatiaia.s3.us-east-1.amazonaws.com2Fbrightspot2F822Fbc2F8267b9.webp\" \/>\n\t<meta property=\"og:image:width\" content=\"1200\" \/>\n\t<meta property=\"og:image:height\" content=\"630\" \/>\n\t<meta property=\"og:image:type\" content=\"image\/webp\" \/>\n<meta name=\"author\" content=\"Luana Gon\u00e7alves\" \/>\n<meta name=\"twitter:card\" content=\"summary_large_image\" \/>\n<meta name=\"twitter:label1\" content=\"Escrito por\" \/>\n\t<meta name=\"twitter:data1\" content=\"Luana Gon\u00e7alves\" \/>\n\t<meta name=\"twitter:label2\" content=\"Est. tempo de leitura\" \/>\n\t<meta name=\"twitter:data2\" content=\"4 minutos\" \/>\n<script type=\"application\/ld+json\" class=\"yoast-schema-graph\">{\"@context\":\"https:\\\/\\\/schema.org\",\"@graph\":[{\"@type\":\"Article\",\"@id\":\"https:\\\/\\\/oficialnoticias.com\\\/?p=26447#article\",\"isPartOf\":{\"@id\":\"https:\\\/\\\/oficialnoticias.com\\\/?p=26447\"},\"author\":{\"name\":\"Luana Gon\u00e7alves\",\"@id\":\"https:\\\/\\\/oficialnoticias.com\\\/#\\\/schema\\\/person\\\/2d1dcbb6bfbc28d68171b4dc04723d4a\"},\"headline\":\"Brasileira ligada \u00e0 porta-voz de Trump que est\u00e1 presa nos EUA ser\u00e1 solta sob fian\u00e7a\",\"datePublished\":\"2025-12-08T23:07:22+00:00\",\"dateModified\":\"2025-12-08T23:07:23+00:00\",\"mainEntityOfPage\":{\"@id\":\"https:\\\/\\\/oficialnoticias.com\\\/?p=26447\"},\"wordCount\":770,\"commentCount\":0,\"publisher\":{\"@id\":\"https:\\\/\\\/oficialnoticias.com\\\/#organization\"},\"image\":{\"@id\":\"https:\\\/\\\/oficialnoticias.com\\\/?p=26447#primaryimage\"},\"thumbnailUrl\":\"https:\\\/\\\/oficialnoticias.com\\\/wp-content\\\/uploads\\\/2025\\\/12\\\/urlhttps3A2F2Fk2-prod-radio-itatiaia.s3.us-east-1.amazonaws.com2Fbrightspot2F822Fbc2F8267b9.webp\",\"articleSection\":[\"Mundo\"],\"inLanguage\":\"pt-BR\",\"potentialAction\":[{\"@type\":\"CommentAction\",\"name\":\"Comment\",\"target\":[\"https:\\\/\\\/oficialnoticias.com\\\/?p=26447#respond\"]}]},{\"@type\":\"WebPage\",\"@id\":\"https:\\\/\\\/oficialnoticias.com\\\/?p=26447\",\"url\":\"https:\\\/\\\/oficialnoticias.com\\\/?p=26447\",\"name\":\"Brasileira ligada \u00e0 porta-voz de Trump que est\u00e1 presa nos EUA ser\u00e1 solta sob fian\u00e7a -\",\"isPartOf\":{\"@id\":\"https:\\\/\\\/oficialnoticias.com\\\/#website\"},\"primaryImageOfPage\":{\"@id\":\"https:\\\/\\\/oficialnoticias.com\\\/?p=26447#primaryimage\"},\"image\":{\"@id\":\"https:\\\/\\\/oficialnoticias.com\\\/?p=26447#primaryimage\"},\"thumbnailUrl\":\"https:\\\/\\\/oficialnoticias.com\\\/wp-content\\\/uploads\\\/2025\\\/12\\\/urlhttps3A2F2Fk2-prod-radio-itatiaia.s3.us-east-1.amazonaws.com2Fbrightspot2F822Fbc2F8267b9.webp\",\"datePublished\":\"2025-12-08T23:07:22+00:00\",\"dateModified\":\"2025-12-08T23:07:23+00:00\",\"breadcrumb\":{\"@id\":\"https:\\\/\\\/oficialnoticias.com\\\/?p=26447#breadcrumb\"},\"inLanguage\":\"pt-BR\",\"potentialAction\":[{\"@type\":\"ReadAction\",\"target\":[\"https:\\\/\\\/oficialnoticias.com\\\/?p=26447\"]}]},{\"@type\":\"ImageObject\",\"inLanguage\":\"pt-BR\",\"@id\":\"https:\\\/\\\/oficialnoticias.com\\\/?p=26447#primaryimage\",\"url\":\"https:\\\/\\\/oficialnoticias.com\\\/wp-content\\\/uploads\\\/2025\\\/12\\\/urlhttps3A2F2Fk2-prod-radio-itatiaia.s3.us-east-1.amazonaws.com2Fbrightspot2F822Fbc2F8267b9.webp\",\"contentUrl\":\"https:\\\/\\\/oficialnoticias.com\\\/wp-content\\\/uploads\\\/2025\\\/12\\\/urlhttps3A2F2Fk2-prod-radio-itatiaia.s3.us-east-1.amazonaws.com2Fbrightspot2F822Fbc2F8267b9.webp\",\"width\":1200,\"height\":630},{\"@type\":\"BreadcrumbList\",\"@id\":\"https:\\\/\\\/oficialnoticias.com\\\/?p=26447#breadcrumb\",\"itemListElement\":[{\"@type\":\"ListItem\",\"position\":1,\"name\":\"In\u00edcio\",\"item\":\"https:\\\/\\\/oficialnoticias.com\\\/\"},{\"@type\":\"ListItem\",\"position\":2,\"name\":\"Brasileira ligada \u00e0 porta-voz de Trump que est\u00e1 presa nos EUA ser\u00e1 solta sob fian\u00e7a\"}]},{\"@type\":\"WebSite\",\"@id\":\"https:\\\/\\\/oficialnoticias.com\\\/#website\",\"url\":\"https:\\\/\\\/oficialnoticias.com\\\/\",\"name\":\"oficial Noticias\",\"description\":\"\",\"publisher\":{\"@id\":\"https:\\\/\\\/oficialnoticias.com\\\/#organization\"},\"potentialAction\":[{\"@type\":\"SearchAction\",\"target\":{\"@type\":\"EntryPoint\",\"urlTemplate\":\"https:\\\/\\\/oficialnoticias.com\\\/?s={search_term_string}\"},\"query-input\":{\"@type\":\"PropertyValueSpecification\",\"valueRequired\":true,\"valueName\":\"search_term_string\"}}],\"inLanguage\":\"pt-BR\"},{\"@type\":\"Organization\",\"@id\":\"https:\\\/\\\/oficialnoticias.com\\\/#organization\",\"name\":\"oficial noticias\",\"url\":\"https:\\\/\\\/oficialnoticias.com\\\/\",\"logo\":{\"@type\":\"ImageObject\",\"inLanguage\":\"pt-BR\",\"@id\":\"https:\\\/\\\/oficialnoticias.com\\\/#\\\/schema\\\/logo\\\/image\\\/\",\"url\":\"https:\\\/\\\/oficialnoticias.com\\\/wp-content\\\/uploads\\\/2025\\\/08\\\/cropped-cropped-cropped-Logo-Noticias-e1753639739829.png\",\"contentUrl\":\"https:\\\/\\\/oficialnoticias.com\\\/wp-content\\\/uploads\\\/2025\\\/08\\\/cropped-cropped-cropped-Logo-Noticias-e1753639739829.png\",\"width\":119,\"height\":86,\"caption\":\"oficial noticias\"},\"image\":{\"@id\":\"https:\\\/\\\/oficialnoticias.com\\\/#\\\/schema\\\/logo\\\/image\\\/\"}},{\"@type\":\"Person\",\"@id\":\"https:\\\/\\\/oficialnoticias.com\\\/#\\\/schema\\\/person\\\/2d1dcbb6bfbc28d68171b4dc04723d4a\",\"name\":\"Luana Gon\u00e7alves\",\"image\":{\"@type\":\"ImageObject\",\"inLanguage\":\"pt-BR\",\"@id\":\"https:\\\/\\\/secure.gravatar.com\\\/avatar\\\/7aa6afdef873224c1a0265951f3fdfc0679f65dfbd15f018612595d323c52521?s=96&d=mm&r=g\",\"url\":\"https:\\\/\\\/secure.gravatar.com\\\/avatar\\\/7aa6afdef873224c1a0265951f3fdfc0679f65dfbd15f018612595d323c52521?s=96&d=mm&r=g\",\"contentUrl\":\"https:\\\/\\\/secure.gravatar.com\\\/avatar\\\/7aa6afdef873224c1a0265951f3fdfc0679f65dfbd15f018612595d323c52521?s=96&d=mm&r=g\",\"caption\":\"Luana Gon\u00e7alves\"},\"sameAs\":[\"https:\\\/\\\/oficialnoticias.com\\\/\"],\"url\":\"https:\\\/\\\/oficialnoticias.com\\\/?author=2\"}]}<\/script>\n<!-- \/ Yoast SEO plugin. -->","yoast_head_json":{"title":"Brasileira ligada \u00e0 porta-voz de Trump que est\u00e1 presa nos EUA ser\u00e1 solta sob fian\u00e7a -","robots":{"index":"index","follow":"follow","max-snippet":"max-snippet:-1","max-image-preview":"max-image-preview:large","max-video-preview":"max-video-preview:-1"},"canonical":"https:\/\/oficialnoticias.com\/?p=26447","og_locale":"pt_BR","og_type":"article","og_title":"Brasileira ligada \u00e0 porta-voz de Trump que est\u00e1 presa nos EUA ser\u00e1 solta sob fian\u00e7a -","og_description":"A brasileira Bruna Ferreira, detida pelo servi\u00e7o de imigra\u00e7\u00e3o dos Estados Unidos desde novembro, recebeu autoriza\u00e7\u00e3o para deixar a cust\u00f3dia mediante fian\u00e7a. A decis\u00e3o foi tomada nesta segunda-feira (8) por uma ju\u00edza de imigra\u00e7\u00e3o e, segundo sua defesa, a liberta\u00e7\u00e3o deve ocorrer nas pr\u00f3ximas horas. A informa\u00e7\u00e3o foi inicialmente divulgada pelo Washington Post e confirmada...","og_url":"https:\/\/oficialnoticias.com\/?p=26447","article_published_time":"2025-12-08T23:07:22+00:00","article_modified_time":"2025-12-08T23:07:23+00:00","og_image":[{"width":1200,"height":630,"url":"https:\/\/oficialnoticias.com\/wp-content\/uploads\/2025\/12\/urlhttps3A2F2Fk2-prod-radio-itatiaia.s3.us-east-1.amazonaws.com2Fbrightspot2F822Fbc2F8267b9.webp","type":"image\/webp"}],"author":"Luana Gon\u00e7alves","twitter_card":"summary_large_image","twitter_misc":{"Escrito por":"Luana Gon\u00e7alves","Est. tempo de leitura":"4 minutos"},"schema":{"@context":"https:\/\/schema.org","@graph":[{"@type":"Article","@id":"https:\/\/oficialnoticias.com\/?p=26447#article","isPartOf":{"@id":"https:\/\/oficialnoticias.com\/?p=26447"},"author":{"name":"Luana Gon\u00e7alves","@id":"https:\/\/oficialnoticias.com\/#\/schema\/person\/2d1dcbb6bfbc28d68171b4dc04723d4a"},"headline":"Brasileira ligada \u00e0 porta-voz de Trump que est\u00e1 presa nos EUA ser\u00e1 solta sob fian\u00e7a","datePublished":"2025-12-08T23:07:22+00:00","dateModified":"2025-12-08T23:07:23+00:00","mainEntityOfPage":{"@id":"https:\/\/oficialnoticias.com\/?p=26447"},"wordCount":770,"commentCount":0,"publisher":{"@id":"https:\/\/oficialnoticias.com\/#organization"},"image":{"@id":"https:\/\/oficialnoticias.com\/?p=26447#primaryimage"},"thumbnailUrl":"https:\/\/oficialnoticias.com\/wp-content\/uploads\/2025\/12\/urlhttps3A2F2Fk2-prod-radio-itatiaia.s3.us-east-1.amazonaws.com2Fbrightspot2F822Fbc2F8267b9.webp","articleSection":["Mundo"],"inLanguage":"pt-BR","potentialAction":[{"@type":"CommentAction","name":"Comment","target":["https:\/\/oficialnoticias.com\/?p=26447#respond"]}]},{"@type":"WebPage","@id":"https:\/\/oficialnoticias.com\/?p=26447","url":"https:\/\/oficialnoticias.com\/?p=26447","name":"Brasileira ligada \u00e0 porta-voz de Trump que est\u00e1 presa nos EUA ser\u00e1 solta sob fian\u00e7a -","isPartOf":{"@id":"https:\/\/oficialnoticias.com\/#website"},"primaryImageOfPage":{"@id":"https:\/\/oficialnoticias.com\/?p=26447#primaryimage"},"image":{"@id":"https:\/\/oficialnoticias.com\/?p=26447#primaryimage"},"thumbnailUrl":"https:\/\/oficialnoticias.com\/wp-content\/uploads\/2025\/12\/urlhttps3A2F2Fk2-prod-radio-itatiaia.s3.us-east-1.amazonaws.com2Fbrightspot2F822Fbc2F8267b9.webp","datePublished":"2025-12-08T23:07:22+00:00","dateModified":"2025-12-08T23:07:23+00:00","breadcrumb":{"@id":"https:\/\/oficialnoticias.com\/?p=26447#breadcrumb"},"inLanguage":"pt-BR","potentialAction":[{"@type":"ReadAction","target":["https:\/\/oficialnoticias.com\/?p=26447"]}]},{"@type":"ImageObject","inLanguage":"pt-BR","@id":"https:\/\/oficialnoticias.com\/?p=26447#primaryimage","url":"https:\/\/oficialnoticias.com\/wp-content\/uploads\/2025\/12\/urlhttps3A2F2Fk2-prod-radio-itatiaia.s3.us-east-1.amazonaws.com2Fbrightspot2F822Fbc2F8267b9.webp","contentUrl":"https:\/\/oficialnoticias.com\/wp-content\/uploads\/2025\/12\/urlhttps3A2F2Fk2-prod-radio-itatiaia.s3.us-east-1.amazonaws.com2Fbrightspot2F822Fbc2F8267b9.webp","width":1200,"height":630},{"@type":"BreadcrumbList","@id":"https:\/\/oficialnoticias.com\/?p=26447#breadcrumb","itemListElement":[{"@type":"ListItem","position":1,"name":"In\u00edcio","item":"https:\/\/oficialnoticias.com\/"},{"@type":"ListItem","position":2,"name":"Brasileira ligada \u00e0 porta-voz de Trump que est\u00e1 presa nos EUA ser\u00e1 solta sob fian\u00e7a"}]},{"@type":"WebSite","@id":"https:\/\/oficialnoticias.com\/#website","url":"https:\/\/oficialnoticias.com\/","name":"oficial Noticias","description":"","publisher":{"@id":"https:\/\/oficialnoticias.com\/#organization"},"potentialAction":[{"@type":"SearchAction","target":{"@type":"EntryPoint","urlTemplate":"https:\/\/oficialnoticias.com\/?s={search_term_string}"},"query-input":{"@type":"PropertyValueSpecification","valueRequired":true,"valueName":"search_term_string"}}],"inLanguage":"pt-BR"},{"@type":"Organization","@id":"https:\/\/oficialnoticias.com\/#organization","name":"oficial noticias","url":"https:\/\/oficialnoticias.com\/","logo":{"@type":"ImageObject","inLanguage":"pt-BR","@id":"https:\/\/oficialnoticias.com\/#\/schema\/logo\/image\/","url":"https:\/\/oficialnoticias.com\/wp-content\/uploads\/2025\/08\/cropped-cropped-cropped-Logo-Noticias-e1753639739829.png","contentUrl":"https:\/\/oficialnoticias.com\/wp-content\/uploads\/2025\/08\/cropped-cropped-cropped-Logo-Noticias-e1753639739829.png","width":119,"height":86,"caption":"oficial noticias"},"image":{"@id":"https:\/\/oficialnoticias.com\/#\/schema\/logo\/image\/"}},{"@type":"Person","@id":"https:\/\/oficialnoticias.com\/#\/schema\/person\/2d1dcbb6bfbc28d68171b4dc04723d4a","name":"Luana Gon\u00e7alves","image":{"@type":"ImageObject","inLanguage":"pt-BR","@id":"https:\/\/secure.gravatar.com\/avatar\/7aa6afdef873224c1a0265951f3fdfc0679f65dfbd15f018612595d323c52521?s=96&d=mm&r=g","url":"https:\/\/secure.gravatar.com\/avatar\/7aa6afdef873224c1a0265951f3fdfc0679f65dfbd15f018612595d323c52521?s=96&d=mm&r=g","contentUrl":"https:\/\/secure.gravatar.com\/avatar\/7aa6afdef873224c1a0265951f3fdfc0679f65dfbd15f018612595d323c52521?s=96&d=mm&r=g","caption":"Luana Gon\u00e7alves"},"sameAs":["https:\/\/oficialnoticias.com\/"],"url":"https:\/\/oficialnoticias.com\/?author=2"}]}},"_links":{"self":[{"href":"https:\/\/oficialnoticias.com\/index.php?rest_route=\/wp\/v2\/posts\/26447","targetHints":{"allow":["GET"]}}],"collection":[{"href":"https:\/\/oficialnoticias.com\/index.php?rest_route=\/wp\/v2\/posts"}],"about":[{"href":"https:\/\/oficialnoticias.com\/index.php?rest_route=\/wp\/v2\/types\/post"}],"author":[{"embeddable":true,"href":"https:\/\/oficialnoticias.com\/index.php?rest_route=\/wp\/v2\/users\/2"}],"replies":[{"embeddable":true,"href":"https:\/\/oficialnoticias.com\/index.php?rest_route=%2Fwp%2Fv2%2Fcomments&post=26447"}],"version-history":[{"count":1,"href":"https:\/\/oficialnoticias.com\/index.php?rest_route=\/wp\/v2\/posts\/26447\/revisions"}],"predecessor-version":[{"id":26449,"href":"https:\/\/oficialnoticias.com\/index.php?rest_route=\/wp\/v2\/posts\/26447\/revisions\/26449"}],"wp:featuredmedia":[{"embeddable":true,"href":"https:\/\/oficialnoticias.com\/index.php?rest_route=\/wp\/v2\/media\/26448"}],"wp:attachment":[{"href":"https:\/\/oficialnoticias.com\/index.php?rest_route=%2Fwp%2Fv2%2Fmedia&parent=26447"}],"wp:term":[{"taxonomy":"category","embeddable":true,"href":"https:\/\/oficialnoticias.com\/index.php?rest_route=%2Fwp%2Fv2%2Fcategories&post=26447"},{"taxonomy":"post_tag","embeddable":true,"href":"https:\/\/oficialnoticias.com\/index.php?rest_route=%2Fwp%2Fv2%2Ftags&post=26447"}],"curies":[{"name":"wp","href":"https:\/\/api.w.org\/{rel}","templated":true}]}}