{"id":25556,"date":"2025-11-30T23:02:35","date_gmt":"2025-12-01T02:02:35","guid":{"rendered":"https:\/\/oficialnoticias.com\/?p=25556"},"modified":"2025-11-30T23:02:37","modified_gmt":"2025-12-01T02:02:37","slug":"tempestades-na-asia-deixam-ao-menos-700-mortos","status":"publish","type":"post","link":"https:\/\/oficialnoticias.com\/?p=25556","title":{"rendered":"Tempestades na \u00c1sia deixam ao menos 700 mortos"},"content":{"rendered":"<p>\n<\/p>\n<div>\n<p>Fortes tempestades provocaram enchentes e deslizamentos de terra em v\u00e1rias regi\u00f5es da \u00c1sia, deixando mais de 700 mortos e centenas de desaparecidos. Indon\u00e9sia, Tail\u00e2ndia e Mal\u00e1sia foram atingidas por chuvas intensificadas por ciclones que cruzaram o Estreito de Malaca, canal entre Sumatra e o continente asi\u00e1tico. J\u00e1 o Sri Lanka sofreu os efeitos de uma tempestade distinta, cujas chuvas agora avan\u00e7am em dire\u00e7\u00e3o \u00e0 costa sul da \u00cdndia.<\/p>\n<h2>Indon\u00e9sia<\/h2>\n<p>Equipes de resgate tentam chegar \u00e0s \u00e1reas mais devastadas de Sumatra, onde o ciclone Senyar provocou inunda\u00e7\u00f5es e deslizamentos catastr\u00f3ficos. Mais de 400 pessoas permanecem desaparecidas.<\/p>\n<p>\u201cDurante a enchente, tudo desapareceu\u201d, disse \u00e0 Reuters um morador de Bireuen, na prov\u00edncia de Aceh. \u201cEu queria guardar minhas roupas, mas minha casa caiu.\u201d<\/p>\n<p>Helic\u00f3pteros foram mobilizados para levar suprimentos \u00e0s \u00e1reas isoladas, e imagens da m\u00eddia local mostram equipes usando barcos de borracha para resgatar moradores presos. Autoridades relataram saque de alimentos e \u00e1gua por parte de sobreviventes em busca de meios para se manter.<\/p>\n<h2>Tail\u00e2ndia<\/h2>\n<p>No sul da Tail\u00e2ndia, pelo menos 162 pessoas morreram, informou \u00e0 Reuters o porta-voz do governo Siripong Angkasakulkiat. Aproximadamente 3,5 milh\u00f5es de pessoas foram afetadas.<\/p>\n<p>A cidade de Hat Yai foi a mais atingida, registrando o volume de chuva mais intenso dos \u00faltimos 300 anos. As enchentes alcan\u00e7aram mais de 2,5 metros e interromperam o acesso a uma maternidade que abriga 30 rec\u00e9m-nascidos.<\/p>\n<p>Amphorn Kaeophengkro e sua fam\u00edlia, de oito pessoas, ficaram ilhados no segundo andar da casa por 48 horas, esperando a \u00e1gua baixar. \u201cN\u00e3o pens\u00e1vamos em mais nada al\u00e9m de sobreviver\u201d, disse a moradora de 44 anos \u00e0 Reuters, \u00e0 luz de velas.<\/p>\n<p>Turistas da Austr\u00e1lia, Reino Unido, China, Mal\u00e1sia, Singapura e \u00c1frica do Sul, foram resgatados na prov\u00edncia de Songkhla, informou o Minist\u00e9rio do Turismo \u00e0 CNN.<\/p>\n<h2>Sri Lanka<\/h2>\n<p>O ciclone Dithwa atingiu mais de meio milh\u00e3o de pessoas no Sri Lanka, provocando enchentes e deslizamentos de terra. Cerca de 191 moradores seguem desaparecidos, de acordo com autoridades citadas pela Reuters.<\/p>\n<p>Casas em \u00e1reas baixas pr\u00f3ximas \u00e0 capital, Colombo, permanecem submersas e sem energia. Alguns moradores continuam nos andares superiores para proteger seus pertences.<\/p>\n<p>Na mesquita Dalugala Thakiya, volunt\u00e1rios preparam refei\u00e7\u00f5es com arroz, frango e curry dhal para desabrigados. \u201cAs pessoas que vivem de trabalhos di\u00e1rios n\u00e3o conseguem trabalhar e est\u00e3o com pouca comida\u201d, disse Risham Ahmed \u00e0 Reuters. \u201cElas est\u00e3o preocupadas em como reconstruir suas vidas.\u201d<\/p>\n<h2>Mal\u00e1sia<\/h2>\n<p>Na Mal\u00e1sia, duas pessoas morreram ap\u00f3s a tempestade tropical Senyar tocar a costa na sexta-feira, segundo a Reuters. Cerca de 34 mil pessoas foram retiradas preventivamente, mas alguns moradores ficaram presos no estado de Perlis devido ao avan\u00e7o da \u00e1gua.<\/p>\n<p>Gon Qasim, de 73 anos, relatou que n\u00e3o conseguiu deixar sua casa. \u201cA \u00e1gua era como o oceano. Era assim que parecia\u201d, disse. Ela e o marido foram resgatados pelo filho e levados para um abrigo em Kangar, onde centenas de fam\u00edlias est\u00e3o em tendas fornecidas pela ag\u00eancia nacional de gest\u00e3o de desastres.<\/p>\n<p>*Com CNN<\/p>\n<p><bsp-list-loadmore class=\"PageListStandardG\" data-module=\"\" data-show-loadmore=\"true\" data-list-title-size=\"3\" data-list-description-size=\"3\"><\/p>\n<p>    <a class=\"AnchorLink\" title=\"leia-tambem\" name=\"leia-tambem\"\/><\/p>\n<p><\/bsp-list-loadmore><\/p><\/div>\n<p><script>\n  window.fbAsyncInit = function() {\n      FB.init({\n              appId : '1447052969554341',\n          xfbml : true,\n          version : 'v2.9'\n      });\n  };\n  (function(d, s, id){\n     var js, fjs = d.getElementsByTagName(s)[0];\n     if (d.getElementById(id)) {return;}\n     js = d.createElement(s); js.id = id;\n     js.src = \"https:\/\/connect.facebook.net\/en_US\/sdk.js\";\n     fjs.parentNode.insertBefore(js, fjs);\n   }(document, 'script', 'facebook-jssdk'));\n<\/script><br \/>\n  <\/a><\/p>\n","protected":false},"excerpt":{"rendered":"<p>Fortes tempestades provocaram enchentes e deslizamentos de terra em v\u00e1rias regi\u00f5es da \u00c1sia, deixando mais de 700 mortos e centenas de desaparecidos. Indon\u00e9sia, Tail\u00e2ndia e Mal\u00e1sia foram atingidas por chuvas intensificadas por ciclones que cruzaram o Estreito de Malaca, canal entre Sumatra e o continente asi\u00e1tico. J\u00e1 o Sri Lanka sofreu os efeitos de uma&#8230;<\/p>\n","protected":false},"author":2,"featured_media":25557,"comment_status":"open","ping_status":"open","sticky":false,"template":"","format":"standard","meta":{"footnotes":""},"categories":[2],"tags":[],"class_list":["post-25556","post","type-post","status-publish","format-standard","has-post-thumbnail","hentry","category-decor"],"yoast_head":"<!-- This site is optimized with the Yoast SEO plugin v27.3 - https:\/\/yoast.com\/product\/yoast-seo-wordpress\/ -->\n<title>Tempestades na \u00c1sia deixam ao menos 700 mortos -<\/title>\n<meta name=\"robots\" content=\"index, follow, max-snippet:-1, max-image-preview:large, max-video-preview:-1\" \/>\n<link rel=\"canonical\" href=\"https:\/\/oficialnoticias.com\/?p=25556\" \/>\n<meta property=\"og:locale\" content=\"pt_BR\" \/>\n<meta property=\"og:type\" content=\"article\" \/>\n<meta property=\"og:title\" content=\"Tempestades na \u00c1sia deixam ao menos 700 mortos -\" \/>\n<meta property=\"og:description\" content=\"Fortes tempestades provocaram enchentes e deslizamentos de terra em v\u00e1rias regi\u00f5es da \u00c1sia, deixando mais de 700 mortos e centenas de desaparecidos. Indon\u00e9sia, Tail\u00e2ndia e Mal\u00e1sia foram atingidas por chuvas intensificadas por ciclones que cruzaram o Estreito de Malaca, canal entre Sumatra e o continente asi\u00e1tico. J\u00e1 o Sri Lanka sofreu os efeitos de uma...\" \/>\n<meta property=\"og:url\" content=\"https:\/\/oficialnoticias.com\/?p=25556\" \/>\n<meta property=\"article:published_time\" content=\"2025-12-01T02:02:35+00:00\" \/>\n<meta property=\"article:modified_time\" content=\"2025-12-01T02:02:37+00:00\" \/>\n<meta property=\"og:image\" content=\"https:\/\/oficialnoticias.com\/wp-content\/uploads\/2025\/11\/urlhttps3A2F2Fk2-prod-radio-itatiaia.s3.us-east-1.amazonaws.com2Fbrightspot2F402F192Fef04e1.webp\" \/>\n\t<meta property=\"og:image:width\" content=\"1200\" \/>\n\t<meta property=\"og:image:height\" content=\"630\" \/>\n\t<meta property=\"og:image:type\" content=\"image\/webp\" \/>\n<meta name=\"author\" content=\"Luana Gon\u00e7alves\" \/>\n<meta name=\"twitter:card\" content=\"summary_large_image\" \/>\n<meta name=\"twitter:label1\" content=\"Escrito por\" \/>\n\t<meta name=\"twitter:data1\" content=\"Luana Gon\u00e7alves\" \/>\n\t<meta name=\"twitter:label2\" content=\"Est. tempo de leitura\" \/>\n\t<meta name=\"twitter:data2\" content=\"3 minutos\" \/>\n<script type=\"application\/ld+json\" class=\"yoast-schema-graph\">{\"@context\":\"https:\\\/\\\/schema.org\",\"@graph\":[{\"@type\":\"Article\",\"@id\":\"https:\\\/\\\/oficialnoticias.com\\\/?p=25556#article\",\"isPartOf\":{\"@id\":\"https:\\\/\\\/oficialnoticias.com\\\/?p=25556\"},\"author\":{\"name\":\"Luana Gon\u00e7alves\",\"@id\":\"https:\\\/\\\/oficialnoticias.com\\\/#\\\/schema\\\/person\\\/2d1dcbb6bfbc28d68171b4dc04723d4a\"},\"headline\":\"Tempestades na \u00c1sia deixam ao menos 700 mortos\",\"datePublished\":\"2025-12-01T02:02:35+00:00\",\"dateModified\":\"2025-12-01T02:02:37+00:00\",\"mainEntityOfPage\":{\"@id\":\"https:\\\/\\\/oficialnoticias.com\\\/?p=25556\"},\"wordCount\":520,\"commentCount\":0,\"publisher\":{\"@id\":\"https:\\\/\\\/oficialnoticias.com\\\/#organization\"},\"image\":{\"@id\":\"https:\\\/\\\/oficialnoticias.com\\\/?p=25556#primaryimage\"},\"thumbnailUrl\":\"https:\\\/\\\/oficialnoticias.com\\\/wp-content\\\/uploads\\\/2025\\\/11\\\/urlhttps3A2F2Fk2-prod-radio-itatiaia.s3.us-east-1.amazonaws.com2Fbrightspot2F402F192Fef04e1.webp\",\"articleSection\":[\"Mundo\"],\"inLanguage\":\"pt-BR\",\"potentialAction\":[{\"@type\":\"CommentAction\",\"name\":\"Comment\",\"target\":[\"https:\\\/\\\/oficialnoticias.com\\\/?p=25556#respond\"]}]},{\"@type\":\"WebPage\",\"@id\":\"https:\\\/\\\/oficialnoticias.com\\\/?p=25556\",\"url\":\"https:\\\/\\\/oficialnoticias.com\\\/?p=25556\",\"name\":\"Tempestades na \u00c1sia deixam ao menos 700 mortos -\",\"isPartOf\":{\"@id\":\"https:\\\/\\\/oficialnoticias.com\\\/#website\"},\"primaryImageOfPage\":{\"@id\":\"https:\\\/\\\/oficialnoticias.com\\\/?p=25556#primaryimage\"},\"image\":{\"@id\":\"https:\\\/\\\/oficialnoticias.com\\\/?p=25556#primaryimage\"},\"thumbnailUrl\":\"https:\\\/\\\/oficialnoticias.com\\\/wp-content\\\/uploads\\\/2025\\\/11\\\/urlhttps3A2F2Fk2-prod-radio-itatiaia.s3.us-east-1.amazonaws.com2Fbrightspot2F402F192Fef04e1.webp\",\"datePublished\":\"2025-12-01T02:02:35+00:00\",\"dateModified\":\"2025-12-01T02:02:37+00:00\",\"breadcrumb\":{\"@id\":\"https:\\\/\\\/oficialnoticias.com\\\/?p=25556#breadcrumb\"},\"inLanguage\":\"pt-BR\",\"potentialAction\":[{\"@type\":\"ReadAction\",\"target\":[\"https:\\\/\\\/oficialnoticias.com\\\/?p=25556\"]}]},{\"@type\":\"ImageObject\",\"inLanguage\":\"pt-BR\",\"@id\":\"https:\\\/\\\/oficialnoticias.com\\\/?p=25556#primaryimage\",\"url\":\"https:\\\/\\\/oficialnoticias.com\\\/wp-content\\\/uploads\\\/2025\\\/11\\\/urlhttps3A2F2Fk2-prod-radio-itatiaia.s3.us-east-1.amazonaws.com2Fbrightspot2F402F192Fef04e1.webp\",\"contentUrl\":\"https:\\\/\\\/oficialnoticias.com\\\/wp-content\\\/uploads\\\/2025\\\/11\\\/urlhttps3A2F2Fk2-prod-radio-itatiaia.s3.us-east-1.amazonaws.com2Fbrightspot2F402F192Fef04e1.webp\",\"width\":1200,\"height\":630},{\"@type\":\"BreadcrumbList\",\"@id\":\"https:\\\/\\\/oficialnoticias.com\\\/?p=25556#breadcrumb\",\"itemListElement\":[{\"@type\":\"ListItem\",\"position\":1,\"name\":\"In\u00edcio\",\"item\":\"https:\\\/\\\/oficialnoticias.com\\\/\"},{\"@type\":\"ListItem\",\"position\":2,\"name\":\"Tempestades na \u00c1sia deixam ao menos 700 mortos\"}]},{\"@type\":\"WebSite\",\"@id\":\"https:\\\/\\\/oficialnoticias.com\\\/#website\",\"url\":\"https:\\\/\\\/oficialnoticias.com\\\/\",\"name\":\"oficial Noticias\",\"description\":\"\",\"publisher\":{\"@id\":\"https:\\\/\\\/oficialnoticias.com\\\/#organization\"},\"potentialAction\":[{\"@type\":\"SearchAction\",\"target\":{\"@type\":\"EntryPoint\",\"urlTemplate\":\"https:\\\/\\\/oficialnoticias.com\\\/?s={search_term_string}\"},\"query-input\":{\"@type\":\"PropertyValueSpecification\",\"valueRequired\":true,\"valueName\":\"search_term_string\"}}],\"inLanguage\":\"pt-BR\"},{\"@type\":\"Organization\",\"@id\":\"https:\\\/\\\/oficialnoticias.com\\\/#organization\",\"name\":\"oficial noticias\",\"url\":\"https:\\\/\\\/oficialnoticias.com\\\/\",\"logo\":{\"@type\":\"ImageObject\",\"inLanguage\":\"pt-BR\",\"@id\":\"https:\\\/\\\/oficialnoticias.com\\\/#\\\/schema\\\/logo\\\/image\\\/\",\"url\":\"https:\\\/\\\/oficialnoticias.com\\\/wp-content\\\/uploads\\\/2025\\\/08\\\/cropped-cropped-cropped-Logo-Noticias-e1753639739829.png\",\"contentUrl\":\"https:\\\/\\\/oficialnoticias.com\\\/wp-content\\\/uploads\\\/2025\\\/08\\\/cropped-cropped-cropped-Logo-Noticias-e1753639739829.png\",\"width\":119,\"height\":86,\"caption\":\"oficial noticias\"},\"image\":{\"@id\":\"https:\\\/\\\/oficialnoticias.com\\\/#\\\/schema\\\/logo\\\/image\\\/\"}},{\"@type\":\"Person\",\"@id\":\"https:\\\/\\\/oficialnoticias.com\\\/#\\\/schema\\\/person\\\/2d1dcbb6bfbc28d68171b4dc04723d4a\",\"name\":\"Luana Gon\u00e7alves\",\"image\":{\"@type\":\"ImageObject\",\"inLanguage\":\"pt-BR\",\"@id\":\"https:\\\/\\\/secure.gravatar.com\\\/avatar\\\/7aa6afdef873224c1a0265951f3fdfc0679f65dfbd15f018612595d323c52521?s=96&d=mm&r=g\",\"url\":\"https:\\\/\\\/secure.gravatar.com\\\/avatar\\\/7aa6afdef873224c1a0265951f3fdfc0679f65dfbd15f018612595d323c52521?s=96&d=mm&r=g\",\"contentUrl\":\"https:\\\/\\\/secure.gravatar.com\\\/avatar\\\/7aa6afdef873224c1a0265951f3fdfc0679f65dfbd15f018612595d323c52521?s=96&d=mm&r=g\",\"caption\":\"Luana Gon\u00e7alves\"},\"sameAs\":[\"https:\\\/\\\/oficialnoticias.com\\\/\"],\"url\":\"https:\\\/\\\/oficialnoticias.com\\\/?author=2\"}]}<\/script>\n<!-- \/ Yoast SEO plugin. -->","yoast_head_json":{"title":"Tempestades na \u00c1sia deixam ao menos 700 mortos -","robots":{"index":"index","follow":"follow","max-snippet":"max-snippet:-1","max-image-preview":"max-image-preview:large","max-video-preview":"max-video-preview:-1"},"canonical":"https:\/\/oficialnoticias.com\/?p=25556","og_locale":"pt_BR","og_type":"article","og_title":"Tempestades na \u00c1sia deixam ao menos 700 mortos -","og_description":"Fortes tempestades provocaram enchentes e deslizamentos de terra em v\u00e1rias regi\u00f5es da \u00c1sia, deixando mais de 700 mortos e centenas de desaparecidos. Indon\u00e9sia, Tail\u00e2ndia e Mal\u00e1sia foram atingidas por chuvas intensificadas por ciclones que cruzaram o Estreito de Malaca, canal entre Sumatra e o continente asi\u00e1tico. J\u00e1 o Sri Lanka sofreu os efeitos de uma...","og_url":"https:\/\/oficialnoticias.com\/?p=25556","article_published_time":"2025-12-01T02:02:35+00:00","article_modified_time":"2025-12-01T02:02:37+00:00","og_image":[{"width":1200,"height":630,"url":"https:\/\/oficialnoticias.com\/wp-content\/uploads\/2025\/11\/urlhttps3A2F2Fk2-prod-radio-itatiaia.s3.us-east-1.amazonaws.com2Fbrightspot2F402F192Fef04e1.webp","type":"image\/webp"}],"author":"Luana Gon\u00e7alves","twitter_card":"summary_large_image","twitter_misc":{"Escrito por":"Luana Gon\u00e7alves","Est. tempo de leitura":"3 minutos"},"schema":{"@context":"https:\/\/schema.org","@graph":[{"@type":"Article","@id":"https:\/\/oficialnoticias.com\/?p=25556#article","isPartOf":{"@id":"https:\/\/oficialnoticias.com\/?p=25556"},"author":{"name":"Luana Gon\u00e7alves","@id":"https:\/\/oficialnoticias.com\/#\/schema\/person\/2d1dcbb6bfbc28d68171b4dc04723d4a"},"headline":"Tempestades na \u00c1sia deixam ao menos 700 mortos","datePublished":"2025-12-01T02:02:35+00:00","dateModified":"2025-12-01T02:02:37+00:00","mainEntityOfPage":{"@id":"https:\/\/oficialnoticias.com\/?p=25556"},"wordCount":520,"commentCount":0,"publisher":{"@id":"https:\/\/oficialnoticias.com\/#organization"},"image":{"@id":"https:\/\/oficialnoticias.com\/?p=25556#primaryimage"},"thumbnailUrl":"https:\/\/oficialnoticias.com\/wp-content\/uploads\/2025\/11\/urlhttps3A2F2Fk2-prod-radio-itatiaia.s3.us-east-1.amazonaws.com2Fbrightspot2F402F192Fef04e1.webp","articleSection":["Mundo"],"inLanguage":"pt-BR","potentialAction":[{"@type":"CommentAction","name":"Comment","target":["https:\/\/oficialnoticias.com\/?p=25556#respond"]}]},{"@type":"WebPage","@id":"https:\/\/oficialnoticias.com\/?p=25556","url":"https:\/\/oficialnoticias.com\/?p=25556","name":"Tempestades na \u00c1sia deixam ao menos 700 mortos -","isPartOf":{"@id":"https:\/\/oficialnoticias.com\/#website"},"primaryImageOfPage":{"@id":"https:\/\/oficialnoticias.com\/?p=25556#primaryimage"},"image":{"@id":"https:\/\/oficialnoticias.com\/?p=25556#primaryimage"},"thumbnailUrl":"https:\/\/oficialnoticias.com\/wp-content\/uploads\/2025\/11\/urlhttps3A2F2Fk2-prod-radio-itatiaia.s3.us-east-1.amazonaws.com2Fbrightspot2F402F192Fef04e1.webp","datePublished":"2025-12-01T02:02:35+00:00","dateModified":"2025-12-01T02:02:37+00:00","breadcrumb":{"@id":"https:\/\/oficialnoticias.com\/?p=25556#breadcrumb"},"inLanguage":"pt-BR","potentialAction":[{"@type":"ReadAction","target":["https:\/\/oficialnoticias.com\/?p=25556"]}]},{"@type":"ImageObject","inLanguage":"pt-BR","@id":"https:\/\/oficialnoticias.com\/?p=25556#primaryimage","url":"https:\/\/oficialnoticias.com\/wp-content\/uploads\/2025\/11\/urlhttps3A2F2Fk2-prod-radio-itatiaia.s3.us-east-1.amazonaws.com2Fbrightspot2F402F192Fef04e1.webp","contentUrl":"https:\/\/oficialnoticias.com\/wp-content\/uploads\/2025\/11\/urlhttps3A2F2Fk2-prod-radio-itatiaia.s3.us-east-1.amazonaws.com2Fbrightspot2F402F192Fef04e1.webp","width":1200,"height":630},{"@type":"BreadcrumbList","@id":"https:\/\/oficialnoticias.com\/?p=25556#breadcrumb","itemListElement":[{"@type":"ListItem","position":1,"name":"In\u00edcio","item":"https:\/\/oficialnoticias.com\/"},{"@type":"ListItem","position":2,"name":"Tempestades na \u00c1sia deixam ao menos 700 mortos"}]},{"@type":"WebSite","@id":"https:\/\/oficialnoticias.com\/#website","url":"https:\/\/oficialnoticias.com\/","name":"oficial Noticias","description":"","publisher":{"@id":"https:\/\/oficialnoticias.com\/#organization"},"potentialAction":[{"@type":"SearchAction","target":{"@type":"EntryPoint","urlTemplate":"https:\/\/oficialnoticias.com\/?s={search_term_string}"},"query-input":{"@type":"PropertyValueSpecification","valueRequired":true,"valueName":"search_term_string"}}],"inLanguage":"pt-BR"},{"@type":"Organization","@id":"https:\/\/oficialnoticias.com\/#organization","name":"oficial noticias","url":"https:\/\/oficialnoticias.com\/","logo":{"@type":"ImageObject","inLanguage":"pt-BR","@id":"https:\/\/oficialnoticias.com\/#\/schema\/logo\/image\/","url":"https:\/\/oficialnoticias.com\/wp-content\/uploads\/2025\/08\/cropped-cropped-cropped-Logo-Noticias-e1753639739829.png","contentUrl":"https:\/\/oficialnoticias.com\/wp-content\/uploads\/2025\/08\/cropped-cropped-cropped-Logo-Noticias-e1753639739829.png","width":119,"height":86,"caption":"oficial noticias"},"image":{"@id":"https:\/\/oficialnoticias.com\/#\/schema\/logo\/image\/"}},{"@type":"Person","@id":"https:\/\/oficialnoticias.com\/#\/schema\/person\/2d1dcbb6bfbc28d68171b4dc04723d4a","name":"Luana Gon\u00e7alves","image":{"@type":"ImageObject","inLanguage":"pt-BR","@id":"https:\/\/secure.gravatar.com\/avatar\/7aa6afdef873224c1a0265951f3fdfc0679f65dfbd15f018612595d323c52521?s=96&d=mm&r=g","url":"https:\/\/secure.gravatar.com\/avatar\/7aa6afdef873224c1a0265951f3fdfc0679f65dfbd15f018612595d323c52521?s=96&d=mm&r=g","contentUrl":"https:\/\/secure.gravatar.com\/avatar\/7aa6afdef873224c1a0265951f3fdfc0679f65dfbd15f018612595d323c52521?s=96&d=mm&r=g","caption":"Luana Gon\u00e7alves"},"sameAs":["https:\/\/oficialnoticias.com\/"],"url":"https:\/\/oficialnoticias.com\/?author=2"}]}},"_links":{"self":[{"href":"https:\/\/oficialnoticias.com\/index.php?rest_route=\/wp\/v2\/posts\/25556","targetHints":{"allow":["GET"]}}],"collection":[{"href":"https:\/\/oficialnoticias.com\/index.php?rest_route=\/wp\/v2\/posts"}],"about":[{"href":"https:\/\/oficialnoticias.com\/index.php?rest_route=\/wp\/v2\/types\/post"}],"author":[{"embeddable":true,"href":"https:\/\/oficialnoticias.com\/index.php?rest_route=\/wp\/v2\/users\/2"}],"replies":[{"embeddable":true,"href":"https:\/\/oficialnoticias.com\/index.php?rest_route=%2Fwp%2Fv2%2Fcomments&post=25556"}],"version-history":[{"count":1,"href":"https:\/\/oficialnoticias.com\/index.php?rest_route=\/wp\/v2\/posts\/25556\/revisions"}],"predecessor-version":[{"id":25558,"href":"https:\/\/oficialnoticias.com\/index.php?rest_route=\/wp\/v2\/posts\/25556\/revisions\/25558"}],"wp:featuredmedia":[{"embeddable":true,"href":"https:\/\/oficialnoticias.com\/index.php?rest_route=\/wp\/v2\/media\/25557"}],"wp:attachment":[{"href":"https:\/\/oficialnoticias.com\/index.php?rest_route=%2Fwp%2Fv2%2Fmedia&parent=25556"}],"wp:term":[{"taxonomy":"category","embeddable":true,"href":"https:\/\/oficialnoticias.com\/index.php?rest_route=%2Fwp%2Fv2%2Fcategories&post=25556"},{"taxonomy":"post_tag","embeddable":true,"href":"https:\/\/oficialnoticias.com\/index.php?rest_route=%2Fwp%2Fv2%2Ftags&post=25556"}],"curies":[{"name":"wp","href":"https:\/\/api.w.org\/{rel}","templated":true}]}}