{"id":25481,"date":"2025-11-30T10:34:12","date_gmt":"2025-11-30T13:34:12","guid":{"rendered":"https:\/\/oficialnoticias.com\/?p=25481"},"modified":"2025-11-30T10:34:13","modified_gmt":"2025-11-30T13:34:13","slug":"copa-mudancas-climaticas-e-gaza-cinco-temas-para-ficar-de-olho-em-2026","status":"publish","type":"post","link":"https:\/\/oficialnoticias.com\/?p=25481","title":{"rendered":"Copa, mudan\u00e7as clim\u00e1ticas e Gaza: cinco temas para ficar de olho em 2026"},"content":{"rendered":"<p>\n<\/p>\n<div>\n<p>O ano de 2026 deve ser marcado por uma s\u00e9rie de acontecimentos pol\u00edticos, econ\u00f4micos e sociais no Brasil e no mundo. Elei\u00e7\u00f5es em Israel, mudan\u00e7as econ\u00f4micas, eventos clim\u00e1ticos e a Copa 2026 est\u00e3o entre os temas que devem ganhar destaque e influenciar a agenda p\u00fablica ao longo do ano. <\/p>\n<h2>1- Volta de astronautas \u00e0 Lua<\/h2>\n<p>A Nasa prev\u00ea lan\u00e7ar at\u00e9 abril de 2026 a miss\u00e3o Artemis 2, ap\u00f3s sucessivos adiamentos. A etapa \u00e9 considerada fundamental antes do retorno de astronautas ao solo lunar, objetivo que o governo dos Estados Unidos quer alcan\u00e7ar at\u00e9 2030, mesmo prazo estabelecido pela China.<\/p>\n<p>Outros pa\u00edses tamb\u00e9m avan\u00e7am no setor espacial. A China deve enviar a sonda Chang\u2019e 7 ao polo sul lunar e segue testando sua nave tripulada Mengzhou. J\u00e1 a \u00cdndia planeja colocar um astronauta na \u00f3rbita da Lua em 2027, por conta pr\u00f3pria.<\/p>\n<h2>2- Copa do Mundo em tr\u00eas pa\u00edses<\/h2>\n<h5>A Copa do Mundo de 2026 ser\u00e1 realizada nos Estados Unidos, M\u00e9xico e Canad\u00e1, com formato ampliado:<\/h5>\n<ul>\n<li>48 sele\u00e7\u00f5es,<\/li>\n<li>104 jogos,<\/li>\n<li>disputados em 16 est\u00e1dios, sendo 11 nos EUA.<\/li>\n<\/ul>\n<p>O torneio ter\u00e1 cerca de seis semanas de dura\u00e7\u00e3o, entre 11 de junho e 19 de julho. No cen\u00e1rio esportivo, Brasil, Argentina e as principais sele\u00e7\u00f5es europeias surgem como favoritas.<\/p>\n<p><bsp-link-enhancement><br \/>\n    <span class=\"LinkEnhancement\"><a class=\"Link\" href=\"https:\/\/www.itatiaia.com.br\/esportes\/futebol\/futebol-internacional\/copa-do-mundo\/tensao-politica-ira-vai-boicotar-sorteio-da-copa-do-mundo-nos-estados-unidos\" title=\"&lt;b&gt;Tens\u00e3o pol\u00edtica: Ir\u00e3 vai boicotar sorteio da Copa do Mundo nos Estados Unidos&lt;\/b&gt;\"><b>Tens\u00e3o pol\u00edtica: Ir\u00e3 vai boicotar sorteio da Copa do Mundo nos Estados Unidos<\/b><\/a><\/span><\/bsp-link-enhancement><\/p>\n<h2>2- Gaza e elei\u00e7\u00f5es em Israel<\/h2>\n<p>Ap\u00f3s uma tr\u00e9gua fr\u00e1gil entre Israel e Hamas, o Oriente M\u00e9dio entra em 2026 com incertezas. O plano de paz americano ainda deixa em aberto temas como:<\/p>\n<ul>\n<li>retirada das tropas israelenses<\/li>\n<li>reconstru\u00e7\u00e3o da Faixa de Gaza,<\/li>\n<li> futura administra\u00e7\u00e3o do territ\u00f3rio.<\/li>\n<\/ul>\n<p>Israel deve realizar elei\u00e7\u00f5es at\u00e9 novembro de 2026. O primeiro-ministro Benjamin Netanyahu, de 76 anos, pretende disputar novamente. Com apoio pol\u00edtico fr\u00e1gil, especialistas apontam que ele pode recorrer a a\u00e7\u00f5es militares para fortalecer sua base.<\/p>\n<p>Enquanto isso, cresce a expectativa sobre poss\u00edvel aproxima\u00e7\u00e3o diplom\u00e1tica entre Israel e Ar\u00e1bia Saudita.<\/p>\n<p><bsp-link-enhancement><br \/>\n    <span class=\"LinkEnhancement\"><a class=\"Link\" href=\"https:\/\/www.itatiaia.com.br\/mundo\/papamovel-usado-pelo-papa-francisco-e-transformado-em-clinica-para-criancas-de-gaza\" title=\"&lt;b&gt;Papam\u00f3vel usado pelo Papa Francisco \u00e9 transformado em cl\u00ednica para crian\u00e7as de Gaza&lt;\/b&gt;\"><b>Papam\u00f3vel usado pelo Papa Francisco \u00e9 transformado em cl\u00ednica para crian\u00e7as de Gaza<\/b><\/a><\/span><\/bsp-link-enhancement><\/p>\n<h2>4- Elei\u00e7\u00f5es de meio de mandato nos Estados Unidos<\/h2>\n<p>Depois do retorno de<bsp-link-enhancement><br \/>\n    <span class=\"LinkEnhancement\"><a class=\"Link\" href=\"https:\/\/www.itatiaia.com.br\/mundo\/trump-sinaliza-ofensiva-terrestre-contra-carteis-da-venezuela\" title=\" &lt;b&gt;Donald Trump&lt;\/b&gt; \"> <b>Donald Trump<\/b> <\/a><\/span><\/bsp-link-enhancement>\u00e0 Casa Branca em 2025, os EUA ter\u00e3o em novembro de 2026 elei\u00e7\u00f5es de meio de mandato, que renovar\u00e3o:<\/p>\n<ul>\n<li>36 governos estaduais<\/li>\n<li>435 cadeiras da C\u00e2mara,<\/li>\n<li>35 vagas do Senado.<\/li>\n<\/ul>\n<p>Os republicanos tentam manter a maioria no Congresso, enquanto os democratas buscam recuperar espa\u00e7o. O resultado determinar\u00e1 o ritmo de governo do Trump no restante de seu mandato.<\/p>\n<p>A economia e o custo de vida devem dominar o debate p\u00fablico.<\/p>\n<h2>5- Clima: press\u00e3o global por a\u00e7\u00f5es mais fortes<\/h2>\n<p>O ano de 2026 deve manter a tend\u00eancia de temperaturas recordes. O Met Office, do Reino Unido, estima 80% de chance de o recorde hist\u00f3rico de 2024 ser superado at\u00e9 2029.<\/p>\n<p>Ap\u00f3s a <bsp-link-enhancement><br \/>\n    <span class=\"LinkEnhancement\"><a class=\"Link\" href=\"https:\/\/www.itatiaia.com.br\/politica\/cop-30\/incendio-grave-atinge-pavilhao-da-cop30-em-belem\" title=\"&lt;b&gt;COP30&lt;\/b&gt;\"><b>COP30<\/b><\/a><\/span><\/bsp-link-enhancement><b>,<\/b> em Bel\u00e9m, especialistas esperam que a diplomacia clim\u00e1tica ganhe novo f\u00f4lego. Em abril, a Col\u00f4mbia sediar\u00e1 a primeira confer\u00eancia internacional para abandonar combust\u00edveis f\u00f3sseis, e o tema deve dominar a agenda at\u00e9 a COP31, marcada para novembro de 2026 na Turquia.<\/p>\n<p>Analistas tamb\u00e9m observam o engajamento crescente da gera\u00e7\u00e3o Z em movimentos ambientais, que pode se intensificar no pr\u00f3ximo ano.<\/p>\n<p>(Sob supervis\u00e3o de Aline Campolina)<\/p>\n<p><i>*Com ag\u00eancia AFP<\/i><\/p>\n<p><bsp-list-loadmore class=\"PageListStandardG\" data-module=\"\" data-show-loadmore=\"true\" data-list-title-size=\"3\" data-list-description-size=\"3\"><\/p>\n<p>    <a class=\"AnchorLink\" title=\"leia-tambem\" name=\"leia-tambem\"\/><\/p>\n<p><\/bsp-list-loadmore><\/p><\/div>\n<p><script>\n  window.fbAsyncInit = function() {\n      FB.init({\n              appId : '1447052969554341',\n          xfbml : true,\n          version : 'v2.9'\n      });\n  };\n  (function(d, s, id){\n     var js, fjs = d.getElementsByTagName(s)[0];\n     if (d.getElementById(id)) {return;}\n     js = d.createElement(s); js.id = id;\n     js.src = \"https:\/\/connect.facebook.net\/en_US\/sdk.js\";\n     fjs.parentNode.insertBefore(js, fjs);\n   }(document, 'script', 'facebook-jssdk'));\n<\/script><br \/>\n  <\/a><\/p>\n","protected":false},"excerpt":{"rendered":"<p>O ano de 2026 deve ser marcado por uma s\u00e9rie de acontecimentos pol\u00edticos, econ\u00f4micos e sociais no Brasil e no mundo. Elei\u00e7\u00f5es em Israel, mudan\u00e7as econ\u00f4micas, eventos clim\u00e1ticos e a Copa 2026 est\u00e3o entre os temas que devem ganhar destaque e influenciar a agenda p\u00fablica ao longo do ano. 1- Volta de astronautas \u00e0 Lua&#8230;<\/p>\n","protected":false},"author":2,"featured_media":25482,"comment_status":"open","ping_status":"open","sticky":false,"template":"","format":"standard","meta":{"footnotes":""},"categories":[2],"tags":[],"class_list":["post-25481","post","type-post","status-publish","format-standard","has-post-thumbnail","hentry","category-decor"],"yoast_head":"<!-- This site is optimized with the Yoast SEO plugin v27.3 - https:\/\/yoast.com\/product\/yoast-seo-wordpress\/ -->\n<title>Copa, mudan\u00e7as clim\u00e1ticas e Gaza: cinco temas para ficar de olho em 2026 -<\/title>\n<meta name=\"robots\" content=\"index, follow, max-snippet:-1, max-image-preview:large, max-video-preview:-1\" \/>\n<link rel=\"canonical\" href=\"https:\/\/oficialnoticias.com\/?p=25481\" \/>\n<meta property=\"og:locale\" content=\"pt_BR\" \/>\n<meta property=\"og:type\" content=\"article\" \/>\n<meta property=\"og:title\" content=\"Copa, mudan\u00e7as clim\u00e1ticas e Gaza: cinco temas para ficar de olho em 2026 -\" \/>\n<meta property=\"og:description\" content=\"O ano de 2026 deve ser marcado por uma s\u00e9rie de acontecimentos pol\u00edticos, econ\u00f4micos e sociais no Brasil e no mundo. Elei\u00e7\u00f5es em Israel, mudan\u00e7as econ\u00f4micas, eventos clim\u00e1ticos e a Copa 2026 est\u00e3o entre os temas que devem ganhar destaque e influenciar a agenda p\u00fablica ao longo do ano. 1- Volta de astronautas \u00e0 Lua...\" \/>\n<meta property=\"og:url\" content=\"https:\/\/oficialnoticias.com\/?p=25481\" \/>\n<meta property=\"article:published_time\" content=\"2025-11-30T13:34:12+00:00\" \/>\n<meta property=\"article:modified_time\" content=\"2025-11-30T13:34:13+00:00\" \/>\n<meta property=\"og:image\" content=\"https:\/\/oficialnoticias.com\/wp-content\/uploads\/2025\/11\/1764509653_urlhttps3A2F2Fk2-prod-radio-itatiaia.s3.us-east-1.amazonaws.com2Fbrightspot2F3d2Fd82Fbefab4.webp\" \/>\n\t<meta property=\"og:image:width\" content=\"1200\" \/>\n\t<meta property=\"og:image:height\" content=\"630\" \/>\n\t<meta property=\"og:image:type\" content=\"image\/webp\" \/>\n<meta name=\"author\" content=\"Luana Gon\u00e7alves\" \/>\n<meta name=\"twitter:card\" content=\"summary_large_image\" \/>\n<meta name=\"twitter:label1\" content=\"Escrito por\" \/>\n\t<meta name=\"twitter:data1\" content=\"Luana Gon\u00e7alves\" \/>\n\t<meta name=\"twitter:label2\" content=\"Est. tempo de leitura\" \/>\n\t<meta name=\"twitter:data2\" content=\"3 minutos\" \/>\n<script type=\"application\/ld+json\" class=\"yoast-schema-graph\">{\"@context\":\"https:\\\/\\\/schema.org\",\"@graph\":[{\"@type\":\"Article\",\"@id\":\"https:\\\/\\\/oficialnoticias.com\\\/?p=25481#article\",\"isPartOf\":{\"@id\":\"https:\\\/\\\/oficialnoticias.com\\\/?p=25481\"},\"author\":{\"name\":\"Luana Gon\u00e7alves\",\"@id\":\"https:\\\/\\\/oficialnoticias.com\\\/#\\\/schema\\\/person\\\/2d1dcbb6bfbc28d68171b4dc04723d4a\"},\"headline\":\"Copa, mudan\u00e7as clim\u00e1ticas e Gaza: cinco temas para ficar de olho em 2026\",\"datePublished\":\"2025-11-30T13:34:12+00:00\",\"dateModified\":\"2025-11-30T13:34:13+00:00\",\"mainEntityOfPage\":{\"@id\":\"https:\\\/\\\/oficialnoticias.com\\\/?p=25481\"},\"wordCount\":577,\"commentCount\":0,\"publisher\":{\"@id\":\"https:\\\/\\\/oficialnoticias.com\\\/#organization\"},\"image\":{\"@id\":\"https:\\\/\\\/oficialnoticias.com\\\/?p=25481#primaryimage\"},\"thumbnailUrl\":\"https:\\\/\\\/oficialnoticias.com\\\/wp-content\\\/uploads\\\/2025\\\/11\\\/1764509653_urlhttps3A2F2Fk2-prod-radio-itatiaia.s3.us-east-1.amazonaws.com2Fbrightspot2F3d2Fd82Fbefab4.webp\",\"articleSection\":[\"Mundo\"],\"inLanguage\":\"pt-BR\",\"potentialAction\":[{\"@type\":\"CommentAction\",\"name\":\"Comment\",\"target\":[\"https:\\\/\\\/oficialnoticias.com\\\/?p=25481#respond\"]}]},{\"@type\":\"WebPage\",\"@id\":\"https:\\\/\\\/oficialnoticias.com\\\/?p=25481\",\"url\":\"https:\\\/\\\/oficialnoticias.com\\\/?p=25481\",\"name\":\"Copa, mudan\u00e7as clim\u00e1ticas e Gaza: cinco temas para ficar de olho em 2026 -\",\"isPartOf\":{\"@id\":\"https:\\\/\\\/oficialnoticias.com\\\/#website\"},\"primaryImageOfPage\":{\"@id\":\"https:\\\/\\\/oficialnoticias.com\\\/?p=25481#primaryimage\"},\"image\":{\"@id\":\"https:\\\/\\\/oficialnoticias.com\\\/?p=25481#primaryimage\"},\"thumbnailUrl\":\"https:\\\/\\\/oficialnoticias.com\\\/wp-content\\\/uploads\\\/2025\\\/11\\\/1764509653_urlhttps3A2F2Fk2-prod-radio-itatiaia.s3.us-east-1.amazonaws.com2Fbrightspot2F3d2Fd82Fbefab4.webp\",\"datePublished\":\"2025-11-30T13:34:12+00:00\",\"dateModified\":\"2025-11-30T13:34:13+00:00\",\"breadcrumb\":{\"@id\":\"https:\\\/\\\/oficialnoticias.com\\\/?p=25481#breadcrumb\"},\"inLanguage\":\"pt-BR\",\"potentialAction\":[{\"@type\":\"ReadAction\",\"target\":[\"https:\\\/\\\/oficialnoticias.com\\\/?p=25481\"]}]},{\"@type\":\"ImageObject\",\"inLanguage\":\"pt-BR\",\"@id\":\"https:\\\/\\\/oficialnoticias.com\\\/?p=25481#primaryimage\",\"url\":\"https:\\\/\\\/oficialnoticias.com\\\/wp-content\\\/uploads\\\/2025\\\/11\\\/1764509653_urlhttps3A2F2Fk2-prod-radio-itatiaia.s3.us-east-1.amazonaws.com2Fbrightspot2F3d2Fd82Fbefab4.webp\",\"contentUrl\":\"https:\\\/\\\/oficialnoticias.com\\\/wp-content\\\/uploads\\\/2025\\\/11\\\/1764509653_urlhttps3A2F2Fk2-prod-radio-itatiaia.s3.us-east-1.amazonaws.com2Fbrightspot2F3d2Fd82Fbefab4.webp\",\"width\":1200,\"height\":630},{\"@type\":\"BreadcrumbList\",\"@id\":\"https:\\\/\\\/oficialnoticias.com\\\/?p=25481#breadcrumb\",\"itemListElement\":[{\"@type\":\"ListItem\",\"position\":1,\"name\":\"In\u00edcio\",\"item\":\"https:\\\/\\\/oficialnoticias.com\\\/\"},{\"@type\":\"ListItem\",\"position\":2,\"name\":\"Copa, mudan\u00e7as clim\u00e1ticas e Gaza: cinco temas para ficar de olho em 2026\"}]},{\"@type\":\"WebSite\",\"@id\":\"https:\\\/\\\/oficialnoticias.com\\\/#website\",\"url\":\"https:\\\/\\\/oficialnoticias.com\\\/\",\"name\":\"oficial Noticias\",\"description\":\"\",\"publisher\":{\"@id\":\"https:\\\/\\\/oficialnoticias.com\\\/#organization\"},\"potentialAction\":[{\"@type\":\"SearchAction\",\"target\":{\"@type\":\"EntryPoint\",\"urlTemplate\":\"https:\\\/\\\/oficialnoticias.com\\\/?s={search_term_string}\"},\"query-input\":{\"@type\":\"PropertyValueSpecification\",\"valueRequired\":true,\"valueName\":\"search_term_string\"}}],\"inLanguage\":\"pt-BR\"},{\"@type\":\"Organization\",\"@id\":\"https:\\\/\\\/oficialnoticias.com\\\/#organization\",\"name\":\"oficial noticias\",\"url\":\"https:\\\/\\\/oficialnoticias.com\\\/\",\"logo\":{\"@type\":\"ImageObject\",\"inLanguage\":\"pt-BR\",\"@id\":\"https:\\\/\\\/oficialnoticias.com\\\/#\\\/schema\\\/logo\\\/image\\\/\",\"url\":\"https:\\\/\\\/oficialnoticias.com\\\/wp-content\\\/uploads\\\/2025\\\/08\\\/cropped-cropped-cropped-Logo-Noticias-e1753639739829.png\",\"contentUrl\":\"https:\\\/\\\/oficialnoticias.com\\\/wp-content\\\/uploads\\\/2025\\\/08\\\/cropped-cropped-cropped-Logo-Noticias-e1753639739829.png\",\"width\":119,\"height\":86,\"caption\":\"oficial noticias\"},\"image\":{\"@id\":\"https:\\\/\\\/oficialnoticias.com\\\/#\\\/schema\\\/logo\\\/image\\\/\"}},{\"@type\":\"Person\",\"@id\":\"https:\\\/\\\/oficialnoticias.com\\\/#\\\/schema\\\/person\\\/2d1dcbb6bfbc28d68171b4dc04723d4a\",\"name\":\"Luana Gon\u00e7alves\",\"image\":{\"@type\":\"ImageObject\",\"inLanguage\":\"pt-BR\",\"@id\":\"https:\\\/\\\/secure.gravatar.com\\\/avatar\\\/7aa6afdef873224c1a0265951f3fdfc0679f65dfbd15f018612595d323c52521?s=96&d=mm&r=g\",\"url\":\"https:\\\/\\\/secure.gravatar.com\\\/avatar\\\/7aa6afdef873224c1a0265951f3fdfc0679f65dfbd15f018612595d323c52521?s=96&d=mm&r=g\",\"contentUrl\":\"https:\\\/\\\/secure.gravatar.com\\\/avatar\\\/7aa6afdef873224c1a0265951f3fdfc0679f65dfbd15f018612595d323c52521?s=96&d=mm&r=g\",\"caption\":\"Luana Gon\u00e7alves\"},\"sameAs\":[\"https:\\\/\\\/oficialnoticias.com\\\/\"],\"url\":\"https:\\\/\\\/oficialnoticias.com\\\/?author=2\"}]}<\/script>\n<!-- \/ Yoast SEO plugin. -->","yoast_head_json":{"title":"Copa, mudan\u00e7as clim\u00e1ticas e Gaza: cinco temas para ficar de olho em 2026 -","robots":{"index":"index","follow":"follow","max-snippet":"max-snippet:-1","max-image-preview":"max-image-preview:large","max-video-preview":"max-video-preview:-1"},"canonical":"https:\/\/oficialnoticias.com\/?p=25481","og_locale":"pt_BR","og_type":"article","og_title":"Copa, mudan\u00e7as clim\u00e1ticas e Gaza: cinco temas para ficar de olho em 2026 -","og_description":"O ano de 2026 deve ser marcado por uma s\u00e9rie de acontecimentos pol\u00edticos, econ\u00f4micos e sociais no Brasil e no mundo. Elei\u00e7\u00f5es em Israel, mudan\u00e7as econ\u00f4micas, eventos clim\u00e1ticos e a Copa 2026 est\u00e3o entre os temas que devem ganhar destaque e influenciar a agenda p\u00fablica ao longo do ano. 1- Volta de astronautas \u00e0 Lua...","og_url":"https:\/\/oficialnoticias.com\/?p=25481","article_published_time":"2025-11-30T13:34:12+00:00","article_modified_time":"2025-11-30T13:34:13+00:00","og_image":[{"width":1200,"height":630,"url":"https:\/\/oficialnoticias.com\/wp-content\/uploads\/2025\/11\/1764509653_urlhttps3A2F2Fk2-prod-radio-itatiaia.s3.us-east-1.amazonaws.com2Fbrightspot2F3d2Fd82Fbefab4.webp","type":"image\/webp"}],"author":"Luana Gon\u00e7alves","twitter_card":"summary_large_image","twitter_misc":{"Escrito por":"Luana Gon\u00e7alves","Est. tempo de leitura":"3 minutos"},"schema":{"@context":"https:\/\/schema.org","@graph":[{"@type":"Article","@id":"https:\/\/oficialnoticias.com\/?p=25481#article","isPartOf":{"@id":"https:\/\/oficialnoticias.com\/?p=25481"},"author":{"name":"Luana Gon\u00e7alves","@id":"https:\/\/oficialnoticias.com\/#\/schema\/person\/2d1dcbb6bfbc28d68171b4dc04723d4a"},"headline":"Copa, mudan\u00e7as clim\u00e1ticas e Gaza: cinco temas para ficar de olho em 2026","datePublished":"2025-11-30T13:34:12+00:00","dateModified":"2025-11-30T13:34:13+00:00","mainEntityOfPage":{"@id":"https:\/\/oficialnoticias.com\/?p=25481"},"wordCount":577,"commentCount":0,"publisher":{"@id":"https:\/\/oficialnoticias.com\/#organization"},"image":{"@id":"https:\/\/oficialnoticias.com\/?p=25481#primaryimage"},"thumbnailUrl":"https:\/\/oficialnoticias.com\/wp-content\/uploads\/2025\/11\/1764509653_urlhttps3A2F2Fk2-prod-radio-itatiaia.s3.us-east-1.amazonaws.com2Fbrightspot2F3d2Fd82Fbefab4.webp","articleSection":["Mundo"],"inLanguage":"pt-BR","potentialAction":[{"@type":"CommentAction","name":"Comment","target":["https:\/\/oficialnoticias.com\/?p=25481#respond"]}]},{"@type":"WebPage","@id":"https:\/\/oficialnoticias.com\/?p=25481","url":"https:\/\/oficialnoticias.com\/?p=25481","name":"Copa, mudan\u00e7as clim\u00e1ticas e Gaza: cinco temas para ficar de olho em 2026 -","isPartOf":{"@id":"https:\/\/oficialnoticias.com\/#website"},"primaryImageOfPage":{"@id":"https:\/\/oficialnoticias.com\/?p=25481#primaryimage"},"image":{"@id":"https:\/\/oficialnoticias.com\/?p=25481#primaryimage"},"thumbnailUrl":"https:\/\/oficialnoticias.com\/wp-content\/uploads\/2025\/11\/1764509653_urlhttps3A2F2Fk2-prod-radio-itatiaia.s3.us-east-1.amazonaws.com2Fbrightspot2F3d2Fd82Fbefab4.webp","datePublished":"2025-11-30T13:34:12+00:00","dateModified":"2025-11-30T13:34:13+00:00","breadcrumb":{"@id":"https:\/\/oficialnoticias.com\/?p=25481#breadcrumb"},"inLanguage":"pt-BR","potentialAction":[{"@type":"ReadAction","target":["https:\/\/oficialnoticias.com\/?p=25481"]}]},{"@type":"ImageObject","inLanguage":"pt-BR","@id":"https:\/\/oficialnoticias.com\/?p=25481#primaryimage","url":"https:\/\/oficialnoticias.com\/wp-content\/uploads\/2025\/11\/1764509653_urlhttps3A2F2Fk2-prod-radio-itatiaia.s3.us-east-1.amazonaws.com2Fbrightspot2F3d2Fd82Fbefab4.webp","contentUrl":"https:\/\/oficialnoticias.com\/wp-content\/uploads\/2025\/11\/1764509653_urlhttps3A2F2Fk2-prod-radio-itatiaia.s3.us-east-1.amazonaws.com2Fbrightspot2F3d2Fd82Fbefab4.webp","width":1200,"height":630},{"@type":"BreadcrumbList","@id":"https:\/\/oficialnoticias.com\/?p=25481#breadcrumb","itemListElement":[{"@type":"ListItem","position":1,"name":"In\u00edcio","item":"https:\/\/oficialnoticias.com\/"},{"@type":"ListItem","position":2,"name":"Copa, mudan\u00e7as clim\u00e1ticas e Gaza: cinco temas para ficar de olho em 2026"}]},{"@type":"WebSite","@id":"https:\/\/oficialnoticias.com\/#website","url":"https:\/\/oficialnoticias.com\/","name":"oficial Noticias","description":"","publisher":{"@id":"https:\/\/oficialnoticias.com\/#organization"},"potentialAction":[{"@type":"SearchAction","target":{"@type":"EntryPoint","urlTemplate":"https:\/\/oficialnoticias.com\/?s={search_term_string}"},"query-input":{"@type":"PropertyValueSpecification","valueRequired":true,"valueName":"search_term_string"}}],"inLanguage":"pt-BR"},{"@type":"Organization","@id":"https:\/\/oficialnoticias.com\/#organization","name":"oficial noticias","url":"https:\/\/oficialnoticias.com\/","logo":{"@type":"ImageObject","inLanguage":"pt-BR","@id":"https:\/\/oficialnoticias.com\/#\/schema\/logo\/image\/","url":"https:\/\/oficialnoticias.com\/wp-content\/uploads\/2025\/08\/cropped-cropped-cropped-Logo-Noticias-e1753639739829.png","contentUrl":"https:\/\/oficialnoticias.com\/wp-content\/uploads\/2025\/08\/cropped-cropped-cropped-Logo-Noticias-e1753639739829.png","width":119,"height":86,"caption":"oficial noticias"},"image":{"@id":"https:\/\/oficialnoticias.com\/#\/schema\/logo\/image\/"}},{"@type":"Person","@id":"https:\/\/oficialnoticias.com\/#\/schema\/person\/2d1dcbb6bfbc28d68171b4dc04723d4a","name":"Luana Gon\u00e7alves","image":{"@type":"ImageObject","inLanguage":"pt-BR","@id":"https:\/\/secure.gravatar.com\/avatar\/7aa6afdef873224c1a0265951f3fdfc0679f65dfbd15f018612595d323c52521?s=96&d=mm&r=g","url":"https:\/\/secure.gravatar.com\/avatar\/7aa6afdef873224c1a0265951f3fdfc0679f65dfbd15f018612595d323c52521?s=96&d=mm&r=g","contentUrl":"https:\/\/secure.gravatar.com\/avatar\/7aa6afdef873224c1a0265951f3fdfc0679f65dfbd15f018612595d323c52521?s=96&d=mm&r=g","caption":"Luana Gon\u00e7alves"},"sameAs":["https:\/\/oficialnoticias.com\/"],"url":"https:\/\/oficialnoticias.com\/?author=2"}]}},"_links":{"self":[{"href":"https:\/\/oficialnoticias.com\/index.php?rest_route=\/wp\/v2\/posts\/25481","targetHints":{"allow":["GET"]}}],"collection":[{"href":"https:\/\/oficialnoticias.com\/index.php?rest_route=\/wp\/v2\/posts"}],"about":[{"href":"https:\/\/oficialnoticias.com\/index.php?rest_route=\/wp\/v2\/types\/post"}],"author":[{"embeddable":true,"href":"https:\/\/oficialnoticias.com\/index.php?rest_route=\/wp\/v2\/users\/2"}],"replies":[{"embeddable":true,"href":"https:\/\/oficialnoticias.com\/index.php?rest_route=%2Fwp%2Fv2%2Fcomments&post=25481"}],"version-history":[{"count":1,"href":"https:\/\/oficialnoticias.com\/index.php?rest_route=\/wp\/v2\/posts\/25481\/revisions"}],"predecessor-version":[{"id":25483,"href":"https:\/\/oficialnoticias.com\/index.php?rest_route=\/wp\/v2\/posts\/25481\/revisions\/25483"}],"wp:featuredmedia":[{"embeddable":true,"href":"https:\/\/oficialnoticias.com\/index.php?rest_route=\/wp\/v2\/media\/25482"}],"wp:attachment":[{"href":"https:\/\/oficialnoticias.com\/index.php?rest_route=%2Fwp%2Fv2%2Fmedia&parent=25481"}],"wp:term":[{"taxonomy":"category","embeddable":true,"href":"https:\/\/oficialnoticias.com\/index.php?rest_route=%2Fwp%2Fv2%2Fcategories&post=25481"},{"taxonomy":"post_tag","embeddable":true,"href":"https:\/\/oficialnoticias.com\/index.php?rest_route=%2Fwp%2Fv2%2Ftags&post=25481"}],"curies":[{"name":"wp","href":"https:\/\/api.w.org\/{rel}","templated":true}]}}