{"id":24040,"date":"2025-11-21T00:34:55","date_gmt":"2025-11-21T03:34:55","guid":{"rendered":"https:\/\/oficialnoticias.com\/?p=24040"},"modified":"2025-11-21T00:34:57","modified_gmt":"2025-11-21T03:34:57","slug":"itamaraty-se-manifesta-sobre-decisao-de-trump-de-retirar-tarifa-de-40-leia","status":"publish","type":"post","link":"https:\/\/oficialnoticias.com\/?p=24040","title":{"rendered":"Itamaraty se manifesta sobre decis\u00e3o de Trump de retirar tarifa de 40%; leia"},"content":{"rendered":"<p><\/p>\n<div>\n<p>O Itamaraty (Minist\u00e9rio das Rela\u00e7\u00f5es Exteriores) afirmou ter recebido \u201ccom satisfa\u00e7\u00e3o\u201d a <bsp-link-enhancement><br \/>\n    <span class=\"LinkEnhancement\"><a class=\"Link\" href=\"https:\/\/www.itatiaia.com.br\/economia\/trump-retira-tarifas-de-40-sobre-alguns-produtos-brasileiros\" title=\"&lt;b&gt;decis\u00e3o do presidente dos Estados Unidos&lt;\/b&gt;\"><b>decis\u00e3o do presidente dos Estados Unidos<\/b><\/a><\/span><\/bsp-link-enhancement>, Donald Trump, de revogar a tarifa adicional de 40% sobre produtos agropecu\u00e1rios importados do Brasil. O decreto que encerra a cobran\u00e7a sobre caf\u00e9, carne e v\u00e1rias frutas foi assinado nesta quinta-feira (20).<\/p>\n<p>\u201cO governo brasileiro reitera sua disposi\u00e7\u00e3o de continuar o di\u00e1logo como meio de solucionar quest\u00f5es entre os dois pa\u00edses, em linha com a tradi\u00e7\u00e3o de 201 anos de excelentes rela\u00e7\u00f5es diplom\u00e1ticas\u201d, disse em nota. Ainda de acordo com o posicionamento, as negocia\u00e7\u00f5es seguir\u00e3o at\u00e9 a \u201cretirada das tarifas adicionais sobre o restante da pauta de com\u00e9rcio bilateral\u201d.<\/p>\n<h2><b>Decis\u00e3o de Trump<\/b><\/h2>\n<p>No <bsp-link-enhancement><br \/>\n    <span class=\"LinkEnhancement\"><a class=\"Link\" href=\"https:\/\/www.itatiaia.com.br\/economia\/leia-na-integra-o-comunicado-sobre-a-reducao-de-tarifas-dos-eua-sobre-produtos-do-brasil\" title=\"&lt;b&gt;comunicado divulgado pela Casa Branca&lt;\/b&gt;\"><b>comunicado divulgado pela Casa Branca<\/b><\/a><\/span><\/bsp-link-enhancement>, Donald Trump citou a liga\u00e7\u00e3o que teve com o presidente Luiz In\u00e1cio Lula da Silva (PT), em outubro, como um dos motivos que o levaram a acabar com o tarifa\u00e7o sobre alguns produtos do agroneg\u00f3cio brasileiro. A negocia\u00e7\u00e3o \u00e9 um dos pontos de destaque da nota divulgada pelo Itamaraty.<\/p>\n<p>\u201cO enunciado da Ordem Executiva que implementa a medida faz men\u00e7\u00e3o \u00e0 <bsp-link-enhancement><br \/>\n    <span class=\"LinkEnhancement\"><a class=\"Link\" href=\"https:\/\/www.itatiaia.com.br\/economia\/trump-cita-ligacao-com-lula-para-justificar-fim-do-tarifaco\" title=\"&lt;b&gt;conversa telef\u00f4nica do presidente Lula com o presidente Trump&lt;\/b&gt;\"><b>conversa telef\u00f4nica do presidente Lula com o presidente Trump<\/b><\/a><\/span><\/bsp-link-enhancement> em 6 de outubro, quando decidiram iniciar as negocia\u00e7\u00f5es sobre as tarifas\u201d, destacou a pasta.<\/p>\n<p>O comunicado brasileiro tamb\u00e9m refor\u00e7a a orienta\u00e7\u00e3o recebida por Trump para n\u00e3o taxar alguns produtos brasileiros. O presidente dos EUA citou a recomenda\u00e7\u00e3o ao justificar o fim das tarifas adicionais.<\/p>\n<p>\u201cAcrescenta que o presidente Trump recebeu recomenda\u00e7\u00f5es de altos funcion\u00e1rios de seu governo de que certas importa\u00e7\u00f5es agr\u00edcolas do Brasil n\u00e3o deveriam mais estar sujeitas \u00e0 tarifa de 40%, em fun\u00e7\u00e3o do avan\u00e7o inicial das negocia\u00e7\u00f5es com o governo brasileiro\u201d, citou o Itamaraty.<\/p>\n<h2><b>Decis\u00e3o<\/b><\/h2>\n<p>A decis\u00e3o de Donald Trump \u00e9 retroativa a 13 de novembro, data que coincide com o dia da \u00faltima reuni\u00e3o entre o ministro Mauro Vieira e o secret\u00e1rio de Estado Marco Rubio, em Washington. Na ocasi\u00e3o, foram debatidos meios \u201cde avan\u00e7ar nas tratativas bilaterais para a redu\u00e7\u00e3o das tarifas sobre os produtos.<\/p>\n<h2>Leia o comunicado do Itamaraty na \u00edntegra<\/h2>\n<p><i>\u201cO governo brasileiro recebeu hoje (20\/11), com satisfa\u00e7\u00e3o, a decis\u00e3o do governo dos Estados Unidos de revogar a tarifa adicional de 40% para uma s\u00e9rie de produtos agropecu\u00e1rios importados do Brasil.<\/i><\/p>\n<p><i>Estar\u00e3o isentos de tarifa v\u00e1rios tipos de carne, caf\u00e9 e v\u00e1rias frutas (como, por exemplo, manga, coco, a\u00e7a\u00ed, abacaxi).<\/i><\/p>\n<p><i>O enunciado da Ordem Executiva que implementa a medida faz men\u00e7\u00e3o \u00e0 conversa telef\u00f4nica do Presidente Lula com o Presidente Trump em 6 de outubro, quando decidiram iniciar as negocia\u00e7\u00f5es sobre as tarifas.<\/i><\/p>\n<p><i>Acrescenta que o Presidente Trump recebeu recomenda\u00e7\u00f5es de altos funcion\u00e1rios do seu governo de que certas importa\u00e7\u00f5es agr\u00edcolas do Brasil n\u00e3o deveriam estar mais sujeitas \u00e0 tarifa de 40% em fun\u00e7\u00e3o do \u201cavan\u00e7o inicial das negocia\u00e7\u00f5es\u201d com o governo brasileiro.<\/i><\/p>\n<p><i>A medida \u00e9 retroativa a 13 de novembro, data que coincide com o dia da \u00faltima reuni\u00e3o entre o Ministro Mauro Vieira e o Secret\u00e1rio de Estado Marco Rubio em Washington, na qual se discutiram meios de avan\u00e7ar nas tratativas bilaterais para a redu\u00e7\u00e3o das tarifas sobre os produtos brasileiros.<\/i><\/p>\n<p><i>O governo brasileiro reitera sua disposi\u00e7\u00e3o para continuar o di\u00e1logo como meio de solucionar quest\u00f5es entre os dois pa\u00edses, em linha com a tradi\u00e7\u00e3o de 201 anos de excelentes rela\u00e7\u00f5es diplom\u00e1ticas.<\/i><\/p>\n<p><i>O Brasil seguir\u00e1 mantendo negocia\u00e7\u00f5es com os EUA com vistas \u00e0 retirada das tarifas adicionais sobre o restante da pauta de com\u00e9rcio bilateral.\u201d<\/i><\/p>\n<p><bsp-list-loadmore class=\"PageListStandardG\" data-module=\"\" data-show-loadmore=\"true\" data-list-title-size=\"3\" data-list-description-size=\"3\"><\/p>\n<p>    <a class=\"AnchorLink\" title=\"leia-tambem\" name=\"leia-tambem\"\/><\/p>\n<p><\/bsp-list-loadmore><\/p><\/div>\n<p><script>\n  window.fbAsyncInit = function() {\n      FB.init({\n              appId : '1447052969554341',\n          xfbml : true,\n          version : 'v2.9'\n      });\n  };\n  (function(d, s, id){\n     var js, fjs = d.getElementsByTagName(s)[0];\n     if (d.getElementById(id)) {return;}\n     js = d.createElement(s); js.id = id;\n     js.src = \"https:\/\/connect.facebook.net\/en_US\/sdk.js\";\n     fjs.parentNode.insertBefore(js, fjs);\n   }(document, 'script', 'facebook-jssdk'));\n<\/script><\/p>\n","protected":false},"excerpt":{"rendered":"<p>O Itamaraty (Minist\u00e9rio das Rela\u00e7\u00f5es Exteriores) afirmou ter recebido \u201ccom satisfa\u00e7\u00e3o\u201d a decis\u00e3o do presidente dos Estados Unidos, Donald Trump, de revogar a tarifa adicional de 40% sobre produtos agropecu\u00e1rios importados do Brasil. O decreto que encerra a cobran\u00e7a sobre caf\u00e9, carne e v\u00e1rias frutas foi assinado nesta quinta-feira (20). \u201cO governo brasileiro reitera sua&#8230;<\/p>\n","protected":false},"author":2,"featured_media":24041,"comment_status":"open","ping_status":"open","sticky":false,"template":"","format":"standard","meta":{"footnotes":""},"categories":[25],"tags":[],"class_list":["post-24040","post","type-post","status-publish","format-standard","has-post-thumbnail","hentry","category-economia"],"yoast_head":"<!-- This site is optimized with the Yoast SEO plugin v27.3 - https:\/\/yoast.com\/product\/yoast-seo-wordpress\/ -->\n<title>Itamaraty se manifesta sobre decis\u00e3o de Trump de retirar tarifa de 40%; leia -<\/title>\n<meta name=\"robots\" content=\"index, follow, max-snippet:-1, max-image-preview:large, max-video-preview:-1\" \/>\n<link rel=\"canonical\" href=\"https:\/\/oficialnoticias.com\/?p=24040\" \/>\n<meta property=\"og:locale\" content=\"pt_BR\" \/>\n<meta property=\"og:type\" content=\"article\" \/>\n<meta property=\"og:title\" content=\"Itamaraty se manifesta sobre decis\u00e3o de Trump de retirar tarifa de 40%; leia -\" \/>\n<meta property=\"og:description\" content=\"O Itamaraty (Minist\u00e9rio das Rela\u00e7\u00f5es Exteriores) afirmou ter recebido \u201ccom satisfa\u00e7\u00e3o\u201d a decis\u00e3o do presidente dos Estados Unidos, Donald Trump, de revogar a tarifa adicional de 40% sobre produtos agropecu\u00e1rios importados do Brasil. O decreto que encerra a cobran\u00e7a sobre caf\u00e9, carne e v\u00e1rias frutas foi assinado nesta quinta-feira (20). \u201cO governo brasileiro reitera sua...\" \/>\n<meta property=\"og:url\" content=\"https:\/\/oficialnoticias.com\/?p=24040\" \/>\n<meta property=\"article:published_time\" content=\"2025-11-21T03:34:55+00:00\" \/>\n<meta property=\"article:modified_time\" content=\"2025-11-21T03:34:57+00:00\" \/>\n<meta property=\"og:image\" content=\"https:\/\/oficialnoticias.com\/wp-content\/uploads\/2025\/11\/urlhttps3A2F2Fk2-prod-radio-itatiaia.s3.us-east-1.amazonaws.com2Fbrightspot2F922F262Ff41dc4.webp\" \/>\n\t<meta property=\"og:image:width\" content=\"1200\" \/>\n\t<meta property=\"og:image:height\" content=\"630\" \/>\n\t<meta property=\"og:image:type\" content=\"image\/webp\" \/>\n<meta name=\"author\" content=\"Luana Gon\u00e7alves\" \/>\n<meta name=\"twitter:card\" content=\"summary_large_image\" \/>\n<meta name=\"twitter:label1\" content=\"Escrito por\" \/>\n\t<meta name=\"twitter:data1\" content=\"Luana Gon\u00e7alves\" \/>\n\t<meta name=\"twitter:label2\" content=\"Est. tempo de leitura\" \/>\n\t<meta name=\"twitter:data2\" content=\"3 minutos\" \/>\n<script type=\"application\/ld+json\" class=\"yoast-schema-graph\">{\"@context\":\"https:\\\/\\\/schema.org\",\"@graph\":[{\"@type\":\"Article\",\"@id\":\"https:\\\/\\\/oficialnoticias.com\\\/?p=24040#article\",\"isPartOf\":{\"@id\":\"https:\\\/\\\/oficialnoticias.com\\\/?p=24040\"},\"author\":{\"name\":\"Luana Gon\u00e7alves\",\"@id\":\"https:\\\/\\\/oficialnoticias.com\\\/#\\\/schema\\\/person\\\/2d1dcbb6bfbc28d68171b4dc04723d4a\"},\"headline\":\"Itamaraty se manifesta sobre decis\u00e3o de Trump de retirar tarifa de 40%; leia\",\"datePublished\":\"2025-11-21T03:34:55+00:00\",\"dateModified\":\"2025-11-21T03:34:57+00:00\",\"mainEntityOfPage\":{\"@id\":\"https:\\\/\\\/oficialnoticias.com\\\/?p=24040\"},\"wordCount\":632,\"commentCount\":0,\"publisher\":{\"@id\":\"https:\\\/\\\/oficialnoticias.com\\\/#organization\"},\"image\":{\"@id\":\"https:\\\/\\\/oficialnoticias.com\\\/?p=24040#primaryimage\"},\"thumbnailUrl\":\"https:\\\/\\\/oficialnoticias.com\\\/wp-content\\\/uploads\\\/2025\\\/11\\\/urlhttps3A2F2Fk2-prod-radio-itatiaia.s3.us-east-1.amazonaws.com2Fbrightspot2F922F262Ff41dc4.webp\",\"articleSection\":[\"Economia\"],\"inLanguage\":\"pt-BR\",\"potentialAction\":[{\"@type\":\"CommentAction\",\"name\":\"Comment\",\"target\":[\"https:\\\/\\\/oficialnoticias.com\\\/?p=24040#respond\"]}]},{\"@type\":\"WebPage\",\"@id\":\"https:\\\/\\\/oficialnoticias.com\\\/?p=24040\",\"url\":\"https:\\\/\\\/oficialnoticias.com\\\/?p=24040\",\"name\":\"Itamaraty se manifesta sobre decis\u00e3o de Trump de retirar tarifa de 40%; leia -\",\"isPartOf\":{\"@id\":\"https:\\\/\\\/oficialnoticias.com\\\/#website\"},\"primaryImageOfPage\":{\"@id\":\"https:\\\/\\\/oficialnoticias.com\\\/?p=24040#primaryimage\"},\"image\":{\"@id\":\"https:\\\/\\\/oficialnoticias.com\\\/?p=24040#primaryimage\"},\"thumbnailUrl\":\"https:\\\/\\\/oficialnoticias.com\\\/wp-content\\\/uploads\\\/2025\\\/11\\\/urlhttps3A2F2Fk2-prod-radio-itatiaia.s3.us-east-1.amazonaws.com2Fbrightspot2F922F262Ff41dc4.webp\",\"datePublished\":\"2025-11-21T03:34:55+00:00\",\"dateModified\":\"2025-11-21T03:34:57+00:00\",\"breadcrumb\":{\"@id\":\"https:\\\/\\\/oficialnoticias.com\\\/?p=24040#breadcrumb\"},\"inLanguage\":\"pt-BR\",\"potentialAction\":[{\"@type\":\"ReadAction\",\"target\":[\"https:\\\/\\\/oficialnoticias.com\\\/?p=24040\"]}]},{\"@type\":\"ImageObject\",\"inLanguage\":\"pt-BR\",\"@id\":\"https:\\\/\\\/oficialnoticias.com\\\/?p=24040#primaryimage\",\"url\":\"https:\\\/\\\/oficialnoticias.com\\\/wp-content\\\/uploads\\\/2025\\\/11\\\/urlhttps3A2F2Fk2-prod-radio-itatiaia.s3.us-east-1.amazonaws.com2Fbrightspot2F922F262Ff41dc4.webp\",\"contentUrl\":\"https:\\\/\\\/oficialnoticias.com\\\/wp-content\\\/uploads\\\/2025\\\/11\\\/urlhttps3A2F2Fk2-prod-radio-itatiaia.s3.us-east-1.amazonaws.com2Fbrightspot2F922F262Ff41dc4.webp\",\"width\":1200,\"height\":630},{\"@type\":\"BreadcrumbList\",\"@id\":\"https:\\\/\\\/oficialnoticias.com\\\/?p=24040#breadcrumb\",\"itemListElement\":[{\"@type\":\"ListItem\",\"position\":1,\"name\":\"In\u00edcio\",\"item\":\"https:\\\/\\\/oficialnoticias.com\\\/\"},{\"@type\":\"ListItem\",\"position\":2,\"name\":\"Itamaraty se manifesta sobre decis\u00e3o de Trump de retirar tarifa de 40%; leia\"}]},{\"@type\":\"WebSite\",\"@id\":\"https:\\\/\\\/oficialnoticias.com\\\/#website\",\"url\":\"https:\\\/\\\/oficialnoticias.com\\\/\",\"name\":\"oficial Noticias\",\"description\":\"\",\"publisher\":{\"@id\":\"https:\\\/\\\/oficialnoticias.com\\\/#organization\"},\"potentialAction\":[{\"@type\":\"SearchAction\",\"target\":{\"@type\":\"EntryPoint\",\"urlTemplate\":\"https:\\\/\\\/oficialnoticias.com\\\/?s={search_term_string}\"},\"query-input\":{\"@type\":\"PropertyValueSpecification\",\"valueRequired\":true,\"valueName\":\"search_term_string\"}}],\"inLanguage\":\"pt-BR\"},{\"@type\":\"Organization\",\"@id\":\"https:\\\/\\\/oficialnoticias.com\\\/#organization\",\"name\":\"oficial noticias\",\"url\":\"https:\\\/\\\/oficialnoticias.com\\\/\",\"logo\":{\"@type\":\"ImageObject\",\"inLanguage\":\"pt-BR\",\"@id\":\"https:\\\/\\\/oficialnoticias.com\\\/#\\\/schema\\\/logo\\\/image\\\/\",\"url\":\"https:\\\/\\\/oficialnoticias.com\\\/wp-content\\\/uploads\\\/2025\\\/08\\\/cropped-cropped-cropped-Logo-Noticias-e1753639739829.png\",\"contentUrl\":\"https:\\\/\\\/oficialnoticias.com\\\/wp-content\\\/uploads\\\/2025\\\/08\\\/cropped-cropped-cropped-Logo-Noticias-e1753639739829.png\",\"width\":119,\"height\":86,\"caption\":\"oficial noticias\"},\"image\":{\"@id\":\"https:\\\/\\\/oficialnoticias.com\\\/#\\\/schema\\\/logo\\\/image\\\/\"}},{\"@type\":\"Person\",\"@id\":\"https:\\\/\\\/oficialnoticias.com\\\/#\\\/schema\\\/person\\\/2d1dcbb6bfbc28d68171b4dc04723d4a\",\"name\":\"Luana Gon\u00e7alves\",\"image\":{\"@type\":\"ImageObject\",\"inLanguage\":\"pt-BR\",\"@id\":\"https:\\\/\\\/secure.gravatar.com\\\/avatar\\\/7aa6afdef873224c1a0265951f3fdfc0679f65dfbd15f018612595d323c52521?s=96&d=mm&r=g\",\"url\":\"https:\\\/\\\/secure.gravatar.com\\\/avatar\\\/7aa6afdef873224c1a0265951f3fdfc0679f65dfbd15f018612595d323c52521?s=96&d=mm&r=g\",\"contentUrl\":\"https:\\\/\\\/secure.gravatar.com\\\/avatar\\\/7aa6afdef873224c1a0265951f3fdfc0679f65dfbd15f018612595d323c52521?s=96&d=mm&r=g\",\"caption\":\"Luana Gon\u00e7alves\"},\"sameAs\":[\"https:\\\/\\\/oficialnoticias.com\\\/\"],\"url\":\"https:\\\/\\\/oficialnoticias.com\\\/?author=2\"}]}<\/script>\n<!-- \/ Yoast SEO plugin. -->","yoast_head_json":{"title":"Itamaraty se manifesta sobre decis\u00e3o de Trump de retirar tarifa de 40%; leia -","robots":{"index":"index","follow":"follow","max-snippet":"max-snippet:-1","max-image-preview":"max-image-preview:large","max-video-preview":"max-video-preview:-1"},"canonical":"https:\/\/oficialnoticias.com\/?p=24040","og_locale":"pt_BR","og_type":"article","og_title":"Itamaraty se manifesta sobre decis\u00e3o de Trump de retirar tarifa de 40%; leia -","og_description":"O Itamaraty (Minist\u00e9rio das Rela\u00e7\u00f5es Exteriores) afirmou ter recebido \u201ccom satisfa\u00e7\u00e3o\u201d a decis\u00e3o do presidente dos Estados Unidos, Donald Trump, de revogar a tarifa adicional de 40% sobre produtos agropecu\u00e1rios importados do Brasil. O decreto que encerra a cobran\u00e7a sobre caf\u00e9, carne e v\u00e1rias frutas foi assinado nesta quinta-feira (20). \u201cO governo brasileiro reitera sua...","og_url":"https:\/\/oficialnoticias.com\/?p=24040","article_published_time":"2025-11-21T03:34:55+00:00","article_modified_time":"2025-11-21T03:34:57+00:00","og_image":[{"width":1200,"height":630,"url":"https:\/\/oficialnoticias.com\/wp-content\/uploads\/2025\/11\/urlhttps3A2F2Fk2-prod-radio-itatiaia.s3.us-east-1.amazonaws.com2Fbrightspot2F922F262Ff41dc4.webp","type":"image\/webp"}],"author":"Luana Gon\u00e7alves","twitter_card":"summary_large_image","twitter_misc":{"Escrito por":"Luana Gon\u00e7alves","Est. tempo de leitura":"3 minutos"},"schema":{"@context":"https:\/\/schema.org","@graph":[{"@type":"Article","@id":"https:\/\/oficialnoticias.com\/?p=24040#article","isPartOf":{"@id":"https:\/\/oficialnoticias.com\/?p=24040"},"author":{"name":"Luana Gon\u00e7alves","@id":"https:\/\/oficialnoticias.com\/#\/schema\/person\/2d1dcbb6bfbc28d68171b4dc04723d4a"},"headline":"Itamaraty se manifesta sobre decis\u00e3o de Trump de retirar tarifa de 40%; leia","datePublished":"2025-11-21T03:34:55+00:00","dateModified":"2025-11-21T03:34:57+00:00","mainEntityOfPage":{"@id":"https:\/\/oficialnoticias.com\/?p=24040"},"wordCount":632,"commentCount":0,"publisher":{"@id":"https:\/\/oficialnoticias.com\/#organization"},"image":{"@id":"https:\/\/oficialnoticias.com\/?p=24040#primaryimage"},"thumbnailUrl":"https:\/\/oficialnoticias.com\/wp-content\/uploads\/2025\/11\/urlhttps3A2F2Fk2-prod-radio-itatiaia.s3.us-east-1.amazonaws.com2Fbrightspot2F922F262Ff41dc4.webp","articleSection":["Economia"],"inLanguage":"pt-BR","potentialAction":[{"@type":"CommentAction","name":"Comment","target":["https:\/\/oficialnoticias.com\/?p=24040#respond"]}]},{"@type":"WebPage","@id":"https:\/\/oficialnoticias.com\/?p=24040","url":"https:\/\/oficialnoticias.com\/?p=24040","name":"Itamaraty se manifesta sobre decis\u00e3o de Trump de retirar tarifa de 40%; leia -","isPartOf":{"@id":"https:\/\/oficialnoticias.com\/#website"},"primaryImageOfPage":{"@id":"https:\/\/oficialnoticias.com\/?p=24040#primaryimage"},"image":{"@id":"https:\/\/oficialnoticias.com\/?p=24040#primaryimage"},"thumbnailUrl":"https:\/\/oficialnoticias.com\/wp-content\/uploads\/2025\/11\/urlhttps3A2F2Fk2-prod-radio-itatiaia.s3.us-east-1.amazonaws.com2Fbrightspot2F922F262Ff41dc4.webp","datePublished":"2025-11-21T03:34:55+00:00","dateModified":"2025-11-21T03:34:57+00:00","breadcrumb":{"@id":"https:\/\/oficialnoticias.com\/?p=24040#breadcrumb"},"inLanguage":"pt-BR","potentialAction":[{"@type":"ReadAction","target":["https:\/\/oficialnoticias.com\/?p=24040"]}]},{"@type":"ImageObject","inLanguage":"pt-BR","@id":"https:\/\/oficialnoticias.com\/?p=24040#primaryimage","url":"https:\/\/oficialnoticias.com\/wp-content\/uploads\/2025\/11\/urlhttps3A2F2Fk2-prod-radio-itatiaia.s3.us-east-1.amazonaws.com2Fbrightspot2F922F262Ff41dc4.webp","contentUrl":"https:\/\/oficialnoticias.com\/wp-content\/uploads\/2025\/11\/urlhttps3A2F2Fk2-prod-radio-itatiaia.s3.us-east-1.amazonaws.com2Fbrightspot2F922F262Ff41dc4.webp","width":1200,"height":630},{"@type":"BreadcrumbList","@id":"https:\/\/oficialnoticias.com\/?p=24040#breadcrumb","itemListElement":[{"@type":"ListItem","position":1,"name":"In\u00edcio","item":"https:\/\/oficialnoticias.com\/"},{"@type":"ListItem","position":2,"name":"Itamaraty se manifesta sobre decis\u00e3o de Trump de retirar tarifa de 40%; leia"}]},{"@type":"WebSite","@id":"https:\/\/oficialnoticias.com\/#website","url":"https:\/\/oficialnoticias.com\/","name":"oficial Noticias","description":"","publisher":{"@id":"https:\/\/oficialnoticias.com\/#organization"},"potentialAction":[{"@type":"SearchAction","target":{"@type":"EntryPoint","urlTemplate":"https:\/\/oficialnoticias.com\/?s={search_term_string}"},"query-input":{"@type":"PropertyValueSpecification","valueRequired":true,"valueName":"search_term_string"}}],"inLanguage":"pt-BR"},{"@type":"Organization","@id":"https:\/\/oficialnoticias.com\/#organization","name":"oficial noticias","url":"https:\/\/oficialnoticias.com\/","logo":{"@type":"ImageObject","inLanguage":"pt-BR","@id":"https:\/\/oficialnoticias.com\/#\/schema\/logo\/image\/","url":"https:\/\/oficialnoticias.com\/wp-content\/uploads\/2025\/08\/cropped-cropped-cropped-Logo-Noticias-e1753639739829.png","contentUrl":"https:\/\/oficialnoticias.com\/wp-content\/uploads\/2025\/08\/cropped-cropped-cropped-Logo-Noticias-e1753639739829.png","width":119,"height":86,"caption":"oficial noticias"},"image":{"@id":"https:\/\/oficialnoticias.com\/#\/schema\/logo\/image\/"}},{"@type":"Person","@id":"https:\/\/oficialnoticias.com\/#\/schema\/person\/2d1dcbb6bfbc28d68171b4dc04723d4a","name":"Luana Gon\u00e7alves","image":{"@type":"ImageObject","inLanguage":"pt-BR","@id":"https:\/\/secure.gravatar.com\/avatar\/7aa6afdef873224c1a0265951f3fdfc0679f65dfbd15f018612595d323c52521?s=96&d=mm&r=g","url":"https:\/\/secure.gravatar.com\/avatar\/7aa6afdef873224c1a0265951f3fdfc0679f65dfbd15f018612595d323c52521?s=96&d=mm&r=g","contentUrl":"https:\/\/secure.gravatar.com\/avatar\/7aa6afdef873224c1a0265951f3fdfc0679f65dfbd15f018612595d323c52521?s=96&d=mm&r=g","caption":"Luana Gon\u00e7alves"},"sameAs":["https:\/\/oficialnoticias.com\/"],"url":"https:\/\/oficialnoticias.com\/?author=2"}]}},"_links":{"self":[{"href":"https:\/\/oficialnoticias.com\/index.php?rest_route=\/wp\/v2\/posts\/24040","targetHints":{"allow":["GET"]}}],"collection":[{"href":"https:\/\/oficialnoticias.com\/index.php?rest_route=\/wp\/v2\/posts"}],"about":[{"href":"https:\/\/oficialnoticias.com\/index.php?rest_route=\/wp\/v2\/types\/post"}],"author":[{"embeddable":true,"href":"https:\/\/oficialnoticias.com\/index.php?rest_route=\/wp\/v2\/users\/2"}],"replies":[{"embeddable":true,"href":"https:\/\/oficialnoticias.com\/index.php?rest_route=%2Fwp%2Fv2%2Fcomments&post=24040"}],"version-history":[{"count":1,"href":"https:\/\/oficialnoticias.com\/index.php?rest_route=\/wp\/v2\/posts\/24040\/revisions"}],"predecessor-version":[{"id":24042,"href":"https:\/\/oficialnoticias.com\/index.php?rest_route=\/wp\/v2\/posts\/24040\/revisions\/24042"}],"wp:featuredmedia":[{"embeddable":true,"href":"https:\/\/oficialnoticias.com\/index.php?rest_route=\/wp\/v2\/media\/24041"}],"wp:attachment":[{"href":"https:\/\/oficialnoticias.com\/index.php?rest_route=%2Fwp%2Fv2%2Fmedia&parent=24040"}],"wp:term":[{"taxonomy":"category","embeddable":true,"href":"https:\/\/oficialnoticias.com\/index.php?rest_route=%2Fwp%2Fv2%2Fcategories&post=24040"},{"taxonomy":"post_tag","embeddable":true,"href":"https:\/\/oficialnoticias.com\/index.php?rest_route=%2Fwp%2Fv2%2Ftags&post=24040"}],"curies":[{"name":"wp","href":"https:\/\/api.w.org\/{rel}","templated":true}]}}