{"id":23794,"date":"2025-11-19T17:53:57","date_gmt":"2025-11-19T20:53:57","guid":{"rendered":"https:\/\/oficialnoticias.com\/?p=23794"},"modified":"2025-11-19T17:53:58","modified_gmt":"2025-11-19T20:53:58","slug":"instabilidade-juridica-no-setor-eletrico-prejudica-pequenos-e-grandes-investidores","status":"publish","type":"post","link":"https:\/\/oficialnoticias.com\/?p=23794","title":{"rendered":"Instabilidade jur\u00eddica no setor el\u00e9trico prejudica pequenos e grandes investidores"},"content":{"rendered":"<p><\/p>\n<div>\n<p>Diante de frequentes disputas judiciais e altera\u00e7\u00f5es na legisla\u00e7\u00e3o, investidores do setor el\u00e9trico lidam com crescente inseguran\u00e7a jur\u00eddica.<\/p>\n<p>Um dos exemplos \u00e9 o <bsp-link-enhancement><br \/>\n    <span class=\"LinkEnhancement\"><a class=\"Link\" href=\"https:\/\/www.itatiaia.com.br\/negocios\/eloos\/energia\/o-que-e-curtailment-entenda-o-paradoxo-da-energia-eletrica\" title=\"curtailment, o corte na gera\u00e7\u00e3o de energia quando h\u00e1 excesso de produ\u00e7\u00e3o e baixa demanda\">curtailment, o corte na gera\u00e7\u00e3o de energia quando h\u00e1 excesso de produ\u00e7\u00e3o e baixa demanda<\/a><\/span><\/bsp-link-enhancement>. Donos de fazendas solares e e\u00f3licas t\u00eam recorrido \u00e0 Justi\u00e7a ap\u00f3s serem impedidos de vender energia a clientes devido \u00e0 interrup\u00e7\u00e3o do funcionamento das usinas.<\/p>\n<p>Outro ponto de tens\u00e3o envolve medidas provis\u00f3rias que alteraram o marco regulat\u00f3rio do setor. Parlamentares inclu\u00edram decis\u00f5es estruturantes por meio de emendas, sem o tempo adequado de discuss\u00e3o previsto em um projeto de lei, que possui tramita\u00e7\u00e3o diferenciada. V\u00e1rios artigos podem impactar a conta de luz, por exemplo, sem estimativas claras de custos ou de como esses valores ser\u00e3o repassados.<\/p>\n<p>Como consequ\u00eancia, diversos investidores deixam de direcionar recursos ao Brasil. O presidente da Associa\u00e7\u00e3o Brasileira de Gera\u00e7\u00e3o Distribu\u00edda (ABGD), Carlos Evangelista, afirma que a inseguran\u00e7a jur\u00eddica afeta toda a sociedade, j\u00e1 que todos dependem de energia.<\/p>\n<p>\u201cIsso n\u00e3o prejudica s\u00f3 grandes investidores, mas tamb\u00e9m os pequenos, al\u00e9m das \u00e1reas financeira, educacional e de sa\u00fade. A inseguran\u00e7a traz temor a qualquer cidad\u00e3o. Todos que fazem investimentos ou dependem de alguma coisa desejam que, no m\u00ednimo, as regras estabelecidas sejam seguidas, que os contratos n\u00e3o sejam quebrados e que a estabilidade jur\u00eddica e regulat\u00f3ria de um determinado setor seja perene, seja mantida\u201d, afirma.<\/p>\n<p>No Congresso Nacional, medidas provis\u00f3rias tamb\u00e9m amea\u00e7am o mercado de gera\u00e7\u00e3o distribu\u00edda, que pode perder benef\u00edcios e incentivos.<\/p>\n<p>\u201cHouve v\u00e1rios pontos trazidos por emendas que amea\u00e7aram, de maneira direta ou indireta, segmentos espec\u00edficos. Falando pelo segmento de micro e minigera\u00e7\u00e3o distribu\u00edda, apareceram emendas que colocaram em risco o que j\u00e1 est\u00e1 estabelecido no marco legal da gera\u00e7\u00e3o distribu\u00edda, que \u00e9 a Lei 14.300. Com o argumento de que a gera\u00e7\u00e3o distribu\u00edda estava se saindo muito bem ou crescendo demais, acharam que era hora de mexer nos incentivos\u201d, aponta Carlos Evangelista.<\/p>\n<div class=\"Enhancement\" data-align-center=\"\">\n<div class=\"Enhancement-item\">\n<p>                            <bsp-figure class=\"Figure\" id=\"image-060000\"><br \/>\n    <button class=\"containerImg\"><\/p>\n<p>    <a class=\"AnchorLink\" title=\"image-060000\" name=\"image-060000\"\/><\/p>\n<picture><source type=\"image\/webp\" width=\"1000\" height=\"563\" srcset=\"https:\/\/medias.itatiaia.com.br\/dims4\/default\/77a9203\/2147483647\/strip\/true\/crop\/800x450+0+28\/resize\/568x320!\/format\/webp\/quality\/90\/?url=https%3A%2F%2Fk2-prod-radio-itatiaia.s3.us-east-1.amazonaws.com%2Fbrightspot%2F76%2Fa4%2F6a2134764991994798b54d17ade8%2Fassociacao-carlos-evangelista.jpeg 568w,https:\/\/medias.itatiaia.com.br\/dims4\/default\/788fcc5\/2147483647\/strip\/true\/crop\/800x450+0+28\/resize\/768x432!\/format\/webp\/quality\/90\/?url=https%3A%2F%2Fk2-prod-radio-itatiaia.s3.us-east-1.amazonaws.com%2Fbrightspot%2F76%2Fa4%2F6a2134764991994798b54d17ade8%2Fassociacao-carlos-evangelista.jpeg 768w,https:\/\/medias.itatiaia.com.br\/dims4\/default\/76601c3\/2147483647\/strip\/true\/crop\/800x450+0+28\/resize\/1000x563!\/format\/webp\/quality\/90\/?url=https%3A%2F%2Fk2-prod-radio-itatiaia.s3.us-east-1.amazonaws.com%2Fbrightspot%2F76%2Fa4%2F6a2134764991994798b54d17ade8%2Fassociacao-carlos-evangelista.jpeg 1000w\"\/><source width=\"1000\" height=\"563\" srcset=\"https:\/\/medias.itatiaia.com.br\/dims4\/default\/64bdff4\/2147483647\/strip\/true\/crop\/800x450+0+28\/resize\/1000x563!\/quality\/90\/?url=https%3A%2F%2Fk2-prod-radio-itatiaia.s3.us-east-1.amazonaws.com%2Fbrightspot%2F76%2Fa4%2F6a2134764991994798b54d17ade8%2Fassociacao-carlos-evangelista.jpeg\"\/><\/picture>\n<div class=\"Figure-credit\">\n<p>Reprodu\u00e7\u00e3o I Redes sociais <\/p>\n<\/div>\n<p>    <\/button><\/p>\n<div class=\"Figure-content\"><figcaption class=\"Figure-caption\">\n<p> Carlos Evangelista, presidente da Associa\u00e7\u00e3o Brasileira de Gera\u00e7\u00e3o Distribu\u00edda (ABGD)<\/p>\n<\/figcaption><\/div>\n<p><\/bsp-figure><\/p><\/div>\n<\/p><\/div>\n<p>Existem esfor\u00e7os para solucionar conflitos jur\u00eddicos dentro do mercado de energia. O ministro do Tribunal de Contas da Uni\u00e3o (TCU), Ant\u00f4nio Anastasia, afirma que o \u00f3rg\u00e3o tem atuado para intermediar processos no setor.<\/p>\n<p>\u201cN\u00f3s criamos recentemente uma secretaria do consenso, e v\u00e1rias mat\u00e9rias de energia foram submetidas a ela porque eram demandas antigas entre concession\u00e1rias e o Poder Executivo Federal, que estavam na Justi\u00e7a, demandando tempo e recursos, sem solu\u00e7\u00e3o. Ent\u00e3o, o tribunal estimula o consenso, estimula uma solu\u00e7\u00e3o negociada, participa dela e, quando homologa, d\u00e1 seguran\u00e7a jur\u00eddica \u00e0 decis\u00e3o. Isso \u00e9 um ponto positivo, porque reduz o chamado custo Brasil e diminui a litigiosidade na \u00e1rea de energia\u201d, explica Anastasia.<\/p>\n<div class=\"Enhancement\" data-align-center=\"\">\n<div class=\"Enhancement-item\">\n<p>                            <bsp-figure class=\"Figure\" id=\"image-e30000\"><br \/>\n    <button class=\"containerImg\"><\/p>\n<p>    <a class=\"AnchorLink\" title=\"image-e30000\" name=\"image-e30000\"\/><\/p>\n<picture><source type=\"image\/webp\" width=\"1000\" height=\"563\" srcset=\"https:\/\/medias.itatiaia.com.br\/dims4\/default\/623c38f\/2147483647\/strip\/true\/crop\/1488x838+56+0\/resize\/568x320!\/format\/webp\/quality\/90\/?url=https%3A%2F%2Fk2-prod-radio-itatiaia.s3.us-east-1.amazonaws.com%2Fbrightspot%2F85%2Ff1%2Fe24877464f06be1c3357b18b144c%2Fanastasia.jpeg 568w,https:\/\/medias.itatiaia.com.br\/dims4\/default\/35bab15\/2147483647\/strip\/true\/crop\/1488x838+56+0\/resize\/768x432!\/format\/webp\/quality\/90\/?url=https%3A%2F%2Fk2-prod-radio-itatiaia.s3.us-east-1.amazonaws.com%2Fbrightspot%2F85%2Ff1%2Fe24877464f06be1c3357b18b144c%2Fanastasia.jpeg 768w,https:\/\/medias.itatiaia.com.br\/dims4\/default\/1659b81\/2147483647\/strip\/true\/crop\/1488x838+56+0\/resize\/1000x563!\/format\/webp\/quality\/90\/?url=https%3A%2F%2Fk2-prod-radio-itatiaia.s3.us-east-1.amazonaws.com%2Fbrightspot%2F85%2Ff1%2Fe24877464f06be1c3357b18b144c%2Fanastasia.jpeg 1000w\"\/><source width=\"1000\" height=\"563\" srcset=\"https:\/\/medias.itatiaia.com.br\/dims4\/default\/a9dc347\/2147483647\/strip\/true\/crop\/1488x838+56+0\/resize\/1000x563!\/quality\/90\/?url=https%3A%2F%2Fk2-prod-radio-itatiaia.s3.us-east-1.amazonaws.com%2Fbrightspot%2F85%2Ff1%2Fe24877464f06be1c3357b18b144c%2Fanastasia.jpeg\"\/><img loading=\"lazy\" decoding=\"async\" class=\"Image\" alt=\"Ant\u00f4nio Anastasia, Ministro do Tribunal de Contas da Uni\u00e3o do Brasil \" width=\"1000\" height=\"563\" src=\"https:\/\/medias.itatiaia.com.br\/dims4\/default\/a9dc347\/2147483647\/strip\/true\/crop\/1488x838+56+0\/resize\/1000x563!\/quality\/90\/?url=https%3A%2F%2Fk2-prod-radio-itatiaia.s3.us-east-1.amazonaws.com%2Fbrightspot%2F85%2Ff1%2Fe24877464f06be1c3357b18b144c%2Fanastasia.jpeg\" loading=\"lazy\"\/><\/p>\n<\/picture>\n<p>    <\/button><\/p>\n<div class=\"Figure-content\"><figcaption class=\"Figure-caption\">\n<p>Ant\u00f4nio Anastasia, Ministro do Tribunal de Contas da Uni\u00e3o do Brasil<\/p>\n<\/figcaption><\/div>\n<p><\/bsp-figure><\/p><\/div>\n<\/p><\/div>\n<h2>Impactos ambientais<\/h2>\n<p>Impactos ambientais provocados por <bsp-link-enhancement><br \/>\n    <span class=\"LinkEnhancement\"><a class=\"Link\" href=\"https:\/\/www.itatiaia.com.br\/negocios\/eloos\/eletricidade-produzida-pela-forca-dos-ventos-conheca-a-energia-eolica\" title=\"turbinas e\u00f3licas\">turbinas e\u00f3licas<\/a><\/span><\/bsp-link-enhancement> e<bsp-link-enhancement><br \/>\n    <span class=\"LinkEnhancement\"><a class=\"Link\" href=\"https:\/\/www.itatiaia.com.br\/economia\/negocios\/eloos\/energia-solar-tecnologia-que-transforma-luz-em-eletricidade\" title=\" fazendas solares \"> fazendas solares <\/a><\/span><\/bsp-link-enhancement>tamb\u00e9m geram entraves \u00e0 cria\u00e7\u00e3o de novas usinas. O professor do Centro de Desenvolvimento Sustent\u00e1vel da Universidade de Bras\u00edlia, Saulo Rodrigues Pereira Filho, defende a inclus\u00e3o de par\u00e2metros sociais na transi\u00e7\u00e3o energ\u00e9tica.<\/p>\n<p>\u201c\u00c9 importante ter esse olhar tamb\u00e9m para as comunidades locais que s\u00e3o afetadas por esses projetos, para que elas n\u00e3o percam a sua resili\u00eancia na manuten\u00e7\u00e3o dos seus modos de vida\u201d, detalha Saulo.<\/p>\n<p><bsp-list-loadmore class=\"PageListStandardG\" data-module=\"\" data-show-loadmore=\"true\" data-list-title-size=\"3\" data-list-description-size=\"3\"><\/p>\n<p>    <a class=\"AnchorLink\" title=\"leia-tambem\" name=\"leia-tambem\"\/><\/p>\n<p><\/bsp-list-loadmore><\/p><\/div>\n<p><script>\n  window.fbAsyncInit = function() {\n      FB.init({\n              appId : '1447052969554341',\n          xfbml : true,\n          version : 'v2.9'\n      });\n  };\n  (function(d, s, id){\n     var js, fjs = d.getElementsByTagName(s)[0];\n     if (d.getElementById(id)) {return;}\n     js = d.createElement(s); js.id = id;\n     js.src = \"https:\/\/connect.facebook.net\/en_US\/sdk.js\";\n     fjs.parentNode.insertBefore(js, fjs);\n   }(document, 'script', 'facebook-jssdk'));\n<\/script><\/p>\n","protected":false},"excerpt":{"rendered":"<p>Diante de frequentes disputas judiciais e altera\u00e7\u00f5es na legisla\u00e7\u00e3o, investidores do setor el\u00e9trico lidam com crescente inseguran\u00e7a jur\u00eddica. Um dos exemplos \u00e9 o curtailment, o corte na gera\u00e7\u00e3o de energia quando h\u00e1 excesso de produ\u00e7\u00e3o e baixa demanda. Donos de fazendas solares e e\u00f3licas t\u00eam recorrido \u00e0 Justi\u00e7a ap\u00f3s serem impedidos de vender energia a&#8230;<\/p>\n","protected":false},"author":2,"featured_media":23795,"comment_status":"open","ping_status":"open","sticky":false,"template":"","format":"standard","meta":{"footnotes":""},"categories":[25],"tags":[],"class_list":["post-23794","post","type-post","status-publish","format-standard","has-post-thumbnail","hentry","category-economia"],"yoast_head":"<!-- This site is optimized with the Yoast SEO plugin v27.3 - https:\/\/yoast.com\/product\/yoast-seo-wordpress\/ -->\n<title>Instabilidade jur\u00eddica no setor el\u00e9trico prejudica pequenos e grandes investidores -<\/title>\n<meta name=\"robots\" content=\"index, follow, max-snippet:-1, max-image-preview:large, max-video-preview:-1\" \/>\n<link rel=\"canonical\" href=\"https:\/\/oficialnoticias.com\/?p=23794\" \/>\n<meta property=\"og:locale\" content=\"pt_BR\" \/>\n<meta property=\"og:type\" content=\"article\" \/>\n<meta property=\"og:title\" content=\"Instabilidade jur\u00eddica no setor el\u00e9trico prejudica pequenos e grandes investidores -\" \/>\n<meta property=\"og:description\" content=\"Diante de frequentes disputas judiciais e altera\u00e7\u00f5es na legisla\u00e7\u00e3o, investidores do setor el\u00e9trico lidam com crescente inseguran\u00e7a jur\u00eddica. Um dos exemplos \u00e9 o curtailment, o corte na gera\u00e7\u00e3o de energia quando h\u00e1 excesso de produ\u00e7\u00e3o e baixa demanda. Donos de fazendas solares e e\u00f3licas t\u00eam recorrido \u00e0 Justi\u00e7a ap\u00f3s serem impedidos de vender energia a...\" \/>\n<meta property=\"og:url\" content=\"https:\/\/oficialnoticias.com\/?p=23794\" \/>\n<meta property=\"article:published_time\" content=\"2025-11-19T20:53:57+00:00\" \/>\n<meta property=\"article:modified_time\" content=\"2025-11-19T20:53:58+00:00\" \/>\n<meta property=\"og:image\" content=\"https:\/\/oficialnoticias.com\/wp-content\/uploads\/2025\/11\/urlhttps3A2F2Fk2-prod-radio-itatiaia.s3.us-east-1.amazonaws.com2Fbrightspot2F672Fef2Fb235c8.webp\" \/>\n\t<meta property=\"og:image:width\" content=\"1200\" \/>\n\t<meta property=\"og:image:height\" content=\"630\" \/>\n\t<meta property=\"og:image:type\" content=\"image\/webp\" \/>\n<meta name=\"author\" content=\"Luana Gon\u00e7alves\" \/>\n<meta name=\"twitter:card\" content=\"summary_large_image\" \/>\n<meta name=\"twitter:label1\" content=\"Escrito por\" \/>\n\t<meta name=\"twitter:data1\" content=\"Luana Gon\u00e7alves\" \/>\n\t<meta name=\"twitter:label2\" content=\"Est. tempo de leitura\" \/>\n\t<meta name=\"twitter:data2\" content=\"3 minutos\" \/>\n<script type=\"application\/ld+json\" class=\"yoast-schema-graph\">{\"@context\":\"https:\\\/\\\/schema.org\",\"@graph\":[{\"@type\":\"Article\",\"@id\":\"https:\\\/\\\/oficialnoticias.com\\\/?p=23794#article\",\"isPartOf\":{\"@id\":\"https:\\\/\\\/oficialnoticias.com\\\/?p=23794\"},\"author\":{\"name\":\"Luana Gon\u00e7alves\",\"@id\":\"https:\\\/\\\/oficialnoticias.com\\\/#\\\/schema\\\/person\\\/2d1dcbb6bfbc28d68171b4dc04723d4a\"},\"headline\":\"Instabilidade jur\u00eddica no setor el\u00e9trico prejudica pequenos e grandes investidores\",\"datePublished\":\"2025-11-19T20:53:57+00:00\",\"dateModified\":\"2025-11-19T20:53:58+00:00\",\"mainEntityOfPage\":{\"@id\":\"https:\\\/\\\/oficialnoticias.com\\\/?p=23794\"},\"wordCount\":617,\"commentCount\":0,\"publisher\":{\"@id\":\"https:\\\/\\\/oficialnoticias.com\\\/#organization\"},\"image\":{\"@id\":\"https:\\\/\\\/oficialnoticias.com\\\/?p=23794#primaryimage\"},\"thumbnailUrl\":\"https:\\\/\\\/oficialnoticias.com\\\/wp-content\\\/uploads\\\/2025\\\/11\\\/urlhttps3A2F2Fk2-prod-radio-itatiaia.s3.us-east-1.amazonaws.com2Fbrightspot2F672Fef2Fb235c8.webp\",\"articleSection\":[\"Economia\"],\"inLanguage\":\"pt-BR\",\"potentialAction\":[{\"@type\":\"CommentAction\",\"name\":\"Comment\",\"target\":[\"https:\\\/\\\/oficialnoticias.com\\\/?p=23794#respond\"]}]},{\"@type\":\"WebPage\",\"@id\":\"https:\\\/\\\/oficialnoticias.com\\\/?p=23794\",\"url\":\"https:\\\/\\\/oficialnoticias.com\\\/?p=23794\",\"name\":\"Instabilidade jur\u00eddica no setor el\u00e9trico prejudica pequenos e grandes investidores -\",\"isPartOf\":{\"@id\":\"https:\\\/\\\/oficialnoticias.com\\\/#website\"},\"primaryImageOfPage\":{\"@id\":\"https:\\\/\\\/oficialnoticias.com\\\/?p=23794#primaryimage\"},\"image\":{\"@id\":\"https:\\\/\\\/oficialnoticias.com\\\/?p=23794#primaryimage\"},\"thumbnailUrl\":\"https:\\\/\\\/oficialnoticias.com\\\/wp-content\\\/uploads\\\/2025\\\/11\\\/urlhttps3A2F2Fk2-prod-radio-itatiaia.s3.us-east-1.amazonaws.com2Fbrightspot2F672Fef2Fb235c8.webp\",\"datePublished\":\"2025-11-19T20:53:57+00:00\",\"dateModified\":\"2025-11-19T20:53:58+00:00\",\"breadcrumb\":{\"@id\":\"https:\\\/\\\/oficialnoticias.com\\\/?p=23794#breadcrumb\"},\"inLanguage\":\"pt-BR\",\"potentialAction\":[{\"@type\":\"ReadAction\",\"target\":[\"https:\\\/\\\/oficialnoticias.com\\\/?p=23794\"]}]},{\"@type\":\"ImageObject\",\"inLanguage\":\"pt-BR\",\"@id\":\"https:\\\/\\\/oficialnoticias.com\\\/?p=23794#primaryimage\",\"url\":\"https:\\\/\\\/oficialnoticias.com\\\/wp-content\\\/uploads\\\/2025\\\/11\\\/urlhttps3A2F2Fk2-prod-radio-itatiaia.s3.us-east-1.amazonaws.com2Fbrightspot2F672Fef2Fb235c8.webp\",\"contentUrl\":\"https:\\\/\\\/oficialnoticias.com\\\/wp-content\\\/uploads\\\/2025\\\/11\\\/urlhttps3A2F2Fk2-prod-radio-itatiaia.s3.us-east-1.amazonaws.com2Fbrightspot2F672Fef2Fb235c8.webp\",\"width\":1200,\"height\":630},{\"@type\":\"BreadcrumbList\",\"@id\":\"https:\\\/\\\/oficialnoticias.com\\\/?p=23794#breadcrumb\",\"itemListElement\":[{\"@type\":\"ListItem\",\"position\":1,\"name\":\"In\u00edcio\",\"item\":\"https:\\\/\\\/oficialnoticias.com\\\/\"},{\"@type\":\"ListItem\",\"position\":2,\"name\":\"Instabilidade jur\u00eddica no setor el\u00e9trico prejudica pequenos e grandes investidores\"}]},{\"@type\":\"WebSite\",\"@id\":\"https:\\\/\\\/oficialnoticias.com\\\/#website\",\"url\":\"https:\\\/\\\/oficialnoticias.com\\\/\",\"name\":\"oficial Noticias\",\"description\":\"\",\"publisher\":{\"@id\":\"https:\\\/\\\/oficialnoticias.com\\\/#organization\"},\"potentialAction\":[{\"@type\":\"SearchAction\",\"target\":{\"@type\":\"EntryPoint\",\"urlTemplate\":\"https:\\\/\\\/oficialnoticias.com\\\/?s={search_term_string}\"},\"query-input\":{\"@type\":\"PropertyValueSpecification\",\"valueRequired\":true,\"valueName\":\"search_term_string\"}}],\"inLanguage\":\"pt-BR\"},{\"@type\":\"Organization\",\"@id\":\"https:\\\/\\\/oficialnoticias.com\\\/#organization\",\"name\":\"oficial noticias\",\"url\":\"https:\\\/\\\/oficialnoticias.com\\\/\",\"logo\":{\"@type\":\"ImageObject\",\"inLanguage\":\"pt-BR\",\"@id\":\"https:\\\/\\\/oficialnoticias.com\\\/#\\\/schema\\\/logo\\\/image\\\/\",\"url\":\"https:\\\/\\\/oficialnoticias.com\\\/wp-content\\\/uploads\\\/2025\\\/08\\\/cropped-cropped-cropped-Logo-Noticias-e1753639739829.png\",\"contentUrl\":\"https:\\\/\\\/oficialnoticias.com\\\/wp-content\\\/uploads\\\/2025\\\/08\\\/cropped-cropped-cropped-Logo-Noticias-e1753639739829.png\",\"width\":119,\"height\":86,\"caption\":\"oficial noticias\"},\"image\":{\"@id\":\"https:\\\/\\\/oficialnoticias.com\\\/#\\\/schema\\\/logo\\\/image\\\/\"}},{\"@type\":\"Person\",\"@id\":\"https:\\\/\\\/oficialnoticias.com\\\/#\\\/schema\\\/person\\\/2d1dcbb6bfbc28d68171b4dc04723d4a\",\"name\":\"Luana Gon\u00e7alves\",\"image\":{\"@type\":\"ImageObject\",\"inLanguage\":\"pt-BR\",\"@id\":\"https:\\\/\\\/secure.gravatar.com\\\/avatar\\\/7aa6afdef873224c1a0265951f3fdfc0679f65dfbd15f018612595d323c52521?s=96&d=mm&r=g\",\"url\":\"https:\\\/\\\/secure.gravatar.com\\\/avatar\\\/7aa6afdef873224c1a0265951f3fdfc0679f65dfbd15f018612595d323c52521?s=96&d=mm&r=g\",\"contentUrl\":\"https:\\\/\\\/secure.gravatar.com\\\/avatar\\\/7aa6afdef873224c1a0265951f3fdfc0679f65dfbd15f018612595d323c52521?s=96&d=mm&r=g\",\"caption\":\"Luana Gon\u00e7alves\"},\"sameAs\":[\"https:\\\/\\\/oficialnoticias.com\\\/\"],\"url\":\"https:\\\/\\\/oficialnoticias.com\\\/?author=2\"}]}<\/script>\n<!-- \/ Yoast SEO plugin. -->","yoast_head_json":{"title":"Instabilidade jur\u00eddica no setor el\u00e9trico prejudica pequenos e grandes investidores -","robots":{"index":"index","follow":"follow","max-snippet":"max-snippet:-1","max-image-preview":"max-image-preview:large","max-video-preview":"max-video-preview:-1"},"canonical":"https:\/\/oficialnoticias.com\/?p=23794","og_locale":"pt_BR","og_type":"article","og_title":"Instabilidade jur\u00eddica no setor el\u00e9trico prejudica pequenos e grandes investidores -","og_description":"Diante de frequentes disputas judiciais e altera\u00e7\u00f5es na legisla\u00e7\u00e3o, investidores do setor el\u00e9trico lidam com crescente inseguran\u00e7a jur\u00eddica. Um dos exemplos \u00e9 o curtailment, o corte na gera\u00e7\u00e3o de energia quando h\u00e1 excesso de produ\u00e7\u00e3o e baixa demanda. Donos de fazendas solares e e\u00f3licas t\u00eam recorrido \u00e0 Justi\u00e7a ap\u00f3s serem impedidos de vender energia a...","og_url":"https:\/\/oficialnoticias.com\/?p=23794","article_published_time":"2025-11-19T20:53:57+00:00","article_modified_time":"2025-11-19T20:53:58+00:00","og_image":[{"width":1200,"height":630,"url":"https:\/\/oficialnoticias.com\/wp-content\/uploads\/2025\/11\/urlhttps3A2F2Fk2-prod-radio-itatiaia.s3.us-east-1.amazonaws.com2Fbrightspot2F672Fef2Fb235c8.webp","type":"image\/webp"}],"author":"Luana Gon\u00e7alves","twitter_card":"summary_large_image","twitter_misc":{"Escrito por":"Luana Gon\u00e7alves","Est. tempo de leitura":"3 minutos"},"schema":{"@context":"https:\/\/schema.org","@graph":[{"@type":"Article","@id":"https:\/\/oficialnoticias.com\/?p=23794#article","isPartOf":{"@id":"https:\/\/oficialnoticias.com\/?p=23794"},"author":{"name":"Luana Gon\u00e7alves","@id":"https:\/\/oficialnoticias.com\/#\/schema\/person\/2d1dcbb6bfbc28d68171b4dc04723d4a"},"headline":"Instabilidade jur\u00eddica no setor el\u00e9trico prejudica pequenos e grandes investidores","datePublished":"2025-11-19T20:53:57+00:00","dateModified":"2025-11-19T20:53:58+00:00","mainEntityOfPage":{"@id":"https:\/\/oficialnoticias.com\/?p=23794"},"wordCount":617,"commentCount":0,"publisher":{"@id":"https:\/\/oficialnoticias.com\/#organization"},"image":{"@id":"https:\/\/oficialnoticias.com\/?p=23794#primaryimage"},"thumbnailUrl":"https:\/\/oficialnoticias.com\/wp-content\/uploads\/2025\/11\/urlhttps3A2F2Fk2-prod-radio-itatiaia.s3.us-east-1.amazonaws.com2Fbrightspot2F672Fef2Fb235c8.webp","articleSection":["Economia"],"inLanguage":"pt-BR","potentialAction":[{"@type":"CommentAction","name":"Comment","target":["https:\/\/oficialnoticias.com\/?p=23794#respond"]}]},{"@type":"WebPage","@id":"https:\/\/oficialnoticias.com\/?p=23794","url":"https:\/\/oficialnoticias.com\/?p=23794","name":"Instabilidade jur\u00eddica no setor el\u00e9trico prejudica pequenos e grandes investidores -","isPartOf":{"@id":"https:\/\/oficialnoticias.com\/#website"},"primaryImageOfPage":{"@id":"https:\/\/oficialnoticias.com\/?p=23794#primaryimage"},"image":{"@id":"https:\/\/oficialnoticias.com\/?p=23794#primaryimage"},"thumbnailUrl":"https:\/\/oficialnoticias.com\/wp-content\/uploads\/2025\/11\/urlhttps3A2F2Fk2-prod-radio-itatiaia.s3.us-east-1.amazonaws.com2Fbrightspot2F672Fef2Fb235c8.webp","datePublished":"2025-11-19T20:53:57+00:00","dateModified":"2025-11-19T20:53:58+00:00","breadcrumb":{"@id":"https:\/\/oficialnoticias.com\/?p=23794#breadcrumb"},"inLanguage":"pt-BR","potentialAction":[{"@type":"ReadAction","target":["https:\/\/oficialnoticias.com\/?p=23794"]}]},{"@type":"ImageObject","inLanguage":"pt-BR","@id":"https:\/\/oficialnoticias.com\/?p=23794#primaryimage","url":"https:\/\/oficialnoticias.com\/wp-content\/uploads\/2025\/11\/urlhttps3A2F2Fk2-prod-radio-itatiaia.s3.us-east-1.amazonaws.com2Fbrightspot2F672Fef2Fb235c8.webp","contentUrl":"https:\/\/oficialnoticias.com\/wp-content\/uploads\/2025\/11\/urlhttps3A2F2Fk2-prod-radio-itatiaia.s3.us-east-1.amazonaws.com2Fbrightspot2F672Fef2Fb235c8.webp","width":1200,"height":630},{"@type":"BreadcrumbList","@id":"https:\/\/oficialnoticias.com\/?p=23794#breadcrumb","itemListElement":[{"@type":"ListItem","position":1,"name":"In\u00edcio","item":"https:\/\/oficialnoticias.com\/"},{"@type":"ListItem","position":2,"name":"Instabilidade jur\u00eddica no setor el\u00e9trico prejudica pequenos e grandes investidores"}]},{"@type":"WebSite","@id":"https:\/\/oficialnoticias.com\/#website","url":"https:\/\/oficialnoticias.com\/","name":"oficial Noticias","description":"","publisher":{"@id":"https:\/\/oficialnoticias.com\/#organization"},"potentialAction":[{"@type":"SearchAction","target":{"@type":"EntryPoint","urlTemplate":"https:\/\/oficialnoticias.com\/?s={search_term_string}"},"query-input":{"@type":"PropertyValueSpecification","valueRequired":true,"valueName":"search_term_string"}}],"inLanguage":"pt-BR"},{"@type":"Organization","@id":"https:\/\/oficialnoticias.com\/#organization","name":"oficial noticias","url":"https:\/\/oficialnoticias.com\/","logo":{"@type":"ImageObject","inLanguage":"pt-BR","@id":"https:\/\/oficialnoticias.com\/#\/schema\/logo\/image\/","url":"https:\/\/oficialnoticias.com\/wp-content\/uploads\/2025\/08\/cropped-cropped-cropped-Logo-Noticias-e1753639739829.png","contentUrl":"https:\/\/oficialnoticias.com\/wp-content\/uploads\/2025\/08\/cropped-cropped-cropped-Logo-Noticias-e1753639739829.png","width":119,"height":86,"caption":"oficial noticias"},"image":{"@id":"https:\/\/oficialnoticias.com\/#\/schema\/logo\/image\/"}},{"@type":"Person","@id":"https:\/\/oficialnoticias.com\/#\/schema\/person\/2d1dcbb6bfbc28d68171b4dc04723d4a","name":"Luana Gon\u00e7alves","image":{"@type":"ImageObject","inLanguage":"pt-BR","@id":"https:\/\/secure.gravatar.com\/avatar\/7aa6afdef873224c1a0265951f3fdfc0679f65dfbd15f018612595d323c52521?s=96&d=mm&r=g","url":"https:\/\/secure.gravatar.com\/avatar\/7aa6afdef873224c1a0265951f3fdfc0679f65dfbd15f018612595d323c52521?s=96&d=mm&r=g","contentUrl":"https:\/\/secure.gravatar.com\/avatar\/7aa6afdef873224c1a0265951f3fdfc0679f65dfbd15f018612595d323c52521?s=96&d=mm&r=g","caption":"Luana Gon\u00e7alves"},"sameAs":["https:\/\/oficialnoticias.com\/"],"url":"https:\/\/oficialnoticias.com\/?author=2"}]}},"_links":{"self":[{"href":"https:\/\/oficialnoticias.com\/index.php?rest_route=\/wp\/v2\/posts\/23794","targetHints":{"allow":["GET"]}}],"collection":[{"href":"https:\/\/oficialnoticias.com\/index.php?rest_route=\/wp\/v2\/posts"}],"about":[{"href":"https:\/\/oficialnoticias.com\/index.php?rest_route=\/wp\/v2\/types\/post"}],"author":[{"embeddable":true,"href":"https:\/\/oficialnoticias.com\/index.php?rest_route=\/wp\/v2\/users\/2"}],"replies":[{"embeddable":true,"href":"https:\/\/oficialnoticias.com\/index.php?rest_route=%2Fwp%2Fv2%2Fcomments&post=23794"}],"version-history":[{"count":1,"href":"https:\/\/oficialnoticias.com\/index.php?rest_route=\/wp\/v2\/posts\/23794\/revisions"}],"predecessor-version":[{"id":23796,"href":"https:\/\/oficialnoticias.com\/index.php?rest_route=\/wp\/v2\/posts\/23794\/revisions\/23796"}],"wp:featuredmedia":[{"embeddable":true,"href":"https:\/\/oficialnoticias.com\/index.php?rest_route=\/wp\/v2\/media\/23795"}],"wp:attachment":[{"href":"https:\/\/oficialnoticias.com\/index.php?rest_route=%2Fwp%2Fv2%2Fmedia&parent=23794"}],"wp:term":[{"taxonomy":"category","embeddable":true,"href":"https:\/\/oficialnoticias.com\/index.php?rest_route=%2Fwp%2Fv2%2Fcategories&post=23794"},{"taxonomy":"post_tag","embeddable":true,"href":"https:\/\/oficialnoticias.com\/index.php?rest_route=%2Fwp%2Fv2%2Ftags&post=23794"}],"curies":[{"name":"wp","href":"https:\/\/api.w.org\/{rel}","templated":true}]}}