{"id":21535,"date":"2025-11-06T16:55:36","date_gmt":"2025-11-06T19:55:36","guid":{"rendered":"https:\/\/oficialnoticias.com\/?p=21535"},"modified":"2025-11-06T16:55:37","modified_gmt":"2025-11-06T19:55:37","slug":"lider-de-zema-e-absolvido-pelo-trf6-em-acao-que-o-acusava-de-receber-propina-para-liberar-emendas","status":"publish","type":"post","link":"https:\/\/oficialnoticias.com\/?p=21535","title":{"rendered":"L\u00edder de Zema \u00e9 absolvido pelo TRF6 em a\u00e7\u00e3o que o acusava de receber propina para liberar emendas"},"content":{"rendered":"<p><\/p>\n<div>\n<p>O deputado estadual Jo\u00e3o Magalh\u00e3es (MDB), l\u00edder do governo Zema (Novo) na Assembleia Legislativa de Minas Gerais (ALMG), foi absolvido em uma a\u00e7\u00e3o de improbidade administrativa movida pelo Minist\u00e9rio P\u00fablico Federal (MPF).<\/p>\n<p>\u00c0 \u00e9poca das acusa\u00e7\u00f5es, Magalh\u00e3es era deputado federal. A decis\u00e3o anulou a condena\u00e7\u00e3o em primeira inst\u00e2ncia e encerrou o processo, sem que haja possibilidade de novos recursos. O MPF investigava um suposto esquema de pagamento de propina para libera\u00e7\u00e3o de verbas federais por meio de emendas parlamentares.<\/p>\n<p>Com a condena\u00e7\u00e3o em primeira inst\u00e2ncia, os r\u00e9us, incluindo Magalh\u00e3es, recorreram alegando falta de provas que ligassem os valores investigados ao contrato foco da a\u00e7\u00e3o, al\u00e9m de questionarem a origem das provas e a aus\u00eancia de inten\u00e7\u00e3o de praticar irregularidades.<\/p>\n<p>O TRF6 entendeu que n\u00e3o havia comprova\u00e7\u00e3o \u201cobjetiva\u201d da rela\u00e7\u00e3o entre as transfer\u00eancias financeiras e o contrato citado na den\u00fancia. O relator da a\u00e7\u00e3o, desembargador Gr\u00e9gore Moreira de Moura, afirmou, na decis\u00e3o, que a acusa\u00e7\u00e3o era baseada em \u201cpresun\u00e7\u00f5es\u201d.<\/p>\n<p>Ele destaca ainda que conforme a reda\u00e7\u00e3o da Lei de Improbidade Administrativa, n\u00e3o \u00e9 mais poss\u00edvel condenar agentes p\u00fablicos sem \u201ccomprova\u00e7\u00e3o clara\u201d de dolo.<\/p>\n<p>O caso envolvia, al\u00e9m de Magalh\u00e3es, o ex-prefeito de Tumiritinga, Luiz Denis Alves Temponi, e Mary Roseane da Silva Lanes, apontada pelo MPF como assessora informal do ex-deputado federal.<\/p>\n<p>Na primeira inst\u00e2ncia, todos foram condenados com base em intercepta\u00e7\u00f5es telef\u00f4nicas e movimenta\u00e7\u00f5es financeiras. A senten\u00e7a previa perda de fun\u00e7\u00e3o p\u00fablica, multa civil, proibi\u00e7\u00e3o de contratar com o poder p\u00fablico e suspens\u00e3o dos direitos pol\u00edticos por oito anos.<\/p>\n<p>A reportagem entrou em contato com o deputado estadual Jo\u00e3o Magalh\u00e3es para comentar a absolvi\u00e7\u00e3o, mas n\u00e3o houve retorno at\u00e9 a publica\u00e7\u00e3o. O espa\u00e7o continua aberto.<\/p>\n<p><bsp-list-loadmore class=\"PageListStandardG\" data-module=\"\" data-show-loadmore=\"true\" data-list-title-size=\"3\" data-list-description-size=\"3\"><\/p>\n<p>    <a class=\"AnchorLink\" title=\"leia-tambem\" name=\"leia-tambem\"\/><\/p>\n<p><\/bsp-list-loadmore><\/p><\/div>\n<p><script>\n  window.fbAsyncInit = function() {\n      FB.init({\n              appId : '1447052969554341',\n          xfbml : true,\n          version : 'v2.9'\n      });\n  };\n  (function(d, s, id){\n     var js, fjs = d.getElementsByTagName(s)[0];\n     if (d.getElementById(id)) {return;}\n     js = d.createElement(s); js.id = id;\n     js.src = \"https:\/\/connect.facebook.net\/en_US\/sdk.js\";\n     fjs.parentNode.insertBefore(js, fjs);\n   }(document, 'script', 'facebook-jssdk'));\n<\/script><\/p>\n","protected":false},"excerpt":{"rendered":"<p>O deputado estadual Jo\u00e3o Magalh\u00e3es (MDB), l\u00edder do governo Zema (Novo) na Assembleia Legislativa de Minas Gerais (ALMG), foi absolvido em uma a\u00e7\u00e3o de improbidade administrativa movida pelo Minist\u00e9rio P\u00fablico Federal (MPF). \u00c0 \u00e9poca das acusa\u00e7\u00f5es, Magalh\u00e3es era deputado federal. A decis\u00e3o anulou a condena\u00e7\u00e3o em primeira inst\u00e2ncia e encerrou o processo, sem que haja&#8230;<\/p>\n","protected":false},"author":2,"featured_media":21536,"comment_status":"open","ping_status":"open","sticky":false,"template":"","format":"standard","meta":{"footnotes":""},"categories":[24],"tags":[],"class_list":["post-21535","post","type-post","status-publish","format-standard","has-post-thumbnail","hentry","category-politica"],"yoast_head":"<!-- This site is optimized with the Yoast SEO plugin v27.3 - https:\/\/yoast.com\/product\/yoast-seo-wordpress\/ -->\n<title>L\u00edder de Zema \u00e9 absolvido pelo TRF6 em a\u00e7\u00e3o que o acusava de receber propina para liberar emendas -<\/title>\n<meta name=\"robots\" content=\"index, follow, max-snippet:-1, max-image-preview:large, max-video-preview:-1\" \/>\n<link rel=\"canonical\" href=\"https:\/\/oficialnoticias.com\/?p=21535\" \/>\n<meta property=\"og:locale\" content=\"pt_BR\" \/>\n<meta property=\"og:type\" content=\"article\" \/>\n<meta property=\"og:title\" content=\"L\u00edder de Zema \u00e9 absolvido pelo TRF6 em a\u00e7\u00e3o que o acusava de receber propina para liberar emendas -\" \/>\n<meta property=\"og:description\" content=\"O deputado estadual Jo\u00e3o Magalh\u00e3es (MDB), l\u00edder do governo Zema (Novo) na Assembleia Legislativa de Minas Gerais (ALMG), foi absolvido em uma a\u00e7\u00e3o de improbidade administrativa movida pelo Minist\u00e9rio P\u00fablico Federal (MPF). \u00c0 \u00e9poca das acusa\u00e7\u00f5es, Magalh\u00e3es era deputado federal. A decis\u00e3o anulou a condena\u00e7\u00e3o em primeira inst\u00e2ncia e encerrou o processo, sem que haja...\" \/>\n<meta property=\"og:url\" content=\"https:\/\/oficialnoticias.com\/?p=21535\" \/>\n<meta property=\"article:published_time\" content=\"2025-11-06T19:55:36+00:00\" \/>\n<meta property=\"article:modified_time\" content=\"2025-11-06T19:55:37+00:00\" \/>\n<meta property=\"og:image\" content=\"https:\/\/oficialnoticias.com\/wp-content\/uploads\/2025\/11\/urlhttps3A2F2Fk2-prod-radio-itatiaia.s3.us-east-1.amazonaws.com2Fbrightspot2F062F812F830f60.webp\" \/>\n\t<meta property=\"og:image:width\" content=\"1200\" \/>\n\t<meta property=\"og:image:height\" content=\"630\" \/>\n\t<meta property=\"og:image:type\" content=\"image\/webp\" \/>\n<meta name=\"author\" content=\"Luana Gon\u00e7alves\" \/>\n<meta name=\"twitter:card\" content=\"summary_large_image\" \/>\n<meta name=\"twitter:label1\" content=\"Escrito por\" \/>\n\t<meta name=\"twitter:data1\" content=\"Luana Gon\u00e7alves\" \/>\n\t<meta name=\"twitter:label2\" content=\"Est. tempo de leitura\" \/>\n\t<meta name=\"twitter:data2\" content=\"2 minutos\" \/>\n<script type=\"application\/ld+json\" class=\"yoast-schema-graph\">{\"@context\":\"https:\\\/\\\/schema.org\",\"@graph\":[{\"@type\":\"Article\",\"@id\":\"https:\\\/\\\/oficialnoticias.com\\\/?p=21535#article\",\"isPartOf\":{\"@id\":\"https:\\\/\\\/oficialnoticias.com\\\/?p=21535\"},\"author\":{\"name\":\"Luana Gon\u00e7alves\",\"@id\":\"https:\\\/\\\/oficialnoticias.com\\\/#\\\/schema\\\/person\\\/2d1dcbb6bfbc28d68171b4dc04723d4a\"},\"headline\":\"L\u00edder de Zema \u00e9 absolvido pelo TRF6 em a\u00e7\u00e3o que o acusava de receber propina para liberar emendas\",\"datePublished\":\"2025-11-06T19:55:36+00:00\",\"dateModified\":\"2025-11-06T19:55:37+00:00\",\"mainEntityOfPage\":{\"@id\":\"https:\\\/\\\/oficialnoticias.com\\\/?p=21535\"},\"wordCount\":346,\"commentCount\":0,\"publisher\":{\"@id\":\"https:\\\/\\\/oficialnoticias.com\\\/#organization\"},\"image\":{\"@id\":\"https:\\\/\\\/oficialnoticias.com\\\/?p=21535#primaryimage\"},\"thumbnailUrl\":\"https:\\\/\\\/oficialnoticias.com\\\/wp-content\\\/uploads\\\/2025\\\/11\\\/urlhttps3A2F2Fk2-prod-radio-itatiaia.s3.us-east-1.amazonaws.com2Fbrightspot2F062F812F830f60.webp\",\"articleSection\":[\"Politica\"],\"inLanguage\":\"pt-BR\",\"potentialAction\":[{\"@type\":\"CommentAction\",\"name\":\"Comment\",\"target\":[\"https:\\\/\\\/oficialnoticias.com\\\/?p=21535#respond\"]}]},{\"@type\":\"WebPage\",\"@id\":\"https:\\\/\\\/oficialnoticias.com\\\/?p=21535\",\"url\":\"https:\\\/\\\/oficialnoticias.com\\\/?p=21535\",\"name\":\"L\u00edder de Zema \u00e9 absolvido pelo TRF6 em a\u00e7\u00e3o que o acusava de receber propina para liberar emendas -\",\"isPartOf\":{\"@id\":\"https:\\\/\\\/oficialnoticias.com\\\/#website\"},\"primaryImageOfPage\":{\"@id\":\"https:\\\/\\\/oficialnoticias.com\\\/?p=21535#primaryimage\"},\"image\":{\"@id\":\"https:\\\/\\\/oficialnoticias.com\\\/?p=21535#primaryimage\"},\"thumbnailUrl\":\"https:\\\/\\\/oficialnoticias.com\\\/wp-content\\\/uploads\\\/2025\\\/11\\\/urlhttps3A2F2Fk2-prod-radio-itatiaia.s3.us-east-1.amazonaws.com2Fbrightspot2F062F812F830f60.webp\",\"datePublished\":\"2025-11-06T19:55:36+00:00\",\"dateModified\":\"2025-11-06T19:55:37+00:00\",\"breadcrumb\":{\"@id\":\"https:\\\/\\\/oficialnoticias.com\\\/?p=21535#breadcrumb\"},\"inLanguage\":\"pt-BR\",\"potentialAction\":[{\"@type\":\"ReadAction\",\"target\":[\"https:\\\/\\\/oficialnoticias.com\\\/?p=21535\"]}]},{\"@type\":\"ImageObject\",\"inLanguage\":\"pt-BR\",\"@id\":\"https:\\\/\\\/oficialnoticias.com\\\/?p=21535#primaryimage\",\"url\":\"https:\\\/\\\/oficialnoticias.com\\\/wp-content\\\/uploads\\\/2025\\\/11\\\/urlhttps3A2F2Fk2-prod-radio-itatiaia.s3.us-east-1.amazonaws.com2Fbrightspot2F062F812F830f60.webp\",\"contentUrl\":\"https:\\\/\\\/oficialnoticias.com\\\/wp-content\\\/uploads\\\/2025\\\/11\\\/urlhttps3A2F2Fk2-prod-radio-itatiaia.s3.us-east-1.amazonaws.com2Fbrightspot2F062F812F830f60.webp\",\"width\":1200,\"height\":630},{\"@type\":\"BreadcrumbList\",\"@id\":\"https:\\\/\\\/oficialnoticias.com\\\/?p=21535#breadcrumb\",\"itemListElement\":[{\"@type\":\"ListItem\",\"position\":1,\"name\":\"In\u00edcio\",\"item\":\"https:\\\/\\\/oficialnoticias.com\\\/\"},{\"@type\":\"ListItem\",\"position\":2,\"name\":\"L\u00edder de Zema \u00e9 absolvido pelo TRF6 em a\u00e7\u00e3o que o acusava de receber propina para liberar emendas\"}]},{\"@type\":\"WebSite\",\"@id\":\"https:\\\/\\\/oficialnoticias.com\\\/#website\",\"url\":\"https:\\\/\\\/oficialnoticias.com\\\/\",\"name\":\"oficial Noticias\",\"description\":\"\",\"publisher\":{\"@id\":\"https:\\\/\\\/oficialnoticias.com\\\/#organization\"},\"potentialAction\":[{\"@type\":\"SearchAction\",\"target\":{\"@type\":\"EntryPoint\",\"urlTemplate\":\"https:\\\/\\\/oficialnoticias.com\\\/?s={search_term_string}\"},\"query-input\":{\"@type\":\"PropertyValueSpecification\",\"valueRequired\":true,\"valueName\":\"search_term_string\"}}],\"inLanguage\":\"pt-BR\"},{\"@type\":\"Organization\",\"@id\":\"https:\\\/\\\/oficialnoticias.com\\\/#organization\",\"name\":\"oficial noticias\",\"url\":\"https:\\\/\\\/oficialnoticias.com\\\/\",\"logo\":{\"@type\":\"ImageObject\",\"inLanguage\":\"pt-BR\",\"@id\":\"https:\\\/\\\/oficialnoticias.com\\\/#\\\/schema\\\/logo\\\/image\\\/\",\"url\":\"https:\\\/\\\/oficialnoticias.com\\\/wp-content\\\/uploads\\\/2025\\\/08\\\/cropped-cropped-cropped-Logo-Noticias-e1753639739829.png\",\"contentUrl\":\"https:\\\/\\\/oficialnoticias.com\\\/wp-content\\\/uploads\\\/2025\\\/08\\\/cropped-cropped-cropped-Logo-Noticias-e1753639739829.png\",\"width\":119,\"height\":86,\"caption\":\"oficial noticias\"},\"image\":{\"@id\":\"https:\\\/\\\/oficialnoticias.com\\\/#\\\/schema\\\/logo\\\/image\\\/\"}},{\"@type\":\"Person\",\"@id\":\"https:\\\/\\\/oficialnoticias.com\\\/#\\\/schema\\\/person\\\/2d1dcbb6bfbc28d68171b4dc04723d4a\",\"name\":\"Luana Gon\u00e7alves\",\"image\":{\"@type\":\"ImageObject\",\"inLanguage\":\"pt-BR\",\"@id\":\"https:\\\/\\\/secure.gravatar.com\\\/avatar\\\/7aa6afdef873224c1a0265951f3fdfc0679f65dfbd15f018612595d323c52521?s=96&d=mm&r=g\",\"url\":\"https:\\\/\\\/secure.gravatar.com\\\/avatar\\\/7aa6afdef873224c1a0265951f3fdfc0679f65dfbd15f018612595d323c52521?s=96&d=mm&r=g\",\"contentUrl\":\"https:\\\/\\\/secure.gravatar.com\\\/avatar\\\/7aa6afdef873224c1a0265951f3fdfc0679f65dfbd15f018612595d323c52521?s=96&d=mm&r=g\",\"caption\":\"Luana Gon\u00e7alves\"},\"sameAs\":[\"https:\\\/\\\/oficialnoticias.com\\\/\"],\"url\":\"https:\\\/\\\/oficialnoticias.com\\\/?author=2\"}]}<\/script>\n<!-- \/ Yoast SEO plugin. -->","yoast_head_json":{"title":"L\u00edder de Zema \u00e9 absolvido pelo TRF6 em a\u00e7\u00e3o que o acusava de receber propina para liberar emendas -","robots":{"index":"index","follow":"follow","max-snippet":"max-snippet:-1","max-image-preview":"max-image-preview:large","max-video-preview":"max-video-preview:-1"},"canonical":"https:\/\/oficialnoticias.com\/?p=21535","og_locale":"pt_BR","og_type":"article","og_title":"L\u00edder de Zema \u00e9 absolvido pelo TRF6 em a\u00e7\u00e3o que o acusava de receber propina para liberar emendas -","og_description":"O deputado estadual Jo\u00e3o Magalh\u00e3es (MDB), l\u00edder do governo Zema (Novo) na Assembleia Legislativa de Minas Gerais (ALMG), foi absolvido em uma a\u00e7\u00e3o de improbidade administrativa movida pelo Minist\u00e9rio P\u00fablico Federal (MPF). \u00c0 \u00e9poca das acusa\u00e7\u00f5es, Magalh\u00e3es era deputado federal. A decis\u00e3o anulou a condena\u00e7\u00e3o em primeira inst\u00e2ncia e encerrou o processo, sem que haja...","og_url":"https:\/\/oficialnoticias.com\/?p=21535","article_published_time":"2025-11-06T19:55:36+00:00","article_modified_time":"2025-11-06T19:55:37+00:00","og_image":[{"width":1200,"height":630,"url":"https:\/\/oficialnoticias.com\/wp-content\/uploads\/2025\/11\/urlhttps3A2F2Fk2-prod-radio-itatiaia.s3.us-east-1.amazonaws.com2Fbrightspot2F062F812F830f60.webp","type":"image\/webp"}],"author":"Luana Gon\u00e7alves","twitter_card":"summary_large_image","twitter_misc":{"Escrito por":"Luana Gon\u00e7alves","Est. tempo de leitura":"2 minutos"},"schema":{"@context":"https:\/\/schema.org","@graph":[{"@type":"Article","@id":"https:\/\/oficialnoticias.com\/?p=21535#article","isPartOf":{"@id":"https:\/\/oficialnoticias.com\/?p=21535"},"author":{"name":"Luana Gon\u00e7alves","@id":"https:\/\/oficialnoticias.com\/#\/schema\/person\/2d1dcbb6bfbc28d68171b4dc04723d4a"},"headline":"L\u00edder de Zema \u00e9 absolvido pelo TRF6 em a\u00e7\u00e3o que o acusava de receber propina para liberar emendas","datePublished":"2025-11-06T19:55:36+00:00","dateModified":"2025-11-06T19:55:37+00:00","mainEntityOfPage":{"@id":"https:\/\/oficialnoticias.com\/?p=21535"},"wordCount":346,"commentCount":0,"publisher":{"@id":"https:\/\/oficialnoticias.com\/#organization"},"image":{"@id":"https:\/\/oficialnoticias.com\/?p=21535#primaryimage"},"thumbnailUrl":"https:\/\/oficialnoticias.com\/wp-content\/uploads\/2025\/11\/urlhttps3A2F2Fk2-prod-radio-itatiaia.s3.us-east-1.amazonaws.com2Fbrightspot2F062F812F830f60.webp","articleSection":["Politica"],"inLanguage":"pt-BR","potentialAction":[{"@type":"CommentAction","name":"Comment","target":["https:\/\/oficialnoticias.com\/?p=21535#respond"]}]},{"@type":"WebPage","@id":"https:\/\/oficialnoticias.com\/?p=21535","url":"https:\/\/oficialnoticias.com\/?p=21535","name":"L\u00edder de Zema \u00e9 absolvido pelo TRF6 em a\u00e7\u00e3o que o acusava de receber propina para liberar emendas -","isPartOf":{"@id":"https:\/\/oficialnoticias.com\/#website"},"primaryImageOfPage":{"@id":"https:\/\/oficialnoticias.com\/?p=21535#primaryimage"},"image":{"@id":"https:\/\/oficialnoticias.com\/?p=21535#primaryimage"},"thumbnailUrl":"https:\/\/oficialnoticias.com\/wp-content\/uploads\/2025\/11\/urlhttps3A2F2Fk2-prod-radio-itatiaia.s3.us-east-1.amazonaws.com2Fbrightspot2F062F812F830f60.webp","datePublished":"2025-11-06T19:55:36+00:00","dateModified":"2025-11-06T19:55:37+00:00","breadcrumb":{"@id":"https:\/\/oficialnoticias.com\/?p=21535#breadcrumb"},"inLanguage":"pt-BR","potentialAction":[{"@type":"ReadAction","target":["https:\/\/oficialnoticias.com\/?p=21535"]}]},{"@type":"ImageObject","inLanguage":"pt-BR","@id":"https:\/\/oficialnoticias.com\/?p=21535#primaryimage","url":"https:\/\/oficialnoticias.com\/wp-content\/uploads\/2025\/11\/urlhttps3A2F2Fk2-prod-radio-itatiaia.s3.us-east-1.amazonaws.com2Fbrightspot2F062F812F830f60.webp","contentUrl":"https:\/\/oficialnoticias.com\/wp-content\/uploads\/2025\/11\/urlhttps3A2F2Fk2-prod-radio-itatiaia.s3.us-east-1.amazonaws.com2Fbrightspot2F062F812F830f60.webp","width":1200,"height":630},{"@type":"BreadcrumbList","@id":"https:\/\/oficialnoticias.com\/?p=21535#breadcrumb","itemListElement":[{"@type":"ListItem","position":1,"name":"In\u00edcio","item":"https:\/\/oficialnoticias.com\/"},{"@type":"ListItem","position":2,"name":"L\u00edder de Zema \u00e9 absolvido pelo TRF6 em a\u00e7\u00e3o que o acusava de receber propina para liberar emendas"}]},{"@type":"WebSite","@id":"https:\/\/oficialnoticias.com\/#website","url":"https:\/\/oficialnoticias.com\/","name":"oficial Noticias","description":"","publisher":{"@id":"https:\/\/oficialnoticias.com\/#organization"},"potentialAction":[{"@type":"SearchAction","target":{"@type":"EntryPoint","urlTemplate":"https:\/\/oficialnoticias.com\/?s={search_term_string}"},"query-input":{"@type":"PropertyValueSpecification","valueRequired":true,"valueName":"search_term_string"}}],"inLanguage":"pt-BR"},{"@type":"Organization","@id":"https:\/\/oficialnoticias.com\/#organization","name":"oficial noticias","url":"https:\/\/oficialnoticias.com\/","logo":{"@type":"ImageObject","inLanguage":"pt-BR","@id":"https:\/\/oficialnoticias.com\/#\/schema\/logo\/image\/","url":"https:\/\/oficialnoticias.com\/wp-content\/uploads\/2025\/08\/cropped-cropped-cropped-Logo-Noticias-e1753639739829.png","contentUrl":"https:\/\/oficialnoticias.com\/wp-content\/uploads\/2025\/08\/cropped-cropped-cropped-Logo-Noticias-e1753639739829.png","width":119,"height":86,"caption":"oficial noticias"},"image":{"@id":"https:\/\/oficialnoticias.com\/#\/schema\/logo\/image\/"}},{"@type":"Person","@id":"https:\/\/oficialnoticias.com\/#\/schema\/person\/2d1dcbb6bfbc28d68171b4dc04723d4a","name":"Luana Gon\u00e7alves","image":{"@type":"ImageObject","inLanguage":"pt-BR","@id":"https:\/\/secure.gravatar.com\/avatar\/7aa6afdef873224c1a0265951f3fdfc0679f65dfbd15f018612595d323c52521?s=96&d=mm&r=g","url":"https:\/\/secure.gravatar.com\/avatar\/7aa6afdef873224c1a0265951f3fdfc0679f65dfbd15f018612595d323c52521?s=96&d=mm&r=g","contentUrl":"https:\/\/secure.gravatar.com\/avatar\/7aa6afdef873224c1a0265951f3fdfc0679f65dfbd15f018612595d323c52521?s=96&d=mm&r=g","caption":"Luana Gon\u00e7alves"},"sameAs":["https:\/\/oficialnoticias.com\/"],"url":"https:\/\/oficialnoticias.com\/?author=2"}]}},"_links":{"self":[{"href":"https:\/\/oficialnoticias.com\/index.php?rest_route=\/wp\/v2\/posts\/21535","targetHints":{"allow":["GET"]}}],"collection":[{"href":"https:\/\/oficialnoticias.com\/index.php?rest_route=\/wp\/v2\/posts"}],"about":[{"href":"https:\/\/oficialnoticias.com\/index.php?rest_route=\/wp\/v2\/types\/post"}],"author":[{"embeddable":true,"href":"https:\/\/oficialnoticias.com\/index.php?rest_route=\/wp\/v2\/users\/2"}],"replies":[{"embeddable":true,"href":"https:\/\/oficialnoticias.com\/index.php?rest_route=%2Fwp%2Fv2%2Fcomments&post=21535"}],"version-history":[{"count":1,"href":"https:\/\/oficialnoticias.com\/index.php?rest_route=\/wp\/v2\/posts\/21535\/revisions"}],"predecessor-version":[{"id":21537,"href":"https:\/\/oficialnoticias.com\/index.php?rest_route=\/wp\/v2\/posts\/21535\/revisions\/21537"}],"wp:featuredmedia":[{"embeddable":true,"href":"https:\/\/oficialnoticias.com\/index.php?rest_route=\/wp\/v2\/media\/21536"}],"wp:attachment":[{"href":"https:\/\/oficialnoticias.com\/index.php?rest_route=%2Fwp%2Fv2%2Fmedia&parent=21535"}],"wp:term":[{"taxonomy":"category","embeddable":true,"href":"https:\/\/oficialnoticias.com\/index.php?rest_route=%2Fwp%2Fv2%2Fcategories&post=21535"},{"taxonomy":"post_tag","embeddable":true,"href":"https:\/\/oficialnoticias.com\/index.php?rest_route=%2Fwp%2Fv2%2Ftags&post=21535"}],"curies":[{"name":"wp","href":"https:\/\/api.w.org\/{rel}","templated":true}]}}