{"id":21448,"date":"2025-11-06T08:30:08","date_gmt":"2025-11-06T11:30:08","guid":{"rendered":"https:\/\/oficialnoticias.com\/?p=21448"},"modified":"2025-11-06T08:30:09","modified_gmt":"2025-11-06T11:30:09","slug":"salario-e-prioridade-e-estresse-derruba-o-que-querem-os-jovens-no-trabalho","status":"publish","type":"post","link":"https:\/\/oficialnoticias.com\/?p=21448","title":{"rendered":"Sal\u00e1rio \u00e9 prioridade, e estresse derruba: o que querem os jovens no trabalho"},"content":{"rendered":"<p><\/p>\n<div>\n<p>Esque\u00e7a o clich\u00ea de que a nova gera\u00e7\u00e3o busca apenas prop\u00f3sito e flexibilidade. Para o jovem brasileiro, o que define uma boa<bsp-link-enhancement><br \/>\n    <span class=\"LinkEnhancement\"><a class=\"Link\" href=\"https:\/\/www.itatiaia.com.br\/economia\/negocios\/industria\/industria-mostra-forca-e-cria-38-6-mil-vagas-em-setembro-aponta-caged\" title=\" vaga de emprego\"> vaga de emprego<\/a><\/span><\/bsp-link-enhancement> \u00e9, antes de tudo, o sal\u00e1rio. A remunera\u00e7\u00e3o \u00e9 o principal motivador na hora de <bsp-link-enhancement><br \/>\n    <span class=\"LinkEnhancement\"><a class=\"Link\" href=\"https:\/\/www.itatiaia.com.br\/economia\/negocios\/industria\/profissoes-do-futuro-pesquisa-da-cni-revela-o-novo-mapa-de-carreiras-da-industria\" title=\"escolher uma carreira\">escolher uma carreira<\/a><\/span><\/bsp-link-enhancement>, apontada como prioridade m\u00e1xima por 41% dos entrevistados.<\/p>\n<p>A constata\u00e7\u00e3o \u00e9 da pesquisa \u201cJovens e o futuro da ind\u00fastria brasileira\u201d, divulgada pelo Sistema Ind\u00fastria (CNI, SESI, SENAI e IEL). O estudo ouviu 3.505 pessoas, sendo 1.958 jovens de 14 a 29 anos e 1.547 adultos de 30 a 59 anos, em todas as 27 Unidades da Federa\u00e7\u00e3o.<\/p>\n<p>Depois do sal\u00e1rio, os fatores mais valorizados pelos jovens s\u00e3o a perspectiva de crescimento na carreira (21%) e os benef\u00edcios complementares (20%). A estabilidade no emprego aparece logo em seguida, com 19%.<\/p>\n<h2>O que faz o jovem pedir demiss\u00e3o?<\/h2>\n<p>Se o sal\u00e1rio alto atrai, o sal\u00e1rio baixo \u00e9 o principal fator de repuls\u00e3o. A pesquisa revela que 50% dos jovens mudariam de emprego por causa de um \u201csal\u00e1rio baixo\u201d.<\/p>\n<p>O segundo motivo mais citado, por\u00e9m, acende um alerta sobre as condi\u00e7\u00f5es de trabalho: 28% pediriam demiss\u00e3o devido \u00e0 \u201cpress\u00e3o\/estresse no ambiente de trabalho\u201d. Esse n\u00famero \u00e9 id\u00eantico ao registrado entre os adultos (30-59 anos), que tamb\u00e9m citam o estresse como o segundo principal motivo para sair (28%).<\/p>\n<p>Completam a lista de motivos para mudan\u00e7a entre os jovens a falta de perspectiva de crescimento (18%) e a oferta de benef\u00edcios ruins ou insuficientes (16%).<\/p>\n<h2>Flexibilidade<\/h2>\n<p>Embora a remunera\u00e7\u00e3o seja a prioridade, os jovens demonstram forte interesse em modelos de trabalho alternativos. A maioria concorda que o trabalho h\u00edbrido (66%) e o trabalho remoto (62%) s\u00e3o melhores que o modelo puramente presencial.<\/p>\n<p>No entanto, a pesquisa revela um pragmatismo claro: a flexibilidade n\u00e3o pode custar dinheiro.<\/p>\n<ul>\n<li>66% dos jovens aceitariam trabalhar mais horas para receber um sal\u00e1rio maior<\/li>\n<li>55% discordam de receber um sal\u00e1rio menor para ter hor\u00e1rios mais flex\u00edveis<\/li>\n<li>57% discordam de receber um sal\u00e1rio menor para ter mais flexibilidade no local de trabalho (h\u00edbrido\/remoto)<\/li>\n<\/ul>\n<p><bsp-list-loadmore class=\"PageListStandardG\" data-module=\"\" data-show-loadmore=\"true\" data-list-title-size=\"3\" data-list-description-size=\"3\"><\/p>\n<p>    <a class=\"AnchorLink\" title=\"leia-tambem\" name=\"leia-tambem\"\/><\/p>\n<p><\/bsp-list-loadmore><\/p>\n<h2>O \u2018apag\u00e3o\u2019 de compet\u00eancias e o fantasma da IA<\/h2>\n<p>Questionados sobre o principal obst\u00e1culo para conseguir um bom emprego, a resposta \u00e9 categ\u00f3rica para ambos os grupos: a \u201cfalta de forma\u00e7\u00e3o suficiente, acad\u00eamica ou t\u00e9cnica\/profissional\u201d. Este \u00e9 o maior entrave para 43% dos jovens e 50% dos adultos. A falta de experi\u00eancia pr\u00e1tica aparece em segundo lugar, com 14% para ambos.<\/p>\n<p>Esse \u201capag\u00e3o\u201d de habilidades \u00e9 percebido em um momento de profunda transforma\u00e7\u00e3o tecnol\u00f3gica. Os jovens reconhecem a import\u00e2ncia das compet\u00eancias digitais: 68% as consideram \u201cimprescind\u00edveis\u201d (20%) ou \u201cimportantes\u201d (48%) para sua \u00e1rea de trabalho ideal.<\/p>\n<p>A Intelig\u00eancia Artificial (IA) tamb\u00e9m gera sentimentos d\u00fabios:<\/p>\n<ul>\n<li>75% concordam que a IA contribui para a produtividade<\/li>\n<li>75% tamb\u00e9m concordam que a IA pode \u201croubar\u201d vagas de emprego no futuro pr\u00f3ximo<\/li>\n<\/ul>\n<h2>Interesse em estudar existe, mas falta acesso<\/h2>\n<p>Apesar da percep\u00e7\u00e3o de falta de forma\u00e7\u00e3o, o desejo de se qualificar \u00e9 alto. A pesquisa mostra que 88% dos jovens se interessariam por realizar um curso t\u00e9cnico, gradua\u00e7\u00e3o profissionalizante ou microcertifica\u00e7\u00e3o se a oportunidade fosse gratuita.<\/p>\n<p>O problema, no entanto, \u00e9 o acesso \u00e0 informa\u00e7\u00e3o. A maioria dos jovens (57%) afirma que n\u00e3o conhece ou n\u00e3o sabe onde teria acesso gratuito a esses cursos de qualifica\u00e7\u00e3o. Entre os adultos, o desconhecimento \u00e9 de 50%.<\/p>\n<\/p><\/div>\n<p><script>\n  window.fbAsyncInit = function() {\n      FB.init({\n              appId : '1447052969554341',\n          xfbml : true,\n          version : 'v2.9'\n      });\n  };\n  (function(d, s, id){\n     var js, fjs = d.getElementsByTagName(s)[0];\n     if (d.getElementById(id)) {return;}\n     js = d.createElement(s); js.id = id;\n     js.src = \"https:\/\/connect.facebook.net\/en_US\/sdk.js\";\n     fjs.parentNode.insertBefore(js, fjs);\n   }(document, 'script', 'facebook-jssdk'));\n<\/script><\/p>\n","protected":false},"excerpt":{"rendered":"<p>Esque\u00e7a o clich\u00ea de que a nova gera\u00e7\u00e3o busca apenas prop\u00f3sito e flexibilidade. Para o jovem brasileiro, o que define uma boa vaga de emprego \u00e9, antes de tudo, o sal\u00e1rio. A remunera\u00e7\u00e3o \u00e9 o principal motivador na hora de escolher uma carreira, apontada como prioridade m\u00e1xima por 41% dos entrevistados. A constata\u00e7\u00e3o \u00e9 da&#8230;<\/p>\n","protected":false},"author":2,"featured_media":21449,"comment_status":"open","ping_status":"open","sticky":false,"template":"","format":"standard","meta":{"footnotes":""},"categories":[25],"tags":[],"class_list":["post-21448","post","type-post","status-publish","format-standard","has-post-thumbnail","hentry","category-economia"],"yoast_head":"<!-- This site is optimized with the Yoast SEO plugin v27.3 - https:\/\/yoast.com\/product\/yoast-seo-wordpress\/ -->\n<title>Sal\u00e1rio \u00e9 prioridade, e estresse derruba: o que querem os jovens no trabalho -<\/title>\n<meta name=\"robots\" content=\"index, follow, max-snippet:-1, max-image-preview:large, max-video-preview:-1\" \/>\n<link rel=\"canonical\" href=\"https:\/\/oficialnoticias.com\/?p=21448\" \/>\n<meta property=\"og:locale\" content=\"pt_BR\" \/>\n<meta property=\"og:type\" content=\"article\" \/>\n<meta property=\"og:title\" content=\"Sal\u00e1rio \u00e9 prioridade, e estresse derruba: o que querem os jovens no trabalho -\" \/>\n<meta property=\"og:description\" content=\"Esque\u00e7a o clich\u00ea de que a nova gera\u00e7\u00e3o busca apenas prop\u00f3sito e flexibilidade. Para o jovem brasileiro, o que define uma boa vaga de emprego \u00e9, antes de tudo, o sal\u00e1rio. A remunera\u00e7\u00e3o \u00e9 o principal motivador na hora de escolher uma carreira, apontada como prioridade m\u00e1xima por 41% dos entrevistados. A constata\u00e7\u00e3o \u00e9 da...\" \/>\n<meta property=\"og:url\" content=\"https:\/\/oficialnoticias.com\/?p=21448\" \/>\n<meta property=\"article:published_time\" content=\"2025-11-06T11:30:08+00:00\" \/>\n<meta property=\"article:modified_time\" content=\"2025-11-06T11:30:09+00:00\" \/>\n<meta property=\"og:image\" content=\"https:\/\/oficialnoticias.com\/wp-content\/uploads\/2025\/11\/urlhttps3A2F2Fk2-prod-radio-itatiaia.s3.us-east-1.amazonaws.com2Fbrightspot2F3a2F4e2F88f39d.webp\" \/>\n\t<meta property=\"og:image:width\" content=\"1200\" \/>\n\t<meta property=\"og:image:height\" content=\"630\" \/>\n\t<meta property=\"og:image:type\" content=\"image\/webp\" \/>\n<meta name=\"author\" content=\"Luana Gon\u00e7alves\" \/>\n<meta name=\"twitter:card\" content=\"summary_large_image\" \/>\n<meta name=\"twitter:label1\" content=\"Escrito por\" \/>\n\t<meta name=\"twitter:data1\" content=\"Luana Gon\u00e7alves\" \/>\n\t<meta name=\"twitter:label2\" content=\"Est. tempo de leitura\" \/>\n\t<meta name=\"twitter:data2\" content=\"3 minutos\" \/>\n<script type=\"application\/ld+json\" class=\"yoast-schema-graph\">{\"@context\":\"https:\\\/\\\/schema.org\",\"@graph\":[{\"@type\":\"Article\",\"@id\":\"https:\\\/\\\/oficialnoticias.com\\\/?p=21448#article\",\"isPartOf\":{\"@id\":\"https:\\\/\\\/oficialnoticias.com\\\/?p=21448\"},\"author\":{\"name\":\"Luana Gon\u00e7alves\",\"@id\":\"https:\\\/\\\/oficialnoticias.com\\\/#\\\/schema\\\/person\\\/2d1dcbb6bfbc28d68171b4dc04723d4a\"},\"headline\":\"Sal\u00e1rio \u00e9 prioridade, e estresse derruba: o que querem os jovens no trabalho\",\"datePublished\":\"2025-11-06T11:30:08+00:00\",\"dateModified\":\"2025-11-06T11:30:09+00:00\",\"mainEntityOfPage\":{\"@id\":\"https:\\\/\\\/oficialnoticias.com\\\/?p=21448\"},\"wordCount\":579,\"commentCount\":0,\"publisher\":{\"@id\":\"https:\\\/\\\/oficialnoticias.com\\\/#organization\"},\"image\":{\"@id\":\"https:\\\/\\\/oficialnoticias.com\\\/?p=21448#primaryimage\"},\"thumbnailUrl\":\"https:\\\/\\\/oficialnoticias.com\\\/wp-content\\\/uploads\\\/2025\\\/11\\\/urlhttps3A2F2Fk2-prod-radio-itatiaia.s3.us-east-1.amazonaws.com2Fbrightspot2F3a2F4e2F88f39d.webp\",\"articleSection\":[\"Economia\"],\"inLanguage\":\"pt-BR\",\"potentialAction\":[{\"@type\":\"CommentAction\",\"name\":\"Comment\",\"target\":[\"https:\\\/\\\/oficialnoticias.com\\\/?p=21448#respond\"]}]},{\"@type\":\"WebPage\",\"@id\":\"https:\\\/\\\/oficialnoticias.com\\\/?p=21448\",\"url\":\"https:\\\/\\\/oficialnoticias.com\\\/?p=21448\",\"name\":\"Sal\u00e1rio \u00e9 prioridade, e estresse derruba: o que querem os jovens no trabalho -\",\"isPartOf\":{\"@id\":\"https:\\\/\\\/oficialnoticias.com\\\/#website\"},\"primaryImageOfPage\":{\"@id\":\"https:\\\/\\\/oficialnoticias.com\\\/?p=21448#primaryimage\"},\"image\":{\"@id\":\"https:\\\/\\\/oficialnoticias.com\\\/?p=21448#primaryimage\"},\"thumbnailUrl\":\"https:\\\/\\\/oficialnoticias.com\\\/wp-content\\\/uploads\\\/2025\\\/11\\\/urlhttps3A2F2Fk2-prod-radio-itatiaia.s3.us-east-1.amazonaws.com2Fbrightspot2F3a2F4e2F88f39d.webp\",\"datePublished\":\"2025-11-06T11:30:08+00:00\",\"dateModified\":\"2025-11-06T11:30:09+00:00\",\"breadcrumb\":{\"@id\":\"https:\\\/\\\/oficialnoticias.com\\\/?p=21448#breadcrumb\"},\"inLanguage\":\"pt-BR\",\"potentialAction\":[{\"@type\":\"ReadAction\",\"target\":[\"https:\\\/\\\/oficialnoticias.com\\\/?p=21448\"]}]},{\"@type\":\"ImageObject\",\"inLanguage\":\"pt-BR\",\"@id\":\"https:\\\/\\\/oficialnoticias.com\\\/?p=21448#primaryimage\",\"url\":\"https:\\\/\\\/oficialnoticias.com\\\/wp-content\\\/uploads\\\/2025\\\/11\\\/urlhttps3A2F2Fk2-prod-radio-itatiaia.s3.us-east-1.amazonaws.com2Fbrightspot2F3a2F4e2F88f39d.webp\",\"contentUrl\":\"https:\\\/\\\/oficialnoticias.com\\\/wp-content\\\/uploads\\\/2025\\\/11\\\/urlhttps3A2F2Fk2-prod-radio-itatiaia.s3.us-east-1.amazonaws.com2Fbrightspot2F3a2F4e2F88f39d.webp\",\"width\":1200,\"height\":630},{\"@type\":\"BreadcrumbList\",\"@id\":\"https:\\\/\\\/oficialnoticias.com\\\/?p=21448#breadcrumb\",\"itemListElement\":[{\"@type\":\"ListItem\",\"position\":1,\"name\":\"In\u00edcio\",\"item\":\"https:\\\/\\\/oficialnoticias.com\\\/\"},{\"@type\":\"ListItem\",\"position\":2,\"name\":\"Sal\u00e1rio \u00e9 prioridade, e estresse derruba: o que querem os jovens no trabalho\"}]},{\"@type\":\"WebSite\",\"@id\":\"https:\\\/\\\/oficialnoticias.com\\\/#website\",\"url\":\"https:\\\/\\\/oficialnoticias.com\\\/\",\"name\":\"oficial Noticias\",\"description\":\"\",\"publisher\":{\"@id\":\"https:\\\/\\\/oficialnoticias.com\\\/#organization\"},\"potentialAction\":[{\"@type\":\"SearchAction\",\"target\":{\"@type\":\"EntryPoint\",\"urlTemplate\":\"https:\\\/\\\/oficialnoticias.com\\\/?s={search_term_string}\"},\"query-input\":{\"@type\":\"PropertyValueSpecification\",\"valueRequired\":true,\"valueName\":\"search_term_string\"}}],\"inLanguage\":\"pt-BR\"},{\"@type\":\"Organization\",\"@id\":\"https:\\\/\\\/oficialnoticias.com\\\/#organization\",\"name\":\"oficial noticias\",\"url\":\"https:\\\/\\\/oficialnoticias.com\\\/\",\"logo\":{\"@type\":\"ImageObject\",\"inLanguage\":\"pt-BR\",\"@id\":\"https:\\\/\\\/oficialnoticias.com\\\/#\\\/schema\\\/logo\\\/image\\\/\",\"url\":\"https:\\\/\\\/oficialnoticias.com\\\/wp-content\\\/uploads\\\/2025\\\/08\\\/cropped-cropped-cropped-Logo-Noticias-e1753639739829.png\",\"contentUrl\":\"https:\\\/\\\/oficialnoticias.com\\\/wp-content\\\/uploads\\\/2025\\\/08\\\/cropped-cropped-cropped-Logo-Noticias-e1753639739829.png\",\"width\":119,\"height\":86,\"caption\":\"oficial noticias\"},\"image\":{\"@id\":\"https:\\\/\\\/oficialnoticias.com\\\/#\\\/schema\\\/logo\\\/image\\\/\"}},{\"@type\":\"Person\",\"@id\":\"https:\\\/\\\/oficialnoticias.com\\\/#\\\/schema\\\/person\\\/2d1dcbb6bfbc28d68171b4dc04723d4a\",\"name\":\"Luana Gon\u00e7alves\",\"image\":{\"@type\":\"ImageObject\",\"inLanguage\":\"pt-BR\",\"@id\":\"https:\\\/\\\/secure.gravatar.com\\\/avatar\\\/7aa6afdef873224c1a0265951f3fdfc0679f65dfbd15f018612595d323c52521?s=96&d=mm&r=g\",\"url\":\"https:\\\/\\\/secure.gravatar.com\\\/avatar\\\/7aa6afdef873224c1a0265951f3fdfc0679f65dfbd15f018612595d323c52521?s=96&d=mm&r=g\",\"contentUrl\":\"https:\\\/\\\/secure.gravatar.com\\\/avatar\\\/7aa6afdef873224c1a0265951f3fdfc0679f65dfbd15f018612595d323c52521?s=96&d=mm&r=g\",\"caption\":\"Luana Gon\u00e7alves\"},\"sameAs\":[\"https:\\\/\\\/oficialnoticias.com\\\/\"],\"url\":\"https:\\\/\\\/oficialnoticias.com\\\/?author=2\"}]}<\/script>\n<!-- \/ Yoast SEO plugin. -->","yoast_head_json":{"title":"Sal\u00e1rio \u00e9 prioridade, e estresse derruba: o que querem os jovens no trabalho -","robots":{"index":"index","follow":"follow","max-snippet":"max-snippet:-1","max-image-preview":"max-image-preview:large","max-video-preview":"max-video-preview:-1"},"canonical":"https:\/\/oficialnoticias.com\/?p=21448","og_locale":"pt_BR","og_type":"article","og_title":"Sal\u00e1rio \u00e9 prioridade, e estresse derruba: o que querem os jovens no trabalho -","og_description":"Esque\u00e7a o clich\u00ea de que a nova gera\u00e7\u00e3o busca apenas prop\u00f3sito e flexibilidade. Para o jovem brasileiro, o que define uma boa vaga de emprego \u00e9, antes de tudo, o sal\u00e1rio. A remunera\u00e7\u00e3o \u00e9 o principal motivador na hora de escolher uma carreira, apontada como prioridade m\u00e1xima por 41% dos entrevistados. A constata\u00e7\u00e3o \u00e9 da...","og_url":"https:\/\/oficialnoticias.com\/?p=21448","article_published_time":"2025-11-06T11:30:08+00:00","article_modified_time":"2025-11-06T11:30:09+00:00","og_image":[{"width":1200,"height":630,"url":"https:\/\/oficialnoticias.com\/wp-content\/uploads\/2025\/11\/urlhttps3A2F2Fk2-prod-radio-itatiaia.s3.us-east-1.amazonaws.com2Fbrightspot2F3a2F4e2F88f39d.webp","type":"image\/webp"}],"author":"Luana Gon\u00e7alves","twitter_card":"summary_large_image","twitter_misc":{"Escrito por":"Luana Gon\u00e7alves","Est. tempo de leitura":"3 minutos"},"schema":{"@context":"https:\/\/schema.org","@graph":[{"@type":"Article","@id":"https:\/\/oficialnoticias.com\/?p=21448#article","isPartOf":{"@id":"https:\/\/oficialnoticias.com\/?p=21448"},"author":{"name":"Luana Gon\u00e7alves","@id":"https:\/\/oficialnoticias.com\/#\/schema\/person\/2d1dcbb6bfbc28d68171b4dc04723d4a"},"headline":"Sal\u00e1rio \u00e9 prioridade, e estresse derruba: o que querem os jovens no trabalho","datePublished":"2025-11-06T11:30:08+00:00","dateModified":"2025-11-06T11:30:09+00:00","mainEntityOfPage":{"@id":"https:\/\/oficialnoticias.com\/?p=21448"},"wordCount":579,"commentCount":0,"publisher":{"@id":"https:\/\/oficialnoticias.com\/#organization"},"image":{"@id":"https:\/\/oficialnoticias.com\/?p=21448#primaryimage"},"thumbnailUrl":"https:\/\/oficialnoticias.com\/wp-content\/uploads\/2025\/11\/urlhttps3A2F2Fk2-prod-radio-itatiaia.s3.us-east-1.amazonaws.com2Fbrightspot2F3a2F4e2F88f39d.webp","articleSection":["Economia"],"inLanguage":"pt-BR","potentialAction":[{"@type":"CommentAction","name":"Comment","target":["https:\/\/oficialnoticias.com\/?p=21448#respond"]}]},{"@type":"WebPage","@id":"https:\/\/oficialnoticias.com\/?p=21448","url":"https:\/\/oficialnoticias.com\/?p=21448","name":"Sal\u00e1rio \u00e9 prioridade, e estresse derruba: o que querem os jovens no trabalho -","isPartOf":{"@id":"https:\/\/oficialnoticias.com\/#website"},"primaryImageOfPage":{"@id":"https:\/\/oficialnoticias.com\/?p=21448#primaryimage"},"image":{"@id":"https:\/\/oficialnoticias.com\/?p=21448#primaryimage"},"thumbnailUrl":"https:\/\/oficialnoticias.com\/wp-content\/uploads\/2025\/11\/urlhttps3A2F2Fk2-prod-radio-itatiaia.s3.us-east-1.amazonaws.com2Fbrightspot2F3a2F4e2F88f39d.webp","datePublished":"2025-11-06T11:30:08+00:00","dateModified":"2025-11-06T11:30:09+00:00","breadcrumb":{"@id":"https:\/\/oficialnoticias.com\/?p=21448#breadcrumb"},"inLanguage":"pt-BR","potentialAction":[{"@type":"ReadAction","target":["https:\/\/oficialnoticias.com\/?p=21448"]}]},{"@type":"ImageObject","inLanguage":"pt-BR","@id":"https:\/\/oficialnoticias.com\/?p=21448#primaryimage","url":"https:\/\/oficialnoticias.com\/wp-content\/uploads\/2025\/11\/urlhttps3A2F2Fk2-prod-radio-itatiaia.s3.us-east-1.amazonaws.com2Fbrightspot2F3a2F4e2F88f39d.webp","contentUrl":"https:\/\/oficialnoticias.com\/wp-content\/uploads\/2025\/11\/urlhttps3A2F2Fk2-prod-radio-itatiaia.s3.us-east-1.amazonaws.com2Fbrightspot2F3a2F4e2F88f39d.webp","width":1200,"height":630},{"@type":"BreadcrumbList","@id":"https:\/\/oficialnoticias.com\/?p=21448#breadcrumb","itemListElement":[{"@type":"ListItem","position":1,"name":"In\u00edcio","item":"https:\/\/oficialnoticias.com\/"},{"@type":"ListItem","position":2,"name":"Sal\u00e1rio \u00e9 prioridade, e estresse derruba: o que querem os jovens no trabalho"}]},{"@type":"WebSite","@id":"https:\/\/oficialnoticias.com\/#website","url":"https:\/\/oficialnoticias.com\/","name":"oficial Noticias","description":"","publisher":{"@id":"https:\/\/oficialnoticias.com\/#organization"},"potentialAction":[{"@type":"SearchAction","target":{"@type":"EntryPoint","urlTemplate":"https:\/\/oficialnoticias.com\/?s={search_term_string}"},"query-input":{"@type":"PropertyValueSpecification","valueRequired":true,"valueName":"search_term_string"}}],"inLanguage":"pt-BR"},{"@type":"Organization","@id":"https:\/\/oficialnoticias.com\/#organization","name":"oficial noticias","url":"https:\/\/oficialnoticias.com\/","logo":{"@type":"ImageObject","inLanguage":"pt-BR","@id":"https:\/\/oficialnoticias.com\/#\/schema\/logo\/image\/","url":"https:\/\/oficialnoticias.com\/wp-content\/uploads\/2025\/08\/cropped-cropped-cropped-Logo-Noticias-e1753639739829.png","contentUrl":"https:\/\/oficialnoticias.com\/wp-content\/uploads\/2025\/08\/cropped-cropped-cropped-Logo-Noticias-e1753639739829.png","width":119,"height":86,"caption":"oficial noticias"},"image":{"@id":"https:\/\/oficialnoticias.com\/#\/schema\/logo\/image\/"}},{"@type":"Person","@id":"https:\/\/oficialnoticias.com\/#\/schema\/person\/2d1dcbb6bfbc28d68171b4dc04723d4a","name":"Luana Gon\u00e7alves","image":{"@type":"ImageObject","inLanguage":"pt-BR","@id":"https:\/\/secure.gravatar.com\/avatar\/7aa6afdef873224c1a0265951f3fdfc0679f65dfbd15f018612595d323c52521?s=96&d=mm&r=g","url":"https:\/\/secure.gravatar.com\/avatar\/7aa6afdef873224c1a0265951f3fdfc0679f65dfbd15f018612595d323c52521?s=96&d=mm&r=g","contentUrl":"https:\/\/secure.gravatar.com\/avatar\/7aa6afdef873224c1a0265951f3fdfc0679f65dfbd15f018612595d323c52521?s=96&d=mm&r=g","caption":"Luana Gon\u00e7alves"},"sameAs":["https:\/\/oficialnoticias.com\/"],"url":"https:\/\/oficialnoticias.com\/?author=2"}]}},"_links":{"self":[{"href":"https:\/\/oficialnoticias.com\/index.php?rest_route=\/wp\/v2\/posts\/21448","targetHints":{"allow":["GET"]}}],"collection":[{"href":"https:\/\/oficialnoticias.com\/index.php?rest_route=\/wp\/v2\/posts"}],"about":[{"href":"https:\/\/oficialnoticias.com\/index.php?rest_route=\/wp\/v2\/types\/post"}],"author":[{"embeddable":true,"href":"https:\/\/oficialnoticias.com\/index.php?rest_route=\/wp\/v2\/users\/2"}],"replies":[{"embeddable":true,"href":"https:\/\/oficialnoticias.com\/index.php?rest_route=%2Fwp%2Fv2%2Fcomments&post=21448"}],"version-history":[{"count":1,"href":"https:\/\/oficialnoticias.com\/index.php?rest_route=\/wp\/v2\/posts\/21448\/revisions"}],"predecessor-version":[{"id":21450,"href":"https:\/\/oficialnoticias.com\/index.php?rest_route=\/wp\/v2\/posts\/21448\/revisions\/21450"}],"wp:featuredmedia":[{"embeddable":true,"href":"https:\/\/oficialnoticias.com\/index.php?rest_route=\/wp\/v2\/media\/21449"}],"wp:attachment":[{"href":"https:\/\/oficialnoticias.com\/index.php?rest_route=%2Fwp%2Fv2%2Fmedia&parent=21448"}],"wp:term":[{"taxonomy":"category","embeddable":true,"href":"https:\/\/oficialnoticias.com\/index.php?rest_route=%2Fwp%2Fv2%2Fcategories&post=21448"},{"taxonomy":"post_tag","embeddable":true,"href":"https:\/\/oficialnoticias.com\/index.php?rest_route=%2Fwp%2Fv2%2Ftags&post=21448"}],"curies":[{"name":"wp","href":"https:\/\/api.w.org\/{rel}","templated":true}]}}