{"id":20461,"date":"2025-10-31T20:39:15","date_gmt":"2025-10-31T23:39:15","guid":{"rendered":"https:\/\/oficialnoticias.com\/?p=20461"},"modified":"2025-10-31T20:39:17","modified_gmt":"2025-10-31T23:39:17","slug":"saiba-detalhes-do-projeto-antifaccao-aprovado-por-lula-para-combater-o-crime-organizado","status":"publish","type":"post","link":"https:\/\/oficialnoticias.com\/?p=20461","title":{"rendered":"Saiba detalhes do projeto &#8216;antifac\u00e7\u00e3o&#8217; aprovado por Lula para combater o crime organizado"},"content":{"rendered":"<p><\/p>\n<div>\n<p>O presidente <bsp-link-enhancement><br \/>\n    <span class=\"LinkEnhancement\"><a class=\"Link\" href=\"https:\/\/www.itatiaia.com.br\/tags\/lula\" title=\"&lt;b&gt;Luiz In\u00e1cio Lula da Silva (PT)&lt;\/b&gt;\"><b>Luiz In\u00e1cio Lula da Silva (PT)<\/b><\/a><\/span><\/bsp-link-enhancement> aprovou o <bsp-link-enhancement><br \/>\n    <span class=\"LinkEnhancement\"><a class=\"Link\" href=\"https:\/\/www.itatiaia.com.br\/politica\/lula-aprova-projeto-antifaccao-que-amplia-penas-para-crimes-de-organizacoes-criminosas\" title=\"&lt;b&gt;projeto de lei antifac\u00e7\u00e3o&lt;\/b&gt;\"><b>projeto de lei antifac\u00e7\u00e3o<\/b><\/a><\/span><\/bsp-link-enhancement>, elaborado pelo Minist\u00e9rio da Justi\u00e7a e Seguran\u00e7a P\u00fablica, nesta sexta-feira (31). A proposta, que endurece as penas contra integrantes e financiadores de organiza\u00e7\u00f5es criminosas, segue para an\u00e1lise do Congresso Nacional.<\/p>\n<p>Em publica\u00e7\u00e3o nas redes sociais, Lula disse que governo ir\u00e1 mostrar, por meio do \u201cPL Antifac\u00e7\u00e3o\u201d, sobre \u201ccomo se enfrenta\u201d o crime organizado. \u201cN\u00f3s vamos mostrar como \u00e9 que se enfrenta as fac\u00e7\u00f5es criminosas aqui nesse Pa\u00eds, como \u00e9 que se enfrenta o crime organizado, como \u00e9 se enfrenta aqueles que vivem da explora\u00e7\u00e3o do povo mais humilde desse pa\u00eds\u201d, disse Lula.<\/p>\n<h2><b>Veja pontos da proposta:<\/b><\/h2>\n<h3><b>Pena de 30 anos<\/b><\/h3>\n<p>O projeto do governo eleva para at\u00e9 30 anos as penas de quem integra fac\u00e7\u00f5es. O projeto tamb\u00e9m garante instrumentos que blindam \u00f3rg\u00e3os p\u00fablicos da atua\u00e7\u00e3o de membros de organiza\u00e7\u00f5es criminosas. Lula disse que os grupos s\u00f3 ser\u00e3o derrotados por meio de um \u201cesfor\u00e7o conjunto de todas as esferas de poder\u201d.<\/p>\n<p>\u201cAs fac\u00e7\u00f5es s\u00f3 ser\u00e3o derrotadas com o esfor\u00e7o conjunto de todas as esferas de poder. Diferen\u00e7as pol\u00edticas n\u00e3o podem ser pretexto para que deixemos de avan\u00e7ar. Por isso, confio no empenho dos parlamentares para a r\u00e1pida tramita\u00e7\u00e3o e aprova\u00e7\u00e3o destes nossos projetos. As fam\u00edlias brasileiras merecem essa dedica\u00e7\u00e3o\u201d, disse Lula nas redes sociais, fazendo refer\u00eancia tamb\u00e9m \u00e0 chamada PEC da Seguran\u00e7a, al\u00e9m do PL Antifac\u00e7\u00e3o.<\/p>\n<h3><b>Pedido de urg\u00eancia ao Congresso<\/b><\/h3>\n<p>Lula destacou que o texto ser\u00e1 enviado ao Congresso com \u201curg\u00eancia urgent\u00edssima\u201d. Ele assinou o projeto de lei nesta sexta-feira, 31, ap\u00f3s reuni\u00f5es com os ministros da Justi\u00e7a, Ricardo Lewandowski, da Advocacia-Geral da Uni\u00e3o, Jorge Messias, da Defesa, Jos\u00e9 M\u00facio, e da Secretaria de Comunica\u00e7\u00e3o Social, Sid\u00f4nio Palmeira, para bater o martelo sobre o texto.<\/p>\n<h3><b>Cria\u00e7\u00e3o de novo tipo penal<\/b><\/h3>\n<p>O PL antifac\u00e7\u00e3o, como vem sendo chamado pelo governo, traz mudan\u00e7as numa s\u00e9rie de legisla\u00e7\u00f5es, como o C\u00f3digo Penal, o C\u00f3digo de Processo Penal, a Lei dos Crimes Hediondos, a Lei da Pris\u00e3o Tempor\u00e1ria e a Lei de Execu\u00e7\u00e3o Penal. Ele prev\u00ea o estabelecimento de um novo tipo penal (organiza\u00e7\u00e3o criminosa qualificada).<\/p>\n<h3><b>Novas formas de investigar<\/b><\/h3>\n<p>O projeto tamb\u00e9m introduz novas ferramentas de investiga\u00e7\u00e3o, incluindo a possibilidade de infiltra\u00e7\u00e3o de agentes policiais em empresas suspeitas de servir como fachada para a lavagem de dinheiro de fac\u00e7\u00f5es criminosas.<\/p>\n<p>O texto vinha sendo discutido pelo governo h\u00e1 algum tempo. Foi apresentado pelo ministro da Justi\u00e7a, Ricardo Lewandowski, em 22 de outubro, mas ganhou for\u00e7a ap\u00f3s a megaopera\u00e7\u00e3o no Rio de Janeiro contra o Comando Vermelho e a repercuss\u00e3o nacional do caso.<\/p>\n<p>Durante a cerim\u00f4nia de san\u00e7\u00e3o do PL Antifac\u00e7\u00e3o nesta sexta-feira (31), o ministro Ricardo Lewandowski afirmou que o governo federal pretende combater o crime organizado \u201cdentro do Estado Democr\u00e1tico de Direito\u201d, caracter\u00edstica de \u201cgovernos que respeitam direitos fundamentais\u201d. A declara\u00e7\u00e3o ocorreu em rea\u00e7\u00e3o \u00e0 megaopera\u00e7\u00e3o que resultou na morte de 121 pessoas no Rio de Janeiro.<\/p>\n<p>&#8220;\u00c9 um grande avan\u00e7o, \u00e9 um combate en\u00e9rgico \u00e0s fac\u00e7\u00f5es criminosas Mas \u00e9 importante dizer que elas ser\u00e3o combatidas dentro do Estado Democr\u00e1tico de Direito, como \u00e9 pr\u00f3prio de um governo republicano, um governo moderno e um governo que respeita os direitos e as garantias fundamentais\u201d, afirmou Lewandowski.<\/p>\n<p><b><i>* Informa\u00e7\u00f5es com Ag\u00eancia Estad\u00e3o<\/i><\/b><\/p>\n<p><bsp-list-loadmore class=\"PageListStandardG\" data-module=\"\" data-show-loadmore=\"true\" data-list-title-size=\"3\" data-list-description-size=\"3\"><\/p>\n<p>    <a class=\"AnchorLink\" title=\"leia-tambem\" name=\"leia-tambem\"\/><\/p>\n<p><\/bsp-list-loadmore><\/p><\/div>\n<p><script>\n  window.fbAsyncInit = function() {\n      FB.init({\n              appId : '1447052969554341',\n          xfbml : true,\n          version : 'v2.9'\n      });\n  };\n  (function(d, s, id){\n     var js, fjs = d.getElementsByTagName(s)[0];\n     if (d.getElementById(id)) {return;}\n     js = d.createElement(s); js.id = id;\n     js.src = \"https:\/\/connect.facebook.net\/en_US\/sdk.js\";\n     fjs.parentNode.insertBefore(js, fjs);\n   }(document, 'script', 'facebook-jssdk'));\n<\/script><\/p>\n","protected":false},"excerpt":{"rendered":"<p>O presidente Luiz In\u00e1cio Lula da Silva (PT) aprovou o projeto de lei antifac\u00e7\u00e3o, elaborado pelo Minist\u00e9rio da Justi\u00e7a e Seguran\u00e7a P\u00fablica, nesta sexta-feira (31). A proposta, que endurece as penas contra integrantes e financiadores de organiza\u00e7\u00f5es criminosas, segue para an\u00e1lise do Congresso Nacional. Em publica\u00e7\u00e3o nas redes sociais, Lula disse que governo ir\u00e1 mostrar,&#8230;<\/p>\n","protected":false},"author":2,"featured_media":20462,"comment_status":"open","ping_status":"open","sticky":false,"template":"","format":"standard","meta":{"footnotes":""},"categories":[24],"tags":[],"class_list":["post-20461","post","type-post","status-publish","format-standard","has-post-thumbnail","hentry","category-politica"],"yoast_head":"<!-- This site is optimized with the Yoast SEO plugin v27.3 - https:\/\/yoast.com\/product\/yoast-seo-wordpress\/ -->\n<title>Saiba detalhes do projeto &#039;antifac\u00e7\u00e3o&#039; aprovado por Lula para combater o crime organizado -<\/title>\n<meta name=\"robots\" content=\"index, follow, max-snippet:-1, max-image-preview:large, max-video-preview:-1\" \/>\n<link rel=\"canonical\" href=\"https:\/\/oficialnoticias.com\/?p=20461\" \/>\n<meta property=\"og:locale\" content=\"pt_BR\" \/>\n<meta property=\"og:type\" content=\"article\" \/>\n<meta property=\"og:title\" content=\"Saiba detalhes do projeto &#039;antifac\u00e7\u00e3o&#039; aprovado por Lula para combater o crime organizado -\" \/>\n<meta property=\"og:description\" content=\"O presidente Luiz In\u00e1cio Lula da Silva (PT) aprovou o projeto de lei antifac\u00e7\u00e3o, elaborado pelo Minist\u00e9rio da Justi\u00e7a e Seguran\u00e7a P\u00fablica, nesta sexta-feira (31). A proposta, que endurece as penas contra integrantes e financiadores de organiza\u00e7\u00f5es criminosas, segue para an\u00e1lise do Congresso Nacional. Em publica\u00e7\u00e3o nas redes sociais, Lula disse que governo ir\u00e1 mostrar,...\" \/>\n<meta property=\"og:url\" content=\"https:\/\/oficialnoticias.com\/?p=20461\" \/>\n<meta property=\"article:published_time\" content=\"2025-10-31T23:39:15+00:00\" \/>\n<meta property=\"article:modified_time\" content=\"2025-10-31T23:39:17+00:00\" \/>\n<meta property=\"og:image\" content=\"https:\/\/oficialnoticias.com\/wp-content\/uploads\/2025\/10\/urlhttps3A2F2Fk2-prod-radio-itatiaia.s3.us-east-1.amazonaws.com2Fbrightspot2Fb82F392F74b677.webp\" \/>\n\t<meta property=\"og:image:width\" content=\"1200\" \/>\n\t<meta property=\"og:image:height\" content=\"630\" \/>\n\t<meta property=\"og:image:type\" content=\"image\/webp\" \/>\n<meta name=\"author\" content=\"Luana Gon\u00e7alves\" \/>\n<meta name=\"twitter:card\" content=\"summary_large_image\" \/>\n<meta name=\"twitter:label1\" content=\"Escrito por\" \/>\n\t<meta name=\"twitter:data1\" content=\"Luana Gon\u00e7alves\" \/>\n\t<meta name=\"twitter:label2\" content=\"Est. tempo de leitura\" \/>\n\t<meta name=\"twitter:data2\" content=\"3 minutos\" \/>\n<script type=\"application\/ld+json\" class=\"yoast-schema-graph\">{\"@context\":\"https:\\\/\\\/schema.org\",\"@graph\":[{\"@type\":\"Article\",\"@id\":\"https:\\\/\\\/oficialnoticias.com\\\/?p=20461#article\",\"isPartOf\":{\"@id\":\"https:\\\/\\\/oficialnoticias.com\\\/?p=20461\"},\"author\":{\"name\":\"Luana Gon\u00e7alves\",\"@id\":\"https:\\\/\\\/oficialnoticias.com\\\/#\\\/schema\\\/person\\\/2d1dcbb6bfbc28d68171b4dc04723d4a\"},\"headline\":\"Saiba detalhes do projeto &#8216;antifac\u00e7\u00e3o&#8217; aprovado por Lula para combater o crime organizado\",\"datePublished\":\"2025-10-31T23:39:15+00:00\",\"dateModified\":\"2025-10-31T23:39:17+00:00\",\"mainEntityOfPage\":{\"@id\":\"https:\\\/\\\/oficialnoticias.com\\\/?p=20461\"},\"wordCount\":617,\"commentCount\":0,\"publisher\":{\"@id\":\"https:\\\/\\\/oficialnoticias.com\\\/#organization\"},\"image\":{\"@id\":\"https:\\\/\\\/oficialnoticias.com\\\/?p=20461#primaryimage\"},\"thumbnailUrl\":\"https:\\\/\\\/oficialnoticias.com\\\/wp-content\\\/uploads\\\/2025\\\/10\\\/urlhttps3A2F2Fk2-prod-radio-itatiaia.s3.us-east-1.amazonaws.com2Fbrightspot2Fb82F392F74b677.webp\",\"articleSection\":[\"Politica\"],\"inLanguage\":\"pt-BR\",\"potentialAction\":[{\"@type\":\"CommentAction\",\"name\":\"Comment\",\"target\":[\"https:\\\/\\\/oficialnoticias.com\\\/?p=20461#respond\"]}]},{\"@type\":\"WebPage\",\"@id\":\"https:\\\/\\\/oficialnoticias.com\\\/?p=20461\",\"url\":\"https:\\\/\\\/oficialnoticias.com\\\/?p=20461\",\"name\":\"Saiba detalhes do projeto 'antifac\u00e7\u00e3o' aprovado por Lula para combater o crime organizado -\",\"isPartOf\":{\"@id\":\"https:\\\/\\\/oficialnoticias.com\\\/#website\"},\"primaryImageOfPage\":{\"@id\":\"https:\\\/\\\/oficialnoticias.com\\\/?p=20461#primaryimage\"},\"image\":{\"@id\":\"https:\\\/\\\/oficialnoticias.com\\\/?p=20461#primaryimage\"},\"thumbnailUrl\":\"https:\\\/\\\/oficialnoticias.com\\\/wp-content\\\/uploads\\\/2025\\\/10\\\/urlhttps3A2F2Fk2-prod-radio-itatiaia.s3.us-east-1.amazonaws.com2Fbrightspot2Fb82F392F74b677.webp\",\"datePublished\":\"2025-10-31T23:39:15+00:00\",\"dateModified\":\"2025-10-31T23:39:17+00:00\",\"breadcrumb\":{\"@id\":\"https:\\\/\\\/oficialnoticias.com\\\/?p=20461#breadcrumb\"},\"inLanguage\":\"pt-BR\",\"potentialAction\":[{\"@type\":\"ReadAction\",\"target\":[\"https:\\\/\\\/oficialnoticias.com\\\/?p=20461\"]}]},{\"@type\":\"ImageObject\",\"inLanguage\":\"pt-BR\",\"@id\":\"https:\\\/\\\/oficialnoticias.com\\\/?p=20461#primaryimage\",\"url\":\"https:\\\/\\\/oficialnoticias.com\\\/wp-content\\\/uploads\\\/2025\\\/10\\\/urlhttps3A2F2Fk2-prod-radio-itatiaia.s3.us-east-1.amazonaws.com2Fbrightspot2Fb82F392F74b677.webp\",\"contentUrl\":\"https:\\\/\\\/oficialnoticias.com\\\/wp-content\\\/uploads\\\/2025\\\/10\\\/urlhttps3A2F2Fk2-prod-radio-itatiaia.s3.us-east-1.amazonaws.com2Fbrightspot2Fb82F392F74b677.webp\",\"width\":1200,\"height\":630},{\"@type\":\"BreadcrumbList\",\"@id\":\"https:\\\/\\\/oficialnoticias.com\\\/?p=20461#breadcrumb\",\"itemListElement\":[{\"@type\":\"ListItem\",\"position\":1,\"name\":\"In\u00edcio\",\"item\":\"https:\\\/\\\/oficialnoticias.com\\\/\"},{\"@type\":\"ListItem\",\"position\":2,\"name\":\"Saiba detalhes do projeto &#8216;antifac\u00e7\u00e3o&#8217; aprovado por Lula para combater o crime organizado\"}]},{\"@type\":\"WebSite\",\"@id\":\"https:\\\/\\\/oficialnoticias.com\\\/#website\",\"url\":\"https:\\\/\\\/oficialnoticias.com\\\/\",\"name\":\"oficial Noticias\",\"description\":\"\",\"publisher\":{\"@id\":\"https:\\\/\\\/oficialnoticias.com\\\/#organization\"},\"potentialAction\":[{\"@type\":\"SearchAction\",\"target\":{\"@type\":\"EntryPoint\",\"urlTemplate\":\"https:\\\/\\\/oficialnoticias.com\\\/?s={search_term_string}\"},\"query-input\":{\"@type\":\"PropertyValueSpecification\",\"valueRequired\":true,\"valueName\":\"search_term_string\"}}],\"inLanguage\":\"pt-BR\"},{\"@type\":\"Organization\",\"@id\":\"https:\\\/\\\/oficialnoticias.com\\\/#organization\",\"name\":\"oficial noticias\",\"url\":\"https:\\\/\\\/oficialnoticias.com\\\/\",\"logo\":{\"@type\":\"ImageObject\",\"inLanguage\":\"pt-BR\",\"@id\":\"https:\\\/\\\/oficialnoticias.com\\\/#\\\/schema\\\/logo\\\/image\\\/\",\"url\":\"https:\\\/\\\/oficialnoticias.com\\\/wp-content\\\/uploads\\\/2025\\\/08\\\/cropped-cropped-cropped-Logo-Noticias-e1753639739829.png\",\"contentUrl\":\"https:\\\/\\\/oficialnoticias.com\\\/wp-content\\\/uploads\\\/2025\\\/08\\\/cropped-cropped-cropped-Logo-Noticias-e1753639739829.png\",\"width\":119,\"height\":86,\"caption\":\"oficial noticias\"},\"image\":{\"@id\":\"https:\\\/\\\/oficialnoticias.com\\\/#\\\/schema\\\/logo\\\/image\\\/\"}},{\"@type\":\"Person\",\"@id\":\"https:\\\/\\\/oficialnoticias.com\\\/#\\\/schema\\\/person\\\/2d1dcbb6bfbc28d68171b4dc04723d4a\",\"name\":\"Luana Gon\u00e7alves\",\"image\":{\"@type\":\"ImageObject\",\"inLanguage\":\"pt-BR\",\"@id\":\"https:\\\/\\\/secure.gravatar.com\\\/avatar\\\/7aa6afdef873224c1a0265951f3fdfc0679f65dfbd15f018612595d323c52521?s=96&d=mm&r=g\",\"url\":\"https:\\\/\\\/secure.gravatar.com\\\/avatar\\\/7aa6afdef873224c1a0265951f3fdfc0679f65dfbd15f018612595d323c52521?s=96&d=mm&r=g\",\"contentUrl\":\"https:\\\/\\\/secure.gravatar.com\\\/avatar\\\/7aa6afdef873224c1a0265951f3fdfc0679f65dfbd15f018612595d323c52521?s=96&d=mm&r=g\",\"caption\":\"Luana Gon\u00e7alves\"},\"sameAs\":[\"https:\\\/\\\/oficialnoticias.com\\\/\"],\"url\":\"https:\\\/\\\/oficialnoticias.com\\\/?author=2\"}]}<\/script>\n<!-- \/ Yoast SEO plugin. -->","yoast_head_json":{"title":"Saiba detalhes do projeto 'antifac\u00e7\u00e3o' aprovado por Lula para combater o crime organizado -","robots":{"index":"index","follow":"follow","max-snippet":"max-snippet:-1","max-image-preview":"max-image-preview:large","max-video-preview":"max-video-preview:-1"},"canonical":"https:\/\/oficialnoticias.com\/?p=20461","og_locale":"pt_BR","og_type":"article","og_title":"Saiba detalhes do projeto 'antifac\u00e7\u00e3o' aprovado por Lula para combater o crime organizado -","og_description":"O presidente Luiz In\u00e1cio Lula da Silva (PT) aprovou o projeto de lei antifac\u00e7\u00e3o, elaborado pelo Minist\u00e9rio da Justi\u00e7a e Seguran\u00e7a P\u00fablica, nesta sexta-feira (31). A proposta, que endurece as penas contra integrantes e financiadores de organiza\u00e7\u00f5es criminosas, segue para an\u00e1lise do Congresso Nacional. Em publica\u00e7\u00e3o nas redes sociais, Lula disse que governo ir\u00e1 mostrar,...","og_url":"https:\/\/oficialnoticias.com\/?p=20461","article_published_time":"2025-10-31T23:39:15+00:00","article_modified_time":"2025-10-31T23:39:17+00:00","og_image":[{"width":1200,"height":630,"url":"https:\/\/oficialnoticias.com\/wp-content\/uploads\/2025\/10\/urlhttps3A2F2Fk2-prod-radio-itatiaia.s3.us-east-1.amazonaws.com2Fbrightspot2Fb82F392F74b677.webp","type":"image\/webp"}],"author":"Luana Gon\u00e7alves","twitter_card":"summary_large_image","twitter_misc":{"Escrito por":"Luana Gon\u00e7alves","Est. tempo de leitura":"3 minutos"},"schema":{"@context":"https:\/\/schema.org","@graph":[{"@type":"Article","@id":"https:\/\/oficialnoticias.com\/?p=20461#article","isPartOf":{"@id":"https:\/\/oficialnoticias.com\/?p=20461"},"author":{"name":"Luana Gon\u00e7alves","@id":"https:\/\/oficialnoticias.com\/#\/schema\/person\/2d1dcbb6bfbc28d68171b4dc04723d4a"},"headline":"Saiba detalhes do projeto &#8216;antifac\u00e7\u00e3o&#8217; aprovado por Lula para combater o crime organizado","datePublished":"2025-10-31T23:39:15+00:00","dateModified":"2025-10-31T23:39:17+00:00","mainEntityOfPage":{"@id":"https:\/\/oficialnoticias.com\/?p=20461"},"wordCount":617,"commentCount":0,"publisher":{"@id":"https:\/\/oficialnoticias.com\/#organization"},"image":{"@id":"https:\/\/oficialnoticias.com\/?p=20461#primaryimage"},"thumbnailUrl":"https:\/\/oficialnoticias.com\/wp-content\/uploads\/2025\/10\/urlhttps3A2F2Fk2-prod-radio-itatiaia.s3.us-east-1.amazonaws.com2Fbrightspot2Fb82F392F74b677.webp","articleSection":["Politica"],"inLanguage":"pt-BR","potentialAction":[{"@type":"CommentAction","name":"Comment","target":["https:\/\/oficialnoticias.com\/?p=20461#respond"]}]},{"@type":"WebPage","@id":"https:\/\/oficialnoticias.com\/?p=20461","url":"https:\/\/oficialnoticias.com\/?p=20461","name":"Saiba detalhes do projeto 'antifac\u00e7\u00e3o' aprovado por Lula para combater o crime organizado -","isPartOf":{"@id":"https:\/\/oficialnoticias.com\/#website"},"primaryImageOfPage":{"@id":"https:\/\/oficialnoticias.com\/?p=20461#primaryimage"},"image":{"@id":"https:\/\/oficialnoticias.com\/?p=20461#primaryimage"},"thumbnailUrl":"https:\/\/oficialnoticias.com\/wp-content\/uploads\/2025\/10\/urlhttps3A2F2Fk2-prod-radio-itatiaia.s3.us-east-1.amazonaws.com2Fbrightspot2Fb82F392F74b677.webp","datePublished":"2025-10-31T23:39:15+00:00","dateModified":"2025-10-31T23:39:17+00:00","breadcrumb":{"@id":"https:\/\/oficialnoticias.com\/?p=20461#breadcrumb"},"inLanguage":"pt-BR","potentialAction":[{"@type":"ReadAction","target":["https:\/\/oficialnoticias.com\/?p=20461"]}]},{"@type":"ImageObject","inLanguage":"pt-BR","@id":"https:\/\/oficialnoticias.com\/?p=20461#primaryimage","url":"https:\/\/oficialnoticias.com\/wp-content\/uploads\/2025\/10\/urlhttps3A2F2Fk2-prod-radio-itatiaia.s3.us-east-1.amazonaws.com2Fbrightspot2Fb82F392F74b677.webp","contentUrl":"https:\/\/oficialnoticias.com\/wp-content\/uploads\/2025\/10\/urlhttps3A2F2Fk2-prod-radio-itatiaia.s3.us-east-1.amazonaws.com2Fbrightspot2Fb82F392F74b677.webp","width":1200,"height":630},{"@type":"BreadcrumbList","@id":"https:\/\/oficialnoticias.com\/?p=20461#breadcrumb","itemListElement":[{"@type":"ListItem","position":1,"name":"In\u00edcio","item":"https:\/\/oficialnoticias.com\/"},{"@type":"ListItem","position":2,"name":"Saiba detalhes do projeto &#8216;antifac\u00e7\u00e3o&#8217; aprovado por Lula para combater o crime organizado"}]},{"@type":"WebSite","@id":"https:\/\/oficialnoticias.com\/#website","url":"https:\/\/oficialnoticias.com\/","name":"oficial Noticias","description":"","publisher":{"@id":"https:\/\/oficialnoticias.com\/#organization"},"potentialAction":[{"@type":"SearchAction","target":{"@type":"EntryPoint","urlTemplate":"https:\/\/oficialnoticias.com\/?s={search_term_string}"},"query-input":{"@type":"PropertyValueSpecification","valueRequired":true,"valueName":"search_term_string"}}],"inLanguage":"pt-BR"},{"@type":"Organization","@id":"https:\/\/oficialnoticias.com\/#organization","name":"oficial noticias","url":"https:\/\/oficialnoticias.com\/","logo":{"@type":"ImageObject","inLanguage":"pt-BR","@id":"https:\/\/oficialnoticias.com\/#\/schema\/logo\/image\/","url":"https:\/\/oficialnoticias.com\/wp-content\/uploads\/2025\/08\/cropped-cropped-cropped-Logo-Noticias-e1753639739829.png","contentUrl":"https:\/\/oficialnoticias.com\/wp-content\/uploads\/2025\/08\/cropped-cropped-cropped-Logo-Noticias-e1753639739829.png","width":119,"height":86,"caption":"oficial noticias"},"image":{"@id":"https:\/\/oficialnoticias.com\/#\/schema\/logo\/image\/"}},{"@type":"Person","@id":"https:\/\/oficialnoticias.com\/#\/schema\/person\/2d1dcbb6bfbc28d68171b4dc04723d4a","name":"Luana Gon\u00e7alves","image":{"@type":"ImageObject","inLanguage":"pt-BR","@id":"https:\/\/secure.gravatar.com\/avatar\/7aa6afdef873224c1a0265951f3fdfc0679f65dfbd15f018612595d323c52521?s=96&d=mm&r=g","url":"https:\/\/secure.gravatar.com\/avatar\/7aa6afdef873224c1a0265951f3fdfc0679f65dfbd15f018612595d323c52521?s=96&d=mm&r=g","contentUrl":"https:\/\/secure.gravatar.com\/avatar\/7aa6afdef873224c1a0265951f3fdfc0679f65dfbd15f018612595d323c52521?s=96&d=mm&r=g","caption":"Luana Gon\u00e7alves"},"sameAs":["https:\/\/oficialnoticias.com\/"],"url":"https:\/\/oficialnoticias.com\/?author=2"}]}},"_links":{"self":[{"href":"https:\/\/oficialnoticias.com\/index.php?rest_route=\/wp\/v2\/posts\/20461","targetHints":{"allow":["GET"]}}],"collection":[{"href":"https:\/\/oficialnoticias.com\/index.php?rest_route=\/wp\/v2\/posts"}],"about":[{"href":"https:\/\/oficialnoticias.com\/index.php?rest_route=\/wp\/v2\/types\/post"}],"author":[{"embeddable":true,"href":"https:\/\/oficialnoticias.com\/index.php?rest_route=\/wp\/v2\/users\/2"}],"replies":[{"embeddable":true,"href":"https:\/\/oficialnoticias.com\/index.php?rest_route=%2Fwp%2Fv2%2Fcomments&post=20461"}],"version-history":[{"count":1,"href":"https:\/\/oficialnoticias.com\/index.php?rest_route=\/wp\/v2\/posts\/20461\/revisions"}],"predecessor-version":[{"id":20463,"href":"https:\/\/oficialnoticias.com\/index.php?rest_route=\/wp\/v2\/posts\/20461\/revisions\/20463"}],"wp:featuredmedia":[{"embeddable":true,"href":"https:\/\/oficialnoticias.com\/index.php?rest_route=\/wp\/v2\/media\/20462"}],"wp:attachment":[{"href":"https:\/\/oficialnoticias.com\/index.php?rest_route=%2Fwp%2Fv2%2Fmedia&parent=20461"}],"wp:term":[{"taxonomy":"category","embeddable":true,"href":"https:\/\/oficialnoticias.com\/index.php?rest_route=%2Fwp%2Fv2%2Fcategories&post=20461"},{"taxonomy":"post_tag","embeddable":true,"href":"https:\/\/oficialnoticias.com\/index.php?rest_route=%2Fwp%2Fv2%2Ftags&post=20461"}],"curies":[{"name":"wp","href":"https:\/\/api.w.org\/{rel}","templated":true}]}}