{"id":19932,"date":"2025-10-29T17:49:39","date_gmt":"2025-10-29T20:49:39","guid":{"rendered":"https:\/\/oficialnoticias.com\/?p=19932"},"modified":"2025-10-29T17:49:39","modified_gmt":"2025-10-29T20:49:39","slug":"furacao-melissa-e-o-mais-potente-a-atingir-a-costa-em-90-anos-20-morrem-no-haiti","status":"publish","type":"post","link":"https:\/\/oficialnoticias.com\/?p=19932","title":{"rendered":"Furac\u00e3o Melissa \u00e9 o mais potente a atingir a costa em 90 anos; 20 morrem no Haiti"},"content":{"rendered":"<p>\n<\/p>\n<div>\n<p>Uma an\u00e1lise da Agence France Presse apontou que <bsp-link-enhancement><br \/>\n    <span class=\"LinkEnhancement\"><a class=\"Link\" href=\"https:\/\/www.itatiaia.com.br\/mundo\/furacao-melissa-e-o-pior-do-seculo-na-jamaica-diz-organizacao\" title=\"&lt;b&gt;Furac\u00e3o Melissa&lt;\/b&gt;\"><b>Furac\u00e3o Melissa<\/b><\/a><\/span><\/bsp-link-enhancement> foi o mais forte em 90 anos a atingir a costa, com base em dados meteorol\u00f3gicos da Administra\u00e7\u00e3o Nacional Oce\u00e2nica e Atmosf\u00e9rica dos Estados Unidos (NOAA).<\/p>\n<p>No Haiti, o n\u00famero de mortos devido ao furac\u00e3o Melissa subiu para 20, incluindo dez crian\u00e7as. As buscas por desaparecidos no pa\u00eds continuam. Na Jamaica, <bsp-link-enhancement><br \/>\n    <span class=\"LinkEnhancement\"><a class=\"Link\" href=\"https:\/\/www.itatiaia.com.br\/mundo\/video-furacao-melissa-provoca-rajadas-de-vento-de-300-km-h-na-jamaica-tres-morrem\" title=\"&lt;b&gt;tr\u00eas morreram durante os preparativos para a tempestade&lt;\/b&gt;\"><b>tr\u00eas morreram durante os preparativos para a tempestade<\/b><\/a><\/span><\/bsp-link-enhancement>. J\u00e1 na Rep\u00fablica Dominicana, uma pessoa morreu.<\/p>\n<p>Melissa, ap\u00f3s passar por Haiti e Jamaica, chegou a Cuba nesta quarta-feira (20). O furac\u00e3o tinha <bsp-link-enhancement><br \/>\n    <span class=\"LinkEnhancement\"><a class=\"Link\" href=\"https:\/\/www.itatiaia.com.br\/mundo\/furacao-melissa-se-aproxima-do-caribe-com-categoria-maxima\" title=\"&lt;b&gt;categoria cinco&lt;\/b&gt; \"><b>categoria cinco<\/b> <\/a><\/span><\/bsp-link-enhancement>quando atingiu o territ\u00f3rio jamaicano, causando destrui\u00e7\u00e3o com seus ventos de 300km\/h, e chegou a Cuba com n\u00edvel tr\u00eas.<\/p>\n<p>O furac\u00e3o do Dia do Trabalho devastou as Florida Keys em 1935 com ventos tamb\u00e9m pr\u00f3ximos a 300 km\/h e uma press\u00e3o atmosf\u00e9rica de 892 milibares.<\/p>\n<p>Furac\u00f5es s\u00e3o tempestades tropicais que ocorrem no Atl\u00e2ntico norte e no nordeste do Pac\u00edfico.<\/p>\n<p>Se incluir os tuf\u00f5es (noroeste do Pac\u00edfico) e os ciclones (oceano \u00cdndico e sul do Pac\u00edfico), apenas a tempestade Goni, que atingiu as Filipinas em 2020, teve ventos mais fortes e press\u00e3o mais baixa do que Melissa perto de terra firme.<\/p>\n<p>No entanto, os dados da NOAA n\u00e3o especificam se Goni manteve essa intensidade no exato momento em que atingiu o arquip\u00e9lago.<\/p>\n<p><bsp-list-loadmore class=\"PageListStandardG\" data-module=\"\" data-show-loadmore=\"true\" data-list-title-size=\"3\" data-list-description-size=\"3\"><\/p>\n<p>    <a class=\"AnchorLink\" title=\"leia-tambem\" name=\"leia-tambem\"\/><\/p>\n<p><\/bsp-list-loadmore><\/p>\n<p>Desde que a NOAA come\u00e7ou a registrar dados em 1842, o furac\u00e3o Patricia, que se formou no Pac\u00edfico antes de atingir o M\u00e9xico em outubro de 2015, det\u00e9m o recorde absoluto de ventos mais fortes, com 343 km\/h, empatado com o tuf\u00e3o Nancy de 1961.<\/p>\n<p>Mas os recordes foram estabelecidos em mar aberto e ambas as tempestades atingiram a costa com menor intensidade.<\/p>\n<p>O tuf\u00e3o Mawar, em 2023, foi mais intenso que Melissa em termos de vento e press\u00e3o, mas tamb\u00e9m distante da costa. Sua press\u00e3o caiu para 891 mb, enquanto seus ventos sustentados (a m\u00e9dia das velocidades do vento em um minuto) ultrapassaram 305 km\/h.<\/p>\n<p>No Atl\u00e2ntico, Dorian, em 2019, atingiu as Bahamas com ventos compar\u00e1veis aos de <bsp-link-enhancement><br \/>\n    <span class=\"LinkEnhancement\"><a class=\"Link\" href=\"https:\/\/www.itatiaia.com.br\/mundo\/papa-leao-xiv-manifesta-solidariedade-as-vitimas-do-furacao-melissa-na-jamaica\" title=\"&lt;b&gt;Melissa&lt;\/b&gt;\"><b>Melissa<\/b><\/a><\/span><\/bsp-link-enhancement> e do furac\u00e3o do Dia do Trabalho, mas sua press\u00e3o era mais alta, indicando uma tempestade menos intensa. Assim como Gilbert, que devastou a Jamaica em 1988, deixando 40 mortos e grandes danos materiais.<\/p>\n<p><bsp-link-enhancement><br \/>\n    <span class=\"LinkEnhancement\"><a class=\"Link\" href=\"https:\/\/www.itatiaia.com.br\/mundo\/melissa-pior-furacao-da-jamaica-se-aproxima-do-pais-e-governo-ordena-evacuacao\" title=\"&lt;b&gt;Melissa&lt;\/b&gt;\"><b>Melissa<\/b><\/a><\/span><\/bsp-link-enhancement>, a quinta tempestade tropical de categoria cinco do ano, superou o <bsp-link-enhancement><br \/>\n    <span class=\"LinkEnhancement\"><a class=\"Link\" href=\"https:\/\/www.itatiaia.com.br\/mundo\/supertufao-considerado-catastrofico-atinge-filipinas-e-milhares-sao-evacuados\" title=\"&lt;b&gt;tuf\u00e3o Ragasa&lt;\/b&gt;\"><b>tuf\u00e3o Ragasa<\/b><\/a><\/span><\/bsp-link-enhancement>, que atingiu o leste asi\u00e1tico em setembro e era anteriormente considerado a tempestade mais poderosa de 2025, com ventos que chegaram a 267 km\/h e uma press\u00e3o m\u00ednima de 910 mb.<\/p>\n<p>Segundo os cientistas, as mudan\u00e7as clim\u00e1ticas causam eventos clim\u00e1ticos extremos mais frequentes e intensos em todo o mundo.<\/p>\n<\/p><\/div>\n<p><script>\n  window.fbAsyncInit = function() {\n      FB.init({\n              appId : '1447052969554341',\n          xfbml : true,\n          version : 'v2.9'\n      });\n  };\n  (function(d, s, id){\n     var js, fjs = d.getElementsByTagName(s)[0];\n     if (d.getElementById(id)) {return;}\n     js = d.createElement(s); js.id = id;\n     js.src = \"https:\/\/connect.facebook.net\/en_US\/sdk.js\";\n     fjs.parentNode.insertBefore(js, fjs);\n   }(document, 'script', 'facebook-jssdk'));\n<\/script><br \/>\n  <\/a><\/p>\n","protected":false},"excerpt":{"rendered":"<p>Uma an\u00e1lise da Agence France Presse apontou que Furac\u00e3o Melissa foi o mais forte em 90 anos a atingir a costa, com base em dados meteorol\u00f3gicos da Administra\u00e7\u00e3o Nacional Oce\u00e2nica e Atmosf\u00e9rica dos Estados Unidos (NOAA). No Haiti, o n\u00famero de mortos devido ao furac\u00e3o Melissa subiu para 20, incluindo dez crian\u00e7as. As buscas por&#8230;<\/p>\n","protected":false},"author":2,"featured_media":19933,"comment_status":"open","ping_status":"open","sticky":false,"template":"","format":"standard","meta":{"footnotes":""},"categories":[2],"tags":[],"class_list":["post-19932","post","type-post","status-publish","format-standard","has-post-thumbnail","hentry","category-decor"],"yoast_head":"<!-- This site is optimized with the Yoast SEO plugin v28.1 - https:\/\/yoast.com\/product\/yoast-seo-wordpress\/ -->\n<title>Furac\u00e3o Melissa \u00e9 o mais potente a atingir a costa em 90 anos; 20 morrem no Haiti -<\/title>\n<meta name=\"robots\" content=\"index, follow, max-snippet:-1, max-image-preview:large, max-video-preview:-1\" \/>\n<link rel=\"canonical\" href=\"https:\/\/oficialnoticias.com\/?p=19932\" \/>\n<meta property=\"og:locale\" content=\"pt_BR\" \/>\n<meta property=\"og:type\" content=\"article\" \/>\n<meta property=\"og:title\" content=\"Furac\u00e3o Melissa \u00e9 o mais potente a atingir a costa em 90 anos; 20 morrem no Haiti -\" \/>\n<meta property=\"og:description\" content=\"Uma an\u00e1lise da Agence France Presse apontou que Furac\u00e3o Melissa foi o mais forte em 90 anos a atingir a costa, com base em dados meteorol\u00f3gicos da Administra\u00e7\u00e3o Nacional Oce\u00e2nica e Atmosf\u00e9rica dos Estados Unidos (NOAA). No Haiti, o n\u00famero de mortos devido ao furac\u00e3o Melissa subiu para 20, incluindo dez crian\u00e7as. As buscas por...\" \/>\n<meta property=\"og:url\" content=\"https:\/\/oficialnoticias.com\/?p=19932\" \/>\n<meta property=\"article:published_time\" content=\"2025-10-29T20:49:39+00:00\" \/>\n<meta property=\"og:image\" content=\"https:\/\/oficialnoticias.com\/wp-content\/uploads\/2025\/10\/1761770979_urlhttps3A2F2Fk2-prod-radio-itatiaia.s3.us-east-1.amazonaws.com2Fbrightspot2Fb32Fb52F6bcc96.webp\" \/>\n\t<meta property=\"og:image:width\" content=\"1200\" \/>\n\t<meta property=\"og:image:height\" content=\"630\" \/>\n\t<meta property=\"og:image:type\" content=\"image\/webp\" \/>\n<meta name=\"author\" content=\"Luana Gon\u00e7alves\" \/>\n<meta name=\"twitter:card\" content=\"summary_large_image\" \/>\n<meta name=\"twitter:label1\" content=\"Escrito por\" \/>\n\t<meta name=\"twitter:data1\" content=\"Luana Gon\u00e7alves\" \/>\n\t<meta name=\"twitter:label2\" content=\"Est. tempo de leitura\" \/>\n\t<meta name=\"twitter:data2\" content=\"2 minutos\" \/>\n<script type=\"application\/ld+json\" class=\"yoast-schema-graph\">{\"@context\":\"https:\\\/\\\/schema.org\",\"@graph\":[{\"@type\":\"Article\",\"@id\":\"https:\\\/\\\/oficialnoticias.com\\\/?p=19932#article\",\"isPartOf\":{\"@id\":\"https:\\\/\\\/oficialnoticias.com\\\/?p=19932\"},\"author\":{\"name\":\"Luana Gon\u00e7alves\",\"@id\":\"https:\\\/\\\/oficialnoticias.com\\\/#\\\/schema\\\/person\\\/2d1dcbb6bfbc28d68171b4dc04723d4a\"},\"headline\":\"Furac\u00e3o Melissa \u00e9 o mais potente a atingir a costa em 90 anos; 20 morrem no Haiti\",\"datePublished\":\"2025-10-29T20:49:39+00:00\",\"mainEntityOfPage\":{\"@id\":\"https:\\\/\\\/oficialnoticias.com\\\/?p=19932\"},\"wordCount\":487,\"commentCount\":0,\"publisher\":{\"@id\":\"https:\\\/\\\/oficialnoticias.com\\\/#organization\"},\"image\":{\"@id\":\"https:\\\/\\\/oficialnoticias.com\\\/?p=19932#primaryimage\"},\"thumbnailUrl\":\"https:\\\/\\\/oficialnoticias.com\\\/wp-content\\\/uploads\\\/2025\\\/10\\\/1761770979_urlhttps3A2F2Fk2-prod-radio-itatiaia.s3.us-east-1.amazonaws.com2Fbrightspot2Fb32Fb52F6bcc96.webp\",\"articleSection\":[\"Mundo\"],\"inLanguage\":\"pt-BR\",\"potentialAction\":[{\"@type\":\"CommentAction\",\"name\":\"Comment\",\"target\":[\"https:\\\/\\\/oficialnoticias.com\\\/?p=19932#respond\"]}]},{\"@type\":\"WebPage\",\"@id\":\"https:\\\/\\\/oficialnoticias.com\\\/?p=19932\",\"url\":\"https:\\\/\\\/oficialnoticias.com\\\/?p=19932\",\"name\":\"Furac\u00e3o Melissa \u00e9 o mais potente a atingir a costa em 90 anos; 20 morrem no Haiti -\",\"isPartOf\":{\"@id\":\"https:\\\/\\\/oficialnoticias.com\\\/#website\"},\"primaryImageOfPage\":{\"@id\":\"https:\\\/\\\/oficialnoticias.com\\\/?p=19932#primaryimage\"},\"image\":{\"@id\":\"https:\\\/\\\/oficialnoticias.com\\\/?p=19932#primaryimage\"},\"thumbnailUrl\":\"https:\\\/\\\/oficialnoticias.com\\\/wp-content\\\/uploads\\\/2025\\\/10\\\/1761770979_urlhttps3A2F2Fk2-prod-radio-itatiaia.s3.us-east-1.amazonaws.com2Fbrightspot2Fb32Fb52F6bcc96.webp\",\"datePublished\":\"2025-10-29T20:49:39+00:00\",\"breadcrumb\":{\"@id\":\"https:\\\/\\\/oficialnoticias.com\\\/?p=19932#breadcrumb\"},\"inLanguage\":\"pt-BR\",\"potentialAction\":[{\"@type\":\"ReadAction\",\"target\":[\"https:\\\/\\\/oficialnoticias.com\\\/?p=19932\"]}]},{\"@type\":\"ImageObject\",\"inLanguage\":\"pt-BR\",\"@id\":\"https:\\\/\\\/oficialnoticias.com\\\/?p=19932#primaryimage\",\"url\":\"https:\\\/\\\/oficialnoticias.com\\\/wp-content\\\/uploads\\\/2025\\\/10\\\/1761770979_urlhttps3A2F2Fk2-prod-radio-itatiaia.s3.us-east-1.amazonaws.com2Fbrightspot2Fb32Fb52F6bcc96.webp\",\"contentUrl\":\"https:\\\/\\\/oficialnoticias.com\\\/wp-content\\\/uploads\\\/2025\\\/10\\\/1761770979_urlhttps3A2F2Fk2-prod-radio-itatiaia.s3.us-east-1.amazonaws.com2Fbrightspot2Fb32Fb52F6bcc96.webp\",\"width\":1200,\"height\":630},{\"@type\":\"BreadcrumbList\",\"@id\":\"https:\\\/\\\/oficialnoticias.com\\\/?p=19932#breadcrumb\",\"itemListElement\":[{\"@type\":\"ListItem\",\"position\":1,\"name\":\"In\u00edcio\",\"item\":\"https:\\\/\\\/oficialnoticias.com\\\/\"},{\"@type\":\"ListItem\",\"position\":2,\"name\":\"Furac\u00e3o Melissa \u00e9 o mais potente a atingir a costa em 90 anos; 20 morrem no Haiti\"}]},{\"@type\":\"WebSite\",\"@id\":\"https:\\\/\\\/oficialnoticias.com\\\/#website\",\"url\":\"https:\\\/\\\/oficialnoticias.com\\\/\",\"name\":\"oficial Noticias\",\"description\":\"\",\"publisher\":{\"@id\":\"https:\\\/\\\/oficialnoticias.com\\\/#organization\"},\"potentialAction\":[{\"@type\":\"SearchAction\",\"target\":{\"@type\":\"EntryPoint\",\"urlTemplate\":\"https:\\\/\\\/oficialnoticias.com\\\/?s={search_term_string}\"},\"query-input\":{\"@type\":\"PropertyValueSpecification\",\"valueRequired\":true,\"valueName\":\"search_term_string\"}}],\"inLanguage\":\"pt-BR\"},{\"@type\":\"Organization\",\"@id\":\"https:\\\/\\\/oficialnoticias.com\\\/#organization\",\"name\":\"oficial noticias\",\"url\":\"https:\\\/\\\/oficialnoticias.com\\\/\",\"logo\":{\"@type\":\"ImageObject\",\"inLanguage\":\"pt-BR\",\"@id\":\"https:\\\/\\\/oficialnoticias.com\\\/#\\\/schema\\\/logo\\\/image\\\/\",\"url\":\"https:\\\/\\\/oficialnoticias.com\\\/wp-content\\\/uploads\\\/2025\\\/08\\\/cropped-cropped-cropped-Logo-Noticias-e1753639739829.png\",\"contentUrl\":\"https:\\\/\\\/oficialnoticias.com\\\/wp-content\\\/uploads\\\/2025\\\/08\\\/cropped-cropped-cropped-Logo-Noticias-e1753639739829.png\",\"width\":119,\"height\":86,\"caption\":\"oficial noticias\"},\"image\":{\"@id\":\"https:\\\/\\\/oficialnoticias.com\\\/#\\\/schema\\\/logo\\\/image\\\/\"}},{\"@type\":\"Person\",\"@id\":\"https:\\\/\\\/oficialnoticias.com\\\/#\\\/schema\\\/person\\\/2d1dcbb6bfbc28d68171b4dc04723d4a\",\"name\":\"Luana Gon\u00e7alves\",\"image\":{\"@type\":\"ImageObject\",\"inLanguage\":\"pt-BR\",\"@id\":\"https:\\\/\\\/secure.gravatar.com\\\/avatar\\\/7aa6afdef873224c1a0265951f3fdfc0679f65dfbd15f018612595d323c52521?s=96&d=mm&r=g\",\"url\":\"https:\\\/\\\/secure.gravatar.com\\\/avatar\\\/7aa6afdef873224c1a0265951f3fdfc0679f65dfbd15f018612595d323c52521?s=96&d=mm&r=g\",\"contentUrl\":\"https:\\\/\\\/secure.gravatar.com\\\/avatar\\\/7aa6afdef873224c1a0265951f3fdfc0679f65dfbd15f018612595d323c52521?s=96&d=mm&r=g\",\"caption\":\"Luana Gon\u00e7alves\"},\"sameAs\":[\"https:\\\/\\\/oficialnoticias.com\\\/\"],\"url\":\"https:\\\/\\\/oficialnoticias.com\\\/?author=2\"}]}<\/script>\n<!-- \/ Yoast SEO plugin. -->","yoast_head_json":{"title":"Furac\u00e3o Melissa \u00e9 o mais potente a atingir a costa em 90 anos; 20 morrem no Haiti -","robots":{"index":"index","follow":"follow","max-snippet":"max-snippet:-1","max-image-preview":"max-image-preview:large","max-video-preview":"max-video-preview:-1"},"canonical":"https:\/\/oficialnoticias.com\/?p=19932","og_locale":"pt_BR","og_type":"article","og_title":"Furac\u00e3o Melissa \u00e9 o mais potente a atingir a costa em 90 anos; 20 morrem no Haiti -","og_description":"Uma an\u00e1lise da Agence France Presse apontou que Furac\u00e3o Melissa foi o mais forte em 90 anos a atingir a costa, com base em dados meteorol\u00f3gicos da Administra\u00e7\u00e3o Nacional Oce\u00e2nica e Atmosf\u00e9rica dos Estados Unidos (NOAA). No Haiti, o n\u00famero de mortos devido ao furac\u00e3o Melissa subiu para 20, incluindo dez crian\u00e7as. As buscas por...","og_url":"https:\/\/oficialnoticias.com\/?p=19932","article_published_time":"2025-10-29T20:49:39+00:00","og_image":[{"width":1200,"height":630,"url":"https:\/\/oficialnoticias.com\/wp-content\/uploads\/2025\/10\/1761770979_urlhttps3A2F2Fk2-prod-radio-itatiaia.s3.us-east-1.amazonaws.com2Fbrightspot2Fb32Fb52F6bcc96.webp","type":"image\/webp"}],"author":"Luana Gon\u00e7alves","twitter_card":"summary_large_image","twitter_misc":{"Escrito por":"Luana Gon\u00e7alves","Est. tempo de leitura":"2 minutos"},"schema":{"@context":"https:\/\/schema.org","@graph":[{"@type":"Article","@id":"https:\/\/oficialnoticias.com\/?p=19932#article","isPartOf":{"@id":"https:\/\/oficialnoticias.com\/?p=19932"},"author":{"name":"Luana Gon\u00e7alves","@id":"https:\/\/oficialnoticias.com\/#\/schema\/person\/2d1dcbb6bfbc28d68171b4dc04723d4a"},"headline":"Furac\u00e3o Melissa \u00e9 o mais potente a atingir a costa em 90 anos; 20 morrem no Haiti","datePublished":"2025-10-29T20:49:39+00:00","mainEntityOfPage":{"@id":"https:\/\/oficialnoticias.com\/?p=19932"},"wordCount":487,"commentCount":0,"publisher":{"@id":"https:\/\/oficialnoticias.com\/#organization"},"image":{"@id":"https:\/\/oficialnoticias.com\/?p=19932#primaryimage"},"thumbnailUrl":"https:\/\/oficialnoticias.com\/wp-content\/uploads\/2025\/10\/1761770979_urlhttps3A2F2Fk2-prod-radio-itatiaia.s3.us-east-1.amazonaws.com2Fbrightspot2Fb32Fb52F6bcc96.webp","articleSection":["Mundo"],"inLanguage":"pt-BR","potentialAction":[{"@type":"CommentAction","name":"Comment","target":["https:\/\/oficialnoticias.com\/?p=19932#respond"]}]},{"@type":"WebPage","@id":"https:\/\/oficialnoticias.com\/?p=19932","url":"https:\/\/oficialnoticias.com\/?p=19932","name":"Furac\u00e3o Melissa \u00e9 o mais potente a atingir a costa em 90 anos; 20 morrem no Haiti -","isPartOf":{"@id":"https:\/\/oficialnoticias.com\/#website"},"primaryImageOfPage":{"@id":"https:\/\/oficialnoticias.com\/?p=19932#primaryimage"},"image":{"@id":"https:\/\/oficialnoticias.com\/?p=19932#primaryimage"},"thumbnailUrl":"https:\/\/oficialnoticias.com\/wp-content\/uploads\/2025\/10\/1761770979_urlhttps3A2F2Fk2-prod-radio-itatiaia.s3.us-east-1.amazonaws.com2Fbrightspot2Fb32Fb52F6bcc96.webp","datePublished":"2025-10-29T20:49:39+00:00","breadcrumb":{"@id":"https:\/\/oficialnoticias.com\/?p=19932#breadcrumb"},"inLanguage":"pt-BR","potentialAction":[{"@type":"ReadAction","target":["https:\/\/oficialnoticias.com\/?p=19932"]}]},{"@type":"ImageObject","inLanguage":"pt-BR","@id":"https:\/\/oficialnoticias.com\/?p=19932#primaryimage","url":"https:\/\/oficialnoticias.com\/wp-content\/uploads\/2025\/10\/1761770979_urlhttps3A2F2Fk2-prod-radio-itatiaia.s3.us-east-1.amazonaws.com2Fbrightspot2Fb32Fb52F6bcc96.webp","contentUrl":"https:\/\/oficialnoticias.com\/wp-content\/uploads\/2025\/10\/1761770979_urlhttps3A2F2Fk2-prod-radio-itatiaia.s3.us-east-1.amazonaws.com2Fbrightspot2Fb32Fb52F6bcc96.webp","width":1200,"height":630},{"@type":"BreadcrumbList","@id":"https:\/\/oficialnoticias.com\/?p=19932#breadcrumb","itemListElement":[{"@type":"ListItem","position":1,"name":"In\u00edcio","item":"https:\/\/oficialnoticias.com\/"},{"@type":"ListItem","position":2,"name":"Furac\u00e3o Melissa \u00e9 o mais potente a atingir a costa em 90 anos; 20 morrem no Haiti"}]},{"@type":"WebSite","@id":"https:\/\/oficialnoticias.com\/#website","url":"https:\/\/oficialnoticias.com\/","name":"oficial Noticias","description":"","publisher":{"@id":"https:\/\/oficialnoticias.com\/#organization"},"potentialAction":[{"@type":"SearchAction","target":{"@type":"EntryPoint","urlTemplate":"https:\/\/oficialnoticias.com\/?s={search_term_string}"},"query-input":{"@type":"PropertyValueSpecification","valueRequired":true,"valueName":"search_term_string"}}],"inLanguage":"pt-BR"},{"@type":"Organization","@id":"https:\/\/oficialnoticias.com\/#organization","name":"oficial noticias","url":"https:\/\/oficialnoticias.com\/","logo":{"@type":"ImageObject","inLanguage":"pt-BR","@id":"https:\/\/oficialnoticias.com\/#\/schema\/logo\/image\/","url":"https:\/\/oficialnoticias.com\/wp-content\/uploads\/2025\/08\/cropped-cropped-cropped-Logo-Noticias-e1753639739829.png","contentUrl":"https:\/\/oficialnoticias.com\/wp-content\/uploads\/2025\/08\/cropped-cropped-cropped-Logo-Noticias-e1753639739829.png","width":119,"height":86,"caption":"oficial noticias"},"image":{"@id":"https:\/\/oficialnoticias.com\/#\/schema\/logo\/image\/"}},{"@type":"Person","@id":"https:\/\/oficialnoticias.com\/#\/schema\/person\/2d1dcbb6bfbc28d68171b4dc04723d4a","name":"Luana Gon\u00e7alves","image":{"@type":"ImageObject","inLanguage":"pt-BR","@id":"https:\/\/secure.gravatar.com\/avatar\/7aa6afdef873224c1a0265951f3fdfc0679f65dfbd15f018612595d323c52521?s=96&d=mm&r=g","url":"https:\/\/secure.gravatar.com\/avatar\/7aa6afdef873224c1a0265951f3fdfc0679f65dfbd15f018612595d323c52521?s=96&d=mm&r=g","contentUrl":"https:\/\/secure.gravatar.com\/avatar\/7aa6afdef873224c1a0265951f3fdfc0679f65dfbd15f018612595d323c52521?s=96&d=mm&r=g","caption":"Luana Gon\u00e7alves"},"sameAs":["https:\/\/oficialnoticias.com\/"],"url":"https:\/\/oficialnoticias.com\/?author=2"}]}},"_links":{"self":[{"href":"https:\/\/oficialnoticias.com\/index.php?rest_route=\/wp\/v2\/posts\/19932","targetHints":{"allow":["GET"]}}],"collection":[{"href":"https:\/\/oficialnoticias.com\/index.php?rest_route=\/wp\/v2\/posts"}],"about":[{"href":"https:\/\/oficialnoticias.com\/index.php?rest_route=\/wp\/v2\/types\/post"}],"author":[{"embeddable":true,"href":"https:\/\/oficialnoticias.com\/index.php?rest_route=\/wp\/v2\/users\/2"}],"replies":[{"embeddable":true,"href":"https:\/\/oficialnoticias.com\/index.php?rest_route=%2Fwp%2Fv2%2Fcomments&post=19932"}],"version-history":[{"count":1,"href":"https:\/\/oficialnoticias.com\/index.php?rest_route=\/wp\/v2\/posts\/19932\/revisions"}],"predecessor-version":[{"id":19934,"href":"https:\/\/oficialnoticias.com\/index.php?rest_route=\/wp\/v2\/posts\/19932\/revisions\/19934"}],"wp:featuredmedia":[{"embeddable":true,"href":"https:\/\/oficialnoticias.com\/index.php?rest_route=\/wp\/v2\/media\/19933"}],"wp:attachment":[{"href":"https:\/\/oficialnoticias.com\/index.php?rest_route=%2Fwp%2Fv2%2Fmedia&parent=19932"}],"wp:term":[{"taxonomy":"category","embeddable":true,"href":"https:\/\/oficialnoticias.com\/index.php?rest_route=%2Fwp%2Fv2%2Fcategories&post=19932"},{"taxonomy":"post_tag","embeddable":true,"href":"https:\/\/oficialnoticias.com\/index.php?rest_route=%2Fwp%2Fv2%2Ftags&post=19932"}],"curies":[{"name":"wp","href":"https:\/\/api.w.org\/{rel}","templated":true}]}}