{"id":19803,"date":"2025-10-29T06:22:00","date_gmt":"2025-10-29T09:22:00","guid":{"rendered":"https:\/\/oficialnoticias.com\/?p=19803"},"modified":"2025-10-29T06:22:01","modified_gmt":"2025-10-29T09:22:01","slug":"numero-de-brasileiros-que-mudaram-domicilio-fiscal-para-o-exterior-cresce-nos-ultimos-3-anos","status":"publish","type":"post","link":"https:\/\/oficialnoticias.com\/?p=19803","title":{"rendered":"N\u00famero de brasileiros que mudaram domic\u00edlio fiscal para o exterior cresce nos \u00faltimos 3 anos"},"content":{"rendered":"<p><\/p>\n<div>\n<p>Brasileiros t\u00eam buscado alternativas, como mudar o domic\u00edlio fiscal para outros pa\u00edses, para tentar fugir de impostos ou valores altos de taxas. Essa mudan\u00e7a, na pr\u00e1tica, permite que voc\u00ea escolha onde pagar os impostos, e \u00e9 poss\u00edvel ter quantos domic\u00edlios fiscais quiser.<\/p>\n<p><bsp-list-loadmore class=\"PageListStandardG\" data-module=\"\" data-show-loadmore=\"true\" data-list-title-size=\"3\" data-list-description-size=\"3\"><\/p>\n<p>    <a class=\"AnchorLink\" title=\"leia-tambem\" name=\"leia-tambem\"\/><\/p>\n<p><\/bsp-list-loadmore><\/p>\n<p>De acordo com dados do Minist\u00e9rio da Fazenda, analisados pela <b>Itatiaia<\/b>, neste ano foram 21.176 sa\u00eddas de domic\u00edlios fiscais do Brasil. Isso representa uma alta de 0,6%, comparado com 2024, quando houve 21.051 sa\u00eddas; de 3,9%, olhando para 2023, quando foram 20.378, e quase 40% em 2022, ano em que 15.135 domic\u00edlios fiscais sa\u00edram do pa\u00eds.<\/p>\n<p>Na Am\u00e9rica Latina, Uruguai e Paraguai t\u00eam sido os principais alvos. O Paraguai, por exemplo, adota um sistema de tributa\u00e7\u00e3o territorial, onde apenas a renda obtida dentro de sua extens\u00e3o \u00e9 tributada. Isso significa que toda a renda gerada no exterior \u00e9 completamente isenta de impostos.<\/p>\n<p><b>Leia tamb\u00e9m:<\/b><\/p>\n<p>Foi o que fez, recentemente, o apresentador e empres\u00e1rio Carlos Massa, mais conhecido como \u2018Ratinho\u2019, um dos principais nomes da comunica\u00e7\u00e3o brasileira e que tem uma fortuna milion\u00e1ria, sendo dono de v\u00e1rias r\u00e1dios, emissoras e fazendas ao redor do Brasil. Pelas redes sociais, anunciou que agora \u00e9 um residente permanente do Paraguai. \u201c\u00d3 gente, gra\u00e7as a doutora Joelma, aqui, eu, a partir de agora, sou cidad\u00e3o paraguaio tamb\u00e9m\u201d.<\/p>\n<p>O advogado tributarista e ex-presidente da C\u00e2mara de Com\u00e9rcio Americana, Rubens Branco, acredita que o principal motivo para pessoas f\u00edsicas estarem buscando novos domic\u00edlios fiscais \u00e9 o medo do aumento ou da cria\u00e7\u00e3o de novos impostos sobre o patrim\u00f4nio.<\/p>\n<p>J\u00e1 as empresas pensam na quest\u00e3o da carga tribut\u00e1ria. \u201cEmpresas que transferem a resid\u00eancia para o Paraguai, por exemplo, a raz\u00e3o principal \u00e9 a carga tribut\u00e1ria. Porque o Brasil, por exemplo, tributa a pessoa jur\u00eddica em 34%. O Paraguai tributa em 10%\u201d, explicou Rubens Branco.<\/p>\n<p>O ex-presidente da C\u00e2mara de Com\u00e9rcio Americana, Rubens Branco, destacou ainda os Estados Unidos como uma das melhores op\u00e7\u00f5es para ter o domic\u00edlio fiscal, mas fez um alerta sobre a al\u00edquota dos americanos.<\/p>\n<p>\u201cEu diria que o pa\u00eds que est\u00e1 no topo \u00e9 os Estados Unidos, que \u00e9 um pa\u00eds com toda uma legisla\u00e7\u00e3o muito s\u00f3lida, mas, ao mesmo tempo, \u00e9 um pa\u00eds que tem muita liberdade para neg\u00f3cios, tanto na pessoa f\u00edsica quanto na pessoa jur\u00eddica. Ent\u00e3o, eu diria, se voc\u00ea tivesse que escolher um pa\u00eds, qual voc\u00ea faria a sua transfer\u00eancia? Eu faria para os Estados Unidos. Agora, nos Estados Unidos, a al\u00edquota l\u00e1 \u00e9 mais alta que aqui. Aqui a nossa al\u00edquota m\u00e1xima \u00e9 27,5%. L\u00e1 nos Estados Unidos \u00e9 39%\u201d, pontuou o advogado tributarista.<\/p>\n<p>Ainda segundo dados do Minist\u00e9rio da Fazenda, Minas Gerais \u00e9 o terceiro estado que mais teve sa\u00edda de domic\u00edlios fiscais do Brasil neste ano (932), ficando atr\u00e1s apenas de S\u00e3o Paulo e Rio de Janeiro, que tiveram 5.481 e 1.893 sa\u00eddas, respectivamente.<\/p>\n<p><b>Veja o ranking de sa\u00eddas de domic\u00edlios fiscais do Brasil<\/b><\/p>\n<ul>\n<li>S\u00e3o Paulo &#8211; 5.481<\/li>\n<li>Rio de Janeiro &#8211; 1.893<\/li>\n<li>Minas Gerais &#8211; 932<\/li>\n<li>Paran\u00e1 &#8211; 720<\/li>\n<li>Rio Grande do Sul &#8211; 581<\/li>\n<li>Santa Catarina &#8211; 470<\/li>\n<li>Bahia &#8211; 283<\/li>\n<li>Pernambuco &#8211; 217<\/li>\n<li>Distrito Federal &#8211; 179<\/li>\n<li>Goi\u00e1s &#8211; 178<\/li>\n<li>Esp\u00edrito Santo &#8211; 161<\/li>\n<li>Cear\u00e1 &#8211; 113<\/li>\n<li>Rio Grande do Norte &#8211; 74<\/li>\n<li>Amazonas &#8211; 72<\/li>\n<li>Mato Grosso &#8211; 48<\/li>\n<li>Mato Grosso do Sul &#8211; 47<\/li>\n<li>Para\u00edba &#8211; 47<\/li>\n<li>Par\u00e1 &#8211; 45<\/li>\n<li>Piau\u00ed &#8211; 33<\/li>\n<li>Alagoas &#8211; 30<\/li>\n<li>Maranh\u00e3o &#8211; 25<\/li>\n<li>Rond\u00f4nia &#8211; 25<\/li>\n<li>Sergipe &#8211; 24<\/li>\n<li>Tocantins &#8211; 10<\/li>\n<li>Acre &#8211; 4<\/li>\n<li>Roraima &#8211; 4<\/li>\n<li>Amap\u00e1 &#8211; 3<\/li>\n<\/ul><\/div>\n<p><script>\n  window.fbAsyncInit = function() {\n      FB.init({\n              appId : '1447052969554341',\n          xfbml : true,\n          version : 'v2.9'\n      });\n  };\n  (function(d, s, id){\n     var js, fjs = d.getElementsByTagName(s)[0];\n     if (d.getElementById(id)) {return;}\n     js = d.createElement(s); js.id = id;\n     js.src = \"https:\/\/connect.facebook.net\/en_US\/sdk.js\";\n     fjs.parentNode.insertBefore(js, fjs);\n   }(document, 'script', 'facebook-jssdk'));\n<\/script><\/p>\n","protected":false},"excerpt":{"rendered":"<p>Brasileiros t\u00eam buscado alternativas, como mudar o domic\u00edlio fiscal para outros pa\u00edses, para tentar fugir de impostos ou valores altos de taxas. Essa mudan\u00e7a, na pr\u00e1tica, permite que voc\u00ea escolha onde pagar os impostos, e \u00e9 poss\u00edvel ter quantos domic\u00edlios fiscais quiser. De acordo com dados do Minist\u00e9rio da Fazenda, analisados pela Itatiaia, neste ano&#8230;<\/p>\n","protected":false},"author":2,"featured_media":19804,"comment_status":"open","ping_status":"open","sticky":false,"template":"","format":"standard","meta":{"footnotes":""},"categories":[25],"tags":[],"class_list":["post-19803","post","type-post","status-publish","format-standard","has-post-thumbnail","hentry","category-economia"],"yoast_head":"<!-- This site is optimized with the Yoast SEO plugin v27.3 - https:\/\/yoast.com\/product\/yoast-seo-wordpress\/ -->\n<title>N\u00famero de brasileiros que mudaram domic\u00edlio fiscal para o exterior cresce nos \u00faltimos 3 anos -<\/title>\n<meta name=\"robots\" content=\"index, follow, max-snippet:-1, max-image-preview:large, max-video-preview:-1\" \/>\n<link rel=\"canonical\" href=\"https:\/\/oficialnoticias.com\/?p=19803\" \/>\n<meta property=\"og:locale\" content=\"pt_BR\" \/>\n<meta property=\"og:type\" content=\"article\" \/>\n<meta property=\"og:title\" content=\"N\u00famero de brasileiros que mudaram domic\u00edlio fiscal para o exterior cresce nos \u00faltimos 3 anos -\" \/>\n<meta property=\"og:description\" content=\"Brasileiros t\u00eam buscado alternativas, como mudar o domic\u00edlio fiscal para outros pa\u00edses, para tentar fugir de impostos ou valores altos de taxas. Essa mudan\u00e7a, na pr\u00e1tica, permite que voc\u00ea escolha onde pagar os impostos, e \u00e9 poss\u00edvel ter quantos domic\u00edlios fiscais quiser. De acordo com dados do Minist\u00e9rio da Fazenda, analisados pela Itatiaia, neste ano...\" \/>\n<meta property=\"og:url\" content=\"https:\/\/oficialnoticias.com\/?p=19803\" \/>\n<meta property=\"article:published_time\" content=\"2025-10-29T09:22:00+00:00\" \/>\n<meta property=\"article:modified_time\" content=\"2025-10-29T09:22:01+00:00\" \/>\n<meta property=\"og:image\" content=\"https:\/\/oficialnoticias.com\/wp-content\/uploads\/2025\/10\/urlhttps3A2F2Fk2-prod-radio-itatiaia.s3.us-east-1.amazonaws.com2Fbrightspot2F5f2Fdd2Ff5f342.webp\" \/>\n\t<meta property=\"og:image:width\" content=\"1200\" \/>\n\t<meta property=\"og:image:height\" content=\"630\" \/>\n\t<meta property=\"og:image:type\" content=\"image\/webp\" \/>\n<meta name=\"author\" content=\"Luana Gon\u00e7alves\" \/>\n<meta name=\"twitter:card\" content=\"summary_large_image\" \/>\n<meta name=\"twitter:label1\" content=\"Escrito por\" \/>\n\t<meta name=\"twitter:data1\" content=\"Luana Gon\u00e7alves\" \/>\n\t<meta name=\"twitter:label2\" content=\"Est. tempo de leitura\" \/>\n\t<meta name=\"twitter:data2\" content=\"3 minutos\" \/>\n<script type=\"application\/ld+json\" class=\"yoast-schema-graph\">{\"@context\":\"https:\\\/\\\/schema.org\",\"@graph\":[{\"@type\":\"Article\",\"@id\":\"https:\\\/\\\/oficialnoticias.com\\\/?p=19803#article\",\"isPartOf\":{\"@id\":\"https:\\\/\\\/oficialnoticias.com\\\/?p=19803\"},\"author\":{\"name\":\"Luana Gon\u00e7alves\",\"@id\":\"https:\\\/\\\/oficialnoticias.com\\\/#\\\/schema\\\/person\\\/2d1dcbb6bfbc28d68171b4dc04723d4a\"},\"headline\":\"N\u00famero de brasileiros que mudaram domic\u00edlio fiscal para o exterior cresce nos \u00faltimos 3 anos\",\"datePublished\":\"2025-10-29T09:22:00+00:00\",\"dateModified\":\"2025-10-29T09:22:01+00:00\",\"mainEntityOfPage\":{\"@id\":\"https:\\\/\\\/oficialnoticias.com\\\/?p=19803\"},\"wordCount\":606,\"commentCount\":0,\"publisher\":{\"@id\":\"https:\\\/\\\/oficialnoticias.com\\\/#organization\"},\"image\":{\"@id\":\"https:\\\/\\\/oficialnoticias.com\\\/?p=19803#primaryimage\"},\"thumbnailUrl\":\"https:\\\/\\\/oficialnoticias.com\\\/wp-content\\\/uploads\\\/2025\\\/10\\\/urlhttps3A2F2Fk2-prod-radio-itatiaia.s3.us-east-1.amazonaws.com2Fbrightspot2F5f2Fdd2Ff5f342.webp\",\"articleSection\":[\"Economia\"],\"inLanguage\":\"pt-BR\",\"potentialAction\":[{\"@type\":\"CommentAction\",\"name\":\"Comment\",\"target\":[\"https:\\\/\\\/oficialnoticias.com\\\/?p=19803#respond\"]}]},{\"@type\":\"WebPage\",\"@id\":\"https:\\\/\\\/oficialnoticias.com\\\/?p=19803\",\"url\":\"https:\\\/\\\/oficialnoticias.com\\\/?p=19803\",\"name\":\"N\u00famero de brasileiros que mudaram domic\u00edlio fiscal para o exterior cresce nos \u00faltimos 3 anos -\",\"isPartOf\":{\"@id\":\"https:\\\/\\\/oficialnoticias.com\\\/#website\"},\"primaryImageOfPage\":{\"@id\":\"https:\\\/\\\/oficialnoticias.com\\\/?p=19803#primaryimage\"},\"image\":{\"@id\":\"https:\\\/\\\/oficialnoticias.com\\\/?p=19803#primaryimage\"},\"thumbnailUrl\":\"https:\\\/\\\/oficialnoticias.com\\\/wp-content\\\/uploads\\\/2025\\\/10\\\/urlhttps3A2F2Fk2-prod-radio-itatiaia.s3.us-east-1.amazonaws.com2Fbrightspot2F5f2Fdd2Ff5f342.webp\",\"datePublished\":\"2025-10-29T09:22:00+00:00\",\"dateModified\":\"2025-10-29T09:22:01+00:00\",\"breadcrumb\":{\"@id\":\"https:\\\/\\\/oficialnoticias.com\\\/?p=19803#breadcrumb\"},\"inLanguage\":\"pt-BR\",\"potentialAction\":[{\"@type\":\"ReadAction\",\"target\":[\"https:\\\/\\\/oficialnoticias.com\\\/?p=19803\"]}]},{\"@type\":\"ImageObject\",\"inLanguage\":\"pt-BR\",\"@id\":\"https:\\\/\\\/oficialnoticias.com\\\/?p=19803#primaryimage\",\"url\":\"https:\\\/\\\/oficialnoticias.com\\\/wp-content\\\/uploads\\\/2025\\\/10\\\/urlhttps3A2F2Fk2-prod-radio-itatiaia.s3.us-east-1.amazonaws.com2Fbrightspot2F5f2Fdd2Ff5f342.webp\",\"contentUrl\":\"https:\\\/\\\/oficialnoticias.com\\\/wp-content\\\/uploads\\\/2025\\\/10\\\/urlhttps3A2F2Fk2-prod-radio-itatiaia.s3.us-east-1.amazonaws.com2Fbrightspot2F5f2Fdd2Ff5f342.webp\",\"width\":1200,\"height\":630},{\"@type\":\"BreadcrumbList\",\"@id\":\"https:\\\/\\\/oficialnoticias.com\\\/?p=19803#breadcrumb\",\"itemListElement\":[{\"@type\":\"ListItem\",\"position\":1,\"name\":\"In\u00edcio\",\"item\":\"https:\\\/\\\/oficialnoticias.com\\\/\"},{\"@type\":\"ListItem\",\"position\":2,\"name\":\"N\u00famero de brasileiros que mudaram domic\u00edlio fiscal para o exterior cresce nos \u00faltimos 3 anos\"}]},{\"@type\":\"WebSite\",\"@id\":\"https:\\\/\\\/oficialnoticias.com\\\/#website\",\"url\":\"https:\\\/\\\/oficialnoticias.com\\\/\",\"name\":\"oficial Noticias\",\"description\":\"\",\"publisher\":{\"@id\":\"https:\\\/\\\/oficialnoticias.com\\\/#organization\"},\"potentialAction\":[{\"@type\":\"SearchAction\",\"target\":{\"@type\":\"EntryPoint\",\"urlTemplate\":\"https:\\\/\\\/oficialnoticias.com\\\/?s={search_term_string}\"},\"query-input\":{\"@type\":\"PropertyValueSpecification\",\"valueRequired\":true,\"valueName\":\"search_term_string\"}}],\"inLanguage\":\"pt-BR\"},{\"@type\":\"Organization\",\"@id\":\"https:\\\/\\\/oficialnoticias.com\\\/#organization\",\"name\":\"oficial noticias\",\"url\":\"https:\\\/\\\/oficialnoticias.com\\\/\",\"logo\":{\"@type\":\"ImageObject\",\"inLanguage\":\"pt-BR\",\"@id\":\"https:\\\/\\\/oficialnoticias.com\\\/#\\\/schema\\\/logo\\\/image\\\/\",\"url\":\"https:\\\/\\\/oficialnoticias.com\\\/wp-content\\\/uploads\\\/2025\\\/08\\\/cropped-cropped-cropped-Logo-Noticias-e1753639739829.png\",\"contentUrl\":\"https:\\\/\\\/oficialnoticias.com\\\/wp-content\\\/uploads\\\/2025\\\/08\\\/cropped-cropped-cropped-Logo-Noticias-e1753639739829.png\",\"width\":119,\"height\":86,\"caption\":\"oficial noticias\"},\"image\":{\"@id\":\"https:\\\/\\\/oficialnoticias.com\\\/#\\\/schema\\\/logo\\\/image\\\/\"}},{\"@type\":\"Person\",\"@id\":\"https:\\\/\\\/oficialnoticias.com\\\/#\\\/schema\\\/person\\\/2d1dcbb6bfbc28d68171b4dc04723d4a\",\"name\":\"Luana Gon\u00e7alves\",\"image\":{\"@type\":\"ImageObject\",\"inLanguage\":\"pt-BR\",\"@id\":\"https:\\\/\\\/secure.gravatar.com\\\/avatar\\\/7aa6afdef873224c1a0265951f3fdfc0679f65dfbd15f018612595d323c52521?s=96&d=mm&r=g\",\"url\":\"https:\\\/\\\/secure.gravatar.com\\\/avatar\\\/7aa6afdef873224c1a0265951f3fdfc0679f65dfbd15f018612595d323c52521?s=96&d=mm&r=g\",\"contentUrl\":\"https:\\\/\\\/secure.gravatar.com\\\/avatar\\\/7aa6afdef873224c1a0265951f3fdfc0679f65dfbd15f018612595d323c52521?s=96&d=mm&r=g\",\"caption\":\"Luana Gon\u00e7alves\"},\"sameAs\":[\"https:\\\/\\\/oficialnoticias.com\\\/\"],\"url\":\"https:\\\/\\\/oficialnoticias.com\\\/?author=2\"}]}<\/script>\n<!-- \/ Yoast SEO plugin. -->","yoast_head_json":{"title":"N\u00famero de brasileiros que mudaram domic\u00edlio fiscal para o exterior cresce nos \u00faltimos 3 anos -","robots":{"index":"index","follow":"follow","max-snippet":"max-snippet:-1","max-image-preview":"max-image-preview:large","max-video-preview":"max-video-preview:-1"},"canonical":"https:\/\/oficialnoticias.com\/?p=19803","og_locale":"pt_BR","og_type":"article","og_title":"N\u00famero de brasileiros que mudaram domic\u00edlio fiscal para o exterior cresce nos \u00faltimos 3 anos -","og_description":"Brasileiros t\u00eam buscado alternativas, como mudar o domic\u00edlio fiscal para outros pa\u00edses, para tentar fugir de impostos ou valores altos de taxas. Essa mudan\u00e7a, na pr\u00e1tica, permite que voc\u00ea escolha onde pagar os impostos, e \u00e9 poss\u00edvel ter quantos domic\u00edlios fiscais quiser. De acordo com dados do Minist\u00e9rio da Fazenda, analisados pela Itatiaia, neste ano...","og_url":"https:\/\/oficialnoticias.com\/?p=19803","article_published_time":"2025-10-29T09:22:00+00:00","article_modified_time":"2025-10-29T09:22:01+00:00","og_image":[{"width":1200,"height":630,"url":"https:\/\/oficialnoticias.com\/wp-content\/uploads\/2025\/10\/urlhttps3A2F2Fk2-prod-radio-itatiaia.s3.us-east-1.amazonaws.com2Fbrightspot2F5f2Fdd2Ff5f342.webp","type":"image\/webp"}],"author":"Luana Gon\u00e7alves","twitter_card":"summary_large_image","twitter_misc":{"Escrito por":"Luana Gon\u00e7alves","Est. tempo de leitura":"3 minutos"},"schema":{"@context":"https:\/\/schema.org","@graph":[{"@type":"Article","@id":"https:\/\/oficialnoticias.com\/?p=19803#article","isPartOf":{"@id":"https:\/\/oficialnoticias.com\/?p=19803"},"author":{"name":"Luana Gon\u00e7alves","@id":"https:\/\/oficialnoticias.com\/#\/schema\/person\/2d1dcbb6bfbc28d68171b4dc04723d4a"},"headline":"N\u00famero de brasileiros que mudaram domic\u00edlio fiscal para o exterior cresce nos \u00faltimos 3 anos","datePublished":"2025-10-29T09:22:00+00:00","dateModified":"2025-10-29T09:22:01+00:00","mainEntityOfPage":{"@id":"https:\/\/oficialnoticias.com\/?p=19803"},"wordCount":606,"commentCount":0,"publisher":{"@id":"https:\/\/oficialnoticias.com\/#organization"},"image":{"@id":"https:\/\/oficialnoticias.com\/?p=19803#primaryimage"},"thumbnailUrl":"https:\/\/oficialnoticias.com\/wp-content\/uploads\/2025\/10\/urlhttps3A2F2Fk2-prod-radio-itatiaia.s3.us-east-1.amazonaws.com2Fbrightspot2F5f2Fdd2Ff5f342.webp","articleSection":["Economia"],"inLanguage":"pt-BR","potentialAction":[{"@type":"CommentAction","name":"Comment","target":["https:\/\/oficialnoticias.com\/?p=19803#respond"]}]},{"@type":"WebPage","@id":"https:\/\/oficialnoticias.com\/?p=19803","url":"https:\/\/oficialnoticias.com\/?p=19803","name":"N\u00famero de brasileiros que mudaram domic\u00edlio fiscal para o exterior cresce nos \u00faltimos 3 anos -","isPartOf":{"@id":"https:\/\/oficialnoticias.com\/#website"},"primaryImageOfPage":{"@id":"https:\/\/oficialnoticias.com\/?p=19803#primaryimage"},"image":{"@id":"https:\/\/oficialnoticias.com\/?p=19803#primaryimage"},"thumbnailUrl":"https:\/\/oficialnoticias.com\/wp-content\/uploads\/2025\/10\/urlhttps3A2F2Fk2-prod-radio-itatiaia.s3.us-east-1.amazonaws.com2Fbrightspot2F5f2Fdd2Ff5f342.webp","datePublished":"2025-10-29T09:22:00+00:00","dateModified":"2025-10-29T09:22:01+00:00","breadcrumb":{"@id":"https:\/\/oficialnoticias.com\/?p=19803#breadcrumb"},"inLanguage":"pt-BR","potentialAction":[{"@type":"ReadAction","target":["https:\/\/oficialnoticias.com\/?p=19803"]}]},{"@type":"ImageObject","inLanguage":"pt-BR","@id":"https:\/\/oficialnoticias.com\/?p=19803#primaryimage","url":"https:\/\/oficialnoticias.com\/wp-content\/uploads\/2025\/10\/urlhttps3A2F2Fk2-prod-radio-itatiaia.s3.us-east-1.amazonaws.com2Fbrightspot2F5f2Fdd2Ff5f342.webp","contentUrl":"https:\/\/oficialnoticias.com\/wp-content\/uploads\/2025\/10\/urlhttps3A2F2Fk2-prod-radio-itatiaia.s3.us-east-1.amazonaws.com2Fbrightspot2F5f2Fdd2Ff5f342.webp","width":1200,"height":630},{"@type":"BreadcrumbList","@id":"https:\/\/oficialnoticias.com\/?p=19803#breadcrumb","itemListElement":[{"@type":"ListItem","position":1,"name":"In\u00edcio","item":"https:\/\/oficialnoticias.com\/"},{"@type":"ListItem","position":2,"name":"N\u00famero de brasileiros que mudaram domic\u00edlio fiscal para o exterior cresce nos \u00faltimos 3 anos"}]},{"@type":"WebSite","@id":"https:\/\/oficialnoticias.com\/#website","url":"https:\/\/oficialnoticias.com\/","name":"oficial Noticias","description":"","publisher":{"@id":"https:\/\/oficialnoticias.com\/#organization"},"potentialAction":[{"@type":"SearchAction","target":{"@type":"EntryPoint","urlTemplate":"https:\/\/oficialnoticias.com\/?s={search_term_string}"},"query-input":{"@type":"PropertyValueSpecification","valueRequired":true,"valueName":"search_term_string"}}],"inLanguage":"pt-BR"},{"@type":"Organization","@id":"https:\/\/oficialnoticias.com\/#organization","name":"oficial noticias","url":"https:\/\/oficialnoticias.com\/","logo":{"@type":"ImageObject","inLanguage":"pt-BR","@id":"https:\/\/oficialnoticias.com\/#\/schema\/logo\/image\/","url":"https:\/\/oficialnoticias.com\/wp-content\/uploads\/2025\/08\/cropped-cropped-cropped-Logo-Noticias-e1753639739829.png","contentUrl":"https:\/\/oficialnoticias.com\/wp-content\/uploads\/2025\/08\/cropped-cropped-cropped-Logo-Noticias-e1753639739829.png","width":119,"height":86,"caption":"oficial noticias"},"image":{"@id":"https:\/\/oficialnoticias.com\/#\/schema\/logo\/image\/"}},{"@type":"Person","@id":"https:\/\/oficialnoticias.com\/#\/schema\/person\/2d1dcbb6bfbc28d68171b4dc04723d4a","name":"Luana Gon\u00e7alves","image":{"@type":"ImageObject","inLanguage":"pt-BR","@id":"https:\/\/secure.gravatar.com\/avatar\/7aa6afdef873224c1a0265951f3fdfc0679f65dfbd15f018612595d323c52521?s=96&d=mm&r=g","url":"https:\/\/secure.gravatar.com\/avatar\/7aa6afdef873224c1a0265951f3fdfc0679f65dfbd15f018612595d323c52521?s=96&d=mm&r=g","contentUrl":"https:\/\/secure.gravatar.com\/avatar\/7aa6afdef873224c1a0265951f3fdfc0679f65dfbd15f018612595d323c52521?s=96&d=mm&r=g","caption":"Luana Gon\u00e7alves"},"sameAs":["https:\/\/oficialnoticias.com\/"],"url":"https:\/\/oficialnoticias.com\/?author=2"}]}},"_links":{"self":[{"href":"https:\/\/oficialnoticias.com\/index.php?rest_route=\/wp\/v2\/posts\/19803","targetHints":{"allow":["GET"]}}],"collection":[{"href":"https:\/\/oficialnoticias.com\/index.php?rest_route=\/wp\/v2\/posts"}],"about":[{"href":"https:\/\/oficialnoticias.com\/index.php?rest_route=\/wp\/v2\/types\/post"}],"author":[{"embeddable":true,"href":"https:\/\/oficialnoticias.com\/index.php?rest_route=\/wp\/v2\/users\/2"}],"replies":[{"embeddable":true,"href":"https:\/\/oficialnoticias.com\/index.php?rest_route=%2Fwp%2Fv2%2Fcomments&post=19803"}],"version-history":[{"count":1,"href":"https:\/\/oficialnoticias.com\/index.php?rest_route=\/wp\/v2\/posts\/19803\/revisions"}],"predecessor-version":[{"id":19805,"href":"https:\/\/oficialnoticias.com\/index.php?rest_route=\/wp\/v2\/posts\/19803\/revisions\/19805"}],"wp:featuredmedia":[{"embeddable":true,"href":"https:\/\/oficialnoticias.com\/index.php?rest_route=\/wp\/v2\/media\/19804"}],"wp:attachment":[{"href":"https:\/\/oficialnoticias.com\/index.php?rest_route=%2Fwp%2Fv2%2Fmedia&parent=19803"}],"wp:term":[{"taxonomy":"category","embeddable":true,"href":"https:\/\/oficialnoticias.com\/index.php?rest_route=%2Fwp%2Fv2%2Fcategories&post=19803"},{"taxonomy":"post_tag","embeddable":true,"href":"https:\/\/oficialnoticias.com\/index.php?rest_route=%2Fwp%2Fv2%2Ftags&post=19803"}],"curies":[{"name":"wp","href":"https:\/\/api.w.org\/{rel}","templated":true}]}}