{"id":18420,"date":"2025-10-23T16:34:01","date_gmt":"2025-10-23T19:34:01","guid":{"rendered":"https:\/\/oficialnoticias.com\/?p=18420"},"modified":"2025-10-23T16:34:05","modified_gmt":"2025-10-23T19:34:05","slug":"oposicao-a-zema-na-assembleia-lanca-carta-ao-povo-mineiro-contra-a-venda-da-copasa","status":"publish","type":"post","link":"https:\/\/oficialnoticias.com\/?p=18420","title":{"rendered":"Oposi\u00e7\u00e3o a Zema na Assembleia lan\u00e7a &#8216;carta ao povo mineiro&#8217; contra a venda da Copasa"},"content":{"rendered":"<p><\/p>\n<div>\n<p>Nesta quinta-feira (23), <bsp-link-enhancement><br \/>\n    <span class=\"LinkEnhancement\"><a class=\"Link\" href=\"https:\/\/www.itatiaia.com.br\/politica\/assembleia-legislativa-pode-decidir-futuro-da-copasa-nesta-quinta-feira-23\" title=\"&lt;b&gt;dia decisivo para a vota\u00e7\u00e3o e primeiro turno da Proposta de Emenda \u00e0 Constitui\u00e7\u00e3o (PEC) 24\/2023&lt;\/b&gt;\"><b>dia decisivo para a vota\u00e7\u00e3o e primeiro turno da Proposta de Emenda \u00e0 Constitui\u00e7\u00e3o (PEC) 24\/2023<\/b><\/a><\/span><\/bsp-link-enhancement>, que derruba a exig\u00eancia de um referendo popular para autorizar a privatiza\u00e7\u00e3o da Copasa, o bloco de oposi\u00e7\u00e3o ao governador Romeu Zema (Novo) divulgou uma carta aberta contra a venda da companhia de saneamento do estado.<\/p>\n<p>No documento, o <bsp-link-enhancement><br \/>\n    <span class=\"LinkEnhancement\"><a class=\"Link\" href=\"https:\/\/www.itatiaia.com.br\/politica\/oposicao-adia-votacao-e-debate-sobre-pec-do-referendo-da-copasa-deve-invadir-a-noite-desta-quinta\" title=\"&lt;b&gt;Bloco Democracia e Luta&lt;\/b&gt;\"><b>Bloco Democracia e Luta<\/b><\/a><\/span><\/bsp-link-enhancement> elenca perguntas ao governo estadual para saber sobre as motiva\u00e7\u00f5es para a venda da companhia e cita exemplos considerados mal sucedidos de privatiza\u00e7\u00f5es de servi\u00e7os de saneamento.<\/p>\n<p>\u201cOnde a privatiza\u00e7\u00e3o chegou, a experi\u00eancia \u00e9 clara: aumento abusivo das tarifas; piora na qualidade: menos investimento onde n\u00e3o h\u00e1 retorno r\u00e1pido; exclus\u00e3o social: o saneamento b\u00e1sico deixa de ser um direito e vira um luxo inacess\u00edvel para as fam\u00edlias de baixa renda; caos e apag\u00f5es: a prioridade do servi\u00e7o p\u00fablico \u00e9 substitu\u00edda pela prioridade do acionista\u201d, diz trecho da carta, reproduzida na \u00edntegra no fim desta mat\u00e9ria.<\/p>\n<p>A <bsp-link-enhancement><br \/>\n    <span class=\"LinkEnhancement\"><a class=\"Link\" href=\"https:\/\/www.itatiaia.com.br\/politica\/entenda-os-proximos-passos-da-pec-do-referendo-na-assembleia-de-minas\" title=\"&lt;b&gt;PEC 24\/2023&lt;\/b&gt;\"><b>PEC 24\/2023<\/b><\/a><\/span><\/bsp-link-enhancement>, de autoria do governador Romeu Zema, prop\u00f5e uma mudan\u00e7a na Constitui\u00e7\u00e3o de Minas Gerais. H\u00e1 mais de 20 anos, a legisla\u00e7\u00e3o estadual determina que para privatizar estatais de g\u00e1s natural, energia e saneamento, \u00e9 necess\u00e1ria a autoriza\u00e7\u00e3o do eleitor mineiro via voto em referendo popular.<\/p>\n<p>O governo do estado buscava retirar esse artigo e viabilizar a privatiza\u00e7\u00e3o de Cemig e Copasa. Ap\u00f3s acordos entre os deputados, o texto foi alterado e manteve apenas a retirada do referendo para a Copasa.<\/p>\n<p>A privatiza\u00e7\u00e3o da Copasa j\u00e1 integrava a pauta do governo Zema desde o primeiro mandato, mas ganhou novo f\u00f4lego com a cria\u00e7\u00e3o do Programa de Pleno Pagamento de D\u00edvidas dos Estados (Propag). Com o projeto permitindo a privatiza\u00e7\u00e3o e federaliza\u00e7\u00e3o de ativos como forma de pagar a d\u00edvida com a Uni\u00e3o, v\u00e1rios projetos da pauta privatista do Executivo andaram na Assembleia ap\u00f3s anos parados.<\/p>\n<p>O Executivo Estadual defende a venda das estatais para, com os recursos, atingir 20% da d\u00edvida com a Uni\u00e3o \u2014 hoje avaliada em R$ 170 bilh\u00f5es. Se conseguir a marca, de acordo com os mecanismos do Propag, o estado consegue dividir o pagamento em at\u00e9 30 anos e reduzir os juros cobrados sobre as parcelas. A redu\u00e7\u00e3o seria de dois pontos percentuais sobre a taxa hoje fixada pela infla\u00e7\u00e3o mais 4% ao ano.<\/p>\n<p>A <b>Itatiaia<\/b> procurou o Governo de Minas e pediu um posicionamento sobre a carta do bloco de oposi\u00e7\u00e3o. At\u00e9 o momento, n\u00e3o houve respostas.<\/p>\n<h2><b>Leia a carta do Bloco Democracia e Luta na \u00edntegra:<\/b><\/h2>\n<p><i>CARTA AO POVO MINEIRO:<\/i><\/p>\n<p><i>ZEMA QUER VENDER A COPASA NA LIQUIDA\u00c7\u00c3O E RETIRAR DOS MINEIROS O DIREITO DE DECIDIR <\/i><\/p>\n<p><i>Esta carta carrega a indigna\u00e7\u00e3o urgente de quem v\u00ea o patrim\u00f4nio de Minas Gerais sendo colocado numa bandeja, enquanto o governo de Romeu Zema (Novo) trama para rasgar a Constitui\u00e7\u00e3o e silenciar o povo mineiro, tirando-lhe o direito de decidir sobre o futuro da nossa \u00e1gua. Movido por uma obsess\u00e3o privatista, e usando o pretexto do pagamento da d\u00edvida de Minas, Zema lan\u00e7a um foco implac\u00e1vel sobre a COPASA, a nossa empresa p\u00fablica que gere a \u00e1gua e o saneamento. Isso est\u00e1 acontecendo agora. Se voc\u00ea n\u00e3o fizer nada, a Copasa poder\u00e1 ser privatizada ainda neste m\u00eas de outubro!<\/i><\/p>\n<p><i>N\u00e3o se trata apenas do absurdo de vender uma empresa lucrativa, premiada em \u00e1reas como sustentabilidade, inova\u00e7\u00e3o e experi\u00eancia do cliente, incluindo reconhecimentos da revista norte-americana \u201cTime\u201d. Trata-se de rasgar a Constitui\u00e7\u00e3o Estadual, de pisotear um direito que conquistamos em 2001, quando o ent\u00e3o governador Itamar Franco blindou o patrim\u00f4nio de Minas Gerais com uma regra: S\u00d3 O POVO DECIDE sobre nossa \u00e1gua e energia (Cemig, Copasa, Gasmig), por meio de referendo.<\/i><\/p>\n<p><i>Agora, a PEC 24\/2023 de Zema quer aniquilar esse direito sagrado! \u00c9 a famigerada PEC do Cala Boca &#8211; uma afronta que encontrou a resist\u00eancia de um povo que diz N\u00c3O ao autoritarismo: todas as pesquisas j\u00e1 realizadas mostram que a popula\u00e7\u00e3o mineira quer exercer o seu direito de decidir sobre o futuro das nossas estatais.<\/i><\/p>\n<p><i>Zema e seu partido realizam essa tenebrosa transa\u00e7\u00e3o sem ao menos responder a perguntas b\u00e1sicas:<\/i><\/p>\n<p><i>&#8211; Por que, diante do adiamento dos prazos pelo decreto do Presidente da Rep\u00fablica, Minas Gerais acelera a privatiza\u00e7\u00e3o da Copasa?<\/i><\/p>\n<p><i>&#8211; O Governo Zema, que deveria ser respons\u00e1vel pela qualidade do servi\u00e7o de \u00e1gua e esgoto &#8211; e tem at\u00e9 o presidente do Novo na assessoria da Copasa &#8211; alega que h\u00e1 reclama\u00e7\u00f5es no servi\u00e7o. <\/i><\/p>\n<p><i>&#8211; A solu\u00e7\u00e3o \u00e9 privatizar? O que pensa a popula\u00e7\u00e3o que hoje \u00e9 atendida por servi\u00e7os de \u00e1gua e esgoto privatizados, como no Rio de Janeiro, em S\u00e3o Paulo ou em cidades como Ouro Preto?<\/i><\/p>\n<p><i>&#8211; Como ficar\u00e3o os acordos com as pequenas cidades, j\u00e1 que a l\u00f3gica de mercado tende a priorizar o lucro em detrimento do interesse p\u00fablico e social?<\/i><\/p>\n<p><i>Onde a privatiza\u00e7\u00e3o chegou, a experi\u00eancia \u00e9 clara: aumento abusivo das tarifas; piora na qualidade: menos investimento onde n\u00e3o h\u00e1 retorno r\u00e1pido; exclus\u00e3o social: o saneamento b\u00e1sico deixa de ser um direito e vira um luxo inacess\u00edvel para as fam\u00edlias de baixa renda; caos e apag\u00f5es: a prioridade do servi\u00e7o p\u00fablico \u00e9 substitu\u00edda pela prioridade do acionista.<\/i><\/p>\n<p><i>A \u00e1gua precede a sa\u00fade p\u00fablica, e a Copasa \u00e9 o nosso instrumento para garantir que at\u00e9 o morador mais distante tenha acesso a este recurso vital.<\/i><\/p>\n<p><i>Enquanto o mundo reestatiza e reconhece o fracasso da privatiza\u00e7\u00e3o dos servi\u00e7os essenciais, Zema insiste em colocar Minas na contram\u00e3o da hist\u00f3ria, entregando em sald\u00e3o a nossa \u00e1gua e o nosso futuro aos seus \u201camigos empres\u00e1rios\u201d. O pior: ele faz isso sem sequer revelar o real valor da Copasa. E n\u00e3o para por a\u00ed! Zema quer vender a nossa \u00e1gua e tamb\u00e9m as preciosas \u00e1reas de preserva\u00e7\u00e3o ambiental sob o controle da Companhia. Para concretizar esse crime, ele quer, urgentemente, calar a sua voz!<\/i><\/p>\n<p><i>N\u00e3o podemos permitir!<\/i><\/p>\n<p><i>Junte-se ao Bloco Democracia e Luta e a todos que resistem!<\/i><\/p>\n<p><bsp-list-loadmore class=\"PageListStandardG\" data-module=\"\" data-show-loadmore=\"true\" data-list-title-size=\"3\" data-list-description-size=\"3\"><\/p>\n<p>    <a class=\"AnchorLink\" title=\"leia-tambem\" name=\"leia-tambem\"\/><\/p>\n<p><\/bsp-list-loadmore><\/p><\/div>\n<p><script>\n  window.fbAsyncInit = function() {\n      FB.init({\n              appId : '1447052969554341',\n          xfbml : true,\n          version : 'v2.9'\n      });\n  };\n  (function(d, s, id){\n     var js, fjs = d.getElementsByTagName(s)[0];\n     if (d.getElementById(id)) {return;}\n     js = d.createElement(s); js.id = id;\n     js.src = \"https:\/\/connect.facebook.net\/en_US\/sdk.js\";\n     fjs.parentNode.insertBefore(js, fjs);\n   }(document, 'script', 'facebook-jssdk'));\n<\/script><\/p>\n","protected":false},"excerpt":{"rendered":"<p>Nesta quinta-feira (23), dia decisivo para a vota\u00e7\u00e3o e primeiro turno da Proposta de Emenda \u00e0 Constitui\u00e7\u00e3o (PEC) 24\/2023, que derruba a exig\u00eancia de um referendo popular para autorizar a privatiza\u00e7\u00e3o da Copasa, o bloco de oposi\u00e7\u00e3o ao governador Romeu Zema (Novo) divulgou uma carta aberta contra a venda da companhia de saneamento do estado&#8230;.<\/p>\n","protected":false},"author":2,"featured_media":18421,"comment_status":"open","ping_status":"open","sticky":false,"template":"","format":"standard","meta":{"footnotes":""},"categories":[24],"tags":[],"class_list":["post-18420","post","type-post","status-publish","format-standard","has-post-thumbnail","hentry","category-politica"],"yoast_head":"<!-- This site is optimized with the Yoast SEO plugin v27.3 - https:\/\/yoast.com\/product\/yoast-seo-wordpress\/ -->\n<title>Oposi\u00e7\u00e3o a Zema na Assembleia lan\u00e7a &#039;carta ao povo mineiro&#039; contra a venda da Copasa -<\/title>\n<meta name=\"robots\" content=\"index, follow, max-snippet:-1, max-image-preview:large, max-video-preview:-1\" \/>\n<link rel=\"canonical\" href=\"https:\/\/oficialnoticias.com\/?p=18420\" \/>\n<meta property=\"og:locale\" content=\"pt_BR\" \/>\n<meta property=\"og:type\" content=\"article\" \/>\n<meta property=\"og:title\" content=\"Oposi\u00e7\u00e3o a Zema na Assembleia lan\u00e7a &#039;carta ao povo mineiro&#039; contra a venda da Copasa -\" \/>\n<meta property=\"og:description\" content=\"Nesta quinta-feira (23), dia decisivo para a vota\u00e7\u00e3o e primeiro turno da Proposta de Emenda \u00e0 Constitui\u00e7\u00e3o (PEC) 24\/2023, que derruba a exig\u00eancia de um referendo popular para autorizar a privatiza\u00e7\u00e3o da Copasa, o bloco de oposi\u00e7\u00e3o ao governador Romeu Zema (Novo) divulgou uma carta aberta contra a venda da companhia de saneamento do estado....\" \/>\n<meta property=\"og:url\" content=\"https:\/\/oficialnoticias.com\/?p=18420\" \/>\n<meta property=\"article:published_time\" content=\"2025-10-23T19:34:01+00:00\" \/>\n<meta property=\"article:modified_time\" content=\"2025-10-23T19:34:05+00:00\" \/>\n<meta property=\"og:image\" content=\"https:\/\/oficialnoticias.com\/wp-content\/uploads\/2025\/10\/urlhttps3A2F2Fk2-prod-radio-itatiaia.s3.us-east-1.amazonaws.com2Fbrightspot2F772Ffc2F3a1ccd.webp\" \/>\n\t<meta property=\"og:image:width\" content=\"1200\" \/>\n\t<meta property=\"og:image:height\" content=\"630\" \/>\n\t<meta property=\"og:image:type\" content=\"image\/webp\" \/>\n<meta name=\"author\" content=\"Luana Gon\u00e7alves\" \/>\n<meta name=\"twitter:card\" content=\"summary_large_image\" \/>\n<meta name=\"twitter:label1\" content=\"Escrito por\" \/>\n\t<meta name=\"twitter:data1\" content=\"Luana Gon\u00e7alves\" \/>\n\t<meta name=\"twitter:label2\" content=\"Est. tempo de leitura\" \/>\n\t<meta name=\"twitter:data2\" content=\"5 minutos\" \/>\n<script type=\"application\/ld+json\" class=\"yoast-schema-graph\">{\"@context\":\"https:\\\/\\\/schema.org\",\"@graph\":[{\"@type\":\"Article\",\"@id\":\"https:\\\/\\\/oficialnoticias.com\\\/?p=18420#article\",\"isPartOf\":{\"@id\":\"https:\\\/\\\/oficialnoticias.com\\\/?p=18420\"},\"author\":{\"name\":\"Luana Gon\u00e7alves\",\"@id\":\"https:\\\/\\\/oficialnoticias.com\\\/#\\\/schema\\\/person\\\/2d1dcbb6bfbc28d68171b4dc04723d4a\"},\"headline\":\"Oposi\u00e7\u00e3o a Zema na Assembleia lan\u00e7a &#8216;carta ao povo mineiro&#8217; contra a venda da Copasa\",\"datePublished\":\"2025-10-23T19:34:01+00:00\",\"dateModified\":\"2025-10-23T19:34:05+00:00\",\"mainEntityOfPage\":{\"@id\":\"https:\\\/\\\/oficialnoticias.com\\\/?p=18420\"},\"wordCount\":1074,\"commentCount\":0,\"publisher\":{\"@id\":\"https:\\\/\\\/oficialnoticias.com\\\/#organization\"},\"image\":{\"@id\":\"https:\\\/\\\/oficialnoticias.com\\\/?p=18420#primaryimage\"},\"thumbnailUrl\":\"https:\\\/\\\/oficialnoticias.com\\\/wp-content\\\/uploads\\\/2025\\\/10\\\/urlhttps3A2F2Fk2-prod-radio-itatiaia.s3.us-east-1.amazonaws.com2Fbrightspot2F772Ffc2F3a1ccd.webp\",\"articleSection\":[\"Politica\"],\"inLanguage\":\"pt-BR\",\"potentialAction\":[{\"@type\":\"CommentAction\",\"name\":\"Comment\",\"target\":[\"https:\\\/\\\/oficialnoticias.com\\\/?p=18420#respond\"]}]},{\"@type\":\"WebPage\",\"@id\":\"https:\\\/\\\/oficialnoticias.com\\\/?p=18420\",\"url\":\"https:\\\/\\\/oficialnoticias.com\\\/?p=18420\",\"name\":\"Oposi\u00e7\u00e3o a Zema na Assembleia lan\u00e7a 'carta ao povo mineiro' contra a venda da Copasa -\",\"isPartOf\":{\"@id\":\"https:\\\/\\\/oficialnoticias.com\\\/#website\"},\"primaryImageOfPage\":{\"@id\":\"https:\\\/\\\/oficialnoticias.com\\\/?p=18420#primaryimage\"},\"image\":{\"@id\":\"https:\\\/\\\/oficialnoticias.com\\\/?p=18420#primaryimage\"},\"thumbnailUrl\":\"https:\\\/\\\/oficialnoticias.com\\\/wp-content\\\/uploads\\\/2025\\\/10\\\/urlhttps3A2F2Fk2-prod-radio-itatiaia.s3.us-east-1.amazonaws.com2Fbrightspot2F772Ffc2F3a1ccd.webp\",\"datePublished\":\"2025-10-23T19:34:01+00:00\",\"dateModified\":\"2025-10-23T19:34:05+00:00\",\"breadcrumb\":{\"@id\":\"https:\\\/\\\/oficialnoticias.com\\\/?p=18420#breadcrumb\"},\"inLanguage\":\"pt-BR\",\"potentialAction\":[{\"@type\":\"ReadAction\",\"target\":[\"https:\\\/\\\/oficialnoticias.com\\\/?p=18420\"]}]},{\"@type\":\"ImageObject\",\"inLanguage\":\"pt-BR\",\"@id\":\"https:\\\/\\\/oficialnoticias.com\\\/?p=18420#primaryimage\",\"url\":\"https:\\\/\\\/oficialnoticias.com\\\/wp-content\\\/uploads\\\/2025\\\/10\\\/urlhttps3A2F2Fk2-prod-radio-itatiaia.s3.us-east-1.amazonaws.com2Fbrightspot2F772Ffc2F3a1ccd.webp\",\"contentUrl\":\"https:\\\/\\\/oficialnoticias.com\\\/wp-content\\\/uploads\\\/2025\\\/10\\\/urlhttps3A2F2Fk2-prod-radio-itatiaia.s3.us-east-1.amazonaws.com2Fbrightspot2F772Ffc2F3a1ccd.webp\",\"width\":1200,\"height\":630},{\"@type\":\"BreadcrumbList\",\"@id\":\"https:\\\/\\\/oficialnoticias.com\\\/?p=18420#breadcrumb\",\"itemListElement\":[{\"@type\":\"ListItem\",\"position\":1,\"name\":\"In\u00edcio\",\"item\":\"https:\\\/\\\/oficialnoticias.com\\\/\"},{\"@type\":\"ListItem\",\"position\":2,\"name\":\"Oposi\u00e7\u00e3o a Zema na Assembleia lan\u00e7a &#8216;carta ao povo mineiro&#8217; contra a venda da Copasa\"}]},{\"@type\":\"WebSite\",\"@id\":\"https:\\\/\\\/oficialnoticias.com\\\/#website\",\"url\":\"https:\\\/\\\/oficialnoticias.com\\\/\",\"name\":\"oficial Noticias\",\"description\":\"\",\"publisher\":{\"@id\":\"https:\\\/\\\/oficialnoticias.com\\\/#organization\"},\"potentialAction\":[{\"@type\":\"SearchAction\",\"target\":{\"@type\":\"EntryPoint\",\"urlTemplate\":\"https:\\\/\\\/oficialnoticias.com\\\/?s={search_term_string}\"},\"query-input\":{\"@type\":\"PropertyValueSpecification\",\"valueRequired\":true,\"valueName\":\"search_term_string\"}}],\"inLanguage\":\"pt-BR\"},{\"@type\":\"Organization\",\"@id\":\"https:\\\/\\\/oficialnoticias.com\\\/#organization\",\"name\":\"oficial noticias\",\"url\":\"https:\\\/\\\/oficialnoticias.com\\\/\",\"logo\":{\"@type\":\"ImageObject\",\"inLanguage\":\"pt-BR\",\"@id\":\"https:\\\/\\\/oficialnoticias.com\\\/#\\\/schema\\\/logo\\\/image\\\/\",\"url\":\"https:\\\/\\\/oficialnoticias.com\\\/wp-content\\\/uploads\\\/2025\\\/08\\\/cropped-cropped-cropped-Logo-Noticias-e1753639739829.png\",\"contentUrl\":\"https:\\\/\\\/oficialnoticias.com\\\/wp-content\\\/uploads\\\/2025\\\/08\\\/cropped-cropped-cropped-Logo-Noticias-e1753639739829.png\",\"width\":119,\"height\":86,\"caption\":\"oficial noticias\"},\"image\":{\"@id\":\"https:\\\/\\\/oficialnoticias.com\\\/#\\\/schema\\\/logo\\\/image\\\/\"}},{\"@type\":\"Person\",\"@id\":\"https:\\\/\\\/oficialnoticias.com\\\/#\\\/schema\\\/person\\\/2d1dcbb6bfbc28d68171b4dc04723d4a\",\"name\":\"Luana Gon\u00e7alves\",\"image\":{\"@type\":\"ImageObject\",\"inLanguage\":\"pt-BR\",\"@id\":\"https:\\\/\\\/secure.gravatar.com\\\/avatar\\\/7aa6afdef873224c1a0265951f3fdfc0679f65dfbd15f018612595d323c52521?s=96&d=mm&r=g\",\"url\":\"https:\\\/\\\/secure.gravatar.com\\\/avatar\\\/7aa6afdef873224c1a0265951f3fdfc0679f65dfbd15f018612595d323c52521?s=96&d=mm&r=g\",\"contentUrl\":\"https:\\\/\\\/secure.gravatar.com\\\/avatar\\\/7aa6afdef873224c1a0265951f3fdfc0679f65dfbd15f018612595d323c52521?s=96&d=mm&r=g\",\"caption\":\"Luana Gon\u00e7alves\"},\"sameAs\":[\"https:\\\/\\\/oficialnoticias.com\\\/\"],\"url\":\"https:\\\/\\\/oficialnoticias.com\\\/?author=2\"}]}<\/script>\n<!-- \/ Yoast SEO plugin. -->","yoast_head_json":{"title":"Oposi\u00e7\u00e3o a Zema na Assembleia lan\u00e7a 'carta ao povo mineiro' contra a venda da Copasa -","robots":{"index":"index","follow":"follow","max-snippet":"max-snippet:-1","max-image-preview":"max-image-preview:large","max-video-preview":"max-video-preview:-1"},"canonical":"https:\/\/oficialnoticias.com\/?p=18420","og_locale":"pt_BR","og_type":"article","og_title":"Oposi\u00e7\u00e3o a Zema na Assembleia lan\u00e7a 'carta ao povo mineiro' contra a venda da Copasa -","og_description":"Nesta quinta-feira (23), dia decisivo para a vota\u00e7\u00e3o e primeiro turno da Proposta de Emenda \u00e0 Constitui\u00e7\u00e3o (PEC) 24\/2023, que derruba a exig\u00eancia de um referendo popular para autorizar a privatiza\u00e7\u00e3o da Copasa, o bloco de oposi\u00e7\u00e3o ao governador Romeu Zema (Novo) divulgou uma carta aberta contra a venda da companhia de saneamento do estado....","og_url":"https:\/\/oficialnoticias.com\/?p=18420","article_published_time":"2025-10-23T19:34:01+00:00","article_modified_time":"2025-10-23T19:34:05+00:00","og_image":[{"width":1200,"height":630,"url":"https:\/\/oficialnoticias.com\/wp-content\/uploads\/2025\/10\/urlhttps3A2F2Fk2-prod-radio-itatiaia.s3.us-east-1.amazonaws.com2Fbrightspot2F772Ffc2F3a1ccd.webp","type":"image\/webp"}],"author":"Luana Gon\u00e7alves","twitter_card":"summary_large_image","twitter_misc":{"Escrito por":"Luana Gon\u00e7alves","Est. tempo de leitura":"5 minutos"},"schema":{"@context":"https:\/\/schema.org","@graph":[{"@type":"Article","@id":"https:\/\/oficialnoticias.com\/?p=18420#article","isPartOf":{"@id":"https:\/\/oficialnoticias.com\/?p=18420"},"author":{"name":"Luana Gon\u00e7alves","@id":"https:\/\/oficialnoticias.com\/#\/schema\/person\/2d1dcbb6bfbc28d68171b4dc04723d4a"},"headline":"Oposi\u00e7\u00e3o a Zema na Assembleia lan\u00e7a &#8216;carta ao povo mineiro&#8217; contra a venda da Copasa","datePublished":"2025-10-23T19:34:01+00:00","dateModified":"2025-10-23T19:34:05+00:00","mainEntityOfPage":{"@id":"https:\/\/oficialnoticias.com\/?p=18420"},"wordCount":1074,"commentCount":0,"publisher":{"@id":"https:\/\/oficialnoticias.com\/#organization"},"image":{"@id":"https:\/\/oficialnoticias.com\/?p=18420#primaryimage"},"thumbnailUrl":"https:\/\/oficialnoticias.com\/wp-content\/uploads\/2025\/10\/urlhttps3A2F2Fk2-prod-radio-itatiaia.s3.us-east-1.amazonaws.com2Fbrightspot2F772Ffc2F3a1ccd.webp","articleSection":["Politica"],"inLanguage":"pt-BR","potentialAction":[{"@type":"CommentAction","name":"Comment","target":["https:\/\/oficialnoticias.com\/?p=18420#respond"]}]},{"@type":"WebPage","@id":"https:\/\/oficialnoticias.com\/?p=18420","url":"https:\/\/oficialnoticias.com\/?p=18420","name":"Oposi\u00e7\u00e3o a Zema na Assembleia lan\u00e7a 'carta ao povo mineiro' contra a venda da Copasa -","isPartOf":{"@id":"https:\/\/oficialnoticias.com\/#website"},"primaryImageOfPage":{"@id":"https:\/\/oficialnoticias.com\/?p=18420#primaryimage"},"image":{"@id":"https:\/\/oficialnoticias.com\/?p=18420#primaryimage"},"thumbnailUrl":"https:\/\/oficialnoticias.com\/wp-content\/uploads\/2025\/10\/urlhttps3A2F2Fk2-prod-radio-itatiaia.s3.us-east-1.amazonaws.com2Fbrightspot2F772Ffc2F3a1ccd.webp","datePublished":"2025-10-23T19:34:01+00:00","dateModified":"2025-10-23T19:34:05+00:00","breadcrumb":{"@id":"https:\/\/oficialnoticias.com\/?p=18420#breadcrumb"},"inLanguage":"pt-BR","potentialAction":[{"@type":"ReadAction","target":["https:\/\/oficialnoticias.com\/?p=18420"]}]},{"@type":"ImageObject","inLanguage":"pt-BR","@id":"https:\/\/oficialnoticias.com\/?p=18420#primaryimage","url":"https:\/\/oficialnoticias.com\/wp-content\/uploads\/2025\/10\/urlhttps3A2F2Fk2-prod-radio-itatiaia.s3.us-east-1.amazonaws.com2Fbrightspot2F772Ffc2F3a1ccd.webp","contentUrl":"https:\/\/oficialnoticias.com\/wp-content\/uploads\/2025\/10\/urlhttps3A2F2Fk2-prod-radio-itatiaia.s3.us-east-1.amazonaws.com2Fbrightspot2F772Ffc2F3a1ccd.webp","width":1200,"height":630},{"@type":"BreadcrumbList","@id":"https:\/\/oficialnoticias.com\/?p=18420#breadcrumb","itemListElement":[{"@type":"ListItem","position":1,"name":"In\u00edcio","item":"https:\/\/oficialnoticias.com\/"},{"@type":"ListItem","position":2,"name":"Oposi\u00e7\u00e3o a Zema na Assembleia lan\u00e7a &#8216;carta ao povo mineiro&#8217; contra a venda da Copasa"}]},{"@type":"WebSite","@id":"https:\/\/oficialnoticias.com\/#website","url":"https:\/\/oficialnoticias.com\/","name":"oficial Noticias","description":"","publisher":{"@id":"https:\/\/oficialnoticias.com\/#organization"},"potentialAction":[{"@type":"SearchAction","target":{"@type":"EntryPoint","urlTemplate":"https:\/\/oficialnoticias.com\/?s={search_term_string}"},"query-input":{"@type":"PropertyValueSpecification","valueRequired":true,"valueName":"search_term_string"}}],"inLanguage":"pt-BR"},{"@type":"Organization","@id":"https:\/\/oficialnoticias.com\/#organization","name":"oficial noticias","url":"https:\/\/oficialnoticias.com\/","logo":{"@type":"ImageObject","inLanguage":"pt-BR","@id":"https:\/\/oficialnoticias.com\/#\/schema\/logo\/image\/","url":"https:\/\/oficialnoticias.com\/wp-content\/uploads\/2025\/08\/cropped-cropped-cropped-Logo-Noticias-e1753639739829.png","contentUrl":"https:\/\/oficialnoticias.com\/wp-content\/uploads\/2025\/08\/cropped-cropped-cropped-Logo-Noticias-e1753639739829.png","width":119,"height":86,"caption":"oficial noticias"},"image":{"@id":"https:\/\/oficialnoticias.com\/#\/schema\/logo\/image\/"}},{"@type":"Person","@id":"https:\/\/oficialnoticias.com\/#\/schema\/person\/2d1dcbb6bfbc28d68171b4dc04723d4a","name":"Luana Gon\u00e7alves","image":{"@type":"ImageObject","inLanguage":"pt-BR","@id":"https:\/\/secure.gravatar.com\/avatar\/7aa6afdef873224c1a0265951f3fdfc0679f65dfbd15f018612595d323c52521?s=96&d=mm&r=g","url":"https:\/\/secure.gravatar.com\/avatar\/7aa6afdef873224c1a0265951f3fdfc0679f65dfbd15f018612595d323c52521?s=96&d=mm&r=g","contentUrl":"https:\/\/secure.gravatar.com\/avatar\/7aa6afdef873224c1a0265951f3fdfc0679f65dfbd15f018612595d323c52521?s=96&d=mm&r=g","caption":"Luana Gon\u00e7alves"},"sameAs":["https:\/\/oficialnoticias.com\/"],"url":"https:\/\/oficialnoticias.com\/?author=2"}]}},"_links":{"self":[{"href":"https:\/\/oficialnoticias.com\/index.php?rest_route=\/wp\/v2\/posts\/18420","targetHints":{"allow":["GET"]}}],"collection":[{"href":"https:\/\/oficialnoticias.com\/index.php?rest_route=\/wp\/v2\/posts"}],"about":[{"href":"https:\/\/oficialnoticias.com\/index.php?rest_route=\/wp\/v2\/types\/post"}],"author":[{"embeddable":true,"href":"https:\/\/oficialnoticias.com\/index.php?rest_route=\/wp\/v2\/users\/2"}],"replies":[{"embeddable":true,"href":"https:\/\/oficialnoticias.com\/index.php?rest_route=%2Fwp%2Fv2%2Fcomments&post=18420"}],"version-history":[{"count":1,"href":"https:\/\/oficialnoticias.com\/index.php?rest_route=\/wp\/v2\/posts\/18420\/revisions"}],"predecessor-version":[{"id":18422,"href":"https:\/\/oficialnoticias.com\/index.php?rest_route=\/wp\/v2\/posts\/18420\/revisions\/18422"}],"wp:featuredmedia":[{"embeddable":true,"href":"https:\/\/oficialnoticias.com\/index.php?rest_route=\/wp\/v2\/media\/18421"}],"wp:attachment":[{"href":"https:\/\/oficialnoticias.com\/index.php?rest_route=%2Fwp%2Fv2%2Fmedia&parent=18420"}],"wp:term":[{"taxonomy":"category","embeddable":true,"href":"https:\/\/oficialnoticias.com\/index.php?rest_route=%2Fwp%2Fv2%2Fcategories&post=18420"},{"taxonomy":"post_tag","embeddable":true,"href":"https:\/\/oficialnoticias.com\/index.php?rest_route=%2Fwp%2Fv2%2Ftags&post=18420"}],"curies":[{"name":"wp","href":"https:\/\/api.w.org\/{rel}","templated":true}]}}