{"id":17811,"date":"2025-10-21T08:06:19","date_gmt":"2025-10-21T11:06:19","guid":{"rendered":"https:\/\/oficialnoticias.com\/?p=17811"},"modified":"2025-10-21T08:06:24","modified_gmt":"2025-10-21T11:06:24","slug":"minaspetro-celebra-reducao-no-preco-da-gasolina-anunciado-pela-petrobras","status":"publish","type":"post","link":"https:\/\/oficialnoticias.com\/?p=17811","title":{"rendered":"Minaspetro celebra redu\u00e7\u00e3o no pre\u00e7o da gasolina anunciado pela Petrobras"},"content":{"rendered":"<p><\/p>\n<div>\n<p>O Sindicato do Com\u00e9rcio Varejista de Derivados de Petr\u00f3leo de Minas Gerais (Minaspetro) celebrou o an\u00fancio, nessa segunda-feira (20), de redu\u00e7\u00e3o no pre\u00e7o de revenda da gasolina da Petrobras para as distribuidoras. A partir desta ter\u00e7a-feira (21) o litro do combust\u00edvel vai cair 4,9%, <bsp-link-enhancement><br \/>\n    <span class=\"LinkEnhancement\"><a class=\"Link\" href=\"https:\/\/www.itatiaia.com.br\/economia\/petrobras-anuncia-reducao-de-14-centavos-no-preco-da-gasolina-a-partir-de-amanha\" title=\"&lt;b&gt;passando a custar, em m\u00e9dia R$ 2,71, um recuo de R$ 0,14.&lt;\/b&gt;\"><b>passando a custar, em m\u00e9dia R$ 2,71, um recuo de R$ 0,14.<\/b><\/a><\/span><\/bsp-link-enhancement><\/p>\n<p>Essa \u00e9 a segunda queda no pre\u00e7o da gasolina em 2025. No acumulado do ano, a redu\u00e7\u00e3o chega a R$ 0,31 por litro, o equivalente a 10,3%. Desde dezembro de 2022, a gasolina vendida pela estatal j\u00e1 ficou R$ 0,36 mais barata, e, considerando a infla\u00e7\u00e3o do per\u00edodo, a redu\u00e7\u00e3o acumulada \u00e9 de 22,4%.<\/p>\n<p>Para o <bsp-link-enhancement><br \/>\n    <span class=\"LinkEnhancement\"><a class=\"Link\" href=\"https:\/\/www.itatiaia.com.br\/economia\/gasolina-em-belo-horizonte-acumula-queda-de-5-5-no-ultimo-mes\" title=\"&lt;b&gt;presidente do Minaspetro&lt;\/b&gt;\"><b>presidente do Minaspetro<\/b><\/a><\/span><\/bsp-link-enhancement>, Rafael Macedo, a entidade recebe o an\u00fancio de redu\u00e7\u00e3o com \u201csatisfa\u00e7\u00e3o\u201d, mesmo que a medida tenha sido tomada com um \u201ccerto atraso\u201d. Segundo ele, o pre\u00e7o interno estava muito mais alto que o mercado exterior.<\/p>\n<p>\u201cA redu\u00e7\u00e3o no pre\u00e7o alivia o bolso do consumidor em um momento de alta infla\u00e7\u00e3o nos produtos e ela melhora as vendas dos postos, sendo bom para os dois lados\u201d, disse, afirmando que ainda existem duas situa\u00e7\u00f5es que jogam contra a redu\u00e7\u00e3o.<\/p>\n<p>Segundo Macedo, o aumento da mistura do combust\u00edvel com etanol-anidro, faz com que a redu\u00e7\u00e3o chegue cada vez menos na gasolina. Ele tamb\u00e9m cita o aumento do Imposto sobre Circula\u00e7\u00e3o de Mercadorias e Servi\u00e7os (ICMS) j\u00e1 anunciado pelos governos estaduais para janeiro de 2026, em cerca de R$ 0,10 por litro de gasolina.<\/p>\n<p>\u201cO importante \u00e9 que a gente considere que os postos de Belo Horizonte j\u00e1 s\u00e3o uma gasolina mais barata da regi\u00e3o sudeste, que mostra que os postos ali na ponta est\u00e3o repassando os pre\u00e7os e tem uma alta competitividade entre todos eles, buscando os seus clientes centavo por centavo na bomba\u201d, completou.<\/p>\n<p><bsp-list-loadmore class=\"PageListStandardG\" data-module=\"\" data-show-loadmore=\"true\" data-list-title-size=\"3\" data-list-description-size=\"3\"><\/p>\n<p>    <a class=\"AnchorLink\" title=\"leia-tambem\" name=\"leia-tambem\"\/><\/p>\n<p><\/bsp-list-loadmore><\/p><\/div>\n<p><script>\n  window.fbAsyncInit = function() {\n      FB.init({\n              appId : '1447052969554341',\n          xfbml : true,\n          version : 'v2.9'\n      });\n  };\n  (function(d, s, id){\n     var js, fjs = d.getElementsByTagName(s)[0];\n     if (d.getElementById(id)) {return;}\n     js = d.createElement(s); js.id = id;\n     js.src = \"https:\/\/connect.facebook.net\/en_US\/sdk.js\";\n     fjs.parentNode.insertBefore(js, fjs);\n   }(document, 'script', 'facebook-jssdk'));\n<\/script><\/p>\n","protected":false},"excerpt":{"rendered":"<p>O Sindicato do Com\u00e9rcio Varejista de Derivados de Petr\u00f3leo de Minas Gerais (Minaspetro) celebrou o an\u00fancio, nessa segunda-feira (20), de redu\u00e7\u00e3o no pre\u00e7o de revenda da gasolina da Petrobras para as distribuidoras. A partir desta ter\u00e7a-feira (21) o litro do combust\u00edvel vai cair 4,9%, passando a custar, em m\u00e9dia R$ 2,71, um recuo de R$&#8230;<\/p>\n","protected":false},"author":2,"featured_media":17812,"comment_status":"open","ping_status":"open","sticky":false,"template":"","format":"standard","meta":{"footnotes":""},"categories":[25],"tags":[],"class_list":["post-17811","post","type-post","status-publish","format-standard","has-post-thumbnail","hentry","category-economia"],"yoast_head":"<!-- This site is optimized with the Yoast SEO plugin v27.3 - https:\/\/yoast.com\/product\/yoast-seo-wordpress\/ -->\n<title>Minaspetro celebra redu\u00e7\u00e3o no pre\u00e7o da gasolina anunciado pela Petrobras -<\/title>\n<meta name=\"robots\" content=\"index, follow, max-snippet:-1, max-image-preview:large, max-video-preview:-1\" \/>\n<link rel=\"canonical\" href=\"https:\/\/oficialnoticias.com\/?p=17811\" \/>\n<meta property=\"og:locale\" content=\"pt_BR\" \/>\n<meta property=\"og:type\" content=\"article\" \/>\n<meta property=\"og:title\" content=\"Minaspetro celebra redu\u00e7\u00e3o no pre\u00e7o da gasolina anunciado pela Petrobras -\" \/>\n<meta property=\"og:description\" content=\"O Sindicato do Com\u00e9rcio Varejista de Derivados de Petr\u00f3leo de Minas Gerais (Minaspetro) celebrou o an\u00fancio, nessa segunda-feira (20), de redu\u00e7\u00e3o no pre\u00e7o de revenda da gasolina da Petrobras para as distribuidoras. A partir desta ter\u00e7a-feira (21) o litro do combust\u00edvel vai cair 4,9%, passando a custar, em m\u00e9dia R$ 2,71, um recuo de R$...\" \/>\n<meta property=\"og:url\" content=\"https:\/\/oficialnoticias.com\/?p=17811\" \/>\n<meta property=\"article:published_time\" content=\"2025-10-21T11:06:19+00:00\" \/>\n<meta property=\"article:modified_time\" content=\"2025-10-21T11:06:24+00:00\" \/>\n<meta property=\"og:image\" content=\"https:\/\/oficialnoticias.com\/wp-content\/uploads\/2025\/10\/urlhttps3A2F2Fk2-prod-radio-itatiaia.s3.us-east-1.amazonaws.com2Fbrightspot2Ff02F572F9f48cb.webp\" \/>\n\t<meta property=\"og:image:width\" content=\"1200\" \/>\n\t<meta property=\"og:image:height\" content=\"630\" \/>\n\t<meta property=\"og:image:type\" content=\"image\/webp\" \/>\n<meta name=\"author\" content=\"Luana Gon\u00e7alves\" \/>\n<meta name=\"twitter:card\" content=\"summary_large_image\" \/>\n<meta name=\"twitter:label1\" content=\"Escrito por\" \/>\n\t<meta name=\"twitter:data1\" content=\"Luana Gon\u00e7alves\" \/>\n\t<meta name=\"twitter:label2\" content=\"Est. tempo de leitura\" \/>\n\t<meta name=\"twitter:data2\" content=\"2 minutos\" \/>\n<script type=\"application\/ld+json\" class=\"yoast-schema-graph\">{\"@context\":\"https:\\\/\\\/schema.org\",\"@graph\":[{\"@type\":\"Article\",\"@id\":\"https:\\\/\\\/oficialnoticias.com\\\/?p=17811#article\",\"isPartOf\":{\"@id\":\"https:\\\/\\\/oficialnoticias.com\\\/?p=17811\"},\"author\":{\"name\":\"Luana Gon\u00e7alves\",\"@id\":\"https:\\\/\\\/oficialnoticias.com\\\/#\\\/schema\\\/person\\\/2d1dcbb6bfbc28d68171b4dc04723d4a\"},\"headline\":\"Minaspetro celebra redu\u00e7\u00e3o no pre\u00e7o da gasolina anunciado pela Petrobras\",\"datePublished\":\"2025-10-21T11:06:19+00:00\",\"dateModified\":\"2025-10-21T11:06:24+00:00\",\"mainEntityOfPage\":{\"@id\":\"https:\\\/\\\/oficialnoticias.com\\\/?p=17811\"},\"wordCount\":324,\"commentCount\":0,\"publisher\":{\"@id\":\"https:\\\/\\\/oficialnoticias.com\\\/#organization\"},\"image\":{\"@id\":\"https:\\\/\\\/oficialnoticias.com\\\/?p=17811#primaryimage\"},\"thumbnailUrl\":\"https:\\\/\\\/oficialnoticias.com\\\/wp-content\\\/uploads\\\/2025\\\/10\\\/urlhttps3A2F2Fk2-prod-radio-itatiaia.s3.us-east-1.amazonaws.com2Fbrightspot2Ff02F572F9f48cb.webp\",\"articleSection\":[\"Economia\"],\"inLanguage\":\"pt-BR\",\"potentialAction\":[{\"@type\":\"CommentAction\",\"name\":\"Comment\",\"target\":[\"https:\\\/\\\/oficialnoticias.com\\\/?p=17811#respond\"]}]},{\"@type\":\"WebPage\",\"@id\":\"https:\\\/\\\/oficialnoticias.com\\\/?p=17811\",\"url\":\"https:\\\/\\\/oficialnoticias.com\\\/?p=17811\",\"name\":\"Minaspetro celebra redu\u00e7\u00e3o no pre\u00e7o da gasolina anunciado pela Petrobras -\",\"isPartOf\":{\"@id\":\"https:\\\/\\\/oficialnoticias.com\\\/#website\"},\"primaryImageOfPage\":{\"@id\":\"https:\\\/\\\/oficialnoticias.com\\\/?p=17811#primaryimage\"},\"image\":{\"@id\":\"https:\\\/\\\/oficialnoticias.com\\\/?p=17811#primaryimage\"},\"thumbnailUrl\":\"https:\\\/\\\/oficialnoticias.com\\\/wp-content\\\/uploads\\\/2025\\\/10\\\/urlhttps3A2F2Fk2-prod-radio-itatiaia.s3.us-east-1.amazonaws.com2Fbrightspot2Ff02F572F9f48cb.webp\",\"datePublished\":\"2025-10-21T11:06:19+00:00\",\"dateModified\":\"2025-10-21T11:06:24+00:00\",\"breadcrumb\":{\"@id\":\"https:\\\/\\\/oficialnoticias.com\\\/?p=17811#breadcrumb\"},\"inLanguage\":\"pt-BR\",\"potentialAction\":[{\"@type\":\"ReadAction\",\"target\":[\"https:\\\/\\\/oficialnoticias.com\\\/?p=17811\"]}]},{\"@type\":\"ImageObject\",\"inLanguage\":\"pt-BR\",\"@id\":\"https:\\\/\\\/oficialnoticias.com\\\/?p=17811#primaryimage\",\"url\":\"https:\\\/\\\/oficialnoticias.com\\\/wp-content\\\/uploads\\\/2025\\\/10\\\/urlhttps3A2F2Fk2-prod-radio-itatiaia.s3.us-east-1.amazonaws.com2Fbrightspot2Ff02F572F9f48cb.webp\",\"contentUrl\":\"https:\\\/\\\/oficialnoticias.com\\\/wp-content\\\/uploads\\\/2025\\\/10\\\/urlhttps3A2F2Fk2-prod-radio-itatiaia.s3.us-east-1.amazonaws.com2Fbrightspot2Ff02F572F9f48cb.webp\",\"width\":1200,\"height\":630},{\"@type\":\"BreadcrumbList\",\"@id\":\"https:\\\/\\\/oficialnoticias.com\\\/?p=17811#breadcrumb\",\"itemListElement\":[{\"@type\":\"ListItem\",\"position\":1,\"name\":\"In\u00edcio\",\"item\":\"https:\\\/\\\/oficialnoticias.com\\\/\"},{\"@type\":\"ListItem\",\"position\":2,\"name\":\"Minaspetro celebra redu\u00e7\u00e3o no pre\u00e7o da gasolina anunciado pela Petrobras\"}]},{\"@type\":\"WebSite\",\"@id\":\"https:\\\/\\\/oficialnoticias.com\\\/#website\",\"url\":\"https:\\\/\\\/oficialnoticias.com\\\/\",\"name\":\"oficial Noticias\",\"description\":\"\",\"publisher\":{\"@id\":\"https:\\\/\\\/oficialnoticias.com\\\/#organization\"},\"potentialAction\":[{\"@type\":\"SearchAction\",\"target\":{\"@type\":\"EntryPoint\",\"urlTemplate\":\"https:\\\/\\\/oficialnoticias.com\\\/?s={search_term_string}\"},\"query-input\":{\"@type\":\"PropertyValueSpecification\",\"valueRequired\":true,\"valueName\":\"search_term_string\"}}],\"inLanguage\":\"pt-BR\"},{\"@type\":\"Organization\",\"@id\":\"https:\\\/\\\/oficialnoticias.com\\\/#organization\",\"name\":\"oficial noticias\",\"url\":\"https:\\\/\\\/oficialnoticias.com\\\/\",\"logo\":{\"@type\":\"ImageObject\",\"inLanguage\":\"pt-BR\",\"@id\":\"https:\\\/\\\/oficialnoticias.com\\\/#\\\/schema\\\/logo\\\/image\\\/\",\"url\":\"https:\\\/\\\/oficialnoticias.com\\\/wp-content\\\/uploads\\\/2025\\\/08\\\/cropped-cropped-cropped-Logo-Noticias-e1753639739829.png\",\"contentUrl\":\"https:\\\/\\\/oficialnoticias.com\\\/wp-content\\\/uploads\\\/2025\\\/08\\\/cropped-cropped-cropped-Logo-Noticias-e1753639739829.png\",\"width\":119,\"height\":86,\"caption\":\"oficial noticias\"},\"image\":{\"@id\":\"https:\\\/\\\/oficialnoticias.com\\\/#\\\/schema\\\/logo\\\/image\\\/\"}},{\"@type\":\"Person\",\"@id\":\"https:\\\/\\\/oficialnoticias.com\\\/#\\\/schema\\\/person\\\/2d1dcbb6bfbc28d68171b4dc04723d4a\",\"name\":\"Luana Gon\u00e7alves\",\"image\":{\"@type\":\"ImageObject\",\"inLanguage\":\"pt-BR\",\"@id\":\"https:\\\/\\\/secure.gravatar.com\\\/avatar\\\/7aa6afdef873224c1a0265951f3fdfc0679f65dfbd15f018612595d323c52521?s=96&d=mm&r=g\",\"url\":\"https:\\\/\\\/secure.gravatar.com\\\/avatar\\\/7aa6afdef873224c1a0265951f3fdfc0679f65dfbd15f018612595d323c52521?s=96&d=mm&r=g\",\"contentUrl\":\"https:\\\/\\\/secure.gravatar.com\\\/avatar\\\/7aa6afdef873224c1a0265951f3fdfc0679f65dfbd15f018612595d323c52521?s=96&d=mm&r=g\",\"caption\":\"Luana Gon\u00e7alves\"},\"sameAs\":[\"https:\\\/\\\/oficialnoticias.com\\\/\"],\"url\":\"https:\\\/\\\/oficialnoticias.com\\\/?author=2\"}]}<\/script>\n<!-- \/ Yoast SEO plugin. -->","yoast_head_json":{"title":"Minaspetro celebra redu\u00e7\u00e3o no pre\u00e7o da gasolina anunciado pela Petrobras -","robots":{"index":"index","follow":"follow","max-snippet":"max-snippet:-1","max-image-preview":"max-image-preview:large","max-video-preview":"max-video-preview:-1"},"canonical":"https:\/\/oficialnoticias.com\/?p=17811","og_locale":"pt_BR","og_type":"article","og_title":"Minaspetro celebra redu\u00e7\u00e3o no pre\u00e7o da gasolina anunciado pela Petrobras -","og_description":"O Sindicato do Com\u00e9rcio Varejista de Derivados de Petr\u00f3leo de Minas Gerais (Minaspetro) celebrou o an\u00fancio, nessa segunda-feira (20), de redu\u00e7\u00e3o no pre\u00e7o de revenda da gasolina da Petrobras para as distribuidoras. A partir desta ter\u00e7a-feira (21) o litro do combust\u00edvel vai cair 4,9%, passando a custar, em m\u00e9dia R$ 2,71, um recuo de R$...","og_url":"https:\/\/oficialnoticias.com\/?p=17811","article_published_time":"2025-10-21T11:06:19+00:00","article_modified_time":"2025-10-21T11:06:24+00:00","og_image":[{"width":1200,"height":630,"url":"https:\/\/oficialnoticias.com\/wp-content\/uploads\/2025\/10\/urlhttps3A2F2Fk2-prod-radio-itatiaia.s3.us-east-1.amazonaws.com2Fbrightspot2Ff02F572F9f48cb.webp","type":"image\/webp"}],"author":"Luana Gon\u00e7alves","twitter_card":"summary_large_image","twitter_misc":{"Escrito por":"Luana Gon\u00e7alves","Est. tempo de leitura":"2 minutos"},"schema":{"@context":"https:\/\/schema.org","@graph":[{"@type":"Article","@id":"https:\/\/oficialnoticias.com\/?p=17811#article","isPartOf":{"@id":"https:\/\/oficialnoticias.com\/?p=17811"},"author":{"name":"Luana Gon\u00e7alves","@id":"https:\/\/oficialnoticias.com\/#\/schema\/person\/2d1dcbb6bfbc28d68171b4dc04723d4a"},"headline":"Minaspetro celebra redu\u00e7\u00e3o no pre\u00e7o da gasolina anunciado pela Petrobras","datePublished":"2025-10-21T11:06:19+00:00","dateModified":"2025-10-21T11:06:24+00:00","mainEntityOfPage":{"@id":"https:\/\/oficialnoticias.com\/?p=17811"},"wordCount":324,"commentCount":0,"publisher":{"@id":"https:\/\/oficialnoticias.com\/#organization"},"image":{"@id":"https:\/\/oficialnoticias.com\/?p=17811#primaryimage"},"thumbnailUrl":"https:\/\/oficialnoticias.com\/wp-content\/uploads\/2025\/10\/urlhttps3A2F2Fk2-prod-radio-itatiaia.s3.us-east-1.amazonaws.com2Fbrightspot2Ff02F572F9f48cb.webp","articleSection":["Economia"],"inLanguage":"pt-BR","potentialAction":[{"@type":"CommentAction","name":"Comment","target":["https:\/\/oficialnoticias.com\/?p=17811#respond"]}]},{"@type":"WebPage","@id":"https:\/\/oficialnoticias.com\/?p=17811","url":"https:\/\/oficialnoticias.com\/?p=17811","name":"Minaspetro celebra redu\u00e7\u00e3o no pre\u00e7o da gasolina anunciado pela Petrobras -","isPartOf":{"@id":"https:\/\/oficialnoticias.com\/#website"},"primaryImageOfPage":{"@id":"https:\/\/oficialnoticias.com\/?p=17811#primaryimage"},"image":{"@id":"https:\/\/oficialnoticias.com\/?p=17811#primaryimage"},"thumbnailUrl":"https:\/\/oficialnoticias.com\/wp-content\/uploads\/2025\/10\/urlhttps3A2F2Fk2-prod-radio-itatiaia.s3.us-east-1.amazonaws.com2Fbrightspot2Ff02F572F9f48cb.webp","datePublished":"2025-10-21T11:06:19+00:00","dateModified":"2025-10-21T11:06:24+00:00","breadcrumb":{"@id":"https:\/\/oficialnoticias.com\/?p=17811#breadcrumb"},"inLanguage":"pt-BR","potentialAction":[{"@type":"ReadAction","target":["https:\/\/oficialnoticias.com\/?p=17811"]}]},{"@type":"ImageObject","inLanguage":"pt-BR","@id":"https:\/\/oficialnoticias.com\/?p=17811#primaryimage","url":"https:\/\/oficialnoticias.com\/wp-content\/uploads\/2025\/10\/urlhttps3A2F2Fk2-prod-radio-itatiaia.s3.us-east-1.amazonaws.com2Fbrightspot2Ff02F572F9f48cb.webp","contentUrl":"https:\/\/oficialnoticias.com\/wp-content\/uploads\/2025\/10\/urlhttps3A2F2Fk2-prod-radio-itatiaia.s3.us-east-1.amazonaws.com2Fbrightspot2Ff02F572F9f48cb.webp","width":1200,"height":630},{"@type":"BreadcrumbList","@id":"https:\/\/oficialnoticias.com\/?p=17811#breadcrumb","itemListElement":[{"@type":"ListItem","position":1,"name":"In\u00edcio","item":"https:\/\/oficialnoticias.com\/"},{"@type":"ListItem","position":2,"name":"Minaspetro celebra redu\u00e7\u00e3o no pre\u00e7o da gasolina anunciado pela Petrobras"}]},{"@type":"WebSite","@id":"https:\/\/oficialnoticias.com\/#website","url":"https:\/\/oficialnoticias.com\/","name":"oficial Noticias","description":"","publisher":{"@id":"https:\/\/oficialnoticias.com\/#organization"},"potentialAction":[{"@type":"SearchAction","target":{"@type":"EntryPoint","urlTemplate":"https:\/\/oficialnoticias.com\/?s={search_term_string}"},"query-input":{"@type":"PropertyValueSpecification","valueRequired":true,"valueName":"search_term_string"}}],"inLanguage":"pt-BR"},{"@type":"Organization","@id":"https:\/\/oficialnoticias.com\/#organization","name":"oficial noticias","url":"https:\/\/oficialnoticias.com\/","logo":{"@type":"ImageObject","inLanguage":"pt-BR","@id":"https:\/\/oficialnoticias.com\/#\/schema\/logo\/image\/","url":"https:\/\/oficialnoticias.com\/wp-content\/uploads\/2025\/08\/cropped-cropped-cropped-Logo-Noticias-e1753639739829.png","contentUrl":"https:\/\/oficialnoticias.com\/wp-content\/uploads\/2025\/08\/cropped-cropped-cropped-Logo-Noticias-e1753639739829.png","width":119,"height":86,"caption":"oficial noticias"},"image":{"@id":"https:\/\/oficialnoticias.com\/#\/schema\/logo\/image\/"}},{"@type":"Person","@id":"https:\/\/oficialnoticias.com\/#\/schema\/person\/2d1dcbb6bfbc28d68171b4dc04723d4a","name":"Luana Gon\u00e7alves","image":{"@type":"ImageObject","inLanguage":"pt-BR","@id":"https:\/\/secure.gravatar.com\/avatar\/7aa6afdef873224c1a0265951f3fdfc0679f65dfbd15f018612595d323c52521?s=96&d=mm&r=g","url":"https:\/\/secure.gravatar.com\/avatar\/7aa6afdef873224c1a0265951f3fdfc0679f65dfbd15f018612595d323c52521?s=96&d=mm&r=g","contentUrl":"https:\/\/secure.gravatar.com\/avatar\/7aa6afdef873224c1a0265951f3fdfc0679f65dfbd15f018612595d323c52521?s=96&d=mm&r=g","caption":"Luana Gon\u00e7alves"},"sameAs":["https:\/\/oficialnoticias.com\/"],"url":"https:\/\/oficialnoticias.com\/?author=2"}]}},"_links":{"self":[{"href":"https:\/\/oficialnoticias.com\/index.php?rest_route=\/wp\/v2\/posts\/17811","targetHints":{"allow":["GET"]}}],"collection":[{"href":"https:\/\/oficialnoticias.com\/index.php?rest_route=\/wp\/v2\/posts"}],"about":[{"href":"https:\/\/oficialnoticias.com\/index.php?rest_route=\/wp\/v2\/types\/post"}],"author":[{"embeddable":true,"href":"https:\/\/oficialnoticias.com\/index.php?rest_route=\/wp\/v2\/users\/2"}],"replies":[{"embeddable":true,"href":"https:\/\/oficialnoticias.com\/index.php?rest_route=%2Fwp%2Fv2%2Fcomments&post=17811"}],"version-history":[{"count":1,"href":"https:\/\/oficialnoticias.com\/index.php?rest_route=\/wp\/v2\/posts\/17811\/revisions"}],"predecessor-version":[{"id":17813,"href":"https:\/\/oficialnoticias.com\/index.php?rest_route=\/wp\/v2\/posts\/17811\/revisions\/17813"}],"wp:featuredmedia":[{"embeddable":true,"href":"https:\/\/oficialnoticias.com\/index.php?rest_route=\/wp\/v2\/media\/17812"}],"wp:attachment":[{"href":"https:\/\/oficialnoticias.com\/index.php?rest_route=%2Fwp%2Fv2%2Fmedia&parent=17811"}],"wp:term":[{"taxonomy":"category","embeddable":true,"href":"https:\/\/oficialnoticias.com\/index.php?rest_route=%2Fwp%2Fv2%2Fcategories&post=17811"},{"taxonomy":"post_tag","embeddable":true,"href":"https:\/\/oficialnoticias.com\/index.php?rest_route=%2Fwp%2Fv2%2Ftags&post=17811"}],"curies":[{"name":"wp","href":"https:\/\/api.w.org\/{rel}","templated":true}]}}