{"id":17769,"date":"2025-10-21T01:01:03","date_gmt":"2025-10-21T04:01:03","guid":{"rendered":"https:\/\/oficialnoticias.com\/?p=17769"},"modified":"2025-10-21T01:01:08","modified_gmt":"2025-10-21T04:01:08","slug":"pf-exige-investigacao-do-stf-sobre-entrada-nos-eua-de-filipe-martins","status":"publish","type":"post","link":"https:\/\/oficialnoticias.com\/?p=17769","title":{"rendered":"PF exige investiga\u00e7\u00e3o do STF sobre entrada nos EUA de Filipe Martins"},"content":{"rendered":"<p><\/p>\n<div>\n<p>A <b>Pol\u00edcia Federal (PF)<\/b> pediu nesta segunda-feira (20) ao STF a abertura de investiga\u00e7\u00e3o sobre o registro de entrada de <b>Filipe Martins<\/b>, <b>ex-assessor de Jair Bolsonaro<\/b>, nos Estados Unidos, em 30 de dezembro de 2022.<\/p>\n<p>A solicita\u00e7\u00e3o foi feita ap\u00f3s o <bsp-link-enhancement><br \/>\n    <span class=\"LinkEnhancement\"><a class=\"Link\" href=\"https:\/\/www.itatiaia.com.br\/politica\/moraes-questiona-pf-sobre-erro-em-relatorio-sobre-viagem-de-filipe-martins\" title=\"Departamento de Alf\u00e2ndega e Prote\u00e7\u00e3o de Fronteiras dos EUA (CBP)\">Departamento de Alf\u00e2ndega e Prote\u00e7\u00e3o de Fronteiras dos EUA (CBP)<\/a><\/span><\/bsp-link-enhancement> negar que Martins tenha entrado no pa\u00eds, contradizendo informa\u00e7\u00f5es anteriores nos sistemas migrat\u00f3rios americanos.<\/p>\n<p>A defesa do ex-assessor questionou a informa\u00e7\u00e3o e mostrou nos autos que o argumento n\u00e3o era verdadeiro. O advogado chegou a afirmar v\u00e1rias vezes que o registro de entrada estava errado e que ele estava no Paran\u00e1 na data da viagem.<\/p>\n<p><bsp-list-loadmore class=\"PageListStandardG\" data-module=\"\" data-show-loadmore=\"true\" data-list-title-size=\"3\" data-list-description-size=\"3\"><\/p>\n<p>    <a class=\"AnchorLink\" title=\"leia-tambem\" name=\"leia-tambem\"\/><\/p>\n<p><\/bsp-list-loadmore><\/p>\n<p>\u201cO registro de entrada de Filipe Martins Pereira nos Estados Unidos, ainda que em car\u00e1ter indici\u00e1rio, revela a possibilidade de que integrantes da organiza\u00e7\u00e3o criminosa, abusando dolosamente das prerrogativas diplom\u00e1ticas, tenham se utilizado do procedimento migrat\u00f3rio diferenciado relacionado a comitivas de chefes de Estado, no qual n\u00e3o h\u00e1 a presen\u00e7a f\u00edsica dos integrantes da comitiva presidencial perante as autoridades migrat\u00f3rias, com a finalidade de simular uma falsa entrada em territ\u00f3rio norte-americano\u201d, escreveu a <b>PF<\/b>.<\/p>\n<p>Martins \u00e9 r\u00e9u no STF, acusado de ter participado da elabora\u00e7\u00e3o da suposta minuta golpista que visava reverter os resultados das elei\u00e7\u00f5es de 2022. Ele integra o chamado no <b>\u201cN\u00facleo 2\u201d<\/b> da suposta trama golpista.<\/p>\n<p>Ele foi preso em fevereiro de 2024 e solto apenas em agosto, mas permanece sob medidas cautelares, como uso de tornozeleira eletr\u00f4nica e proibi\u00e7\u00e3o de usar redes sociais, dar entrevistas e deixar o munic\u00edpio sem autoriza\u00e7\u00e3o judicial.<\/p>\n<\/p><\/div>\n<p><script>\n  window.fbAsyncInit = function() {\n      FB.init({\n              appId : '1447052969554341',\n          xfbml : true,\n          version : 'v2.9'\n      });\n  };\n  (function(d, s, id){\n     var js, fjs = d.getElementsByTagName(s)[0];\n     if (d.getElementById(id)) {return;}\n     js = d.createElement(s); js.id = id;\n     js.src = \"https:\/\/connect.facebook.net\/en_US\/sdk.js\";\n     fjs.parentNode.insertBefore(js, fjs);\n   }(document, 'script', 'facebook-jssdk'));\n<\/script><\/p>\n","protected":false},"excerpt":{"rendered":"<p>A Pol\u00edcia Federal (PF) pediu nesta segunda-feira (20) ao STF a abertura de investiga\u00e7\u00e3o sobre o registro de entrada de Filipe Martins, ex-assessor de Jair Bolsonaro, nos Estados Unidos, em 30 de dezembro de 2022. A solicita\u00e7\u00e3o foi feita ap\u00f3s o Departamento de Alf\u00e2ndega e Prote\u00e7\u00e3o de Fronteiras dos EUA (CBP) negar que Martins tenha&#8230;<\/p>\n","protected":false},"author":2,"featured_media":17770,"comment_status":"open","ping_status":"open","sticky":false,"template":"","format":"standard","meta":{"footnotes":""},"categories":[24],"tags":[],"class_list":["post-17769","post","type-post","status-publish","format-standard","has-post-thumbnail","hentry","category-politica"],"yoast_head":"<!-- This site is optimized with the Yoast SEO plugin v27.3 - https:\/\/yoast.com\/product\/yoast-seo-wordpress\/ -->\n<title>PF exige investiga\u00e7\u00e3o do STF sobre entrada nos EUA de Filipe Martins -<\/title>\n<meta name=\"robots\" content=\"index, follow, max-snippet:-1, max-image-preview:large, max-video-preview:-1\" \/>\n<link rel=\"canonical\" href=\"https:\/\/oficialnoticias.com\/?p=17769\" \/>\n<meta property=\"og:locale\" content=\"pt_BR\" \/>\n<meta property=\"og:type\" content=\"article\" \/>\n<meta property=\"og:title\" content=\"PF exige investiga\u00e7\u00e3o do STF sobre entrada nos EUA de Filipe Martins -\" \/>\n<meta property=\"og:description\" content=\"A Pol\u00edcia Federal (PF) pediu nesta segunda-feira (20) ao STF a abertura de investiga\u00e7\u00e3o sobre o registro de entrada de Filipe Martins, ex-assessor de Jair Bolsonaro, nos Estados Unidos, em 30 de dezembro de 2022. A solicita\u00e7\u00e3o foi feita ap\u00f3s o Departamento de Alf\u00e2ndega e Prote\u00e7\u00e3o de Fronteiras dos EUA (CBP) negar que Martins tenha...\" \/>\n<meta property=\"og:url\" content=\"https:\/\/oficialnoticias.com\/?p=17769\" \/>\n<meta property=\"article:published_time\" content=\"2025-10-21T04:01:03+00:00\" \/>\n<meta property=\"article:modified_time\" content=\"2025-10-21T04:01:08+00:00\" \/>\n<meta property=\"og:image\" content=\"https:\/\/oficialnoticias.com\/wp-content\/uploads\/2025\/10\/urlhttps3A2F2Fk2-prod-radio-itatiaia.s3.us-east-1.amazonaws.com2Fbrightspot2Fc42F242Fef4744.webp\" \/>\n\t<meta property=\"og:image:width\" content=\"1200\" \/>\n\t<meta property=\"og:image:height\" content=\"630\" \/>\n\t<meta property=\"og:image:type\" content=\"image\/webp\" \/>\n<meta name=\"author\" content=\"Luana Gon\u00e7alves\" \/>\n<meta name=\"twitter:card\" content=\"summary_large_image\" \/>\n<meta name=\"twitter:label1\" content=\"Escrito por\" \/>\n\t<meta name=\"twitter:data1\" content=\"Luana Gon\u00e7alves\" \/>\n\t<meta name=\"twitter:label2\" content=\"Est. tempo de leitura\" \/>\n\t<meta name=\"twitter:data2\" content=\"1 minuto\" \/>\n<script type=\"application\/ld+json\" class=\"yoast-schema-graph\">{\"@context\":\"https:\\\/\\\/schema.org\",\"@graph\":[{\"@type\":\"Article\",\"@id\":\"https:\\\/\\\/oficialnoticias.com\\\/?p=17769#article\",\"isPartOf\":{\"@id\":\"https:\\\/\\\/oficialnoticias.com\\\/?p=17769\"},\"author\":{\"name\":\"Luana Gon\u00e7alves\",\"@id\":\"https:\\\/\\\/oficialnoticias.com\\\/#\\\/schema\\\/person\\\/2d1dcbb6bfbc28d68171b4dc04723d4a\"},\"headline\":\"PF exige investiga\u00e7\u00e3o do STF sobre entrada nos EUA de Filipe Martins\",\"datePublished\":\"2025-10-21T04:01:03+00:00\",\"dateModified\":\"2025-10-21T04:01:08+00:00\",\"mainEntityOfPage\":{\"@id\":\"https:\\\/\\\/oficialnoticias.com\\\/?p=17769\"},\"wordCount\":288,\"commentCount\":0,\"publisher\":{\"@id\":\"https:\\\/\\\/oficialnoticias.com\\\/#organization\"},\"image\":{\"@id\":\"https:\\\/\\\/oficialnoticias.com\\\/?p=17769#primaryimage\"},\"thumbnailUrl\":\"https:\\\/\\\/oficialnoticias.com\\\/wp-content\\\/uploads\\\/2025\\\/10\\\/urlhttps3A2F2Fk2-prod-radio-itatiaia.s3.us-east-1.amazonaws.com2Fbrightspot2Fc42F242Fef4744.webp\",\"articleSection\":[\"Politica\"],\"inLanguage\":\"pt-BR\",\"potentialAction\":[{\"@type\":\"CommentAction\",\"name\":\"Comment\",\"target\":[\"https:\\\/\\\/oficialnoticias.com\\\/?p=17769#respond\"]}]},{\"@type\":\"WebPage\",\"@id\":\"https:\\\/\\\/oficialnoticias.com\\\/?p=17769\",\"url\":\"https:\\\/\\\/oficialnoticias.com\\\/?p=17769\",\"name\":\"PF exige investiga\u00e7\u00e3o do STF sobre entrada nos EUA de Filipe Martins -\",\"isPartOf\":{\"@id\":\"https:\\\/\\\/oficialnoticias.com\\\/#website\"},\"primaryImageOfPage\":{\"@id\":\"https:\\\/\\\/oficialnoticias.com\\\/?p=17769#primaryimage\"},\"image\":{\"@id\":\"https:\\\/\\\/oficialnoticias.com\\\/?p=17769#primaryimage\"},\"thumbnailUrl\":\"https:\\\/\\\/oficialnoticias.com\\\/wp-content\\\/uploads\\\/2025\\\/10\\\/urlhttps3A2F2Fk2-prod-radio-itatiaia.s3.us-east-1.amazonaws.com2Fbrightspot2Fc42F242Fef4744.webp\",\"datePublished\":\"2025-10-21T04:01:03+00:00\",\"dateModified\":\"2025-10-21T04:01:08+00:00\",\"breadcrumb\":{\"@id\":\"https:\\\/\\\/oficialnoticias.com\\\/?p=17769#breadcrumb\"},\"inLanguage\":\"pt-BR\",\"potentialAction\":[{\"@type\":\"ReadAction\",\"target\":[\"https:\\\/\\\/oficialnoticias.com\\\/?p=17769\"]}]},{\"@type\":\"ImageObject\",\"inLanguage\":\"pt-BR\",\"@id\":\"https:\\\/\\\/oficialnoticias.com\\\/?p=17769#primaryimage\",\"url\":\"https:\\\/\\\/oficialnoticias.com\\\/wp-content\\\/uploads\\\/2025\\\/10\\\/urlhttps3A2F2Fk2-prod-radio-itatiaia.s3.us-east-1.amazonaws.com2Fbrightspot2Fc42F242Fef4744.webp\",\"contentUrl\":\"https:\\\/\\\/oficialnoticias.com\\\/wp-content\\\/uploads\\\/2025\\\/10\\\/urlhttps3A2F2Fk2-prod-radio-itatiaia.s3.us-east-1.amazonaws.com2Fbrightspot2Fc42F242Fef4744.webp\",\"width\":1200,\"height\":630},{\"@type\":\"BreadcrumbList\",\"@id\":\"https:\\\/\\\/oficialnoticias.com\\\/?p=17769#breadcrumb\",\"itemListElement\":[{\"@type\":\"ListItem\",\"position\":1,\"name\":\"In\u00edcio\",\"item\":\"https:\\\/\\\/oficialnoticias.com\\\/\"},{\"@type\":\"ListItem\",\"position\":2,\"name\":\"PF exige investiga\u00e7\u00e3o do STF sobre entrada nos EUA de Filipe Martins\"}]},{\"@type\":\"WebSite\",\"@id\":\"https:\\\/\\\/oficialnoticias.com\\\/#website\",\"url\":\"https:\\\/\\\/oficialnoticias.com\\\/\",\"name\":\"oficial Noticias\",\"description\":\"\",\"publisher\":{\"@id\":\"https:\\\/\\\/oficialnoticias.com\\\/#organization\"},\"potentialAction\":[{\"@type\":\"SearchAction\",\"target\":{\"@type\":\"EntryPoint\",\"urlTemplate\":\"https:\\\/\\\/oficialnoticias.com\\\/?s={search_term_string}\"},\"query-input\":{\"@type\":\"PropertyValueSpecification\",\"valueRequired\":true,\"valueName\":\"search_term_string\"}}],\"inLanguage\":\"pt-BR\"},{\"@type\":\"Organization\",\"@id\":\"https:\\\/\\\/oficialnoticias.com\\\/#organization\",\"name\":\"oficial noticias\",\"url\":\"https:\\\/\\\/oficialnoticias.com\\\/\",\"logo\":{\"@type\":\"ImageObject\",\"inLanguage\":\"pt-BR\",\"@id\":\"https:\\\/\\\/oficialnoticias.com\\\/#\\\/schema\\\/logo\\\/image\\\/\",\"url\":\"https:\\\/\\\/oficialnoticias.com\\\/wp-content\\\/uploads\\\/2025\\\/08\\\/cropped-cropped-cropped-Logo-Noticias-e1753639739829.png\",\"contentUrl\":\"https:\\\/\\\/oficialnoticias.com\\\/wp-content\\\/uploads\\\/2025\\\/08\\\/cropped-cropped-cropped-Logo-Noticias-e1753639739829.png\",\"width\":119,\"height\":86,\"caption\":\"oficial noticias\"},\"image\":{\"@id\":\"https:\\\/\\\/oficialnoticias.com\\\/#\\\/schema\\\/logo\\\/image\\\/\"}},{\"@type\":\"Person\",\"@id\":\"https:\\\/\\\/oficialnoticias.com\\\/#\\\/schema\\\/person\\\/2d1dcbb6bfbc28d68171b4dc04723d4a\",\"name\":\"Luana Gon\u00e7alves\",\"image\":{\"@type\":\"ImageObject\",\"inLanguage\":\"pt-BR\",\"@id\":\"https:\\\/\\\/secure.gravatar.com\\\/avatar\\\/7aa6afdef873224c1a0265951f3fdfc0679f65dfbd15f018612595d323c52521?s=96&d=mm&r=g\",\"url\":\"https:\\\/\\\/secure.gravatar.com\\\/avatar\\\/7aa6afdef873224c1a0265951f3fdfc0679f65dfbd15f018612595d323c52521?s=96&d=mm&r=g\",\"contentUrl\":\"https:\\\/\\\/secure.gravatar.com\\\/avatar\\\/7aa6afdef873224c1a0265951f3fdfc0679f65dfbd15f018612595d323c52521?s=96&d=mm&r=g\",\"caption\":\"Luana Gon\u00e7alves\"},\"sameAs\":[\"https:\\\/\\\/oficialnoticias.com\\\/\"],\"url\":\"https:\\\/\\\/oficialnoticias.com\\\/?author=2\"}]}<\/script>\n<!-- \/ Yoast SEO plugin. -->","yoast_head_json":{"title":"PF exige investiga\u00e7\u00e3o do STF sobre entrada nos EUA de Filipe Martins -","robots":{"index":"index","follow":"follow","max-snippet":"max-snippet:-1","max-image-preview":"max-image-preview:large","max-video-preview":"max-video-preview:-1"},"canonical":"https:\/\/oficialnoticias.com\/?p=17769","og_locale":"pt_BR","og_type":"article","og_title":"PF exige investiga\u00e7\u00e3o do STF sobre entrada nos EUA de Filipe Martins -","og_description":"A Pol\u00edcia Federal (PF) pediu nesta segunda-feira (20) ao STF a abertura de investiga\u00e7\u00e3o sobre o registro de entrada de Filipe Martins, ex-assessor de Jair Bolsonaro, nos Estados Unidos, em 30 de dezembro de 2022. A solicita\u00e7\u00e3o foi feita ap\u00f3s o Departamento de Alf\u00e2ndega e Prote\u00e7\u00e3o de Fronteiras dos EUA (CBP) negar que Martins tenha...","og_url":"https:\/\/oficialnoticias.com\/?p=17769","article_published_time":"2025-10-21T04:01:03+00:00","article_modified_time":"2025-10-21T04:01:08+00:00","og_image":[{"width":1200,"height":630,"url":"https:\/\/oficialnoticias.com\/wp-content\/uploads\/2025\/10\/urlhttps3A2F2Fk2-prod-radio-itatiaia.s3.us-east-1.amazonaws.com2Fbrightspot2Fc42F242Fef4744.webp","type":"image\/webp"}],"author":"Luana Gon\u00e7alves","twitter_card":"summary_large_image","twitter_misc":{"Escrito por":"Luana Gon\u00e7alves","Est. tempo de leitura":"1 minuto"},"schema":{"@context":"https:\/\/schema.org","@graph":[{"@type":"Article","@id":"https:\/\/oficialnoticias.com\/?p=17769#article","isPartOf":{"@id":"https:\/\/oficialnoticias.com\/?p=17769"},"author":{"name":"Luana Gon\u00e7alves","@id":"https:\/\/oficialnoticias.com\/#\/schema\/person\/2d1dcbb6bfbc28d68171b4dc04723d4a"},"headline":"PF exige investiga\u00e7\u00e3o do STF sobre entrada nos EUA de Filipe Martins","datePublished":"2025-10-21T04:01:03+00:00","dateModified":"2025-10-21T04:01:08+00:00","mainEntityOfPage":{"@id":"https:\/\/oficialnoticias.com\/?p=17769"},"wordCount":288,"commentCount":0,"publisher":{"@id":"https:\/\/oficialnoticias.com\/#organization"},"image":{"@id":"https:\/\/oficialnoticias.com\/?p=17769#primaryimage"},"thumbnailUrl":"https:\/\/oficialnoticias.com\/wp-content\/uploads\/2025\/10\/urlhttps3A2F2Fk2-prod-radio-itatiaia.s3.us-east-1.amazonaws.com2Fbrightspot2Fc42F242Fef4744.webp","articleSection":["Politica"],"inLanguage":"pt-BR","potentialAction":[{"@type":"CommentAction","name":"Comment","target":["https:\/\/oficialnoticias.com\/?p=17769#respond"]}]},{"@type":"WebPage","@id":"https:\/\/oficialnoticias.com\/?p=17769","url":"https:\/\/oficialnoticias.com\/?p=17769","name":"PF exige investiga\u00e7\u00e3o do STF sobre entrada nos EUA de Filipe Martins -","isPartOf":{"@id":"https:\/\/oficialnoticias.com\/#website"},"primaryImageOfPage":{"@id":"https:\/\/oficialnoticias.com\/?p=17769#primaryimage"},"image":{"@id":"https:\/\/oficialnoticias.com\/?p=17769#primaryimage"},"thumbnailUrl":"https:\/\/oficialnoticias.com\/wp-content\/uploads\/2025\/10\/urlhttps3A2F2Fk2-prod-radio-itatiaia.s3.us-east-1.amazonaws.com2Fbrightspot2Fc42F242Fef4744.webp","datePublished":"2025-10-21T04:01:03+00:00","dateModified":"2025-10-21T04:01:08+00:00","breadcrumb":{"@id":"https:\/\/oficialnoticias.com\/?p=17769#breadcrumb"},"inLanguage":"pt-BR","potentialAction":[{"@type":"ReadAction","target":["https:\/\/oficialnoticias.com\/?p=17769"]}]},{"@type":"ImageObject","inLanguage":"pt-BR","@id":"https:\/\/oficialnoticias.com\/?p=17769#primaryimage","url":"https:\/\/oficialnoticias.com\/wp-content\/uploads\/2025\/10\/urlhttps3A2F2Fk2-prod-radio-itatiaia.s3.us-east-1.amazonaws.com2Fbrightspot2Fc42F242Fef4744.webp","contentUrl":"https:\/\/oficialnoticias.com\/wp-content\/uploads\/2025\/10\/urlhttps3A2F2Fk2-prod-radio-itatiaia.s3.us-east-1.amazonaws.com2Fbrightspot2Fc42F242Fef4744.webp","width":1200,"height":630},{"@type":"BreadcrumbList","@id":"https:\/\/oficialnoticias.com\/?p=17769#breadcrumb","itemListElement":[{"@type":"ListItem","position":1,"name":"In\u00edcio","item":"https:\/\/oficialnoticias.com\/"},{"@type":"ListItem","position":2,"name":"PF exige investiga\u00e7\u00e3o do STF sobre entrada nos EUA de Filipe Martins"}]},{"@type":"WebSite","@id":"https:\/\/oficialnoticias.com\/#website","url":"https:\/\/oficialnoticias.com\/","name":"oficial Noticias","description":"","publisher":{"@id":"https:\/\/oficialnoticias.com\/#organization"},"potentialAction":[{"@type":"SearchAction","target":{"@type":"EntryPoint","urlTemplate":"https:\/\/oficialnoticias.com\/?s={search_term_string}"},"query-input":{"@type":"PropertyValueSpecification","valueRequired":true,"valueName":"search_term_string"}}],"inLanguage":"pt-BR"},{"@type":"Organization","@id":"https:\/\/oficialnoticias.com\/#organization","name":"oficial noticias","url":"https:\/\/oficialnoticias.com\/","logo":{"@type":"ImageObject","inLanguage":"pt-BR","@id":"https:\/\/oficialnoticias.com\/#\/schema\/logo\/image\/","url":"https:\/\/oficialnoticias.com\/wp-content\/uploads\/2025\/08\/cropped-cropped-cropped-Logo-Noticias-e1753639739829.png","contentUrl":"https:\/\/oficialnoticias.com\/wp-content\/uploads\/2025\/08\/cropped-cropped-cropped-Logo-Noticias-e1753639739829.png","width":119,"height":86,"caption":"oficial noticias"},"image":{"@id":"https:\/\/oficialnoticias.com\/#\/schema\/logo\/image\/"}},{"@type":"Person","@id":"https:\/\/oficialnoticias.com\/#\/schema\/person\/2d1dcbb6bfbc28d68171b4dc04723d4a","name":"Luana Gon\u00e7alves","image":{"@type":"ImageObject","inLanguage":"pt-BR","@id":"https:\/\/secure.gravatar.com\/avatar\/7aa6afdef873224c1a0265951f3fdfc0679f65dfbd15f018612595d323c52521?s=96&d=mm&r=g","url":"https:\/\/secure.gravatar.com\/avatar\/7aa6afdef873224c1a0265951f3fdfc0679f65dfbd15f018612595d323c52521?s=96&d=mm&r=g","contentUrl":"https:\/\/secure.gravatar.com\/avatar\/7aa6afdef873224c1a0265951f3fdfc0679f65dfbd15f018612595d323c52521?s=96&d=mm&r=g","caption":"Luana Gon\u00e7alves"},"sameAs":["https:\/\/oficialnoticias.com\/"],"url":"https:\/\/oficialnoticias.com\/?author=2"}]}},"_links":{"self":[{"href":"https:\/\/oficialnoticias.com\/index.php?rest_route=\/wp\/v2\/posts\/17769","targetHints":{"allow":["GET"]}}],"collection":[{"href":"https:\/\/oficialnoticias.com\/index.php?rest_route=\/wp\/v2\/posts"}],"about":[{"href":"https:\/\/oficialnoticias.com\/index.php?rest_route=\/wp\/v2\/types\/post"}],"author":[{"embeddable":true,"href":"https:\/\/oficialnoticias.com\/index.php?rest_route=\/wp\/v2\/users\/2"}],"replies":[{"embeddable":true,"href":"https:\/\/oficialnoticias.com\/index.php?rest_route=%2Fwp%2Fv2%2Fcomments&post=17769"}],"version-history":[{"count":1,"href":"https:\/\/oficialnoticias.com\/index.php?rest_route=\/wp\/v2\/posts\/17769\/revisions"}],"predecessor-version":[{"id":17771,"href":"https:\/\/oficialnoticias.com\/index.php?rest_route=\/wp\/v2\/posts\/17769\/revisions\/17771"}],"wp:featuredmedia":[{"embeddable":true,"href":"https:\/\/oficialnoticias.com\/index.php?rest_route=\/wp\/v2\/media\/17770"}],"wp:attachment":[{"href":"https:\/\/oficialnoticias.com\/index.php?rest_route=%2Fwp%2Fv2%2Fmedia&parent=17769"}],"wp:term":[{"taxonomy":"category","embeddable":true,"href":"https:\/\/oficialnoticias.com\/index.php?rest_route=%2Fwp%2Fv2%2Fcategories&post=17769"},{"taxonomy":"post_tag","embeddable":true,"href":"https:\/\/oficialnoticias.com\/index.php?rest_route=%2Fwp%2Fv2%2Ftags&post=17769"}],"curies":[{"name":"wp","href":"https:\/\/api.w.org\/{rel}","templated":true}]}}