{"id":17670,"date":"2025-10-20T17:26:17","date_gmt":"2025-10-20T20:26:17","guid":{"rendered":"https:\/\/oficialnoticias.com\/?p=17670"},"modified":"2025-10-20T17:26:21","modified_gmt":"2025-10-20T20:26:21","slug":"ciro-dias-reis-pesquisa-em-25-paises-mostra-preocupacoes-em-relacao-a-inteligencia-artificial","status":"publish","type":"post","link":"https:\/\/oficialnoticias.com\/?p=17670","title":{"rendered":"Ciro Dias Reis | Pesquisa em 25 pa\u00edses mostra preocupa\u00e7\u00f5es em rela\u00e7\u00e3o \u00e0 intelig\u00eancia artificial"},"content":{"rendered":"<p>\n<\/p>\n<div>\n<p>Pesquisa recente do think tank independente americano Pew Research, intitulada \u201cHow People Around the World View AI\u201d (ou \u201cComo as Pessoas ao Redor do Mundo Veem a Intelig\u00eancia Artificial\u201d) e realizada em 25 pa\u00edses aponta que a preocupa\u00e7\u00e3o com o r\u00e1pido avan\u00e7o da intelig\u00eancia artificial no dia a dia se sobrep\u00f5e claramente ao n\u00edvel de entusiasmo proporcionado pela ado\u00e7\u00e3o daquela ferramenta. A pesquisa foi feita em dez pa\u00edses da Europa, cinco da regi\u00e3o \u00c1sia-Pac\u00edfico, tr\u00eas da \u00c1frica, al\u00e9m de Estados Unidos, Canad\u00e1, Brasil, M\u00e9xico, Argentina, Turquia e Israel.<\/p>\n<p>Uma m\u00e9dia de 34% dos adultos em todos aqueles pa\u00edses j\u00e1 ouviu ou leu muito sobre o tema, enquanto 47% ouviram pouco e 14% dizem que n\u00e3o ouviram nada. No Brasil, afirmam ter lido ou ouvido falar muito sobre o assunto 34% dos entrevistados na faixa 18-34 anos; 18% na faixa 35-49 anos; 13% acima dos 50 anos.<\/p>\n<p>Na m\u00e9dia dos 25 pa\u00edses, 34% dos entrevistados est\u00e3o mais preocupados do que animados com o aumento do uso da IA, enquanto para 42% h\u00e1 um equil\u00edbrio entre as duas condi\u00e7\u00f5es. E 16% est\u00e3o mais animados do que preocupados. No Brasil, os mesmos tr\u00eas segmentos mostram os seguintes n\u00fameros: 48%; 37%; 10%.<\/p>\n<p>Segundo o Pew Research metade dos adultos nos Estados Unidos, It\u00e1lia, Austr\u00e1lia, Brasil e Gr\u00e9cia se mostra desconfiada com o r\u00e1pido avan\u00e7o da IA, enquanto na Coreia do Sul apenas 16% da popula\u00e7\u00e3o est\u00e3o na mesma situa\u00e7\u00e3o.<\/p>\n<p>Em v\u00e1rios pa\u00edses pesquisados uma parcela maior de pessoas est\u00e1 igualmente entusiasmada e preocupada com o uso crescente da IA. Em nenhum pa\u00eds pesquisado mais de tr\u00eas em cada dez adultos se dizem especialmente entusiasmados.<\/p>\n<p>A pesquisa do Pew Research tamb\u00e9m aponta uma clara correla\u00e7\u00e3o entre a renda de um pa\u00eds (medida pelo produto interno bruto per capita) e a conscientiza\u00e7\u00e3o sobre os diferentes aspectos relacionados a intelig\u00eancia artificial. As pessoas em pa\u00edses mais ricos tendem a ter ouvido mais sobre IA do que aquelas em economias de menor renda. Por exemplo, cerca de metade dos adultos nos pa\u00edses desenvolvidos como Jap\u00e3o, Su\u00e9cia, Alemanha, Fran\u00e7a e EUA j\u00e1 ouviram falar muito sobre IA, mas os n\u00fameros caem para apenas 14% e 12% na \u00cdndia e no Qu\u00eania, respectivamente.<\/p>\n<p>O Pew Research quis saber tamb\u00e9m a opini\u00e3o sobre o n\u00edvel de confian\u00e7a dos entrevistados para que o uso da IA seja regulamentado de forma eficaz por um dos agentes mencionados. Alternativas sugeridas pela pesquisa: seu pr\u00f3prio pa\u00eds; Uni\u00e3o Europeia; Estados Unidos; China.<\/p>\n<p>A maioria das pessoas se sente confort\u00e1vel com a hip\u00f3tese de seu pr\u00f3prio pa\u00eds regular a IA. Isso inclui 89% dos adultos na \u00cdndia, 74% na Indon\u00e9sia e 72% em Israel. No outro extremo do espectro, apenas 22% dos gregos acreditam que seu pr\u00f3prio pa\u00eds \u00e9 a melhor op\u00e7\u00e3o para isso. Os americanos est\u00e3o quase igualmente divididos entre a confian\u00e7a em seu pa\u00eds para regular a IA (44%) e a desconfian\u00e7a (47%).<\/p>\n<p>Geralmente, as pessoas mais entusiasmadas com a IA s\u00e3o mais propensas a apostar em sua terra natal para o papel de regulador daquela tecnologia. Em v\u00e1rios casos essa quest\u00e3o est\u00e1 relacionada \u00e0 filia\u00e7\u00e3o partid\u00e1ria ou ao n\u00edvel de apoio \u00e0 coaliz\u00e3o governante.<\/p>\n<p>Nos EUA, por exemplo, a maioria dos republicanos e eleitores independentes que se inclinam para o Partido Republicano (54%) confiam nos EUA para regular a IA de forma adequada, em compara\u00e7\u00e3o com uma parcela menor de democratas e apoiadores do Partido Democrata (36%).<\/p>\n<p>Quando se trata de outros poss\u00edveis reguladores, as pessoas em todo o mundo tendem a preferir a UE (53%) do que os EUA (37%) ou a China (27%).<\/p>\n<p>A aposta na UE varia muito entre os pa\u00edses membros da organiza\u00e7\u00e3o: indiv\u00edduos da Alemanha e da Holanda s\u00e3o os mais confiantes, enquanto seus colegas na Fran\u00e7a, Gr\u00e9cia, It\u00e1lia e Pol\u00f4nia se distanciam desse comportamento. No geral uma m\u00e9dia de 54% dos respondentes nos nove pa\u00edses membros da UE pesquisados se dizem seguros diante da possibilidade de autoridades do bloco virem a regular a IA. O n\u00famero cai para 48% nos pa\u00edses n\u00e3o-membros pesquisados (entre os quais Inglaterra).<\/p>\n<p>A confian\u00e7a do p\u00fablico nos v\u00e1rios atores pol\u00edticos para regular a IA est\u00e1 intimamente ligada \u00e0 forma como as pessoas os veem. Geralmente as pessoas com uma percep\u00e7\u00e3o mais positiva da UE, dos EUA ou da China s\u00e3o mais propensas a enxergar em cada um deles a melhor op\u00e7\u00e3o para regulamentar a IA de forma eficaz.<\/p>\n<p>A pesquisa mostra que em pa\u00edses como a Indon\u00e9sia e a \u00c1frica do Sul \u2013 onde as opini\u00f5es sobre a China s\u00e3o mais positivas do que as opini\u00f5es sobre os EUA \u2013 as pessoas s\u00e3o mais propensas a confiar em Pequim do que em Washington para aquela miss\u00e3o.<\/p>\n<p>Por sua vez, os EUA s\u00e3o vistos como o melhor regulador de IA entre as pessoas da direita ideol\u00f3gica e entre os europeus que apoiam partidos populistas de direita. Em contrapartida, jovens adultos em 19 pa\u00edses dos 25 pa\u00edses pesquisados apoiam a China como a op\u00e7\u00e3o mais adequada.<\/p>\n<p>Indiv\u00edduos com n\u00edveis mais altos de educa\u00e7\u00e3o em 19 pa\u00edses se mostram mais confort\u00e1veis com a possibilidade de ter a UE como eventual \u00f3rg\u00e3o regulador. Europeus que apoiam partidos populistas de direita s\u00e3o menos propensos do que os n\u00e3o apoiadores a confiar na UE neste assunto, conclui a pesquisa do Pew Research.<\/p>\n<p><bsp-list-loadmore class=\"PageListStandardG\" data-module=\"\" data-show-loadmore=\"true\" data-list-title-size=\"3\" data-list-description-size=\"3\"><\/p>\n<p>    <a class=\"AnchorLink\" title=\"leia-tambem\" name=\"leia-tambem\"\/><\/p>\n<p><\/bsp-list-loadmore><\/p><\/div>\n<p><script>\n  window.fbAsyncInit = function() {\n      FB.init({\n              appId : '1447052969554341',\n          xfbml : true,\n          version : 'v2.9'\n      });\n  };\n  (function(d, s, id){\n     var js, fjs = d.getElementsByTagName(s)[0];\n     if (d.getElementById(id)) {return;}\n     js = d.createElement(s); js.id = id;\n     js.src = \"https:\/\/connect.facebook.net\/en_US\/sdk.js\";\n     fjs.parentNode.insertBefore(js, fjs);\n   }(document, 'script', 'facebook-jssdk'));\n<\/script><br \/>\n  <\/a><\/p>\n","protected":false},"excerpt":{"rendered":"<p>Pesquisa recente do think tank independente americano Pew Research, intitulada \u201cHow People Around the World View AI\u201d (ou \u201cComo as Pessoas ao Redor do Mundo Veem a Intelig\u00eancia Artificial\u201d) e realizada em 25 pa\u00edses aponta que a preocupa\u00e7\u00e3o com o r\u00e1pido avan\u00e7o da intelig\u00eancia artificial no dia a dia se sobrep\u00f5e claramente ao n\u00edvel de&#8230;<\/p>\n","protected":false},"author":2,"featured_media":17671,"comment_status":"open","ping_status":"open","sticky":false,"template":"","format":"standard","meta":{"footnotes":""},"categories":[2],"tags":[],"class_list":["post-17670","post","type-post","status-publish","format-standard","has-post-thumbnail","hentry","category-decor"],"yoast_head":"<!-- This site is optimized with the Yoast SEO plugin v27.3 - https:\/\/yoast.com\/product\/yoast-seo-wordpress\/ -->\n<title>Ciro Dias Reis | Pesquisa em 25 pa\u00edses mostra preocupa\u00e7\u00f5es em rela\u00e7\u00e3o \u00e0 intelig\u00eancia artificial -<\/title>\n<meta name=\"robots\" content=\"index, follow, max-snippet:-1, max-image-preview:large, max-video-preview:-1\" \/>\n<link rel=\"canonical\" href=\"https:\/\/oficialnoticias.com\/?p=17670\" \/>\n<meta property=\"og:locale\" content=\"pt_BR\" \/>\n<meta property=\"og:type\" content=\"article\" \/>\n<meta property=\"og:title\" content=\"Ciro Dias Reis | Pesquisa em 25 pa\u00edses mostra preocupa\u00e7\u00f5es em rela\u00e7\u00e3o \u00e0 intelig\u00eancia artificial -\" \/>\n<meta property=\"og:description\" content=\"Pesquisa recente do think tank independente americano Pew Research, intitulada \u201cHow People Around the World View AI\u201d (ou \u201cComo as Pessoas ao Redor do Mundo Veem a Intelig\u00eancia Artificial\u201d) e realizada em 25 pa\u00edses aponta que a preocupa\u00e7\u00e3o com o r\u00e1pido avan\u00e7o da intelig\u00eancia artificial no dia a dia se sobrep\u00f5e claramente ao n\u00edvel de...\" \/>\n<meta property=\"og:url\" content=\"https:\/\/oficialnoticias.com\/?p=17670\" \/>\n<meta property=\"article:published_time\" content=\"2025-10-20T20:26:17+00:00\" \/>\n<meta property=\"article:modified_time\" content=\"2025-10-20T20:26:21+00:00\" \/>\n<meta property=\"og:image\" content=\"https:\/\/oficialnoticias.com\/wp-content\/uploads\/2025\/10\/urlhttps3A2F2Fk2-prod-radio-itatiaia.s3.us-east-1.amazonaws.com2Fbrightspot2F582Fe72Fe7b8b6.webp\" \/>\n\t<meta property=\"og:image:width\" content=\"1200\" \/>\n\t<meta property=\"og:image:height\" content=\"630\" \/>\n\t<meta property=\"og:image:type\" content=\"image\/webp\" \/>\n<meta name=\"author\" content=\"Luana Gon\u00e7alves\" \/>\n<meta name=\"twitter:card\" content=\"summary_large_image\" \/>\n<meta name=\"twitter:label1\" content=\"Escrito por\" \/>\n\t<meta name=\"twitter:data1\" content=\"Luana Gon\u00e7alves\" \/>\n\t<meta name=\"twitter:label2\" content=\"Est. tempo de leitura\" \/>\n\t<meta name=\"twitter:data2\" content=\"5 minutos\" \/>\n<script type=\"application\/ld+json\" class=\"yoast-schema-graph\">{\"@context\":\"https:\\\/\\\/schema.org\",\"@graph\":[{\"@type\":\"Article\",\"@id\":\"https:\\\/\\\/oficialnoticias.com\\\/?p=17670#article\",\"isPartOf\":{\"@id\":\"https:\\\/\\\/oficialnoticias.com\\\/?p=17670\"},\"author\":{\"name\":\"Luana Gon\u00e7alves\",\"@id\":\"https:\\\/\\\/oficialnoticias.com\\\/#\\\/schema\\\/person\\\/2d1dcbb6bfbc28d68171b4dc04723d4a\"},\"headline\":\"Ciro Dias Reis | Pesquisa em 25 pa\u00edses mostra preocupa\u00e7\u00f5es em rela\u00e7\u00e3o \u00e0 intelig\u00eancia artificial\",\"datePublished\":\"2025-10-20T20:26:17+00:00\",\"dateModified\":\"2025-10-20T20:26:21+00:00\",\"mainEntityOfPage\":{\"@id\":\"https:\\\/\\\/oficialnoticias.com\\\/?p=17670\"},\"wordCount\":967,\"commentCount\":0,\"publisher\":{\"@id\":\"https:\\\/\\\/oficialnoticias.com\\\/#organization\"},\"image\":{\"@id\":\"https:\\\/\\\/oficialnoticias.com\\\/?p=17670#primaryimage\"},\"thumbnailUrl\":\"https:\\\/\\\/oficialnoticias.com\\\/wp-content\\\/uploads\\\/2025\\\/10\\\/urlhttps3A2F2Fk2-prod-radio-itatiaia.s3.us-east-1.amazonaws.com2Fbrightspot2F582Fe72Fe7b8b6.webp\",\"articleSection\":[\"Mundo\"],\"inLanguage\":\"pt-BR\",\"potentialAction\":[{\"@type\":\"CommentAction\",\"name\":\"Comment\",\"target\":[\"https:\\\/\\\/oficialnoticias.com\\\/?p=17670#respond\"]}]},{\"@type\":\"WebPage\",\"@id\":\"https:\\\/\\\/oficialnoticias.com\\\/?p=17670\",\"url\":\"https:\\\/\\\/oficialnoticias.com\\\/?p=17670\",\"name\":\"Ciro Dias Reis | Pesquisa em 25 pa\u00edses mostra preocupa\u00e7\u00f5es em rela\u00e7\u00e3o \u00e0 intelig\u00eancia artificial -\",\"isPartOf\":{\"@id\":\"https:\\\/\\\/oficialnoticias.com\\\/#website\"},\"primaryImageOfPage\":{\"@id\":\"https:\\\/\\\/oficialnoticias.com\\\/?p=17670#primaryimage\"},\"image\":{\"@id\":\"https:\\\/\\\/oficialnoticias.com\\\/?p=17670#primaryimage\"},\"thumbnailUrl\":\"https:\\\/\\\/oficialnoticias.com\\\/wp-content\\\/uploads\\\/2025\\\/10\\\/urlhttps3A2F2Fk2-prod-radio-itatiaia.s3.us-east-1.amazonaws.com2Fbrightspot2F582Fe72Fe7b8b6.webp\",\"datePublished\":\"2025-10-20T20:26:17+00:00\",\"dateModified\":\"2025-10-20T20:26:21+00:00\",\"breadcrumb\":{\"@id\":\"https:\\\/\\\/oficialnoticias.com\\\/?p=17670#breadcrumb\"},\"inLanguage\":\"pt-BR\",\"potentialAction\":[{\"@type\":\"ReadAction\",\"target\":[\"https:\\\/\\\/oficialnoticias.com\\\/?p=17670\"]}]},{\"@type\":\"ImageObject\",\"inLanguage\":\"pt-BR\",\"@id\":\"https:\\\/\\\/oficialnoticias.com\\\/?p=17670#primaryimage\",\"url\":\"https:\\\/\\\/oficialnoticias.com\\\/wp-content\\\/uploads\\\/2025\\\/10\\\/urlhttps3A2F2Fk2-prod-radio-itatiaia.s3.us-east-1.amazonaws.com2Fbrightspot2F582Fe72Fe7b8b6.webp\",\"contentUrl\":\"https:\\\/\\\/oficialnoticias.com\\\/wp-content\\\/uploads\\\/2025\\\/10\\\/urlhttps3A2F2Fk2-prod-radio-itatiaia.s3.us-east-1.amazonaws.com2Fbrightspot2F582Fe72Fe7b8b6.webp\",\"width\":1200,\"height\":630},{\"@type\":\"BreadcrumbList\",\"@id\":\"https:\\\/\\\/oficialnoticias.com\\\/?p=17670#breadcrumb\",\"itemListElement\":[{\"@type\":\"ListItem\",\"position\":1,\"name\":\"In\u00edcio\",\"item\":\"https:\\\/\\\/oficialnoticias.com\\\/\"},{\"@type\":\"ListItem\",\"position\":2,\"name\":\"Ciro Dias Reis | Pesquisa em 25 pa\u00edses mostra preocupa\u00e7\u00f5es em rela\u00e7\u00e3o \u00e0 intelig\u00eancia artificial\"}]},{\"@type\":\"WebSite\",\"@id\":\"https:\\\/\\\/oficialnoticias.com\\\/#website\",\"url\":\"https:\\\/\\\/oficialnoticias.com\\\/\",\"name\":\"oficial Noticias\",\"description\":\"\",\"publisher\":{\"@id\":\"https:\\\/\\\/oficialnoticias.com\\\/#organization\"},\"potentialAction\":[{\"@type\":\"SearchAction\",\"target\":{\"@type\":\"EntryPoint\",\"urlTemplate\":\"https:\\\/\\\/oficialnoticias.com\\\/?s={search_term_string}\"},\"query-input\":{\"@type\":\"PropertyValueSpecification\",\"valueRequired\":true,\"valueName\":\"search_term_string\"}}],\"inLanguage\":\"pt-BR\"},{\"@type\":\"Organization\",\"@id\":\"https:\\\/\\\/oficialnoticias.com\\\/#organization\",\"name\":\"oficial noticias\",\"url\":\"https:\\\/\\\/oficialnoticias.com\\\/\",\"logo\":{\"@type\":\"ImageObject\",\"inLanguage\":\"pt-BR\",\"@id\":\"https:\\\/\\\/oficialnoticias.com\\\/#\\\/schema\\\/logo\\\/image\\\/\",\"url\":\"https:\\\/\\\/oficialnoticias.com\\\/wp-content\\\/uploads\\\/2025\\\/08\\\/cropped-cropped-cropped-Logo-Noticias-e1753639739829.png\",\"contentUrl\":\"https:\\\/\\\/oficialnoticias.com\\\/wp-content\\\/uploads\\\/2025\\\/08\\\/cropped-cropped-cropped-Logo-Noticias-e1753639739829.png\",\"width\":119,\"height\":86,\"caption\":\"oficial noticias\"},\"image\":{\"@id\":\"https:\\\/\\\/oficialnoticias.com\\\/#\\\/schema\\\/logo\\\/image\\\/\"}},{\"@type\":\"Person\",\"@id\":\"https:\\\/\\\/oficialnoticias.com\\\/#\\\/schema\\\/person\\\/2d1dcbb6bfbc28d68171b4dc04723d4a\",\"name\":\"Luana Gon\u00e7alves\",\"image\":{\"@type\":\"ImageObject\",\"inLanguage\":\"pt-BR\",\"@id\":\"https:\\\/\\\/secure.gravatar.com\\\/avatar\\\/7aa6afdef873224c1a0265951f3fdfc0679f65dfbd15f018612595d323c52521?s=96&d=mm&r=g\",\"url\":\"https:\\\/\\\/secure.gravatar.com\\\/avatar\\\/7aa6afdef873224c1a0265951f3fdfc0679f65dfbd15f018612595d323c52521?s=96&d=mm&r=g\",\"contentUrl\":\"https:\\\/\\\/secure.gravatar.com\\\/avatar\\\/7aa6afdef873224c1a0265951f3fdfc0679f65dfbd15f018612595d323c52521?s=96&d=mm&r=g\",\"caption\":\"Luana Gon\u00e7alves\"},\"sameAs\":[\"https:\\\/\\\/oficialnoticias.com\\\/\"],\"url\":\"https:\\\/\\\/oficialnoticias.com\\\/?author=2\"}]}<\/script>\n<!-- \/ Yoast SEO plugin. -->","yoast_head_json":{"title":"Ciro Dias Reis | Pesquisa em 25 pa\u00edses mostra preocupa\u00e7\u00f5es em rela\u00e7\u00e3o \u00e0 intelig\u00eancia artificial -","robots":{"index":"index","follow":"follow","max-snippet":"max-snippet:-1","max-image-preview":"max-image-preview:large","max-video-preview":"max-video-preview:-1"},"canonical":"https:\/\/oficialnoticias.com\/?p=17670","og_locale":"pt_BR","og_type":"article","og_title":"Ciro Dias Reis | Pesquisa em 25 pa\u00edses mostra preocupa\u00e7\u00f5es em rela\u00e7\u00e3o \u00e0 intelig\u00eancia artificial -","og_description":"Pesquisa recente do think tank independente americano Pew Research, intitulada \u201cHow People Around the World View AI\u201d (ou \u201cComo as Pessoas ao Redor do Mundo Veem a Intelig\u00eancia Artificial\u201d) e realizada em 25 pa\u00edses aponta que a preocupa\u00e7\u00e3o com o r\u00e1pido avan\u00e7o da intelig\u00eancia artificial no dia a dia se sobrep\u00f5e claramente ao n\u00edvel de...","og_url":"https:\/\/oficialnoticias.com\/?p=17670","article_published_time":"2025-10-20T20:26:17+00:00","article_modified_time":"2025-10-20T20:26:21+00:00","og_image":[{"width":1200,"height":630,"url":"https:\/\/oficialnoticias.com\/wp-content\/uploads\/2025\/10\/urlhttps3A2F2Fk2-prod-radio-itatiaia.s3.us-east-1.amazonaws.com2Fbrightspot2F582Fe72Fe7b8b6.webp","type":"image\/webp"}],"author":"Luana Gon\u00e7alves","twitter_card":"summary_large_image","twitter_misc":{"Escrito por":"Luana Gon\u00e7alves","Est. tempo de leitura":"5 minutos"},"schema":{"@context":"https:\/\/schema.org","@graph":[{"@type":"Article","@id":"https:\/\/oficialnoticias.com\/?p=17670#article","isPartOf":{"@id":"https:\/\/oficialnoticias.com\/?p=17670"},"author":{"name":"Luana Gon\u00e7alves","@id":"https:\/\/oficialnoticias.com\/#\/schema\/person\/2d1dcbb6bfbc28d68171b4dc04723d4a"},"headline":"Ciro Dias Reis | Pesquisa em 25 pa\u00edses mostra preocupa\u00e7\u00f5es em rela\u00e7\u00e3o \u00e0 intelig\u00eancia artificial","datePublished":"2025-10-20T20:26:17+00:00","dateModified":"2025-10-20T20:26:21+00:00","mainEntityOfPage":{"@id":"https:\/\/oficialnoticias.com\/?p=17670"},"wordCount":967,"commentCount":0,"publisher":{"@id":"https:\/\/oficialnoticias.com\/#organization"},"image":{"@id":"https:\/\/oficialnoticias.com\/?p=17670#primaryimage"},"thumbnailUrl":"https:\/\/oficialnoticias.com\/wp-content\/uploads\/2025\/10\/urlhttps3A2F2Fk2-prod-radio-itatiaia.s3.us-east-1.amazonaws.com2Fbrightspot2F582Fe72Fe7b8b6.webp","articleSection":["Mundo"],"inLanguage":"pt-BR","potentialAction":[{"@type":"CommentAction","name":"Comment","target":["https:\/\/oficialnoticias.com\/?p=17670#respond"]}]},{"@type":"WebPage","@id":"https:\/\/oficialnoticias.com\/?p=17670","url":"https:\/\/oficialnoticias.com\/?p=17670","name":"Ciro Dias Reis | Pesquisa em 25 pa\u00edses mostra preocupa\u00e7\u00f5es em rela\u00e7\u00e3o \u00e0 intelig\u00eancia artificial -","isPartOf":{"@id":"https:\/\/oficialnoticias.com\/#website"},"primaryImageOfPage":{"@id":"https:\/\/oficialnoticias.com\/?p=17670#primaryimage"},"image":{"@id":"https:\/\/oficialnoticias.com\/?p=17670#primaryimage"},"thumbnailUrl":"https:\/\/oficialnoticias.com\/wp-content\/uploads\/2025\/10\/urlhttps3A2F2Fk2-prod-radio-itatiaia.s3.us-east-1.amazonaws.com2Fbrightspot2F582Fe72Fe7b8b6.webp","datePublished":"2025-10-20T20:26:17+00:00","dateModified":"2025-10-20T20:26:21+00:00","breadcrumb":{"@id":"https:\/\/oficialnoticias.com\/?p=17670#breadcrumb"},"inLanguage":"pt-BR","potentialAction":[{"@type":"ReadAction","target":["https:\/\/oficialnoticias.com\/?p=17670"]}]},{"@type":"ImageObject","inLanguage":"pt-BR","@id":"https:\/\/oficialnoticias.com\/?p=17670#primaryimage","url":"https:\/\/oficialnoticias.com\/wp-content\/uploads\/2025\/10\/urlhttps3A2F2Fk2-prod-radio-itatiaia.s3.us-east-1.amazonaws.com2Fbrightspot2F582Fe72Fe7b8b6.webp","contentUrl":"https:\/\/oficialnoticias.com\/wp-content\/uploads\/2025\/10\/urlhttps3A2F2Fk2-prod-radio-itatiaia.s3.us-east-1.amazonaws.com2Fbrightspot2F582Fe72Fe7b8b6.webp","width":1200,"height":630},{"@type":"BreadcrumbList","@id":"https:\/\/oficialnoticias.com\/?p=17670#breadcrumb","itemListElement":[{"@type":"ListItem","position":1,"name":"In\u00edcio","item":"https:\/\/oficialnoticias.com\/"},{"@type":"ListItem","position":2,"name":"Ciro Dias Reis | Pesquisa em 25 pa\u00edses mostra preocupa\u00e7\u00f5es em rela\u00e7\u00e3o \u00e0 intelig\u00eancia artificial"}]},{"@type":"WebSite","@id":"https:\/\/oficialnoticias.com\/#website","url":"https:\/\/oficialnoticias.com\/","name":"oficial Noticias","description":"","publisher":{"@id":"https:\/\/oficialnoticias.com\/#organization"},"potentialAction":[{"@type":"SearchAction","target":{"@type":"EntryPoint","urlTemplate":"https:\/\/oficialnoticias.com\/?s={search_term_string}"},"query-input":{"@type":"PropertyValueSpecification","valueRequired":true,"valueName":"search_term_string"}}],"inLanguage":"pt-BR"},{"@type":"Organization","@id":"https:\/\/oficialnoticias.com\/#organization","name":"oficial noticias","url":"https:\/\/oficialnoticias.com\/","logo":{"@type":"ImageObject","inLanguage":"pt-BR","@id":"https:\/\/oficialnoticias.com\/#\/schema\/logo\/image\/","url":"https:\/\/oficialnoticias.com\/wp-content\/uploads\/2025\/08\/cropped-cropped-cropped-Logo-Noticias-e1753639739829.png","contentUrl":"https:\/\/oficialnoticias.com\/wp-content\/uploads\/2025\/08\/cropped-cropped-cropped-Logo-Noticias-e1753639739829.png","width":119,"height":86,"caption":"oficial noticias"},"image":{"@id":"https:\/\/oficialnoticias.com\/#\/schema\/logo\/image\/"}},{"@type":"Person","@id":"https:\/\/oficialnoticias.com\/#\/schema\/person\/2d1dcbb6bfbc28d68171b4dc04723d4a","name":"Luana Gon\u00e7alves","image":{"@type":"ImageObject","inLanguage":"pt-BR","@id":"https:\/\/secure.gravatar.com\/avatar\/7aa6afdef873224c1a0265951f3fdfc0679f65dfbd15f018612595d323c52521?s=96&d=mm&r=g","url":"https:\/\/secure.gravatar.com\/avatar\/7aa6afdef873224c1a0265951f3fdfc0679f65dfbd15f018612595d323c52521?s=96&d=mm&r=g","contentUrl":"https:\/\/secure.gravatar.com\/avatar\/7aa6afdef873224c1a0265951f3fdfc0679f65dfbd15f018612595d323c52521?s=96&d=mm&r=g","caption":"Luana Gon\u00e7alves"},"sameAs":["https:\/\/oficialnoticias.com\/"],"url":"https:\/\/oficialnoticias.com\/?author=2"}]}},"_links":{"self":[{"href":"https:\/\/oficialnoticias.com\/index.php?rest_route=\/wp\/v2\/posts\/17670","targetHints":{"allow":["GET"]}}],"collection":[{"href":"https:\/\/oficialnoticias.com\/index.php?rest_route=\/wp\/v2\/posts"}],"about":[{"href":"https:\/\/oficialnoticias.com\/index.php?rest_route=\/wp\/v2\/types\/post"}],"author":[{"embeddable":true,"href":"https:\/\/oficialnoticias.com\/index.php?rest_route=\/wp\/v2\/users\/2"}],"replies":[{"embeddable":true,"href":"https:\/\/oficialnoticias.com\/index.php?rest_route=%2Fwp%2Fv2%2Fcomments&post=17670"}],"version-history":[{"count":1,"href":"https:\/\/oficialnoticias.com\/index.php?rest_route=\/wp\/v2\/posts\/17670\/revisions"}],"predecessor-version":[{"id":17672,"href":"https:\/\/oficialnoticias.com\/index.php?rest_route=\/wp\/v2\/posts\/17670\/revisions\/17672"}],"wp:featuredmedia":[{"embeddable":true,"href":"https:\/\/oficialnoticias.com\/index.php?rest_route=\/wp\/v2\/media\/17671"}],"wp:attachment":[{"href":"https:\/\/oficialnoticias.com\/index.php?rest_route=%2Fwp%2Fv2%2Fmedia&parent=17670"}],"wp:term":[{"taxonomy":"category","embeddable":true,"href":"https:\/\/oficialnoticias.com\/index.php?rest_route=%2Fwp%2Fv2%2Fcategories&post=17670"},{"taxonomy":"post_tag","embeddable":true,"href":"https:\/\/oficialnoticias.com\/index.php?rest_route=%2Fwp%2Fv2%2Ftags&post=17670"}],"curies":[{"name":"wp","href":"https:\/\/api.w.org\/{rel}","templated":true}]}}