{"id":17664,"date":"2025-10-20T17:02:48","date_gmt":"2025-10-20T20:02:48","guid":{"rendered":"https:\/\/oficialnoticias.com\/?p=17664"},"modified":"2025-10-20T17:02:52","modified_gmt":"2025-10-20T20:02:52","slug":"escalacao-do-atletico-sampaoli-deve-ter-time-fisico-em-duelo-com-del-valle","status":"publish","type":"post","link":"https:\/\/oficialnoticias.com\/?p=17664","title":{"rendered":"Escala\u00e7\u00e3o do Atl\u00e9tico: Sampaoli deve ter &#8216;time f\u00edsico&#8217; em duelo com Del Valle"},"content":{"rendered":"<p><\/p>\n<div>\n<p>O <bsp-link-enhancement><br \/>\n    <span class=\"LinkEnhancement\"><a class=\"Link\" href=\"https:\/\/www.itatiaia.com.br\/esportes\/futebol\/futebol-nacional\/futebol-mineiro\/atletico\" title=\"Atl\u00e9tico\">Atl\u00e9tico<\/a><\/span><\/bsp-link-enhancement> vira a chave para a <bsp-link-enhancement><br \/>\n    <span class=\"LinkEnhancement\"><a class=\"Link\" href=\"https:\/\/www.itatiaia.com.br\/esportes\/futebol\/futebol-internacional\/copa-sul-americana\" title=\"Copa Sul-Americana\">Copa Sul-Americana<\/a><\/span><\/bsp-link-enhancement> e se prepara para o primeiro confronto da semifinal. Nesta ter\u00e7a-feira (21), o time comandado pelo t\u00e9cnico Jorge Sampaoli encara o Independiente del Valle em Sangolqu\u00ed, no Equador. A bola rola a partir das 21h30 (de Bras\u00edlia).<\/p>\n<p>Para o confronto, <b>o treinador argentino deve optar por uma equipe \u201cmais f\u00edsica\u201d (descansada e forte fisicamente)<\/b>, pensando justamente no ar rarefeito da cidade localizada a 20 minutos de Quito. Por l\u00e1, a altitude \u00e9 de 2.500 metros.<\/p>\n<p><bsp-list-loadmore class=\"PageListStandardG\" data-module=\"\" data-show-loadmore=\"true\" data-list-title-size=\"3\" data-list-description-size=\"3\"><\/p>\n<p>    <a class=\"AnchorLink\" title=\"leia-tambem\" name=\"leia-tambem\"\/><\/p>\n<p><\/bsp-list-loadmore><\/p>\n<p>O \u00fanico desfalque (recente) para o comandante do Alvinegro \u00e9 o volante Fausto Vera, que est\u00e1 suspenso. Por\u00e9m, ele poder\u00e1 contar com Alexsander, que se recuperou de les\u00e3o no joelho e deve iniciar o confronto no banco de reservas.<\/p>\n<h2>Prov\u00e1vel time:<\/h2>\n<p>Everson; Renzo Saravia (Ruan Tressoldi), Junior Alonso, Victor Hugo; Alan Franco, Igor Gomes, Bernard; Guilherme Arana; Gustavo Scarpa; Dudu e Rony. <b>T\u00e9cnico:<\/b> Jorge Sampaoli<\/p>\n<h3>Departamento m\u00e9dico<\/h3>\n<ul>\n<li><b>Caio Maia<\/b>: est\u00e1 em fase final da cirurgia no joelho, realizada no fim de 2024;<\/li>\n<li><b>Patrick<\/b>: o volante se recupera de les\u00e3o na coluna;<\/li>\n<li><b>Tom\u00e1s Cuello<\/b>: com fratura na f\u00edbula e com ligamentos do tornozelo esquerdo afetados, passou por cirurgia e s\u00f3 retorna ao time em 2026;<\/li>\n<li><b>J\u00fanior Santos<\/b>: les\u00e3o traum\u00e1tica no p\u00fabis, com ruptura do tend\u00e3o adutor da coxa direita;<\/li>\n<li><b>Lyanco<\/b>: <bsp-link-enhancement><br \/>\n    <span class=\"LinkEnhancement\"><a class=\"Link\" href=\"https:\/\/www.itatiaia.com.br\/esportes\/futebol\/futebol-nacional\/futebol-mineiro\/atletico\/atletico-lyanco-sofre-grave-lesao-passara-por-cirurgia-e-esta-fora-da-temporada\" target=\"_blank\" title=\"ruptura do tend\u00e3o de Aquiles esquerdo\" rel=\"noopener\">ruptura do tend\u00e3o de Aquiles esquerdo<\/a><\/span><\/bsp-link-enhancement>;<\/li>\n<\/ul><\/div>\n<p><script>\n  window.fbAsyncInit = function() {\n      FB.init({\n              appId : '1447052969554341',\n          xfbml : true,\n          version : 'v2.9'\n      });\n  };\n  (function(d, s, id){\n     var js, fjs = d.getElementsByTagName(s)[0];\n     if (d.getElementById(id)) {return;}\n     js = d.createElement(s); js.id = id;\n     js.src = \"https:\/\/connect.facebook.net\/en_US\/sdk.js\";\n     fjs.parentNode.insertBefore(js, fjs);\n   }(document, 'script', 'facebook-jssdk'));\n<\/script><\/p>\n","protected":false},"excerpt":{"rendered":"<p>O Atl\u00e9tico vira a chave para a Copa Sul-Americana e se prepara para o primeiro confronto da semifinal. Nesta ter\u00e7a-feira (21), o time comandado pelo t\u00e9cnico Jorge Sampaoli encara o Independiente del Valle em Sangolqu\u00ed, no Equador. A bola rola a partir das 21h30 (de Bras\u00edlia). Para o confronto, o treinador argentino deve optar por&#8230;<\/p>\n","protected":false},"author":2,"featured_media":17665,"comment_status":"open","ping_status":"open","sticky":false,"template":"","format":"standard","meta":{"footnotes":""},"categories":[4],"tags":[],"class_list":["post-17664","post","type-post","status-publish","format-standard","has-post-thumbnail","hentry","category-sports"],"yoast_head":"<!-- This site is optimized with the Yoast SEO plugin v27.3 - https:\/\/yoast.com\/product\/yoast-seo-wordpress\/ -->\n<title>Escala\u00e7\u00e3o do Atl\u00e9tico: Sampaoli deve ter &#039;time f\u00edsico&#039; em duelo com Del Valle -<\/title>\n<meta name=\"robots\" content=\"index, follow, max-snippet:-1, max-image-preview:large, max-video-preview:-1\" \/>\n<link rel=\"canonical\" href=\"https:\/\/oficialnoticias.com\/?p=17664\" \/>\n<meta property=\"og:locale\" content=\"pt_BR\" \/>\n<meta property=\"og:type\" content=\"article\" \/>\n<meta property=\"og:title\" content=\"Escala\u00e7\u00e3o do Atl\u00e9tico: Sampaoli deve ter &#039;time f\u00edsico&#039; em duelo com Del Valle -\" \/>\n<meta property=\"og:description\" content=\"O Atl\u00e9tico vira a chave para a Copa Sul-Americana e se prepara para o primeiro confronto da semifinal. Nesta ter\u00e7a-feira (21), o time comandado pelo t\u00e9cnico Jorge Sampaoli encara o Independiente del Valle em Sangolqu\u00ed, no Equador. A bola rola a partir das 21h30 (de Bras\u00edlia). Para o confronto, o treinador argentino deve optar por...\" \/>\n<meta property=\"og:url\" content=\"https:\/\/oficialnoticias.com\/?p=17664\" \/>\n<meta property=\"article:published_time\" content=\"2025-10-20T20:02:48+00:00\" \/>\n<meta property=\"article:modified_time\" content=\"2025-10-20T20:02:52+00:00\" \/>\n<meta property=\"og:image\" content=\"https:\/\/oficialnoticias.com\/wp-content\/uploads\/2025\/10\/urlhttps3A2F2Fk2-prod-radio-itatiaia.s3.us-east-1.amazonaws.com2Fbrightspot2F5b2F6d2F2c8ca6.webp\" \/>\n\t<meta property=\"og:image:width\" content=\"1200\" \/>\n\t<meta property=\"og:image:height\" content=\"630\" \/>\n\t<meta property=\"og:image:type\" content=\"image\/webp\" \/>\n<meta name=\"author\" content=\"Luana Gon\u00e7alves\" \/>\n<meta name=\"twitter:card\" content=\"summary_large_image\" \/>\n<meta name=\"twitter:label1\" content=\"Escrito por\" \/>\n\t<meta name=\"twitter:data1\" content=\"Luana Gon\u00e7alves\" \/>\n\t<meta name=\"twitter:label2\" content=\"Est. tempo de leitura\" \/>\n\t<meta name=\"twitter:data2\" content=\"1 minuto\" \/>\n<script type=\"application\/ld+json\" class=\"yoast-schema-graph\">{\"@context\":\"https:\\\/\\\/schema.org\",\"@graph\":[{\"@type\":\"Article\",\"@id\":\"https:\\\/\\\/oficialnoticias.com\\\/?p=17664#article\",\"isPartOf\":{\"@id\":\"https:\\\/\\\/oficialnoticias.com\\\/?p=17664\"},\"author\":{\"name\":\"Luana Gon\u00e7alves\",\"@id\":\"https:\\\/\\\/oficialnoticias.com\\\/#\\\/schema\\\/person\\\/2d1dcbb6bfbc28d68171b4dc04723d4a\"},\"headline\":\"Escala\u00e7\u00e3o do Atl\u00e9tico: Sampaoli deve ter &#8216;time f\u00edsico&#8217; em duelo com Del Valle\",\"datePublished\":\"2025-10-20T20:02:48+00:00\",\"dateModified\":\"2025-10-20T20:02:52+00:00\",\"mainEntityOfPage\":{\"@id\":\"https:\\\/\\\/oficialnoticias.com\\\/?p=17664\"},\"wordCount\":247,\"commentCount\":0,\"publisher\":{\"@id\":\"https:\\\/\\\/oficialnoticias.com\\\/#organization\"},\"image\":{\"@id\":\"https:\\\/\\\/oficialnoticias.com\\\/?p=17664#primaryimage\"},\"thumbnailUrl\":\"https:\\\/\\\/oficialnoticias.com\\\/wp-content\\\/uploads\\\/2025\\\/10\\\/urlhttps3A2F2Fk2-prod-radio-itatiaia.s3.us-east-1.amazonaws.com2Fbrightspot2F5b2F6d2F2c8ca6.webp\",\"articleSection\":[\"Esporte\"],\"inLanguage\":\"pt-BR\",\"potentialAction\":[{\"@type\":\"CommentAction\",\"name\":\"Comment\",\"target\":[\"https:\\\/\\\/oficialnoticias.com\\\/?p=17664#respond\"]}]},{\"@type\":\"WebPage\",\"@id\":\"https:\\\/\\\/oficialnoticias.com\\\/?p=17664\",\"url\":\"https:\\\/\\\/oficialnoticias.com\\\/?p=17664\",\"name\":\"Escala\u00e7\u00e3o do Atl\u00e9tico: Sampaoli deve ter 'time f\u00edsico' em duelo com Del Valle -\",\"isPartOf\":{\"@id\":\"https:\\\/\\\/oficialnoticias.com\\\/#website\"},\"primaryImageOfPage\":{\"@id\":\"https:\\\/\\\/oficialnoticias.com\\\/?p=17664#primaryimage\"},\"image\":{\"@id\":\"https:\\\/\\\/oficialnoticias.com\\\/?p=17664#primaryimage\"},\"thumbnailUrl\":\"https:\\\/\\\/oficialnoticias.com\\\/wp-content\\\/uploads\\\/2025\\\/10\\\/urlhttps3A2F2Fk2-prod-radio-itatiaia.s3.us-east-1.amazonaws.com2Fbrightspot2F5b2F6d2F2c8ca6.webp\",\"datePublished\":\"2025-10-20T20:02:48+00:00\",\"dateModified\":\"2025-10-20T20:02:52+00:00\",\"breadcrumb\":{\"@id\":\"https:\\\/\\\/oficialnoticias.com\\\/?p=17664#breadcrumb\"},\"inLanguage\":\"pt-BR\",\"potentialAction\":[{\"@type\":\"ReadAction\",\"target\":[\"https:\\\/\\\/oficialnoticias.com\\\/?p=17664\"]}]},{\"@type\":\"ImageObject\",\"inLanguage\":\"pt-BR\",\"@id\":\"https:\\\/\\\/oficialnoticias.com\\\/?p=17664#primaryimage\",\"url\":\"https:\\\/\\\/oficialnoticias.com\\\/wp-content\\\/uploads\\\/2025\\\/10\\\/urlhttps3A2F2Fk2-prod-radio-itatiaia.s3.us-east-1.amazonaws.com2Fbrightspot2F5b2F6d2F2c8ca6.webp\",\"contentUrl\":\"https:\\\/\\\/oficialnoticias.com\\\/wp-content\\\/uploads\\\/2025\\\/10\\\/urlhttps3A2F2Fk2-prod-radio-itatiaia.s3.us-east-1.amazonaws.com2Fbrightspot2F5b2F6d2F2c8ca6.webp\",\"width\":1200,\"height\":630},{\"@type\":\"BreadcrumbList\",\"@id\":\"https:\\\/\\\/oficialnoticias.com\\\/?p=17664#breadcrumb\",\"itemListElement\":[{\"@type\":\"ListItem\",\"position\":1,\"name\":\"In\u00edcio\",\"item\":\"https:\\\/\\\/oficialnoticias.com\\\/\"},{\"@type\":\"ListItem\",\"position\":2,\"name\":\"Escala\u00e7\u00e3o do Atl\u00e9tico: Sampaoli deve ter &#8216;time f\u00edsico&#8217; em duelo com Del Valle\"}]},{\"@type\":\"WebSite\",\"@id\":\"https:\\\/\\\/oficialnoticias.com\\\/#website\",\"url\":\"https:\\\/\\\/oficialnoticias.com\\\/\",\"name\":\"oficial Noticias\",\"description\":\"\",\"publisher\":{\"@id\":\"https:\\\/\\\/oficialnoticias.com\\\/#organization\"},\"potentialAction\":[{\"@type\":\"SearchAction\",\"target\":{\"@type\":\"EntryPoint\",\"urlTemplate\":\"https:\\\/\\\/oficialnoticias.com\\\/?s={search_term_string}\"},\"query-input\":{\"@type\":\"PropertyValueSpecification\",\"valueRequired\":true,\"valueName\":\"search_term_string\"}}],\"inLanguage\":\"pt-BR\"},{\"@type\":\"Organization\",\"@id\":\"https:\\\/\\\/oficialnoticias.com\\\/#organization\",\"name\":\"oficial noticias\",\"url\":\"https:\\\/\\\/oficialnoticias.com\\\/\",\"logo\":{\"@type\":\"ImageObject\",\"inLanguage\":\"pt-BR\",\"@id\":\"https:\\\/\\\/oficialnoticias.com\\\/#\\\/schema\\\/logo\\\/image\\\/\",\"url\":\"https:\\\/\\\/oficialnoticias.com\\\/wp-content\\\/uploads\\\/2025\\\/08\\\/cropped-cropped-cropped-Logo-Noticias-e1753639739829.png\",\"contentUrl\":\"https:\\\/\\\/oficialnoticias.com\\\/wp-content\\\/uploads\\\/2025\\\/08\\\/cropped-cropped-cropped-Logo-Noticias-e1753639739829.png\",\"width\":119,\"height\":86,\"caption\":\"oficial noticias\"},\"image\":{\"@id\":\"https:\\\/\\\/oficialnoticias.com\\\/#\\\/schema\\\/logo\\\/image\\\/\"}},{\"@type\":\"Person\",\"@id\":\"https:\\\/\\\/oficialnoticias.com\\\/#\\\/schema\\\/person\\\/2d1dcbb6bfbc28d68171b4dc04723d4a\",\"name\":\"Luana Gon\u00e7alves\",\"image\":{\"@type\":\"ImageObject\",\"inLanguage\":\"pt-BR\",\"@id\":\"https:\\\/\\\/secure.gravatar.com\\\/avatar\\\/7aa6afdef873224c1a0265951f3fdfc0679f65dfbd15f018612595d323c52521?s=96&d=mm&r=g\",\"url\":\"https:\\\/\\\/secure.gravatar.com\\\/avatar\\\/7aa6afdef873224c1a0265951f3fdfc0679f65dfbd15f018612595d323c52521?s=96&d=mm&r=g\",\"contentUrl\":\"https:\\\/\\\/secure.gravatar.com\\\/avatar\\\/7aa6afdef873224c1a0265951f3fdfc0679f65dfbd15f018612595d323c52521?s=96&d=mm&r=g\",\"caption\":\"Luana Gon\u00e7alves\"},\"sameAs\":[\"https:\\\/\\\/oficialnoticias.com\\\/\"],\"url\":\"https:\\\/\\\/oficialnoticias.com\\\/?author=2\"}]}<\/script>\n<!-- \/ Yoast SEO plugin. -->","yoast_head_json":{"title":"Escala\u00e7\u00e3o do Atl\u00e9tico: Sampaoli deve ter 'time f\u00edsico' em duelo com Del Valle -","robots":{"index":"index","follow":"follow","max-snippet":"max-snippet:-1","max-image-preview":"max-image-preview:large","max-video-preview":"max-video-preview:-1"},"canonical":"https:\/\/oficialnoticias.com\/?p=17664","og_locale":"pt_BR","og_type":"article","og_title":"Escala\u00e7\u00e3o do Atl\u00e9tico: Sampaoli deve ter 'time f\u00edsico' em duelo com Del Valle -","og_description":"O Atl\u00e9tico vira a chave para a Copa Sul-Americana e se prepara para o primeiro confronto da semifinal. Nesta ter\u00e7a-feira (21), o time comandado pelo t\u00e9cnico Jorge Sampaoli encara o Independiente del Valle em Sangolqu\u00ed, no Equador. A bola rola a partir das 21h30 (de Bras\u00edlia). Para o confronto, o treinador argentino deve optar por...","og_url":"https:\/\/oficialnoticias.com\/?p=17664","article_published_time":"2025-10-20T20:02:48+00:00","article_modified_time":"2025-10-20T20:02:52+00:00","og_image":[{"width":1200,"height":630,"url":"https:\/\/oficialnoticias.com\/wp-content\/uploads\/2025\/10\/urlhttps3A2F2Fk2-prod-radio-itatiaia.s3.us-east-1.amazonaws.com2Fbrightspot2F5b2F6d2F2c8ca6.webp","type":"image\/webp"}],"author":"Luana Gon\u00e7alves","twitter_card":"summary_large_image","twitter_misc":{"Escrito por":"Luana Gon\u00e7alves","Est. tempo de leitura":"1 minuto"},"schema":{"@context":"https:\/\/schema.org","@graph":[{"@type":"Article","@id":"https:\/\/oficialnoticias.com\/?p=17664#article","isPartOf":{"@id":"https:\/\/oficialnoticias.com\/?p=17664"},"author":{"name":"Luana Gon\u00e7alves","@id":"https:\/\/oficialnoticias.com\/#\/schema\/person\/2d1dcbb6bfbc28d68171b4dc04723d4a"},"headline":"Escala\u00e7\u00e3o do Atl\u00e9tico: Sampaoli deve ter &#8216;time f\u00edsico&#8217; em duelo com Del Valle","datePublished":"2025-10-20T20:02:48+00:00","dateModified":"2025-10-20T20:02:52+00:00","mainEntityOfPage":{"@id":"https:\/\/oficialnoticias.com\/?p=17664"},"wordCount":247,"commentCount":0,"publisher":{"@id":"https:\/\/oficialnoticias.com\/#organization"},"image":{"@id":"https:\/\/oficialnoticias.com\/?p=17664#primaryimage"},"thumbnailUrl":"https:\/\/oficialnoticias.com\/wp-content\/uploads\/2025\/10\/urlhttps3A2F2Fk2-prod-radio-itatiaia.s3.us-east-1.amazonaws.com2Fbrightspot2F5b2F6d2F2c8ca6.webp","articleSection":["Esporte"],"inLanguage":"pt-BR","potentialAction":[{"@type":"CommentAction","name":"Comment","target":["https:\/\/oficialnoticias.com\/?p=17664#respond"]}]},{"@type":"WebPage","@id":"https:\/\/oficialnoticias.com\/?p=17664","url":"https:\/\/oficialnoticias.com\/?p=17664","name":"Escala\u00e7\u00e3o do Atl\u00e9tico: Sampaoli deve ter 'time f\u00edsico' em duelo com Del Valle -","isPartOf":{"@id":"https:\/\/oficialnoticias.com\/#website"},"primaryImageOfPage":{"@id":"https:\/\/oficialnoticias.com\/?p=17664#primaryimage"},"image":{"@id":"https:\/\/oficialnoticias.com\/?p=17664#primaryimage"},"thumbnailUrl":"https:\/\/oficialnoticias.com\/wp-content\/uploads\/2025\/10\/urlhttps3A2F2Fk2-prod-radio-itatiaia.s3.us-east-1.amazonaws.com2Fbrightspot2F5b2F6d2F2c8ca6.webp","datePublished":"2025-10-20T20:02:48+00:00","dateModified":"2025-10-20T20:02:52+00:00","breadcrumb":{"@id":"https:\/\/oficialnoticias.com\/?p=17664#breadcrumb"},"inLanguage":"pt-BR","potentialAction":[{"@type":"ReadAction","target":["https:\/\/oficialnoticias.com\/?p=17664"]}]},{"@type":"ImageObject","inLanguage":"pt-BR","@id":"https:\/\/oficialnoticias.com\/?p=17664#primaryimage","url":"https:\/\/oficialnoticias.com\/wp-content\/uploads\/2025\/10\/urlhttps3A2F2Fk2-prod-radio-itatiaia.s3.us-east-1.amazonaws.com2Fbrightspot2F5b2F6d2F2c8ca6.webp","contentUrl":"https:\/\/oficialnoticias.com\/wp-content\/uploads\/2025\/10\/urlhttps3A2F2Fk2-prod-radio-itatiaia.s3.us-east-1.amazonaws.com2Fbrightspot2F5b2F6d2F2c8ca6.webp","width":1200,"height":630},{"@type":"BreadcrumbList","@id":"https:\/\/oficialnoticias.com\/?p=17664#breadcrumb","itemListElement":[{"@type":"ListItem","position":1,"name":"In\u00edcio","item":"https:\/\/oficialnoticias.com\/"},{"@type":"ListItem","position":2,"name":"Escala\u00e7\u00e3o do Atl\u00e9tico: Sampaoli deve ter &#8216;time f\u00edsico&#8217; em duelo com Del Valle"}]},{"@type":"WebSite","@id":"https:\/\/oficialnoticias.com\/#website","url":"https:\/\/oficialnoticias.com\/","name":"oficial Noticias","description":"","publisher":{"@id":"https:\/\/oficialnoticias.com\/#organization"},"potentialAction":[{"@type":"SearchAction","target":{"@type":"EntryPoint","urlTemplate":"https:\/\/oficialnoticias.com\/?s={search_term_string}"},"query-input":{"@type":"PropertyValueSpecification","valueRequired":true,"valueName":"search_term_string"}}],"inLanguage":"pt-BR"},{"@type":"Organization","@id":"https:\/\/oficialnoticias.com\/#organization","name":"oficial noticias","url":"https:\/\/oficialnoticias.com\/","logo":{"@type":"ImageObject","inLanguage":"pt-BR","@id":"https:\/\/oficialnoticias.com\/#\/schema\/logo\/image\/","url":"https:\/\/oficialnoticias.com\/wp-content\/uploads\/2025\/08\/cropped-cropped-cropped-Logo-Noticias-e1753639739829.png","contentUrl":"https:\/\/oficialnoticias.com\/wp-content\/uploads\/2025\/08\/cropped-cropped-cropped-Logo-Noticias-e1753639739829.png","width":119,"height":86,"caption":"oficial noticias"},"image":{"@id":"https:\/\/oficialnoticias.com\/#\/schema\/logo\/image\/"}},{"@type":"Person","@id":"https:\/\/oficialnoticias.com\/#\/schema\/person\/2d1dcbb6bfbc28d68171b4dc04723d4a","name":"Luana Gon\u00e7alves","image":{"@type":"ImageObject","inLanguage":"pt-BR","@id":"https:\/\/secure.gravatar.com\/avatar\/7aa6afdef873224c1a0265951f3fdfc0679f65dfbd15f018612595d323c52521?s=96&d=mm&r=g","url":"https:\/\/secure.gravatar.com\/avatar\/7aa6afdef873224c1a0265951f3fdfc0679f65dfbd15f018612595d323c52521?s=96&d=mm&r=g","contentUrl":"https:\/\/secure.gravatar.com\/avatar\/7aa6afdef873224c1a0265951f3fdfc0679f65dfbd15f018612595d323c52521?s=96&d=mm&r=g","caption":"Luana Gon\u00e7alves"},"sameAs":["https:\/\/oficialnoticias.com\/"],"url":"https:\/\/oficialnoticias.com\/?author=2"}]}},"_links":{"self":[{"href":"https:\/\/oficialnoticias.com\/index.php?rest_route=\/wp\/v2\/posts\/17664","targetHints":{"allow":["GET"]}}],"collection":[{"href":"https:\/\/oficialnoticias.com\/index.php?rest_route=\/wp\/v2\/posts"}],"about":[{"href":"https:\/\/oficialnoticias.com\/index.php?rest_route=\/wp\/v2\/types\/post"}],"author":[{"embeddable":true,"href":"https:\/\/oficialnoticias.com\/index.php?rest_route=\/wp\/v2\/users\/2"}],"replies":[{"embeddable":true,"href":"https:\/\/oficialnoticias.com\/index.php?rest_route=%2Fwp%2Fv2%2Fcomments&post=17664"}],"version-history":[{"count":1,"href":"https:\/\/oficialnoticias.com\/index.php?rest_route=\/wp\/v2\/posts\/17664\/revisions"}],"predecessor-version":[{"id":17666,"href":"https:\/\/oficialnoticias.com\/index.php?rest_route=\/wp\/v2\/posts\/17664\/revisions\/17666"}],"wp:featuredmedia":[{"embeddable":true,"href":"https:\/\/oficialnoticias.com\/index.php?rest_route=\/wp\/v2\/media\/17665"}],"wp:attachment":[{"href":"https:\/\/oficialnoticias.com\/index.php?rest_route=%2Fwp%2Fv2%2Fmedia&parent=17664"}],"wp:term":[{"taxonomy":"category","embeddable":true,"href":"https:\/\/oficialnoticias.com\/index.php?rest_route=%2Fwp%2Fv2%2Fcategories&post=17664"},{"taxonomy":"post_tag","embeddable":true,"href":"https:\/\/oficialnoticias.com\/index.php?rest_route=%2Fwp%2Fv2%2Ftags&post=17664"}],"curies":[{"name":"wp","href":"https:\/\/api.w.org\/{rel}","templated":true}]}}