{"id":17430,"date":"2025-10-19T14:35:20","date_gmt":"2025-10-19T17:35:20","guid":{"rendered":"https:\/\/oficialnoticias.com\/?p=17430"},"modified":"2025-10-19T14:35:24","modified_gmt":"2025-10-19T17:35:24","slug":"corpos-de-mineiros-mortos-em-acidente-em-pernambuco-devem-chegar-a-mg-nesta-segunda","status":"publish","type":"post","link":"https:\/\/oficialnoticias.com\/?p=17430","title":{"rendered":"Corpos de mineiros mortos em acidente em Pernambuco devem chegar a MG nesta segunda"},"content":{"rendered":"<p><\/p>\n<div>\n<p>Devem chegar nesta segunda-feira (20) ao Norte de Minas os corpos dos cinco mineiros que morreram em um acidente com um \u00f4nibus na BR-423, em Pernambuco. O grupo havia viajado at\u00e9 Santa Cruz do Capibaribe para comprar roupas no polo de confec\u00e7\u00f5es local, com o objetivo de revend\u00ea-las. <bsp-link-enhancement><br \/>\n    <span class=\"LinkEnhancement\"><a class=\"Link\" href=\"https:\/\/www.itatiaia.com.br\/brasil\/grave-acidente-com-onibus-deixa-ao-menos-13-mortos-em-pernambuco\" title=\"O \u00f4nibus voltava dessa excurs\u00e3o quando ocorreu o acidente.\">O \u00f4nibus voltava dessa excurs\u00e3o quando ocorreu o acidente.<\/a><\/span><\/bsp-link-enhancement><\/p>\n<p>A Prefeitura de Porteirinha, cidade do Norte de Minas, manifestou profundo pesar pelas mortes de <bsp-link-enhancement><br \/>\n    <span class=\"LinkEnhancement\"><a class=\"Link\" href=\"https:\/\/www.itatiaia.com.br\/cidades\/mineiros-que-morreram-no-acidente-com-onibus-em-na-br-423-sao-de-porteirinha\" title=\"Maria da Gl\u00f3ria Antunes Martins, Jos\u00e9 Aparecido \">Maria da Gl\u00f3ria Antunes Martins, Jos\u00e9 Aparecido <\/a><\/span><\/bsp-link-enhancement>Oliveira Filho e Luciene Augusta de Oliveira \u2014 esta \u00faltima moradora de Pai Pedro, munic\u00edpio vizinho.<\/p>\n<p>Tamb\u00e9m foram confirmadas as mortes de Aldir Tintiliano Borges e Maria Adriana de Souza Borges.<\/p>\n<p>Segundo Fl\u00e1vio Silva Nunes, propriet\u00e1rio da Funer\u00e1ria Norte Minas, que acompanha os familiares no cart\u00f3rio de Porteirinha, a documenta\u00e7\u00e3o necess\u00e1ria para o traslado dos corpos est\u00e1 sendo providenciada. A expectativa \u00e9 que a libera\u00e7\u00e3o ocorra ainda na tarde deste domingo (19), para que a viagem em carro funer\u00e1rio seja iniciada em seguida. O trajeto at\u00e9 o Norte de Minas deve durar cerca de 22 horas. \u201cNa verdade, os corpos est\u00e3o sendo liberados agora no IML. Todos os familiares dos 17 mortos est\u00e3o l\u00e1. Vamos saber a situa\u00e7\u00e3o de cada corpo ap\u00f3s a libera\u00e7\u00e3o. A ideia \u00e9 que sigam para a funer\u00e1ria, de onde iniciaremos os traslados. Estamos tentando fazer o transporte a\u00e9reo, mas est\u00e1 complicado e burocr\u00e1tico\u201d, explicou Fl\u00e1vio.<\/p>\n<p>Dos cinco corpos de v\u00edtimas do Norte de Minas, quatro est\u00e3o sob responsabilidade da funer\u00e1ria de Fl\u00e1vio. J\u00e1 os familiares de Maria da Gl\u00f3ria Antunes Martins est\u00e3o no estado de Pernambuco, onde organizam o traslado por meio de uma empresa local.<\/p>\n<p><bsp-list-loadmore class=\"PageListStandardG\" data-module=\"\" data-show-loadmore=\"true\" data-list-title-size=\"3\" data-list-description-size=\"3\"><\/p>\n<p>    <a class=\"AnchorLink\" title=\"leia-tambem\" name=\"leia-tambem\"\/><\/p>\n<p><\/bsp-list-loadmore><\/p><\/div>\n<p><script>\n  window.fbAsyncInit = function() {\n      FB.init({\n              appId : '1447052969554341',\n          xfbml : true,\n          version : 'v2.9'\n      });\n  };\n  (function(d, s, id){\n     var js, fjs = d.getElementsByTagName(s)[0];\n     if (d.getElementById(id)) {return;}\n     js = d.createElement(s); js.id = id;\n     js.src = \"https:\/\/connect.facebook.net\/en_US\/sdk.js\";\n     fjs.parentNode.insertBefore(js, fjs);\n   }(document, 'script', 'facebook-jssdk'));\n<\/script><br \/>\n  <\/a><\/p>\n","protected":false},"excerpt":{"rendered":"<p>Devem chegar nesta segunda-feira (20) ao Norte de Minas os corpos dos cinco mineiros que morreram em um acidente com um \u00f4nibus na BR-423, em Pernambuco. O grupo havia viajado at\u00e9 Santa Cruz do Capibaribe para comprar roupas no polo de confec\u00e7\u00f5es local, com o objetivo de revend\u00ea-las. O \u00f4nibus voltava dessa excurs\u00e3o quando ocorreu&#8230;<\/p>\n","protected":false},"author":2,"featured_media":17431,"comment_status":"open","ping_status":"open","sticky":false,"template":"","format":"standard","meta":{"footnotes":""},"categories":[3],"tags":[],"class_list":["post-17430","post","type-post","status-publish","format-standard","has-post-thumbnail","hentry","category-fashion"],"yoast_head":"<!-- This site is optimized with the Yoast SEO plugin v27.3 - https:\/\/yoast.com\/product\/yoast-seo-wordpress\/ -->\n<title>Corpos de mineiros mortos em acidente em Pernambuco devem chegar a MG nesta segunda -<\/title>\n<meta name=\"robots\" content=\"index, follow, max-snippet:-1, max-image-preview:large, max-video-preview:-1\" \/>\n<link rel=\"canonical\" href=\"https:\/\/oficialnoticias.com\/?p=17430\" \/>\n<meta property=\"og:locale\" content=\"pt_BR\" \/>\n<meta property=\"og:type\" content=\"article\" \/>\n<meta property=\"og:title\" content=\"Corpos de mineiros mortos em acidente em Pernambuco devem chegar a MG nesta segunda -\" \/>\n<meta property=\"og:description\" content=\"Devem chegar nesta segunda-feira (20) ao Norte de Minas os corpos dos cinco mineiros que morreram em um acidente com um \u00f4nibus na BR-423, em Pernambuco. O grupo havia viajado at\u00e9 Santa Cruz do Capibaribe para comprar roupas no polo de confec\u00e7\u00f5es local, com o objetivo de revend\u00ea-las. O \u00f4nibus voltava dessa excurs\u00e3o quando ocorreu...\" \/>\n<meta property=\"og:url\" content=\"https:\/\/oficialnoticias.com\/?p=17430\" \/>\n<meta property=\"article:published_time\" content=\"2025-10-19T17:35:20+00:00\" \/>\n<meta property=\"article:modified_time\" content=\"2025-10-19T17:35:24+00:00\" \/>\n<meta property=\"og:image\" content=\"https:\/\/oficialnoticias.com\/wp-content\/uploads\/2025\/10\/1760895321_urlhttps3A2F2Fk2-prod-radio-itatiaia.s3.us-east-1.amazonaws.com2Fbrightspot2Fd72F312F130967.webp\" \/>\n\t<meta property=\"og:image:width\" content=\"1200\" \/>\n\t<meta property=\"og:image:height\" content=\"630\" \/>\n\t<meta property=\"og:image:type\" content=\"image\/webp\" \/>\n<meta name=\"author\" content=\"Luana Gon\u00e7alves\" \/>\n<meta name=\"twitter:card\" content=\"summary_large_image\" \/>\n<meta name=\"twitter:label1\" content=\"Escrito por\" \/>\n\t<meta name=\"twitter:data1\" content=\"Luana Gon\u00e7alves\" \/>\n\t<meta name=\"twitter:label2\" content=\"Est. tempo de leitura\" \/>\n\t<meta name=\"twitter:data2\" content=\"1 minuto\" \/>\n<script type=\"application\/ld+json\" class=\"yoast-schema-graph\">{\"@context\":\"https:\\\/\\\/schema.org\",\"@graph\":[{\"@type\":\"Article\",\"@id\":\"https:\\\/\\\/oficialnoticias.com\\\/?p=17430#article\",\"isPartOf\":{\"@id\":\"https:\\\/\\\/oficialnoticias.com\\\/?p=17430\"},\"author\":{\"name\":\"Luana Gon\u00e7alves\",\"@id\":\"https:\\\/\\\/oficialnoticias.com\\\/#\\\/schema\\\/person\\\/2d1dcbb6bfbc28d68171b4dc04723d4a\"},\"headline\":\"Corpos de mineiros mortos em acidente em Pernambuco devem chegar a MG nesta segunda\",\"datePublished\":\"2025-10-19T17:35:20+00:00\",\"dateModified\":\"2025-10-19T17:35:24+00:00\",\"mainEntityOfPage\":{\"@id\":\"https:\\\/\\\/oficialnoticias.com\\\/?p=17430\"},\"wordCount\":306,\"commentCount\":0,\"publisher\":{\"@id\":\"https:\\\/\\\/oficialnoticias.com\\\/#organization\"},\"image\":{\"@id\":\"https:\\\/\\\/oficialnoticias.com\\\/?p=17430#primaryimage\"},\"thumbnailUrl\":\"https:\\\/\\\/oficialnoticias.com\\\/wp-content\\\/uploads\\\/2025\\\/10\\\/1760895321_urlhttps3A2F2Fk2-prod-radio-itatiaia.s3.us-east-1.amazonaws.com2Fbrightspot2Fd72F312F130967.webp\",\"articleSection\":[\"Brasil\"],\"inLanguage\":\"pt-BR\",\"potentialAction\":[{\"@type\":\"CommentAction\",\"name\":\"Comment\",\"target\":[\"https:\\\/\\\/oficialnoticias.com\\\/?p=17430#respond\"]}]},{\"@type\":\"WebPage\",\"@id\":\"https:\\\/\\\/oficialnoticias.com\\\/?p=17430\",\"url\":\"https:\\\/\\\/oficialnoticias.com\\\/?p=17430\",\"name\":\"Corpos de mineiros mortos em acidente em Pernambuco devem chegar a MG nesta segunda -\",\"isPartOf\":{\"@id\":\"https:\\\/\\\/oficialnoticias.com\\\/#website\"},\"primaryImageOfPage\":{\"@id\":\"https:\\\/\\\/oficialnoticias.com\\\/?p=17430#primaryimage\"},\"image\":{\"@id\":\"https:\\\/\\\/oficialnoticias.com\\\/?p=17430#primaryimage\"},\"thumbnailUrl\":\"https:\\\/\\\/oficialnoticias.com\\\/wp-content\\\/uploads\\\/2025\\\/10\\\/1760895321_urlhttps3A2F2Fk2-prod-radio-itatiaia.s3.us-east-1.amazonaws.com2Fbrightspot2Fd72F312F130967.webp\",\"datePublished\":\"2025-10-19T17:35:20+00:00\",\"dateModified\":\"2025-10-19T17:35:24+00:00\",\"breadcrumb\":{\"@id\":\"https:\\\/\\\/oficialnoticias.com\\\/?p=17430#breadcrumb\"},\"inLanguage\":\"pt-BR\",\"potentialAction\":[{\"@type\":\"ReadAction\",\"target\":[\"https:\\\/\\\/oficialnoticias.com\\\/?p=17430\"]}]},{\"@type\":\"ImageObject\",\"inLanguage\":\"pt-BR\",\"@id\":\"https:\\\/\\\/oficialnoticias.com\\\/?p=17430#primaryimage\",\"url\":\"https:\\\/\\\/oficialnoticias.com\\\/wp-content\\\/uploads\\\/2025\\\/10\\\/1760895321_urlhttps3A2F2Fk2-prod-radio-itatiaia.s3.us-east-1.amazonaws.com2Fbrightspot2Fd72F312F130967.webp\",\"contentUrl\":\"https:\\\/\\\/oficialnoticias.com\\\/wp-content\\\/uploads\\\/2025\\\/10\\\/1760895321_urlhttps3A2F2Fk2-prod-radio-itatiaia.s3.us-east-1.amazonaws.com2Fbrightspot2Fd72F312F130967.webp\",\"width\":1200,\"height\":630},{\"@type\":\"BreadcrumbList\",\"@id\":\"https:\\\/\\\/oficialnoticias.com\\\/?p=17430#breadcrumb\",\"itemListElement\":[{\"@type\":\"ListItem\",\"position\":1,\"name\":\"In\u00edcio\",\"item\":\"https:\\\/\\\/oficialnoticias.com\\\/\"},{\"@type\":\"ListItem\",\"position\":2,\"name\":\"Corpos de mineiros mortos em acidente em Pernambuco devem chegar a MG nesta segunda\"}]},{\"@type\":\"WebSite\",\"@id\":\"https:\\\/\\\/oficialnoticias.com\\\/#website\",\"url\":\"https:\\\/\\\/oficialnoticias.com\\\/\",\"name\":\"oficial Noticias\",\"description\":\"\",\"publisher\":{\"@id\":\"https:\\\/\\\/oficialnoticias.com\\\/#organization\"},\"potentialAction\":[{\"@type\":\"SearchAction\",\"target\":{\"@type\":\"EntryPoint\",\"urlTemplate\":\"https:\\\/\\\/oficialnoticias.com\\\/?s={search_term_string}\"},\"query-input\":{\"@type\":\"PropertyValueSpecification\",\"valueRequired\":true,\"valueName\":\"search_term_string\"}}],\"inLanguage\":\"pt-BR\"},{\"@type\":\"Organization\",\"@id\":\"https:\\\/\\\/oficialnoticias.com\\\/#organization\",\"name\":\"oficial noticias\",\"url\":\"https:\\\/\\\/oficialnoticias.com\\\/\",\"logo\":{\"@type\":\"ImageObject\",\"inLanguage\":\"pt-BR\",\"@id\":\"https:\\\/\\\/oficialnoticias.com\\\/#\\\/schema\\\/logo\\\/image\\\/\",\"url\":\"https:\\\/\\\/oficialnoticias.com\\\/wp-content\\\/uploads\\\/2025\\\/08\\\/cropped-cropped-cropped-Logo-Noticias-e1753639739829.png\",\"contentUrl\":\"https:\\\/\\\/oficialnoticias.com\\\/wp-content\\\/uploads\\\/2025\\\/08\\\/cropped-cropped-cropped-Logo-Noticias-e1753639739829.png\",\"width\":119,\"height\":86,\"caption\":\"oficial noticias\"},\"image\":{\"@id\":\"https:\\\/\\\/oficialnoticias.com\\\/#\\\/schema\\\/logo\\\/image\\\/\"}},{\"@type\":\"Person\",\"@id\":\"https:\\\/\\\/oficialnoticias.com\\\/#\\\/schema\\\/person\\\/2d1dcbb6bfbc28d68171b4dc04723d4a\",\"name\":\"Luana Gon\u00e7alves\",\"image\":{\"@type\":\"ImageObject\",\"inLanguage\":\"pt-BR\",\"@id\":\"https:\\\/\\\/secure.gravatar.com\\\/avatar\\\/7aa6afdef873224c1a0265951f3fdfc0679f65dfbd15f018612595d323c52521?s=96&d=mm&r=g\",\"url\":\"https:\\\/\\\/secure.gravatar.com\\\/avatar\\\/7aa6afdef873224c1a0265951f3fdfc0679f65dfbd15f018612595d323c52521?s=96&d=mm&r=g\",\"contentUrl\":\"https:\\\/\\\/secure.gravatar.com\\\/avatar\\\/7aa6afdef873224c1a0265951f3fdfc0679f65dfbd15f018612595d323c52521?s=96&d=mm&r=g\",\"caption\":\"Luana Gon\u00e7alves\"},\"sameAs\":[\"https:\\\/\\\/oficialnoticias.com\\\/\"],\"url\":\"https:\\\/\\\/oficialnoticias.com\\\/?author=2\"}]}<\/script>\n<!-- \/ Yoast SEO plugin. -->","yoast_head_json":{"title":"Corpos de mineiros mortos em acidente em Pernambuco devem chegar a MG nesta segunda -","robots":{"index":"index","follow":"follow","max-snippet":"max-snippet:-1","max-image-preview":"max-image-preview:large","max-video-preview":"max-video-preview:-1"},"canonical":"https:\/\/oficialnoticias.com\/?p=17430","og_locale":"pt_BR","og_type":"article","og_title":"Corpos de mineiros mortos em acidente em Pernambuco devem chegar a MG nesta segunda -","og_description":"Devem chegar nesta segunda-feira (20) ao Norte de Minas os corpos dos cinco mineiros que morreram em um acidente com um \u00f4nibus na BR-423, em Pernambuco. O grupo havia viajado at\u00e9 Santa Cruz do Capibaribe para comprar roupas no polo de confec\u00e7\u00f5es local, com o objetivo de revend\u00ea-las. O \u00f4nibus voltava dessa excurs\u00e3o quando ocorreu...","og_url":"https:\/\/oficialnoticias.com\/?p=17430","article_published_time":"2025-10-19T17:35:20+00:00","article_modified_time":"2025-10-19T17:35:24+00:00","og_image":[{"width":1200,"height":630,"url":"https:\/\/oficialnoticias.com\/wp-content\/uploads\/2025\/10\/1760895321_urlhttps3A2F2Fk2-prod-radio-itatiaia.s3.us-east-1.amazonaws.com2Fbrightspot2Fd72F312F130967.webp","type":"image\/webp"}],"author":"Luana Gon\u00e7alves","twitter_card":"summary_large_image","twitter_misc":{"Escrito por":"Luana Gon\u00e7alves","Est. tempo de leitura":"1 minuto"},"schema":{"@context":"https:\/\/schema.org","@graph":[{"@type":"Article","@id":"https:\/\/oficialnoticias.com\/?p=17430#article","isPartOf":{"@id":"https:\/\/oficialnoticias.com\/?p=17430"},"author":{"name":"Luana Gon\u00e7alves","@id":"https:\/\/oficialnoticias.com\/#\/schema\/person\/2d1dcbb6bfbc28d68171b4dc04723d4a"},"headline":"Corpos de mineiros mortos em acidente em Pernambuco devem chegar a MG nesta segunda","datePublished":"2025-10-19T17:35:20+00:00","dateModified":"2025-10-19T17:35:24+00:00","mainEntityOfPage":{"@id":"https:\/\/oficialnoticias.com\/?p=17430"},"wordCount":306,"commentCount":0,"publisher":{"@id":"https:\/\/oficialnoticias.com\/#organization"},"image":{"@id":"https:\/\/oficialnoticias.com\/?p=17430#primaryimage"},"thumbnailUrl":"https:\/\/oficialnoticias.com\/wp-content\/uploads\/2025\/10\/1760895321_urlhttps3A2F2Fk2-prod-radio-itatiaia.s3.us-east-1.amazonaws.com2Fbrightspot2Fd72F312F130967.webp","articleSection":["Brasil"],"inLanguage":"pt-BR","potentialAction":[{"@type":"CommentAction","name":"Comment","target":["https:\/\/oficialnoticias.com\/?p=17430#respond"]}]},{"@type":"WebPage","@id":"https:\/\/oficialnoticias.com\/?p=17430","url":"https:\/\/oficialnoticias.com\/?p=17430","name":"Corpos de mineiros mortos em acidente em Pernambuco devem chegar a MG nesta segunda -","isPartOf":{"@id":"https:\/\/oficialnoticias.com\/#website"},"primaryImageOfPage":{"@id":"https:\/\/oficialnoticias.com\/?p=17430#primaryimage"},"image":{"@id":"https:\/\/oficialnoticias.com\/?p=17430#primaryimage"},"thumbnailUrl":"https:\/\/oficialnoticias.com\/wp-content\/uploads\/2025\/10\/1760895321_urlhttps3A2F2Fk2-prod-radio-itatiaia.s3.us-east-1.amazonaws.com2Fbrightspot2Fd72F312F130967.webp","datePublished":"2025-10-19T17:35:20+00:00","dateModified":"2025-10-19T17:35:24+00:00","breadcrumb":{"@id":"https:\/\/oficialnoticias.com\/?p=17430#breadcrumb"},"inLanguage":"pt-BR","potentialAction":[{"@type":"ReadAction","target":["https:\/\/oficialnoticias.com\/?p=17430"]}]},{"@type":"ImageObject","inLanguage":"pt-BR","@id":"https:\/\/oficialnoticias.com\/?p=17430#primaryimage","url":"https:\/\/oficialnoticias.com\/wp-content\/uploads\/2025\/10\/1760895321_urlhttps3A2F2Fk2-prod-radio-itatiaia.s3.us-east-1.amazonaws.com2Fbrightspot2Fd72F312F130967.webp","contentUrl":"https:\/\/oficialnoticias.com\/wp-content\/uploads\/2025\/10\/1760895321_urlhttps3A2F2Fk2-prod-radio-itatiaia.s3.us-east-1.amazonaws.com2Fbrightspot2Fd72F312F130967.webp","width":1200,"height":630},{"@type":"BreadcrumbList","@id":"https:\/\/oficialnoticias.com\/?p=17430#breadcrumb","itemListElement":[{"@type":"ListItem","position":1,"name":"In\u00edcio","item":"https:\/\/oficialnoticias.com\/"},{"@type":"ListItem","position":2,"name":"Corpos de mineiros mortos em acidente em Pernambuco devem chegar a MG nesta segunda"}]},{"@type":"WebSite","@id":"https:\/\/oficialnoticias.com\/#website","url":"https:\/\/oficialnoticias.com\/","name":"oficial Noticias","description":"","publisher":{"@id":"https:\/\/oficialnoticias.com\/#organization"},"potentialAction":[{"@type":"SearchAction","target":{"@type":"EntryPoint","urlTemplate":"https:\/\/oficialnoticias.com\/?s={search_term_string}"},"query-input":{"@type":"PropertyValueSpecification","valueRequired":true,"valueName":"search_term_string"}}],"inLanguage":"pt-BR"},{"@type":"Organization","@id":"https:\/\/oficialnoticias.com\/#organization","name":"oficial noticias","url":"https:\/\/oficialnoticias.com\/","logo":{"@type":"ImageObject","inLanguage":"pt-BR","@id":"https:\/\/oficialnoticias.com\/#\/schema\/logo\/image\/","url":"https:\/\/oficialnoticias.com\/wp-content\/uploads\/2025\/08\/cropped-cropped-cropped-Logo-Noticias-e1753639739829.png","contentUrl":"https:\/\/oficialnoticias.com\/wp-content\/uploads\/2025\/08\/cropped-cropped-cropped-Logo-Noticias-e1753639739829.png","width":119,"height":86,"caption":"oficial noticias"},"image":{"@id":"https:\/\/oficialnoticias.com\/#\/schema\/logo\/image\/"}},{"@type":"Person","@id":"https:\/\/oficialnoticias.com\/#\/schema\/person\/2d1dcbb6bfbc28d68171b4dc04723d4a","name":"Luana Gon\u00e7alves","image":{"@type":"ImageObject","inLanguage":"pt-BR","@id":"https:\/\/secure.gravatar.com\/avatar\/7aa6afdef873224c1a0265951f3fdfc0679f65dfbd15f018612595d323c52521?s=96&d=mm&r=g","url":"https:\/\/secure.gravatar.com\/avatar\/7aa6afdef873224c1a0265951f3fdfc0679f65dfbd15f018612595d323c52521?s=96&d=mm&r=g","contentUrl":"https:\/\/secure.gravatar.com\/avatar\/7aa6afdef873224c1a0265951f3fdfc0679f65dfbd15f018612595d323c52521?s=96&d=mm&r=g","caption":"Luana Gon\u00e7alves"},"sameAs":["https:\/\/oficialnoticias.com\/"],"url":"https:\/\/oficialnoticias.com\/?author=2"}]}},"_links":{"self":[{"href":"https:\/\/oficialnoticias.com\/index.php?rest_route=\/wp\/v2\/posts\/17430","targetHints":{"allow":["GET"]}}],"collection":[{"href":"https:\/\/oficialnoticias.com\/index.php?rest_route=\/wp\/v2\/posts"}],"about":[{"href":"https:\/\/oficialnoticias.com\/index.php?rest_route=\/wp\/v2\/types\/post"}],"author":[{"embeddable":true,"href":"https:\/\/oficialnoticias.com\/index.php?rest_route=\/wp\/v2\/users\/2"}],"replies":[{"embeddable":true,"href":"https:\/\/oficialnoticias.com\/index.php?rest_route=%2Fwp%2Fv2%2Fcomments&post=17430"}],"version-history":[{"count":1,"href":"https:\/\/oficialnoticias.com\/index.php?rest_route=\/wp\/v2\/posts\/17430\/revisions"}],"predecessor-version":[{"id":17432,"href":"https:\/\/oficialnoticias.com\/index.php?rest_route=\/wp\/v2\/posts\/17430\/revisions\/17432"}],"wp:featuredmedia":[{"embeddable":true,"href":"https:\/\/oficialnoticias.com\/index.php?rest_route=\/wp\/v2\/media\/17431"}],"wp:attachment":[{"href":"https:\/\/oficialnoticias.com\/index.php?rest_route=%2Fwp%2Fv2%2Fmedia&parent=17430"}],"wp:term":[{"taxonomy":"category","embeddable":true,"href":"https:\/\/oficialnoticias.com\/index.php?rest_route=%2Fwp%2Fv2%2Fcategories&post=17430"},{"taxonomy":"post_tag","embeddable":true,"href":"https:\/\/oficialnoticias.com\/index.php?rest_route=%2Fwp%2Fv2%2Ftags&post=17430"}],"curies":[{"name":"wp","href":"https:\/\/api.w.org\/{rel}","templated":true}]}}