{"id":17298,"date":"2025-10-18T21:35:04","date_gmt":"2025-10-19T00:35:04","guid":{"rendered":"https:\/\/oficialnoticias.com\/?p=17298"},"modified":"2025-10-18T21:35:09","modified_gmt":"2025-10-19T00:35:09","slug":"cleitinho-diz-que-nao-apoia-zema-como-presidente-e-revela-em-quem-votaria","status":"publish","type":"post","link":"https:\/\/oficialnoticias.com\/?p=17298","title":{"rendered":"Cleitinho diz que n\u00e3o apoia Zema como presidente e revela em quem votaria"},"content":{"rendered":"<p><\/p>\n<div>\n<p>O senador <bsp-link-enhancement><br \/>\n    <span class=\"LinkEnhancement\"><a class=\"Link\" href=\"https:\/\/www.itatiaia.com.br\/politica\/cleitinho-espera-sinal-de-nikolas-e-republicanos-aposta-em-candidatura-unica-para-2026\" title=\"&lt;b&gt;Cleitinho Azevedo&lt;\/b&gt;\"><b>Cleitinho Azevedo<\/b><\/a><\/span><\/bsp-link-enhancement> (Republicanos) afirmou, nessa sexta-feira (17), que n\u00e3o apoia <bsp-link-enhancement><br \/>\n    <span class=\"LinkEnhancement\"><a class=\"Link\" href=\"https:\/\/www.itatiaia.com.br\/politica\/governo-zema-descarta-impacto-de-prorrogacao-do-propag-e-quer-vender-copasa\" title=\"&lt;b&gt;Romeu Zema&lt;\/b&gt;\"><b>Romeu Zema<\/b><\/a><\/span><\/bsp-link-enhancement> (Novo), governador de Minas Gerais, como candidato \u00e0 Presid\u00eancia da Rep\u00fablica nas <bsp-link-enhancement><br \/>\n    <span class=\"LinkEnhancement\"><a class=\"Link\" href=\"https:\/\/www.itatiaia.com.br\/politica\/quase-metade-dos-ministros-de-lula-deve-disputar-as-eleicoes-em-2026\" title=\"&lt;b&gt;Elei\u00e7\u00f5es de 2026&lt;\/b&gt;\"><b>Elei\u00e7\u00f5es de 2026<\/b><\/a><\/span><\/bsp-link-enhancement>.<\/p>\n<p>A declara\u00e7\u00e3o foi dada em entrevista \u00e0 R\u00e1dio Metropolitana 90,5 FM, em Aracaju, capital do Sergipe.<\/p>\n<p>Cleitinho afirmou que n\u00e3o apoiar\u00e1, necessariamente, o candidato escolhido pelo <bsp-link-enhancement><br \/>\n    <span class=\"LinkEnhancement\"><a class=\"Link\" href=\"https:\/\/www.itatiaia.com.br\/politica\/moraes-mantem-prisao-domiciliar-de-bolsonaro\" title=\"&lt;b&gt;ex-presidente Jair Bolsonaro&lt;\/b&gt;\"><b>ex-presidente Jair Bolsonaro<\/b><\/a><\/span><\/bsp-link-enhancement>.<\/p>\n<p>\u201cTenho gratid\u00e3o com o Bolsonaro, n\u00e3o com a fam\u00edlia, com os filhos ou com os apoiadores dele. Minha gratid\u00e3o \u00e9 com ele, mas \u00e9 uma gratid\u00e3o que eu tamb\u00e9m j\u00e1 paguei ele e pago apoiando ele em 2022\u201d, disse.<\/p>\n<p>Questionado sobre presidenci\u00e1veis, o senador respondeu que n\u00e3o apoia <bsp-link-enhancement><br \/>\n    <span class=\"LinkEnhancement\"><a class=\"Link\" href=\"https:\/\/www.itatiaia.com.br\/politica\/saiba-como-pl-quer-usar-brecha-legal-para-salvar-mandato-de-eduardo-bolsonaro\" title=\"&lt;b&gt;Eduardo Bolsonaro&lt;\/b&gt;\"><b>Eduardo Bolsonaro<\/b><\/a><\/span><\/bsp-link-enhancement> (PL): \u201cComo \u00e9 que vou apoiar um candidato que n\u00e3o est\u00e1 aqui no Brasil?\u201d.<\/p>\n<p><bsp-list-loadmore class=\"PageListStandardG\" data-module=\"\" data-show-loadmore=\"true\" data-list-title-size=\"3\" data-list-description-size=\"3\"><\/p>\n<p>    <a class=\"AnchorLink\" title=\"leia-tambem\" name=\"leia-tambem\"\/><\/p>\n<p><\/bsp-list-loadmore><\/p>\n<p>Cleitinho demonstrou gostar dos nomes de Tarc\u00edsio de Freitas (Republicanos), governador de S\u00e3o Paulo, e Ratinho J\u00fanior (PSD), governador do Paran\u00e1.<\/p>\n<div class=\"Enhancement\" data-align-center=\"\">\n<div class=\"Enhancement-item\">\n<div class=\"Quote\" style=\"visibility: hidden;\">\n<div class=\"Quote-content\">\n<blockquote><p>\u201cNem o governador Zema, aqui do meu estado, eu apoio\u201d, afirmou.<\/p><\/blockquote><\/div>\n<\/p><\/div>\n<\/p><\/div>\n<\/div>\n<p>Por fim, argumentou que v\u00ea a ex-primeira dama <bsp-link-enhancement><br \/>\n    <span class=\"LinkEnhancement\"><a class=\"Link\" href=\"https:\/\/www.itatiaia.com.br\/politica\/michelle-posta-foto-ao-lado-de-filha-e-de-bolsonaro-nao-poderemos-celebrar-como-pretendiamos\" title=\"&lt;b&gt;Michelle Bolsonaro&lt;\/b&gt;\"><b>Michelle Bolsonaro<\/b><\/a><\/span><\/bsp-link-enhancement> como poss\u00edvel nome para a Presid\u00eancia, mas que acredita que ela seria uma melhor escolha para o Senado Federal.<\/p>\n<\/p><\/div>\n<p><script>\n  window.fbAsyncInit = function() {\n      FB.init({\n              appId : '1447052969554341',\n          xfbml : true,\n          version : 'v2.9'\n      });\n  };\n  (function(d, s, id){\n     var js, fjs = d.getElementsByTagName(s)[0];\n     if (d.getElementById(id)) {return;}\n     js = d.createElement(s); js.id = id;\n     js.src = \"https:\/\/connect.facebook.net\/en_US\/sdk.js\";\n     fjs.parentNode.insertBefore(js, fjs);\n   }(document, 'script', 'facebook-jssdk'));\n<\/script><\/p>\n","protected":false},"excerpt":{"rendered":"<p>O senador Cleitinho Azevedo (Republicanos) afirmou, nessa sexta-feira (17), que n\u00e3o apoia Romeu Zema (Novo), governador de Minas Gerais, como candidato \u00e0 Presid\u00eancia da Rep\u00fablica nas Elei\u00e7\u00f5es de 2026. A declara\u00e7\u00e3o foi dada em entrevista \u00e0 R\u00e1dio Metropolitana 90,5 FM, em Aracaju, capital do Sergipe. Cleitinho afirmou que n\u00e3o apoiar\u00e1, necessariamente, o candidato escolhido pelo&#8230;<\/p>\n","protected":false},"author":2,"featured_media":17299,"comment_status":"open","ping_status":"open","sticky":false,"template":"","format":"standard","meta":{"footnotes":""},"categories":[24],"tags":[],"class_list":["post-17298","post","type-post","status-publish","format-standard","has-post-thumbnail","hentry","category-politica"],"yoast_head":"<!-- This site is optimized with the Yoast SEO plugin v27.3 - https:\/\/yoast.com\/product\/yoast-seo-wordpress\/ -->\n<title>Cleitinho diz que n\u00e3o apoia Zema como presidente e revela em quem votaria -<\/title>\n<meta name=\"robots\" content=\"index, follow, max-snippet:-1, max-image-preview:large, max-video-preview:-1\" \/>\n<link rel=\"canonical\" href=\"https:\/\/oficialnoticias.com\/?p=17298\" \/>\n<meta property=\"og:locale\" content=\"pt_BR\" \/>\n<meta property=\"og:type\" content=\"article\" \/>\n<meta property=\"og:title\" content=\"Cleitinho diz que n\u00e3o apoia Zema como presidente e revela em quem votaria -\" \/>\n<meta property=\"og:description\" content=\"O senador Cleitinho Azevedo (Republicanos) afirmou, nessa sexta-feira (17), que n\u00e3o apoia Romeu Zema (Novo), governador de Minas Gerais, como candidato \u00e0 Presid\u00eancia da Rep\u00fablica nas Elei\u00e7\u00f5es de 2026. A declara\u00e7\u00e3o foi dada em entrevista \u00e0 R\u00e1dio Metropolitana 90,5 FM, em Aracaju, capital do Sergipe. Cleitinho afirmou que n\u00e3o apoiar\u00e1, necessariamente, o candidato escolhido pelo...\" \/>\n<meta property=\"og:url\" content=\"https:\/\/oficialnoticias.com\/?p=17298\" \/>\n<meta property=\"article:published_time\" content=\"2025-10-19T00:35:04+00:00\" \/>\n<meta property=\"article:modified_time\" content=\"2025-10-19T00:35:09+00:00\" \/>\n<meta property=\"og:image\" content=\"https:\/\/oficialnoticias.com\/wp-content\/uploads\/2025\/10\/1760834105_urlhttps3A2F2Fk2-prod-radio-itatiaia.s3.us-east-1.amazonaws.com2Fbrightspot2F0b2F272F43212c.webp\" \/>\n\t<meta property=\"og:image:width\" content=\"1200\" \/>\n\t<meta property=\"og:image:height\" content=\"630\" \/>\n\t<meta property=\"og:image:type\" content=\"image\/webp\" \/>\n<meta name=\"author\" content=\"Luana Gon\u00e7alves\" \/>\n<meta name=\"twitter:card\" content=\"summary_large_image\" \/>\n<meta name=\"twitter:label1\" content=\"Escrito por\" \/>\n\t<meta name=\"twitter:data1\" content=\"Luana Gon\u00e7alves\" \/>\n\t<meta name=\"twitter:label2\" content=\"Est. tempo de leitura\" \/>\n\t<meta name=\"twitter:data2\" content=\"1 minuto\" \/>\n<script type=\"application\/ld+json\" class=\"yoast-schema-graph\">{\"@context\":\"https:\\\/\\\/schema.org\",\"@graph\":[{\"@type\":\"Article\",\"@id\":\"https:\\\/\\\/oficialnoticias.com\\\/?p=17298#article\",\"isPartOf\":{\"@id\":\"https:\\\/\\\/oficialnoticias.com\\\/?p=17298\"},\"author\":{\"name\":\"Luana Gon\u00e7alves\",\"@id\":\"https:\\\/\\\/oficialnoticias.com\\\/#\\\/schema\\\/person\\\/2d1dcbb6bfbc28d68171b4dc04723d4a\"},\"headline\":\"Cleitinho diz que n\u00e3o apoia Zema como presidente e revela em quem votaria\",\"datePublished\":\"2025-10-19T00:35:04+00:00\",\"dateModified\":\"2025-10-19T00:35:09+00:00\",\"mainEntityOfPage\":{\"@id\":\"https:\\\/\\\/oficialnoticias.com\\\/?p=17298\"},\"wordCount\":209,\"commentCount\":0,\"publisher\":{\"@id\":\"https:\\\/\\\/oficialnoticias.com\\\/#organization\"},\"image\":{\"@id\":\"https:\\\/\\\/oficialnoticias.com\\\/?p=17298#primaryimage\"},\"thumbnailUrl\":\"https:\\\/\\\/oficialnoticias.com\\\/wp-content\\\/uploads\\\/2025\\\/10\\\/1760834105_urlhttps3A2F2Fk2-prod-radio-itatiaia.s3.us-east-1.amazonaws.com2Fbrightspot2F0b2F272F43212c.webp\",\"articleSection\":[\"Politica\"],\"inLanguage\":\"pt-BR\",\"potentialAction\":[{\"@type\":\"CommentAction\",\"name\":\"Comment\",\"target\":[\"https:\\\/\\\/oficialnoticias.com\\\/?p=17298#respond\"]}]},{\"@type\":\"WebPage\",\"@id\":\"https:\\\/\\\/oficialnoticias.com\\\/?p=17298\",\"url\":\"https:\\\/\\\/oficialnoticias.com\\\/?p=17298\",\"name\":\"Cleitinho diz que n\u00e3o apoia Zema como presidente e revela em quem votaria -\",\"isPartOf\":{\"@id\":\"https:\\\/\\\/oficialnoticias.com\\\/#website\"},\"primaryImageOfPage\":{\"@id\":\"https:\\\/\\\/oficialnoticias.com\\\/?p=17298#primaryimage\"},\"image\":{\"@id\":\"https:\\\/\\\/oficialnoticias.com\\\/?p=17298#primaryimage\"},\"thumbnailUrl\":\"https:\\\/\\\/oficialnoticias.com\\\/wp-content\\\/uploads\\\/2025\\\/10\\\/1760834105_urlhttps3A2F2Fk2-prod-radio-itatiaia.s3.us-east-1.amazonaws.com2Fbrightspot2F0b2F272F43212c.webp\",\"datePublished\":\"2025-10-19T00:35:04+00:00\",\"dateModified\":\"2025-10-19T00:35:09+00:00\",\"breadcrumb\":{\"@id\":\"https:\\\/\\\/oficialnoticias.com\\\/?p=17298#breadcrumb\"},\"inLanguage\":\"pt-BR\",\"potentialAction\":[{\"@type\":\"ReadAction\",\"target\":[\"https:\\\/\\\/oficialnoticias.com\\\/?p=17298\"]}]},{\"@type\":\"ImageObject\",\"inLanguage\":\"pt-BR\",\"@id\":\"https:\\\/\\\/oficialnoticias.com\\\/?p=17298#primaryimage\",\"url\":\"https:\\\/\\\/oficialnoticias.com\\\/wp-content\\\/uploads\\\/2025\\\/10\\\/1760834105_urlhttps3A2F2Fk2-prod-radio-itatiaia.s3.us-east-1.amazonaws.com2Fbrightspot2F0b2F272F43212c.webp\",\"contentUrl\":\"https:\\\/\\\/oficialnoticias.com\\\/wp-content\\\/uploads\\\/2025\\\/10\\\/1760834105_urlhttps3A2F2Fk2-prod-radio-itatiaia.s3.us-east-1.amazonaws.com2Fbrightspot2F0b2F272F43212c.webp\",\"width\":1200,\"height\":630},{\"@type\":\"BreadcrumbList\",\"@id\":\"https:\\\/\\\/oficialnoticias.com\\\/?p=17298#breadcrumb\",\"itemListElement\":[{\"@type\":\"ListItem\",\"position\":1,\"name\":\"In\u00edcio\",\"item\":\"https:\\\/\\\/oficialnoticias.com\\\/\"},{\"@type\":\"ListItem\",\"position\":2,\"name\":\"Cleitinho diz que n\u00e3o apoia Zema como presidente e revela em quem votaria\"}]},{\"@type\":\"WebSite\",\"@id\":\"https:\\\/\\\/oficialnoticias.com\\\/#website\",\"url\":\"https:\\\/\\\/oficialnoticias.com\\\/\",\"name\":\"oficial Noticias\",\"description\":\"\",\"publisher\":{\"@id\":\"https:\\\/\\\/oficialnoticias.com\\\/#organization\"},\"potentialAction\":[{\"@type\":\"SearchAction\",\"target\":{\"@type\":\"EntryPoint\",\"urlTemplate\":\"https:\\\/\\\/oficialnoticias.com\\\/?s={search_term_string}\"},\"query-input\":{\"@type\":\"PropertyValueSpecification\",\"valueRequired\":true,\"valueName\":\"search_term_string\"}}],\"inLanguage\":\"pt-BR\"},{\"@type\":\"Organization\",\"@id\":\"https:\\\/\\\/oficialnoticias.com\\\/#organization\",\"name\":\"oficial noticias\",\"url\":\"https:\\\/\\\/oficialnoticias.com\\\/\",\"logo\":{\"@type\":\"ImageObject\",\"inLanguage\":\"pt-BR\",\"@id\":\"https:\\\/\\\/oficialnoticias.com\\\/#\\\/schema\\\/logo\\\/image\\\/\",\"url\":\"https:\\\/\\\/oficialnoticias.com\\\/wp-content\\\/uploads\\\/2025\\\/08\\\/cropped-cropped-cropped-Logo-Noticias-e1753639739829.png\",\"contentUrl\":\"https:\\\/\\\/oficialnoticias.com\\\/wp-content\\\/uploads\\\/2025\\\/08\\\/cropped-cropped-cropped-Logo-Noticias-e1753639739829.png\",\"width\":119,\"height\":86,\"caption\":\"oficial noticias\"},\"image\":{\"@id\":\"https:\\\/\\\/oficialnoticias.com\\\/#\\\/schema\\\/logo\\\/image\\\/\"}},{\"@type\":\"Person\",\"@id\":\"https:\\\/\\\/oficialnoticias.com\\\/#\\\/schema\\\/person\\\/2d1dcbb6bfbc28d68171b4dc04723d4a\",\"name\":\"Luana Gon\u00e7alves\",\"image\":{\"@type\":\"ImageObject\",\"inLanguage\":\"pt-BR\",\"@id\":\"https:\\\/\\\/secure.gravatar.com\\\/avatar\\\/7aa6afdef873224c1a0265951f3fdfc0679f65dfbd15f018612595d323c52521?s=96&d=mm&r=g\",\"url\":\"https:\\\/\\\/secure.gravatar.com\\\/avatar\\\/7aa6afdef873224c1a0265951f3fdfc0679f65dfbd15f018612595d323c52521?s=96&d=mm&r=g\",\"contentUrl\":\"https:\\\/\\\/secure.gravatar.com\\\/avatar\\\/7aa6afdef873224c1a0265951f3fdfc0679f65dfbd15f018612595d323c52521?s=96&d=mm&r=g\",\"caption\":\"Luana Gon\u00e7alves\"},\"sameAs\":[\"https:\\\/\\\/oficialnoticias.com\\\/\"],\"url\":\"https:\\\/\\\/oficialnoticias.com\\\/?author=2\"}]}<\/script>\n<!-- \/ Yoast SEO plugin. -->","yoast_head_json":{"title":"Cleitinho diz que n\u00e3o apoia Zema como presidente e revela em quem votaria -","robots":{"index":"index","follow":"follow","max-snippet":"max-snippet:-1","max-image-preview":"max-image-preview:large","max-video-preview":"max-video-preview:-1"},"canonical":"https:\/\/oficialnoticias.com\/?p=17298","og_locale":"pt_BR","og_type":"article","og_title":"Cleitinho diz que n\u00e3o apoia Zema como presidente e revela em quem votaria -","og_description":"O senador Cleitinho Azevedo (Republicanos) afirmou, nessa sexta-feira (17), que n\u00e3o apoia Romeu Zema (Novo), governador de Minas Gerais, como candidato \u00e0 Presid\u00eancia da Rep\u00fablica nas Elei\u00e7\u00f5es de 2026. A declara\u00e7\u00e3o foi dada em entrevista \u00e0 R\u00e1dio Metropolitana 90,5 FM, em Aracaju, capital do Sergipe. Cleitinho afirmou que n\u00e3o apoiar\u00e1, necessariamente, o candidato escolhido pelo...","og_url":"https:\/\/oficialnoticias.com\/?p=17298","article_published_time":"2025-10-19T00:35:04+00:00","article_modified_time":"2025-10-19T00:35:09+00:00","og_image":[{"width":1200,"height":630,"url":"https:\/\/oficialnoticias.com\/wp-content\/uploads\/2025\/10\/1760834105_urlhttps3A2F2Fk2-prod-radio-itatiaia.s3.us-east-1.amazonaws.com2Fbrightspot2F0b2F272F43212c.webp","type":"image\/webp"}],"author":"Luana Gon\u00e7alves","twitter_card":"summary_large_image","twitter_misc":{"Escrito por":"Luana Gon\u00e7alves","Est. tempo de leitura":"1 minuto"},"schema":{"@context":"https:\/\/schema.org","@graph":[{"@type":"Article","@id":"https:\/\/oficialnoticias.com\/?p=17298#article","isPartOf":{"@id":"https:\/\/oficialnoticias.com\/?p=17298"},"author":{"name":"Luana Gon\u00e7alves","@id":"https:\/\/oficialnoticias.com\/#\/schema\/person\/2d1dcbb6bfbc28d68171b4dc04723d4a"},"headline":"Cleitinho diz que n\u00e3o apoia Zema como presidente e revela em quem votaria","datePublished":"2025-10-19T00:35:04+00:00","dateModified":"2025-10-19T00:35:09+00:00","mainEntityOfPage":{"@id":"https:\/\/oficialnoticias.com\/?p=17298"},"wordCount":209,"commentCount":0,"publisher":{"@id":"https:\/\/oficialnoticias.com\/#organization"},"image":{"@id":"https:\/\/oficialnoticias.com\/?p=17298#primaryimage"},"thumbnailUrl":"https:\/\/oficialnoticias.com\/wp-content\/uploads\/2025\/10\/1760834105_urlhttps3A2F2Fk2-prod-radio-itatiaia.s3.us-east-1.amazonaws.com2Fbrightspot2F0b2F272F43212c.webp","articleSection":["Politica"],"inLanguage":"pt-BR","potentialAction":[{"@type":"CommentAction","name":"Comment","target":["https:\/\/oficialnoticias.com\/?p=17298#respond"]}]},{"@type":"WebPage","@id":"https:\/\/oficialnoticias.com\/?p=17298","url":"https:\/\/oficialnoticias.com\/?p=17298","name":"Cleitinho diz que n\u00e3o apoia Zema como presidente e revela em quem votaria -","isPartOf":{"@id":"https:\/\/oficialnoticias.com\/#website"},"primaryImageOfPage":{"@id":"https:\/\/oficialnoticias.com\/?p=17298#primaryimage"},"image":{"@id":"https:\/\/oficialnoticias.com\/?p=17298#primaryimage"},"thumbnailUrl":"https:\/\/oficialnoticias.com\/wp-content\/uploads\/2025\/10\/1760834105_urlhttps3A2F2Fk2-prod-radio-itatiaia.s3.us-east-1.amazonaws.com2Fbrightspot2F0b2F272F43212c.webp","datePublished":"2025-10-19T00:35:04+00:00","dateModified":"2025-10-19T00:35:09+00:00","breadcrumb":{"@id":"https:\/\/oficialnoticias.com\/?p=17298#breadcrumb"},"inLanguage":"pt-BR","potentialAction":[{"@type":"ReadAction","target":["https:\/\/oficialnoticias.com\/?p=17298"]}]},{"@type":"ImageObject","inLanguage":"pt-BR","@id":"https:\/\/oficialnoticias.com\/?p=17298#primaryimage","url":"https:\/\/oficialnoticias.com\/wp-content\/uploads\/2025\/10\/1760834105_urlhttps3A2F2Fk2-prod-radio-itatiaia.s3.us-east-1.amazonaws.com2Fbrightspot2F0b2F272F43212c.webp","contentUrl":"https:\/\/oficialnoticias.com\/wp-content\/uploads\/2025\/10\/1760834105_urlhttps3A2F2Fk2-prod-radio-itatiaia.s3.us-east-1.amazonaws.com2Fbrightspot2F0b2F272F43212c.webp","width":1200,"height":630},{"@type":"BreadcrumbList","@id":"https:\/\/oficialnoticias.com\/?p=17298#breadcrumb","itemListElement":[{"@type":"ListItem","position":1,"name":"In\u00edcio","item":"https:\/\/oficialnoticias.com\/"},{"@type":"ListItem","position":2,"name":"Cleitinho diz que n\u00e3o apoia Zema como presidente e revela em quem votaria"}]},{"@type":"WebSite","@id":"https:\/\/oficialnoticias.com\/#website","url":"https:\/\/oficialnoticias.com\/","name":"oficial Noticias","description":"","publisher":{"@id":"https:\/\/oficialnoticias.com\/#organization"},"potentialAction":[{"@type":"SearchAction","target":{"@type":"EntryPoint","urlTemplate":"https:\/\/oficialnoticias.com\/?s={search_term_string}"},"query-input":{"@type":"PropertyValueSpecification","valueRequired":true,"valueName":"search_term_string"}}],"inLanguage":"pt-BR"},{"@type":"Organization","@id":"https:\/\/oficialnoticias.com\/#organization","name":"oficial noticias","url":"https:\/\/oficialnoticias.com\/","logo":{"@type":"ImageObject","inLanguage":"pt-BR","@id":"https:\/\/oficialnoticias.com\/#\/schema\/logo\/image\/","url":"https:\/\/oficialnoticias.com\/wp-content\/uploads\/2025\/08\/cropped-cropped-cropped-Logo-Noticias-e1753639739829.png","contentUrl":"https:\/\/oficialnoticias.com\/wp-content\/uploads\/2025\/08\/cropped-cropped-cropped-Logo-Noticias-e1753639739829.png","width":119,"height":86,"caption":"oficial noticias"},"image":{"@id":"https:\/\/oficialnoticias.com\/#\/schema\/logo\/image\/"}},{"@type":"Person","@id":"https:\/\/oficialnoticias.com\/#\/schema\/person\/2d1dcbb6bfbc28d68171b4dc04723d4a","name":"Luana Gon\u00e7alves","image":{"@type":"ImageObject","inLanguage":"pt-BR","@id":"https:\/\/secure.gravatar.com\/avatar\/7aa6afdef873224c1a0265951f3fdfc0679f65dfbd15f018612595d323c52521?s=96&d=mm&r=g","url":"https:\/\/secure.gravatar.com\/avatar\/7aa6afdef873224c1a0265951f3fdfc0679f65dfbd15f018612595d323c52521?s=96&d=mm&r=g","contentUrl":"https:\/\/secure.gravatar.com\/avatar\/7aa6afdef873224c1a0265951f3fdfc0679f65dfbd15f018612595d323c52521?s=96&d=mm&r=g","caption":"Luana Gon\u00e7alves"},"sameAs":["https:\/\/oficialnoticias.com\/"],"url":"https:\/\/oficialnoticias.com\/?author=2"}]}},"_links":{"self":[{"href":"https:\/\/oficialnoticias.com\/index.php?rest_route=\/wp\/v2\/posts\/17298","targetHints":{"allow":["GET"]}}],"collection":[{"href":"https:\/\/oficialnoticias.com\/index.php?rest_route=\/wp\/v2\/posts"}],"about":[{"href":"https:\/\/oficialnoticias.com\/index.php?rest_route=\/wp\/v2\/types\/post"}],"author":[{"embeddable":true,"href":"https:\/\/oficialnoticias.com\/index.php?rest_route=\/wp\/v2\/users\/2"}],"replies":[{"embeddable":true,"href":"https:\/\/oficialnoticias.com\/index.php?rest_route=%2Fwp%2Fv2%2Fcomments&post=17298"}],"version-history":[{"count":1,"href":"https:\/\/oficialnoticias.com\/index.php?rest_route=\/wp\/v2\/posts\/17298\/revisions"}],"predecessor-version":[{"id":17300,"href":"https:\/\/oficialnoticias.com\/index.php?rest_route=\/wp\/v2\/posts\/17298\/revisions\/17300"}],"wp:featuredmedia":[{"embeddable":true,"href":"https:\/\/oficialnoticias.com\/index.php?rest_route=\/wp\/v2\/media\/17299"}],"wp:attachment":[{"href":"https:\/\/oficialnoticias.com\/index.php?rest_route=%2Fwp%2Fv2%2Fmedia&parent=17298"}],"wp:term":[{"taxonomy":"category","embeddable":true,"href":"https:\/\/oficialnoticias.com\/index.php?rest_route=%2Fwp%2Fv2%2Fcategories&post=17298"},{"taxonomy":"post_tag","embeddable":true,"href":"https:\/\/oficialnoticias.com\/index.php?rest_route=%2Fwp%2Fv2%2Ftags&post=17298"}],"curies":[{"name":"wp","href":"https:\/\/api.w.org\/{rel}","templated":true}]}}