{"id":16837,"date":"2025-10-16T22:51:29","date_gmt":"2025-10-17T01:51:29","guid":{"rendered":"https:\/\/oficialnoticias.com\/?p=16837"},"modified":"2025-10-16T22:51:33","modified_gmt":"2025-10-17T01:51:33","slug":"com-relogio-de-r-100-mil-receita-federal-realiza-leilao-em-minas-gerais","status":"publish","type":"post","link":"https:\/\/oficialnoticias.com\/?p=16837","title":{"rendered":"Com rel\u00f3gio de R$ 100 mil, Receita Federal realiza Leil\u00e3o em Minas Gerais"},"content":{"rendered":"<p><\/p>\n<div>\n<p>A superintend\u00eancia regional da <bsp-link-enhancement><br \/>\n    <span class=\"LinkEnhancement\"><a class=\"Link\" href=\"https:\/\/www.itatiaia.com.br\/brasil\/pf-receita-anp-e-ministerio-da-agricultura-miram-fabricas-clandestinas-de-bebidas\" title=\"&lt;b&gt;Receita Federal&lt;\/b&gt;\"><b>Receita Federal<\/b><\/a><\/span><\/bsp-link-enhancement> em Minas Gerais vai realizar um leil\u00e3o eletr\u00f4nico, no dia 13 de novembro, com centenas de mercadorias apreendidas com 80 lotes incluindo ve\u00edculos, caminh\u00f5es, eletr\u00f4nicos, notebooks, smartphones, acess\u00f3rios, e at\u00e9 um rel\u00f3gio da marca Rolex avaliado em at\u00e9 R$ 100 mil.<\/p>\n<p>O preg\u00e3o est\u00e1 aberto para pessoas f\u00edsicas e jur\u00eddicas. As propostas podem ser enviadas do dia 10 de novembro at\u00e9 o dia 12, com a sess\u00e3o p\u00fablica de classifica\u00e7\u00e3o e ordena\u00e7\u00e3o das propostas acontecendo no dia 13 de novembro.<\/p>\n<p>Entre os itens leiloados, \u00e9 poss\u00edvel encontrar um lote de R$ 35 mil com v\u00eddeo games, filmadoras, caixas de som, dentre outros. Os participantes tamb\u00e9m podem dar lance m\u00ednimo de R$ 600 para tentar arrematar um Iphone, ou um lance de R$ 160 para<\/p>\n<p>Para participar do leil\u00e3o, o interessado pode acessar o Centro Virtual de Atendimento ao Contribuinte (e-CAC), no portal da Receita Federal. \u00c9 necess\u00e1rio uma conta gov.br de n\u00edvel prata ou ouro, e selecionar a op\u00e7\u00e3o \u201cparticipar de leil\u00e3o eletr\u00f4nico da Receita Federal\u201d.<\/p>\n<p>A visita\u00e7\u00e3o dos lotes vai ocorrer nos dias 10 e 11 de novembro, mediante agendamento pr\u00e9vio na receita. Veja os locais:<\/p>\n<h3>Belo Horizonte &#8211; LOTES N\u00b0 1 a 13<\/h3>\n<p>Local: Rua Itapecerica n\u00b0 508 \u2013 Lagoinha<br \/>Hor\u00e1rios de Visita\u00e7\u00e3o: 9h30 as 10h30 e 14h00 as 16h00<br \/>Agendar Visitas: (31) 97199-3142 \u2013 Merylin<\/p>\n<h3>Betim \u2013 LOTES N\u00ba 14 a 19<\/h3>\n<p>Local: rua Domingos Bel\u00e9m n\u00ba 61, bairro Dom Bosco. Betim<br \/>Hor\u00e1rio de visita: 9h30 as 10h30 e 14h00 as 16h00.<br \/>Agendar Visitas: (31) 97199-3142 \u2013 Merylin<\/p>\n<h3>Uberaba \u2013 LOTES N\u00ba 20 a 63<\/h3>\n<p>Local: Rua do Caf\u00e9, 295, Indian\u00f3polis, Uberaba\/MG.<br \/>Hor\u00e1rio de Visita\u00e7\u00e3o: 09h \u00e0s 11h30 e 13h \u00e0s 16h00<br \/>Agendar visitas: (31) 99519-6854<\/p>\n<h3>Juiz de Fora \u2013 LOTES N\u00ba 64 a 65<\/h3>\n<p>Local: Av. Bar\u00e3o do Rio Branco, 372, Manoel Hon\u00f3rio, Juiz de Fora\/MG.<br \/>Hor\u00e1rio de Visita\u00e7\u00e3o: 14h \u00e0s 16h30h<br \/>Agendar visitas: valter.oliveira@rfb.gov.br<\/p>\n<h3>Montes Claros \u2013 LOTE N\u00ba 66 a 74<\/h3>\n<p>Local: Avenida Atl\u00e2ntica n\u00ba 1515 \u2013 Bairro: Carmelo<br \/>Hor\u00e1rio de Visita\u00e7\u00e3o: 09h \u00e0s 11h30<br \/>Agendamento: (31) 97194-4826 Welther<\/p>\n<h3>Governador Valadares \u2013 LOTE N\u00ba 75<\/h3>\n<p>Local: Avenida Brasil n\u00ba 2866 &#8211; T\u00e9rreo &#8211; Bairro: Centro<br \/>Hor\u00e1rio de Visita\u00e7\u00e3o: 09h \u00e0s 11h00 e 14h \u00e0s 16h<br \/>Agendamento: Joaquim: (31) 99740-7956 e Esdras: (27) 99503-9652<\/p>\n<h3>Po\u00e7os de Caldas \u2013 LOTE N\u00ba 76 a 80<\/h3>\n<p>Local: Rua Nico Duarte, 799, Jd. Gin\u00e1sio, Po\u00e7os de Caldas\/MG.<br \/>Hor\u00e1rio de Visita\u00e7\u00e3o: 09h \u00e0s 12h15 e 14h00 \u00e0s 16h30<br \/>Agendar visitas: (31) 99581-9513 e (31) 9558-2560 &#8211; Keila<\/p>\n<p><bsp-list-loadmore class=\"PageListStandardG\" data-module=\"\" data-show-loadmore=\"true\" data-list-title-size=\"3\" data-list-description-size=\"3\"><\/p>\n<p>    <a class=\"AnchorLink\" title=\"leia-tambem\" name=\"leia-tambem\"\/><\/p>\n<p><\/bsp-list-loadmore><\/p><\/div>\n<p><script>\n  window.fbAsyncInit = function() {\n      FB.init({\n              appId : '1447052969554341',\n          xfbml : true,\n          version : 'v2.9'\n      });\n  };\n  (function(d, s, id){\n     var js, fjs = d.getElementsByTagName(s)[0];\n     if (d.getElementById(id)) {return;}\n     js = d.createElement(s); js.id = id;\n     js.src = \"https:\/\/connect.facebook.net\/en_US\/sdk.js\";\n     fjs.parentNode.insertBefore(js, fjs);\n   }(document, 'script', 'facebook-jssdk'));\n<\/script><\/p>\n","protected":false},"excerpt":{"rendered":"<p>A superintend\u00eancia regional da Receita Federal em Minas Gerais vai realizar um leil\u00e3o eletr\u00f4nico, no dia 13 de novembro, com centenas de mercadorias apreendidas com 80 lotes incluindo ve\u00edculos, caminh\u00f5es, eletr\u00f4nicos, notebooks, smartphones, acess\u00f3rios, e at\u00e9 um rel\u00f3gio da marca Rolex avaliado em at\u00e9 R$ 100 mil. O preg\u00e3o est\u00e1 aberto para pessoas f\u00edsicas e&#8230;<\/p>\n","protected":false},"author":2,"featured_media":16838,"comment_status":"open","ping_status":"open","sticky":false,"template":"","format":"standard","meta":{"footnotes":""},"categories":[25],"tags":[],"class_list":["post-16837","post","type-post","status-publish","format-standard","has-post-thumbnail","hentry","category-economia"],"yoast_head":"<!-- This site is optimized with the Yoast SEO plugin v27.3 - https:\/\/yoast.com\/product\/yoast-seo-wordpress\/ -->\n<title>Com rel\u00f3gio de R$ 100 mil, Receita Federal realiza Leil\u00e3o em Minas Gerais -<\/title>\n<meta name=\"robots\" content=\"index, follow, max-snippet:-1, max-image-preview:large, max-video-preview:-1\" \/>\n<link rel=\"canonical\" href=\"https:\/\/oficialnoticias.com\/?p=16837\" \/>\n<meta property=\"og:locale\" content=\"pt_BR\" \/>\n<meta property=\"og:type\" content=\"article\" \/>\n<meta property=\"og:title\" content=\"Com rel\u00f3gio de R$ 100 mil, Receita Federal realiza Leil\u00e3o em Minas Gerais -\" \/>\n<meta property=\"og:description\" content=\"A superintend\u00eancia regional da Receita Federal em Minas Gerais vai realizar um leil\u00e3o eletr\u00f4nico, no dia 13 de novembro, com centenas de mercadorias apreendidas com 80 lotes incluindo ve\u00edculos, caminh\u00f5es, eletr\u00f4nicos, notebooks, smartphones, acess\u00f3rios, e at\u00e9 um rel\u00f3gio da marca Rolex avaliado em at\u00e9 R$ 100 mil. O preg\u00e3o est\u00e1 aberto para pessoas f\u00edsicas e...\" \/>\n<meta property=\"og:url\" content=\"https:\/\/oficialnoticias.com\/?p=16837\" \/>\n<meta property=\"article:published_time\" content=\"2025-10-17T01:51:29+00:00\" \/>\n<meta property=\"article:modified_time\" content=\"2025-10-17T01:51:33+00:00\" \/>\n<meta property=\"og:image\" content=\"https:\/\/oficialnoticias.com\/wp-content\/uploads\/2025\/10\/urlhttps3A2F2Fk2-prod-radio-itatiaia.s3.us-east-1.amazonaws.com2Fbrightspot2Fbb2F852F0ca76e.webp\" \/>\n\t<meta property=\"og:image:width\" content=\"1200\" \/>\n\t<meta property=\"og:image:height\" content=\"630\" \/>\n\t<meta property=\"og:image:type\" content=\"image\/webp\" \/>\n<meta name=\"author\" content=\"Luana Gon\u00e7alves\" \/>\n<meta name=\"twitter:card\" content=\"summary_large_image\" \/>\n<meta name=\"twitter:label1\" content=\"Escrito por\" \/>\n\t<meta name=\"twitter:data1\" content=\"Luana Gon\u00e7alves\" \/>\n\t<meta name=\"twitter:label2\" content=\"Est. tempo de leitura\" \/>\n\t<meta name=\"twitter:data2\" content=\"2 minutos\" \/>\n<script type=\"application\/ld+json\" class=\"yoast-schema-graph\">{\"@context\":\"https:\\\/\\\/schema.org\",\"@graph\":[{\"@type\":\"Article\",\"@id\":\"https:\\\/\\\/oficialnoticias.com\\\/?p=16837#article\",\"isPartOf\":{\"@id\":\"https:\\\/\\\/oficialnoticias.com\\\/?p=16837\"},\"author\":{\"name\":\"Luana Gon\u00e7alves\",\"@id\":\"https:\\\/\\\/oficialnoticias.com\\\/#\\\/schema\\\/person\\\/2d1dcbb6bfbc28d68171b4dc04723d4a\"},\"headline\":\"Com rel\u00f3gio de R$ 100 mil, Receita Federal realiza Leil\u00e3o em Minas Gerais\",\"datePublished\":\"2025-10-17T01:51:29+00:00\",\"dateModified\":\"2025-10-17T01:51:33+00:00\",\"mainEntityOfPage\":{\"@id\":\"https:\\\/\\\/oficialnoticias.com\\\/?p=16837\"},\"wordCount\":428,\"commentCount\":0,\"publisher\":{\"@id\":\"https:\\\/\\\/oficialnoticias.com\\\/#organization\"},\"image\":{\"@id\":\"https:\\\/\\\/oficialnoticias.com\\\/?p=16837#primaryimage\"},\"thumbnailUrl\":\"https:\\\/\\\/oficialnoticias.com\\\/wp-content\\\/uploads\\\/2025\\\/10\\\/urlhttps3A2F2Fk2-prod-radio-itatiaia.s3.us-east-1.amazonaws.com2Fbrightspot2Fbb2F852F0ca76e.webp\",\"articleSection\":[\"Economia\"],\"inLanguage\":\"pt-BR\",\"potentialAction\":[{\"@type\":\"CommentAction\",\"name\":\"Comment\",\"target\":[\"https:\\\/\\\/oficialnoticias.com\\\/?p=16837#respond\"]}]},{\"@type\":\"WebPage\",\"@id\":\"https:\\\/\\\/oficialnoticias.com\\\/?p=16837\",\"url\":\"https:\\\/\\\/oficialnoticias.com\\\/?p=16837\",\"name\":\"Com rel\u00f3gio de R$ 100 mil, Receita Federal realiza Leil\u00e3o em Minas Gerais -\",\"isPartOf\":{\"@id\":\"https:\\\/\\\/oficialnoticias.com\\\/#website\"},\"primaryImageOfPage\":{\"@id\":\"https:\\\/\\\/oficialnoticias.com\\\/?p=16837#primaryimage\"},\"image\":{\"@id\":\"https:\\\/\\\/oficialnoticias.com\\\/?p=16837#primaryimage\"},\"thumbnailUrl\":\"https:\\\/\\\/oficialnoticias.com\\\/wp-content\\\/uploads\\\/2025\\\/10\\\/urlhttps3A2F2Fk2-prod-radio-itatiaia.s3.us-east-1.amazonaws.com2Fbrightspot2Fbb2F852F0ca76e.webp\",\"datePublished\":\"2025-10-17T01:51:29+00:00\",\"dateModified\":\"2025-10-17T01:51:33+00:00\",\"breadcrumb\":{\"@id\":\"https:\\\/\\\/oficialnoticias.com\\\/?p=16837#breadcrumb\"},\"inLanguage\":\"pt-BR\",\"potentialAction\":[{\"@type\":\"ReadAction\",\"target\":[\"https:\\\/\\\/oficialnoticias.com\\\/?p=16837\"]}]},{\"@type\":\"ImageObject\",\"inLanguage\":\"pt-BR\",\"@id\":\"https:\\\/\\\/oficialnoticias.com\\\/?p=16837#primaryimage\",\"url\":\"https:\\\/\\\/oficialnoticias.com\\\/wp-content\\\/uploads\\\/2025\\\/10\\\/urlhttps3A2F2Fk2-prod-radio-itatiaia.s3.us-east-1.amazonaws.com2Fbrightspot2Fbb2F852F0ca76e.webp\",\"contentUrl\":\"https:\\\/\\\/oficialnoticias.com\\\/wp-content\\\/uploads\\\/2025\\\/10\\\/urlhttps3A2F2Fk2-prod-radio-itatiaia.s3.us-east-1.amazonaws.com2Fbrightspot2Fbb2F852F0ca76e.webp\",\"width\":1200,\"height\":630},{\"@type\":\"BreadcrumbList\",\"@id\":\"https:\\\/\\\/oficialnoticias.com\\\/?p=16837#breadcrumb\",\"itemListElement\":[{\"@type\":\"ListItem\",\"position\":1,\"name\":\"In\u00edcio\",\"item\":\"https:\\\/\\\/oficialnoticias.com\\\/\"},{\"@type\":\"ListItem\",\"position\":2,\"name\":\"Com rel\u00f3gio de R$ 100 mil, Receita Federal realiza Leil\u00e3o em Minas Gerais\"}]},{\"@type\":\"WebSite\",\"@id\":\"https:\\\/\\\/oficialnoticias.com\\\/#website\",\"url\":\"https:\\\/\\\/oficialnoticias.com\\\/\",\"name\":\"oficial Noticias\",\"description\":\"\",\"publisher\":{\"@id\":\"https:\\\/\\\/oficialnoticias.com\\\/#organization\"},\"potentialAction\":[{\"@type\":\"SearchAction\",\"target\":{\"@type\":\"EntryPoint\",\"urlTemplate\":\"https:\\\/\\\/oficialnoticias.com\\\/?s={search_term_string}\"},\"query-input\":{\"@type\":\"PropertyValueSpecification\",\"valueRequired\":true,\"valueName\":\"search_term_string\"}}],\"inLanguage\":\"pt-BR\"},{\"@type\":\"Organization\",\"@id\":\"https:\\\/\\\/oficialnoticias.com\\\/#organization\",\"name\":\"oficial noticias\",\"url\":\"https:\\\/\\\/oficialnoticias.com\\\/\",\"logo\":{\"@type\":\"ImageObject\",\"inLanguage\":\"pt-BR\",\"@id\":\"https:\\\/\\\/oficialnoticias.com\\\/#\\\/schema\\\/logo\\\/image\\\/\",\"url\":\"https:\\\/\\\/oficialnoticias.com\\\/wp-content\\\/uploads\\\/2025\\\/08\\\/cropped-cropped-cropped-Logo-Noticias-e1753639739829.png\",\"contentUrl\":\"https:\\\/\\\/oficialnoticias.com\\\/wp-content\\\/uploads\\\/2025\\\/08\\\/cropped-cropped-cropped-Logo-Noticias-e1753639739829.png\",\"width\":119,\"height\":86,\"caption\":\"oficial noticias\"},\"image\":{\"@id\":\"https:\\\/\\\/oficialnoticias.com\\\/#\\\/schema\\\/logo\\\/image\\\/\"}},{\"@type\":\"Person\",\"@id\":\"https:\\\/\\\/oficialnoticias.com\\\/#\\\/schema\\\/person\\\/2d1dcbb6bfbc28d68171b4dc04723d4a\",\"name\":\"Luana Gon\u00e7alves\",\"image\":{\"@type\":\"ImageObject\",\"inLanguage\":\"pt-BR\",\"@id\":\"https:\\\/\\\/secure.gravatar.com\\\/avatar\\\/7aa6afdef873224c1a0265951f3fdfc0679f65dfbd15f018612595d323c52521?s=96&d=mm&r=g\",\"url\":\"https:\\\/\\\/secure.gravatar.com\\\/avatar\\\/7aa6afdef873224c1a0265951f3fdfc0679f65dfbd15f018612595d323c52521?s=96&d=mm&r=g\",\"contentUrl\":\"https:\\\/\\\/secure.gravatar.com\\\/avatar\\\/7aa6afdef873224c1a0265951f3fdfc0679f65dfbd15f018612595d323c52521?s=96&d=mm&r=g\",\"caption\":\"Luana Gon\u00e7alves\"},\"sameAs\":[\"https:\\\/\\\/oficialnoticias.com\\\/\"],\"url\":\"https:\\\/\\\/oficialnoticias.com\\\/?author=2\"}]}<\/script>\n<!-- \/ Yoast SEO plugin. -->","yoast_head_json":{"title":"Com rel\u00f3gio de R$ 100 mil, Receita Federal realiza Leil\u00e3o em Minas Gerais -","robots":{"index":"index","follow":"follow","max-snippet":"max-snippet:-1","max-image-preview":"max-image-preview:large","max-video-preview":"max-video-preview:-1"},"canonical":"https:\/\/oficialnoticias.com\/?p=16837","og_locale":"pt_BR","og_type":"article","og_title":"Com rel\u00f3gio de R$ 100 mil, Receita Federal realiza Leil\u00e3o em Minas Gerais -","og_description":"A superintend\u00eancia regional da Receita Federal em Minas Gerais vai realizar um leil\u00e3o eletr\u00f4nico, no dia 13 de novembro, com centenas de mercadorias apreendidas com 80 lotes incluindo ve\u00edculos, caminh\u00f5es, eletr\u00f4nicos, notebooks, smartphones, acess\u00f3rios, e at\u00e9 um rel\u00f3gio da marca Rolex avaliado em at\u00e9 R$ 100 mil. O preg\u00e3o est\u00e1 aberto para pessoas f\u00edsicas e...","og_url":"https:\/\/oficialnoticias.com\/?p=16837","article_published_time":"2025-10-17T01:51:29+00:00","article_modified_time":"2025-10-17T01:51:33+00:00","og_image":[{"width":1200,"height":630,"url":"https:\/\/oficialnoticias.com\/wp-content\/uploads\/2025\/10\/urlhttps3A2F2Fk2-prod-radio-itatiaia.s3.us-east-1.amazonaws.com2Fbrightspot2Fbb2F852F0ca76e.webp","type":"image\/webp"}],"author":"Luana Gon\u00e7alves","twitter_card":"summary_large_image","twitter_misc":{"Escrito por":"Luana Gon\u00e7alves","Est. tempo de leitura":"2 minutos"},"schema":{"@context":"https:\/\/schema.org","@graph":[{"@type":"Article","@id":"https:\/\/oficialnoticias.com\/?p=16837#article","isPartOf":{"@id":"https:\/\/oficialnoticias.com\/?p=16837"},"author":{"name":"Luana Gon\u00e7alves","@id":"https:\/\/oficialnoticias.com\/#\/schema\/person\/2d1dcbb6bfbc28d68171b4dc04723d4a"},"headline":"Com rel\u00f3gio de R$ 100 mil, Receita Federal realiza Leil\u00e3o em Minas Gerais","datePublished":"2025-10-17T01:51:29+00:00","dateModified":"2025-10-17T01:51:33+00:00","mainEntityOfPage":{"@id":"https:\/\/oficialnoticias.com\/?p=16837"},"wordCount":428,"commentCount":0,"publisher":{"@id":"https:\/\/oficialnoticias.com\/#organization"},"image":{"@id":"https:\/\/oficialnoticias.com\/?p=16837#primaryimage"},"thumbnailUrl":"https:\/\/oficialnoticias.com\/wp-content\/uploads\/2025\/10\/urlhttps3A2F2Fk2-prod-radio-itatiaia.s3.us-east-1.amazonaws.com2Fbrightspot2Fbb2F852F0ca76e.webp","articleSection":["Economia"],"inLanguage":"pt-BR","potentialAction":[{"@type":"CommentAction","name":"Comment","target":["https:\/\/oficialnoticias.com\/?p=16837#respond"]}]},{"@type":"WebPage","@id":"https:\/\/oficialnoticias.com\/?p=16837","url":"https:\/\/oficialnoticias.com\/?p=16837","name":"Com rel\u00f3gio de R$ 100 mil, Receita Federal realiza Leil\u00e3o em Minas Gerais -","isPartOf":{"@id":"https:\/\/oficialnoticias.com\/#website"},"primaryImageOfPage":{"@id":"https:\/\/oficialnoticias.com\/?p=16837#primaryimage"},"image":{"@id":"https:\/\/oficialnoticias.com\/?p=16837#primaryimage"},"thumbnailUrl":"https:\/\/oficialnoticias.com\/wp-content\/uploads\/2025\/10\/urlhttps3A2F2Fk2-prod-radio-itatiaia.s3.us-east-1.amazonaws.com2Fbrightspot2Fbb2F852F0ca76e.webp","datePublished":"2025-10-17T01:51:29+00:00","dateModified":"2025-10-17T01:51:33+00:00","breadcrumb":{"@id":"https:\/\/oficialnoticias.com\/?p=16837#breadcrumb"},"inLanguage":"pt-BR","potentialAction":[{"@type":"ReadAction","target":["https:\/\/oficialnoticias.com\/?p=16837"]}]},{"@type":"ImageObject","inLanguage":"pt-BR","@id":"https:\/\/oficialnoticias.com\/?p=16837#primaryimage","url":"https:\/\/oficialnoticias.com\/wp-content\/uploads\/2025\/10\/urlhttps3A2F2Fk2-prod-radio-itatiaia.s3.us-east-1.amazonaws.com2Fbrightspot2Fbb2F852F0ca76e.webp","contentUrl":"https:\/\/oficialnoticias.com\/wp-content\/uploads\/2025\/10\/urlhttps3A2F2Fk2-prod-radio-itatiaia.s3.us-east-1.amazonaws.com2Fbrightspot2Fbb2F852F0ca76e.webp","width":1200,"height":630},{"@type":"BreadcrumbList","@id":"https:\/\/oficialnoticias.com\/?p=16837#breadcrumb","itemListElement":[{"@type":"ListItem","position":1,"name":"In\u00edcio","item":"https:\/\/oficialnoticias.com\/"},{"@type":"ListItem","position":2,"name":"Com rel\u00f3gio de R$ 100 mil, Receita Federal realiza Leil\u00e3o em Minas Gerais"}]},{"@type":"WebSite","@id":"https:\/\/oficialnoticias.com\/#website","url":"https:\/\/oficialnoticias.com\/","name":"oficial Noticias","description":"","publisher":{"@id":"https:\/\/oficialnoticias.com\/#organization"},"potentialAction":[{"@type":"SearchAction","target":{"@type":"EntryPoint","urlTemplate":"https:\/\/oficialnoticias.com\/?s={search_term_string}"},"query-input":{"@type":"PropertyValueSpecification","valueRequired":true,"valueName":"search_term_string"}}],"inLanguage":"pt-BR"},{"@type":"Organization","@id":"https:\/\/oficialnoticias.com\/#organization","name":"oficial noticias","url":"https:\/\/oficialnoticias.com\/","logo":{"@type":"ImageObject","inLanguage":"pt-BR","@id":"https:\/\/oficialnoticias.com\/#\/schema\/logo\/image\/","url":"https:\/\/oficialnoticias.com\/wp-content\/uploads\/2025\/08\/cropped-cropped-cropped-Logo-Noticias-e1753639739829.png","contentUrl":"https:\/\/oficialnoticias.com\/wp-content\/uploads\/2025\/08\/cropped-cropped-cropped-Logo-Noticias-e1753639739829.png","width":119,"height":86,"caption":"oficial noticias"},"image":{"@id":"https:\/\/oficialnoticias.com\/#\/schema\/logo\/image\/"}},{"@type":"Person","@id":"https:\/\/oficialnoticias.com\/#\/schema\/person\/2d1dcbb6bfbc28d68171b4dc04723d4a","name":"Luana Gon\u00e7alves","image":{"@type":"ImageObject","inLanguage":"pt-BR","@id":"https:\/\/secure.gravatar.com\/avatar\/7aa6afdef873224c1a0265951f3fdfc0679f65dfbd15f018612595d323c52521?s=96&d=mm&r=g","url":"https:\/\/secure.gravatar.com\/avatar\/7aa6afdef873224c1a0265951f3fdfc0679f65dfbd15f018612595d323c52521?s=96&d=mm&r=g","contentUrl":"https:\/\/secure.gravatar.com\/avatar\/7aa6afdef873224c1a0265951f3fdfc0679f65dfbd15f018612595d323c52521?s=96&d=mm&r=g","caption":"Luana Gon\u00e7alves"},"sameAs":["https:\/\/oficialnoticias.com\/"],"url":"https:\/\/oficialnoticias.com\/?author=2"}]}},"_links":{"self":[{"href":"https:\/\/oficialnoticias.com\/index.php?rest_route=\/wp\/v2\/posts\/16837","targetHints":{"allow":["GET"]}}],"collection":[{"href":"https:\/\/oficialnoticias.com\/index.php?rest_route=\/wp\/v2\/posts"}],"about":[{"href":"https:\/\/oficialnoticias.com\/index.php?rest_route=\/wp\/v2\/types\/post"}],"author":[{"embeddable":true,"href":"https:\/\/oficialnoticias.com\/index.php?rest_route=\/wp\/v2\/users\/2"}],"replies":[{"embeddable":true,"href":"https:\/\/oficialnoticias.com\/index.php?rest_route=%2Fwp%2Fv2%2Fcomments&post=16837"}],"version-history":[{"count":1,"href":"https:\/\/oficialnoticias.com\/index.php?rest_route=\/wp\/v2\/posts\/16837\/revisions"}],"predecessor-version":[{"id":16839,"href":"https:\/\/oficialnoticias.com\/index.php?rest_route=\/wp\/v2\/posts\/16837\/revisions\/16839"}],"wp:featuredmedia":[{"embeddable":true,"href":"https:\/\/oficialnoticias.com\/index.php?rest_route=\/wp\/v2\/media\/16838"}],"wp:attachment":[{"href":"https:\/\/oficialnoticias.com\/index.php?rest_route=%2Fwp%2Fv2%2Fmedia&parent=16837"}],"wp:term":[{"taxonomy":"category","embeddable":true,"href":"https:\/\/oficialnoticias.com\/index.php?rest_route=%2Fwp%2Fv2%2Fcategories&post=16837"},{"taxonomy":"post_tag","embeddable":true,"href":"https:\/\/oficialnoticias.com\/index.php?rest_route=%2Fwp%2Fv2%2Ftags&post=16837"}],"curies":[{"name":"wp","href":"https:\/\/api.w.org\/{rel}","templated":true}]}}