{"id":16795,"date":"2025-10-16T20:02:48","date_gmt":"2025-10-16T23:02:48","guid":{"rendered":"https:\/\/oficialnoticias.com\/?p=16795"},"modified":"2025-10-16T20:02:54","modified_gmt":"2025-10-16T23:02:54","slug":"governo-vai-criar-conselho-para-tratar-de-minerais-criticos-e-estrategicos","status":"publish","type":"post","link":"https:\/\/oficialnoticias.com\/?p=16795","title":{"rendered":"Governo vai criar conselho para tratar de minerais cr\u00edticos e estrat\u00e9gicos"},"content":{"rendered":"<p><\/p>\n<div>\n<p>O governo federal anunciou nesta quinta-feira (15) a cria\u00e7\u00e3o de um conselho especial para tratar de minerais cr\u00edticos e estrat\u00e9gicos, insumos essenciais para a produ\u00e7\u00e3o de tecnologias e para a transi\u00e7\u00e3o energ\u00e9tica.<\/p>\n<p>A decis\u00e3o foi tomada ap\u00f3s a primeira reuni\u00e3o do Conselho Nacional de Pol\u00edtica Mineral, \u00f3rg\u00e3o respons\u00e1vel por definir diretrizes p\u00fablicas para o setor e orientar a explora\u00e7\u00e3o de recursos estrat\u00e9gicos no pa\u00eds.<\/p>\n<p>De acordo com o ministro de Minas e Energia, Alexandre Silveira, que participou do encontro ao lado do presidente Luiz In\u00e1cio Lula da Silva (PT), foram definidos seis eixos de trabalho priorit\u00e1rios:<\/p>\n<ol start=\"1\">\n<li>Aprova\u00e7\u00e3o do regimento interno do conselho; <\/li>\n<li>Cria\u00e7\u00e3o de grupo de trabalho para definir taxas de fiscaliza\u00e7\u00e3o e encargos setoriais; <\/li>\n<li>Forma\u00e7\u00e3o de grupo de trabalho para estabelecer uma pol\u00edtica nacional para minerais cr\u00edticos e estrat\u00e9gicos; <\/li>\n<li>Discuss\u00e3o sobre o desenvolvimento sustent\u00e1vel do setor mineral e acelera\u00e7\u00e3o de licenciamentos; <\/li>\n<li>Elabora\u00e7\u00e3o do Plano Nacional de Minera\u00e7\u00e3o at\u00e9 2050; <\/li>\n<li>Cria\u00e7\u00e3o de um grupo de trabalho para aperfei\u00e7oar as regras de fiscaliza\u00e7\u00e3o na atividade mineral.<\/li>\n<\/ol>\n<p><bsp-list-loadmore class=\"PageListStandardG\" data-module=\"\" data-show-loadmore=\"true\" data-list-title-size=\"3\" data-list-description-size=\"3\"><\/p>\n<p>    <a class=\"AnchorLink\" title=\"leia-tambem\" name=\"leia-tambem\"\/><\/p>\n<p><\/bsp-list-loadmore><\/p>\n<p>O conselho foi institu\u00eddo em 2022, durante o governo de Jair Bolsonaro, e reformulado em 2023 pela gest\u00e3o Lula, mas s\u00f3 agora realizou sua primeira reuni\u00e3o.<\/p>\n<p>A reuni\u00e3o ocorre em um momento estrat\u00e9gico, diante do crescente interesse dos Estados Unidos na explora\u00e7\u00e3o de minerais cr\u00edticos no Brasil. Segundo Silveira, o presidente orientou que seja mantido o di\u00e1logo com o governo norte-americano.<\/p>\n<p>\u201cQueremos desenvolver toda a cadeia mineral no Brasil, n\u00e3o apenas a explora\u00e7\u00e3o. A ideia \u00e9 atrair o capital estrangeiro, mas tamb\u00e9m trazer intelig\u00eancia e tecnologia para o pa\u00eds\u201d, afirmou Silveira.<\/p>\n<p>Fontes do governo afirmam que o tema poder\u00e1 ser inclu\u00eddo nas negocia\u00e7\u00f5es comerciais com os EUA, como contrapartida nas tratativas para redu\u00e7\u00e3o de tarifas sobre produtos brasileiros.<\/p>\n<p>Os minerais cr\u00edticos \u2014 como l\u00edtio, n\u00edquel, cobalto e terras raras \u2014 s\u00e3o fundamentais para a produ\u00e7\u00e3o de baterias de carros el\u00e9tricos, turbinas e\u00f3licas, pain\u00e9is solares e semicondutores.<\/p>\n<p>O Conselho Nacional de Pol\u00edtica Mineral \u00e9 presidido pelo Minist\u00e9rio de Minas e Energia e conta com representantes de 15 minist\u00e9rios, incluindo Fazenda, Rela\u00e7\u00f5es Exteriores e Desenvolvimento, Ind\u00fastria, Com\u00e9rcio e Servi\u00e7os. As decis\u00f5es ser\u00e3o tomadas por maioria simples.<\/p>\n<\/p><\/div>\n<p><script>\n  window.fbAsyncInit = function() {\n      FB.init({\n              appId : '1447052969554341',\n          xfbml : true,\n          version : 'v2.9'\n      });\n  };\n  (function(d, s, id){\n     var js, fjs = d.getElementsByTagName(s)[0];\n     if (d.getElementById(id)) {return;}\n     js = d.createElement(s); js.id = id;\n     js.src = \"https:\/\/connect.facebook.net\/en_US\/sdk.js\";\n     fjs.parentNode.insertBefore(js, fjs);\n   }(document, 'script', 'facebook-jssdk'));\n<\/script><\/p>\n","protected":false},"excerpt":{"rendered":"<p>O governo federal anunciou nesta quinta-feira (15) a cria\u00e7\u00e3o de um conselho especial para tratar de minerais cr\u00edticos e estrat\u00e9gicos, insumos essenciais para a produ\u00e7\u00e3o de tecnologias e para a transi\u00e7\u00e3o energ\u00e9tica. A decis\u00e3o foi tomada ap\u00f3s a primeira reuni\u00e3o do Conselho Nacional de Pol\u00edtica Mineral, \u00f3rg\u00e3o respons\u00e1vel por definir diretrizes p\u00fablicas para o setor&#8230;<\/p>\n","protected":false},"author":2,"featured_media":16796,"comment_status":"open","ping_status":"open","sticky":false,"template":"","format":"standard","meta":{"footnotes":""},"categories":[24],"tags":[],"class_list":["post-16795","post","type-post","status-publish","format-standard","has-post-thumbnail","hentry","category-politica"],"yoast_head":"<!-- This site is optimized with the Yoast SEO plugin v27.3 - https:\/\/yoast.com\/product\/yoast-seo-wordpress\/ -->\n<title>Governo vai criar conselho para tratar de minerais cr\u00edticos e estrat\u00e9gicos -<\/title>\n<meta name=\"robots\" content=\"index, follow, max-snippet:-1, max-image-preview:large, max-video-preview:-1\" \/>\n<link rel=\"canonical\" href=\"https:\/\/oficialnoticias.com\/?p=16795\" \/>\n<meta property=\"og:locale\" content=\"pt_BR\" \/>\n<meta property=\"og:type\" content=\"article\" \/>\n<meta property=\"og:title\" content=\"Governo vai criar conselho para tratar de minerais cr\u00edticos e estrat\u00e9gicos -\" \/>\n<meta property=\"og:description\" content=\"O governo federal anunciou nesta quinta-feira (15) a cria\u00e7\u00e3o de um conselho especial para tratar de minerais cr\u00edticos e estrat\u00e9gicos, insumos essenciais para a produ\u00e7\u00e3o de tecnologias e para a transi\u00e7\u00e3o energ\u00e9tica. A decis\u00e3o foi tomada ap\u00f3s a primeira reuni\u00e3o do Conselho Nacional de Pol\u00edtica Mineral, \u00f3rg\u00e3o respons\u00e1vel por definir diretrizes p\u00fablicas para o setor...\" \/>\n<meta property=\"og:url\" content=\"https:\/\/oficialnoticias.com\/?p=16795\" \/>\n<meta property=\"article:published_time\" content=\"2025-10-16T23:02:48+00:00\" \/>\n<meta property=\"article:modified_time\" content=\"2025-10-16T23:02:54+00:00\" \/>\n<meta property=\"og:image\" content=\"https:\/\/oficialnoticias.com\/wp-content\/uploads\/2025\/10\/urlhttps3A2F2Fk2-prod-radio-itatiaia.s3.us-east-1.amazonaws.com2Fbrightspot2F4f2F502F04a018.webp\" \/>\n\t<meta property=\"og:image:width\" content=\"1200\" \/>\n\t<meta property=\"og:image:height\" content=\"630\" \/>\n\t<meta property=\"og:image:type\" content=\"image\/webp\" \/>\n<meta name=\"author\" content=\"Luana Gon\u00e7alves\" \/>\n<meta name=\"twitter:card\" content=\"summary_large_image\" \/>\n<meta name=\"twitter:label1\" content=\"Escrito por\" \/>\n\t<meta name=\"twitter:data1\" content=\"Luana Gon\u00e7alves\" \/>\n\t<meta name=\"twitter:label2\" content=\"Est. tempo de leitura\" \/>\n\t<meta name=\"twitter:data2\" content=\"2 minutos\" \/>\n<script type=\"application\/ld+json\" class=\"yoast-schema-graph\">{\"@context\":\"https:\\\/\\\/schema.org\",\"@graph\":[{\"@type\":\"Article\",\"@id\":\"https:\\\/\\\/oficialnoticias.com\\\/?p=16795#article\",\"isPartOf\":{\"@id\":\"https:\\\/\\\/oficialnoticias.com\\\/?p=16795\"},\"author\":{\"name\":\"Luana Gon\u00e7alves\",\"@id\":\"https:\\\/\\\/oficialnoticias.com\\\/#\\\/schema\\\/person\\\/2d1dcbb6bfbc28d68171b4dc04723d4a\"},\"headline\":\"Governo vai criar conselho para tratar de minerais cr\u00edticos e estrat\u00e9gicos\",\"datePublished\":\"2025-10-16T23:02:48+00:00\",\"dateModified\":\"2025-10-16T23:02:54+00:00\",\"mainEntityOfPage\":{\"@id\":\"https:\\\/\\\/oficialnoticias.com\\\/?p=16795\"},\"wordCount\":419,\"commentCount\":0,\"publisher\":{\"@id\":\"https:\\\/\\\/oficialnoticias.com\\\/#organization\"},\"image\":{\"@id\":\"https:\\\/\\\/oficialnoticias.com\\\/?p=16795#primaryimage\"},\"thumbnailUrl\":\"https:\\\/\\\/oficialnoticias.com\\\/wp-content\\\/uploads\\\/2025\\\/10\\\/urlhttps3A2F2Fk2-prod-radio-itatiaia.s3.us-east-1.amazonaws.com2Fbrightspot2F4f2F502F04a018.webp\",\"articleSection\":[\"Politica\"],\"inLanguage\":\"pt-BR\",\"potentialAction\":[{\"@type\":\"CommentAction\",\"name\":\"Comment\",\"target\":[\"https:\\\/\\\/oficialnoticias.com\\\/?p=16795#respond\"]}]},{\"@type\":\"WebPage\",\"@id\":\"https:\\\/\\\/oficialnoticias.com\\\/?p=16795\",\"url\":\"https:\\\/\\\/oficialnoticias.com\\\/?p=16795\",\"name\":\"Governo vai criar conselho para tratar de minerais cr\u00edticos e estrat\u00e9gicos -\",\"isPartOf\":{\"@id\":\"https:\\\/\\\/oficialnoticias.com\\\/#website\"},\"primaryImageOfPage\":{\"@id\":\"https:\\\/\\\/oficialnoticias.com\\\/?p=16795#primaryimage\"},\"image\":{\"@id\":\"https:\\\/\\\/oficialnoticias.com\\\/?p=16795#primaryimage\"},\"thumbnailUrl\":\"https:\\\/\\\/oficialnoticias.com\\\/wp-content\\\/uploads\\\/2025\\\/10\\\/urlhttps3A2F2Fk2-prod-radio-itatiaia.s3.us-east-1.amazonaws.com2Fbrightspot2F4f2F502F04a018.webp\",\"datePublished\":\"2025-10-16T23:02:48+00:00\",\"dateModified\":\"2025-10-16T23:02:54+00:00\",\"breadcrumb\":{\"@id\":\"https:\\\/\\\/oficialnoticias.com\\\/?p=16795#breadcrumb\"},\"inLanguage\":\"pt-BR\",\"potentialAction\":[{\"@type\":\"ReadAction\",\"target\":[\"https:\\\/\\\/oficialnoticias.com\\\/?p=16795\"]}]},{\"@type\":\"ImageObject\",\"inLanguage\":\"pt-BR\",\"@id\":\"https:\\\/\\\/oficialnoticias.com\\\/?p=16795#primaryimage\",\"url\":\"https:\\\/\\\/oficialnoticias.com\\\/wp-content\\\/uploads\\\/2025\\\/10\\\/urlhttps3A2F2Fk2-prod-radio-itatiaia.s3.us-east-1.amazonaws.com2Fbrightspot2F4f2F502F04a018.webp\",\"contentUrl\":\"https:\\\/\\\/oficialnoticias.com\\\/wp-content\\\/uploads\\\/2025\\\/10\\\/urlhttps3A2F2Fk2-prod-radio-itatiaia.s3.us-east-1.amazonaws.com2Fbrightspot2F4f2F502F04a018.webp\",\"width\":1200,\"height\":630},{\"@type\":\"BreadcrumbList\",\"@id\":\"https:\\\/\\\/oficialnoticias.com\\\/?p=16795#breadcrumb\",\"itemListElement\":[{\"@type\":\"ListItem\",\"position\":1,\"name\":\"In\u00edcio\",\"item\":\"https:\\\/\\\/oficialnoticias.com\\\/\"},{\"@type\":\"ListItem\",\"position\":2,\"name\":\"Governo vai criar conselho para tratar de minerais cr\u00edticos e estrat\u00e9gicos\"}]},{\"@type\":\"WebSite\",\"@id\":\"https:\\\/\\\/oficialnoticias.com\\\/#website\",\"url\":\"https:\\\/\\\/oficialnoticias.com\\\/\",\"name\":\"oficial Noticias\",\"description\":\"\",\"publisher\":{\"@id\":\"https:\\\/\\\/oficialnoticias.com\\\/#organization\"},\"potentialAction\":[{\"@type\":\"SearchAction\",\"target\":{\"@type\":\"EntryPoint\",\"urlTemplate\":\"https:\\\/\\\/oficialnoticias.com\\\/?s={search_term_string}\"},\"query-input\":{\"@type\":\"PropertyValueSpecification\",\"valueRequired\":true,\"valueName\":\"search_term_string\"}}],\"inLanguage\":\"pt-BR\"},{\"@type\":\"Organization\",\"@id\":\"https:\\\/\\\/oficialnoticias.com\\\/#organization\",\"name\":\"oficial noticias\",\"url\":\"https:\\\/\\\/oficialnoticias.com\\\/\",\"logo\":{\"@type\":\"ImageObject\",\"inLanguage\":\"pt-BR\",\"@id\":\"https:\\\/\\\/oficialnoticias.com\\\/#\\\/schema\\\/logo\\\/image\\\/\",\"url\":\"https:\\\/\\\/oficialnoticias.com\\\/wp-content\\\/uploads\\\/2025\\\/08\\\/cropped-cropped-cropped-Logo-Noticias-e1753639739829.png\",\"contentUrl\":\"https:\\\/\\\/oficialnoticias.com\\\/wp-content\\\/uploads\\\/2025\\\/08\\\/cropped-cropped-cropped-Logo-Noticias-e1753639739829.png\",\"width\":119,\"height\":86,\"caption\":\"oficial noticias\"},\"image\":{\"@id\":\"https:\\\/\\\/oficialnoticias.com\\\/#\\\/schema\\\/logo\\\/image\\\/\"}},{\"@type\":\"Person\",\"@id\":\"https:\\\/\\\/oficialnoticias.com\\\/#\\\/schema\\\/person\\\/2d1dcbb6bfbc28d68171b4dc04723d4a\",\"name\":\"Luana Gon\u00e7alves\",\"image\":{\"@type\":\"ImageObject\",\"inLanguage\":\"pt-BR\",\"@id\":\"https:\\\/\\\/secure.gravatar.com\\\/avatar\\\/7aa6afdef873224c1a0265951f3fdfc0679f65dfbd15f018612595d323c52521?s=96&d=mm&r=g\",\"url\":\"https:\\\/\\\/secure.gravatar.com\\\/avatar\\\/7aa6afdef873224c1a0265951f3fdfc0679f65dfbd15f018612595d323c52521?s=96&d=mm&r=g\",\"contentUrl\":\"https:\\\/\\\/secure.gravatar.com\\\/avatar\\\/7aa6afdef873224c1a0265951f3fdfc0679f65dfbd15f018612595d323c52521?s=96&d=mm&r=g\",\"caption\":\"Luana Gon\u00e7alves\"},\"sameAs\":[\"https:\\\/\\\/oficialnoticias.com\\\/\"],\"url\":\"https:\\\/\\\/oficialnoticias.com\\\/?author=2\"}]}<\/script>\n<!-- \/ Yoast SEO plugin. -->","yoast_head_json":{"title":"Governo vai criar conselho para tratar de minerais cr\u00edticos e estrat\u00e9gicos -","robots":{"index":"index","follow":"follow","max-snippet":"max-snippet:-1","max-image-preview":"max-image-preview:large","max-video-preview":"max-video-preview:-1"},"canonical":"https:\/\/oficialnoticias.com\/?p=16795","og_locale":"pt_BR","og_type":"article","og_title":"Governo vai criar conselho para tratar de minerais cr\u00edticos e estrat\u00e9gicos -","og_description":"O governo federal anunciou nesta quinta-feira (15) a cria\u00e7\u00e3o de um conselho especial para tratar de minerais cr\u00edticos e estrat\u00e9gicos, insumos essenciais para a produ\u00e7\u00e3o de tecnologias e para a transi\u00e7\u00e3o energ\u00e9tica. A decis\u00e3o foi tomada ap\u00f3s a primeira reuni\u00e3o do Conselho Nacional de Pol\u00edtica Mineral, \u00f3rg\u00e3o respons\u00e1vel por definir diretrizes p\u00fablicas para o setor...","og_url":"https:\/\/oficialnoticias.com\/?p=16795","article_published_time":"2025-10-16T23:02:48+00:00","article_modified_time":"2025-10-16T23:02:54+00:00","og_image":[{"width":1200,"height":630,"url":"https:\/\/oficialnoticias.com\/wp-content\/uploads\/2025\/10\/urlhttps3A2F2Fk2-prod-radio-itatiaia.s3.us-east-1.amazonaws.com2Fbrightspot2F4f2F502F04a018.webp","type":"image\/webp"}],"author":"Luana Gon\u00e7alves","twitter_card":"summary_large_image","twitter_misc":{"Escrito por":"Luana Gon\u00e7alves","Est. tempo de leitura":"2 minutos"},"schema":{"@context":"https:\/\/schema.org","@graph":[{"@type":"Article","@id":"https:\/\/oficialnoticias.com\/?p=16795#article","isPartOf":{"@id":"https:\/\/oficialnoticias.com\/?p=16795"},"author":{"name":"Luana Gon\u00e7alves","@id":"https:\/\/oficialnoticias.com\/#\/schema\/person\/2d1dcbb6bfbc28d68171b4dc04723d4a"},"headline":"Governo vai criar conselho para tratar de minerais cr\u00edticos e estrat\u00e9gicos","datePublished":"2025-10-16T23:02:48+00:00","dateModified":"2025-10-16T23:02:54+00:00","mainEntityOfPage":{"@id":"https:\/\/oficialnoticias.com\/?p=16795"},"wordCount":419,"commentCount":0,"publisher":{"@id":"https:\/\/oficialnoticias.com\/#organization"},"image":{"@id":"https:\/\/oficialnoticias.com\/?p=16795#primaryimage"},"thumbnailUrl":"https:\/\/oficialnoticias.com\/wp-content\/uploads\/2025\/10\/urlhttps3A2F2Fk2-prod-radio-itatiaia.s3.us-east-1.amazonaws.com2Fbrightspot2F4f2F502F04a018.webp","articleSection":["Politica"],"inLanguage":"pt-BR","potentialAction":[{"@type":"CommentAction","name":"Comment","target":["https:\/\/oficialnoticias.com\/?p=16795#respond"]}]},{"@type":"WebPage","@id":"https:\/\/oficialnoticias.com\/?p=16795","url":"https:\/\/oficialnoticias.com\/?p=16795","name":"Governo vai criar conselho para tratar de minerais cr\u00edticos e estrat\u00e9gicos -","isPartOf":{"@id":"https:\/\/oficialnoticias.com\/#website"},"primaryImageOfPage":{"@id":"https:\/\/oficialnoticias.com\/?p=16795#primaryimage"},"image":{"@id":"https:\/\/oficialnoticias.com\/?p=16795#primaryimage"},"thumbnailUrl":"https:\/\/oficialnoticias.com\/wp-content\/uploads\/2025\/10\/urlhttps3A2F2Fk2-prod-radio-itatiaia.s3.us-east-1.amazonaws.com2Fbrightspot2F4f2F502F04a018.webp","datePublished":"2025-10-16T23:02:48+00:00","dateModified":"2025-10-16T23:02:54+00:00","breadcrumb":{"@id":"https:\/\/oficialnoticias.com\/?p=16795#breadcrumb"},"inLanguage":"pt-BR","potentialAction":[{"@type":"ReadAction","target":["https:\/\/oficialnoticias.com\/?p=16795"]}]},{"@type":"ImageObject","inLanguage":"pt-BR","@id":"https:\/\/oficialnoticias.com\/?p=16795#primaryimage","url":"https:\/\/oficialnoticias.com\/wp-content\/uploads\/2025\/10\/urlhttps3A2F2Fk2-prod-radio-itatiaia.s3.us-east-1.amazonaws.com2Fbrightspot2F4f2F502F04a018.webp","contentUrl":"https:\/\/oficialnoticias.com\/wp-content\/uploads\/2025\/10\/urlhttps3A2F2Fk2-prod-radio-itatiaia.s3.us-east-1.amazonaws.com2Fbrightspot2F4f2F502F04a018.webp","width":1200,"height":630},{"@type":"BreadcrumbList","@id":"https:\/\/oficialnoticias.com\/?p=16795#breadcrumb","itemListElement":[{"@type":"ListItem","position":1,"name":"In\u00edcio","item":"https:\/\/oficialnoticias.com\/"},{"@type":"ListItem","position":2,"name":"Governo vai criar conselho para tratar de minerais cr\u00edticos e estrat\u00e9gicos"}]},{"@type":"WebSite","@id":"https:\/\/oficialnoticias.com\/#website","url":"https:\/\/oficialnoticias.com\/","name":"oficial Noticias","description":"","publisher":{"@id":"https:\/\/oficialnoticias.com\/#organization"},"potentialAction":[{"@type":"SearchAction","target":{"@type":"EntryPoint","urlTemplate":"https:\/\/oficialnoticias.com\/?s={search_term_string}"},"query-input":{"@type":"PropertyValueSpecification","valueRequired":true,"valueName":"search_term_string"}}],"inLanguage":"pt-BR"},{"@type":"Organization","@id":"https:\/\/oficialnoticias.com\/#organization","name":"oficial noticias","url":"https:\/\/oficialnoticias.com\/","logo":{"@type":"ImageObject","inLanguage":"pt-BR","@id":"https:\/\/oficialnoticias.com\/#\/schema\/logo\/image\/","url":"https:\/\/oficialnoticias.com\/wp-content\/uploads\/2025\/08\/cropped-cropped-cropped-Logo-Noticias-e1753639739829.png","contentUrl":"https:\/\/oficialnoticias.com\/wp-content\/uploads\/2025\/08\/cropped-cropped-cropped-Logo-Noticias-e1753639739829.png","width":119,"height":86,"caption":"oficial noticias"},"image":{"@id":"https:\/\/oficialnoticias.com\/#\/schema\/logo\/image\/"}},{"@type":"Person","@id":"https:\/\/oficialnoticias.com\/#\/schema\/person\/2d1dcbb6bfbc28d68171b4dc04723d4a","name":"Luana Gon\u00e7alves","image":{"@type":"ImageObject","inLanguage":"pt-BR","@id":"https:\/\/secure.gravatar.com\/avatar\/7aa6afdef873224c1a0265951f3fdfc0679f65dfbd15f018612595d323c52521?s=96&d=mm&r=g","url":"https:\/\/secure.gravatar.com\/avatar\/7aa6afdef873224c1a0265951f3fdfc0679f65dfbd15f018612595d323c52521?s=96&d=mm&r=g","contentUrl":"https:\/\/secure.gravatar.com\/avatar\/7aa6afdef873224c1a0265951f3fdfc0679f65dfbd15f018612595d323c52521?s=96&d=mm&r=g","caption":"Luana Gon\u00e7alves"},"sameAs":["https:\/\/oficialnoticias.com\/"],"url":"https:\/\/oficialnoticias.com\/?author=2"}]}},"_links":{"self":[{"href":"https:\/\/oficialnoticias.com\/index.php?rest_route=\/wp\/v2\/posts\/16795","targetHints":{"allow":["GET"]}}],"collection":[{"href":"https:\/\/oficialnoticias.com\/index.php?rest_route=\/wp\/v2\/posts"}],"about":[{"href":"https:\/\/oficialnoticias.com\/index.php?rest_route=\/wp\/v2\/types\/post"}],"author":[{"embeddable":true,"href":"https:\/\/oficialnoticias.com\/index.php?rest_route=\/wp\/v2\/users\/2"}],"replies":[{"embeddable":true,"href":"https:\/\/oficialnoticias.com\/index.php?rest_route=%2Fwp%2Fv2%2Fcomments&post=16795"}],"version-history":[{"count":1,"href":"https:\/\/oficialnoticias.com\/index.php?rest_route=\/wp\/v2\/posts\/16795\/revisions"}],"predecessor-version":[{"id":16797,"href":"https:\/\/oficialnoticias.com\/index.php?rest_route=\/wp\/v2\/posts\/16795\/revisions\/16797"}],"wp:featuredmedia":[{"embeddable":true,"href":"https:\/\/oficialnoticias.com\/index.php?rest_route=\/wp\/v2\/media\/16796"}],"wp:attachment":[{"href":"https:\/\/oficialnoticias.com\/index.php?rest_route=%2Fwp%2Fv2%2Fmedia&parent=16795"}],"wp:term":[{"taxonomy":"category","embeddable":true,"href":"https:\/\/oficialnoticias.com\/index.php?rest_route=%2Fwp%2Fv2%2Fcategories&post=16795"},{"taxonomy":"post_tag","embeddable":true,"href":"https:\/\/oficialnoticias.com\/index.php?rest_route=%2Fwp%2Fv2%2Ftags&post=16795"}],"curies":[{"name":"wp","href":"https:\/\/api.w.org\/{rel}","templated":true}]}}