{"id":16507,"date":"2025-10-15T18:08:38","date_gmt":"2025-10-15T21:08:38","guid":{"rendered":"https:\/\/oficialnoticias.com\/?p=16507"},"modified":"2025-10-15T18:08:42","modified_gmt":"2025-10-15T21:08:42","slug":"codemig-diz-que-sigilos-no-mesmo-dia-de-decreto-de-lula-foram-coincidencia","status":"publish","type":"post","link":"https:\/\/oficialnoticias.com\/?p=16507","title":{"rendered":"Codemig diz que sigilos no mesmo dia de decreto de Lula foram &#8216;coincid\u00eancia&#8217;"},"content":{"rendered":"<p><\/p>\n<div>\n<p>O diretor de Administra\u00e7\u00e3o e Finan\u00e7as da Companhia de Desenvolvimento Econ\u00f4mico de Minas Gerais (Codemig), Helger Marra Lopes, afirmou que a imposi\u00e7\u00e3o de sigilo a 13 documentos da estatal no mesmo dia em que o presidente Luiz In\u00e1cio Lula da Silva (PT) decretou <bsp-link-enhancement><br \/>\n    <span class=\"LinkEnhancement\"><a class=\"Link\" href=\"https:\/\/www.itatiaia.com.br\/politica\/decreto-de-lula-prorrogando-prazos-do-propag-suspende-debates-sobre-privatizacoes-na-almg\" title=\"&lt;b&gt;mudan\u00e7as nas regras de refinanciamento das d\u00edvidas dos estados&lt;\/b&gt;\"><b>mudan\u00e7as nas regras de refinanciamento das d\u00edvidas dos estados<\/b><\/a><\/span><\/bsp-link-enhancement> foi uma \u201ccoincid\u00eancia\u201d. Os fatos aconteceram na ter\u00e7a-feira (7) da \u00faltima semana.<\/p>\n<p>Lopes foi entrevistado no <b>Itatiaia Agora<\/b> desta quarta-feira (15) e falou sobre a recente pol\u00eamica envolvendo a <bsp-link-enhancement><br \/>\n    <span class=\"LinkEnhancement\"><a class=\"Link\" href=\"https:\/\/www.itatiaia.com.br\/politica\/em-meio-a-o-propag-e-negociacao-com-a-cbmm-codemig-impoe-sigilo-a-13-documentos\" title=\"&lt;b&gt;classifica\u00e7\u00e3o de 13 documentos da Codemig como sigilosos&lt;\/b&gt;\"><b>classifica\u00e7\u00e3o de 13 documentos da Codemig como sigilosos<\/b><\/a><\/span><\/bsp-link-enhancement>. A decis\u00e3o tomada pela gest\u00e3o do governador Romeu Zema (Novo) impacta nas negocia\u00e7\u00f5es feitas junto ao governo federal no \u00e2mbito do Programa de Pleno Pagemento de D\u00edvidas dos Estados (Propag).<\/p>\n<div class=\"Enhancement\" data-align-center=\"\">\n<div class=\"Enhancement-item\">\n<div class=\"Quote\" style=\"visibility: hidden;\">\n<div class=\"Quote-content\">\n<blockquote><p><i class=\"rte2-style-italic\">Foi total coincid\u00eancia. V\u00e1rios documentos estavam sob sigilo. Quando vou fazer uma negocia\u00e7\u00e3o preciso acessar informa\u00e7\u00f5es da empresa privada \u00e9 preciso assinar um acordo de confidencialidade. Nenhuma empresa vai sentar na mesa se formos abrir informa\u00e7\u00f5es estrat\u00e9gicas. <\/i><\/p><\/blockquote>\n<p>Helger Marra Lopes, diretor de Administra\u00e7\u00e3o e Finan\u00e7as da Codemig<\/p>\n<\/p><\/div>\n<\/p><\/div>\n<\/p><\/div>\n<\/div>\n<p>No mesmo dia em que as informa\u00e7\u00f5es entraram sob sigilo, o governo federal mudou regras relativas aos prazos do Propag e tamb\u00e9m sobre a avalia\u00e7\u00e3o dos ativos que os estados podem envolver para abater seus d\u00e9bitos com a Uni\u00e3o.<\/p>\n<p>A mudan\u00e7a vinda de Bras\u00edlia retirou do <bsp-link-enhancement><br \/>\n    <span class=\"LinkEnhancement\"><a class=\"Link\" href=\"https:\/\/www.itatiaia.com.br\/politica\/2025\/06\/04\/propag-governo-de-minas-propoe-valor-de-referencia-ao-bndes-para-acelerar-federalizacao-de-ativos\" title=\"&lt;b&gt;Banco Nacional de Desenvolvimento Econ\u00f4mico e Social (BNDES)&lt;\/b&gt; \"><b>Banco Nacional de Desenvolvimento Econ\u00f4mico e Social (BNDES)<\/b> <\/a><\/span><\/bsp-link-enhancement>a prerrogativa exclusiva de estabelecer os valores dos ativos do Propag. Com a mudan\u00e7a, os estados podem contratar empresas independentes para fazer a avalia\u00e7\u00e3o.<\/p>\n<p>Entre os documentos colocados sob sigilo estavam relat\u00f3rios dos <bsp-link-enhancement><br \/>\n    <span class=\"LinkEnhancement\"><a class=\"Link\" href=\"https:\/\/www.itatiaia.com.br\/politica\/documentos-sigilosos-da-codemig-integram-contratos-de-mais-de-r-35-milhoes\" title=\"&lt;b&gt;bancos Goldman Sachs e Rothschild &amp; CO&lt;\/b&gt;\"><b>bancos Goldman Sachs e Rothschild &amp; CO<\/b><\/a><\/span><\/bsp-link-enhancement>., o que levantou suspeitas entre os deputados da oposi\u00e7\u00e3o a Zema na Assembleia Legislativa. Para os parlamentares, n\u00e3o divulgar o valor da Codemig faz parte de uma estrat\u00e9gia para <bsp-link-enhancement><br \/>\n    <span class=\"LinkEnhancement\"><a class=\"Link\" href=\"https:\/\/www.itatiaia.com.br\/politica\/oposicao-a-zema-se-organiza-para-derrubar-sigilo-de-documentos-da-codemig\" title=\"&lt;b&gt;n\u00e3o inviabilizar a pauta privatista do governo na Casa&lt;\/b&gt;\"><b>n\u00e3o inviabilizar a pauta privatista do governo na Casa<\/b><\/a><\/span><\/bsp-link-enhancement>.<\/p>\n<p>\u00c0 <b>Itatiaia<\/b>, o diretor da Codemig defendeu o sigilo como uma arma estrat\u00e9gia nas negocia\u00e7\u00f5es de renova\u00e7\u00e3o do v\u00ednculo com a Companhia Brasileira de Metalurgia e Minera\u00e7\u00e3o (CBMM), parceira da estatal na explora\u00e7\u00e3o de ni\u00f3bio na regi\u00e3o de Arax\u00e1, no Tri\u00e2ngulo Mineiro. O contrato atual se encerra em 2032.<\/p>\n<p>\u201cEssa grana \u00e9 nossa, da sociedade mineira. Por isso precisamos ter essas informa\u00e7\u00f5es sob sigilo. Se abrirmos essas informa\u00e7\u00f5es, essa grana ser\u00e1 menor. Isso eu posso afirmar. Se abrirmos isso tudo agora, vamos perder dinheiro. Falando agora com meu CPF, se abrirmos agora vamos ter uma renova\u00e7\u00e3o pior\u201d, afirmou.<\/p>\n<h2>A Codemig no Propag<\/h2>\n<p>Na estrat\u00e9gia de privatizar ou federalizar ativos para permitir a amortiza\u00e7\u00e3o da d\u00edvida com a Uni\u00e3o, hoje avaliada em R$ 170 bilh\u00f5es, a Codemig tem lugar de destaque. A empresa respons\u00e1vel pela gest\u00e3o dos direitos de explora\u00e7\u00e3o de ni\u00f3bio no estado \u00e9 um dos ativos apontados pela oposi\u00e7\u00e3o e at\u00e9 mesmo pela presid\u00eancia da Casa como valiosa o suficiente para os objetivos de ades\u00e3o ao Propag.<\/p>\n<p>O Propag permite que estados dividam suas d\u00edvidas com a Uni\u00e3o em at\u00e9 30 anos e estabelece mecanismos para a redu\u00e7\u00e3o dos juros cobrados sobre as parcelas. O pr\u00eamio hoje \u00e9 calculado pelo \u00cdndice Nacional de Pre\u00e7os ao Consumidor Amplo (IPCA) mais 4\u00ba do estoque devido ao ano.<\/p>\n<p>Para reduzir os juros em dois pontos percentuais, Minas planeja amortizar ao menos 20% do estoque da d\u00edvida, valor calculado em cerca de R$ 34 bilh\u00f5es. Para tanto, a estrat\u00e9gia do Executivo Estadual \u00e9 aprovar na Assembleia Legislativa (ALMG) a autoriza\u00e7\u00e3o para a aliena\u00e7\u00e3o de ativos.<\/p>\n<p>Entre os deputados, vigora a linha de que a Codemig sozinha j\u00e1 atingiria a marca dos 20% do estoque da d\u00edvida. Nessa argumenta\u00e7\u00e3o, apenas a federaliza\u00e7\u00e3o da companhia \u2014 j\u00e1 autorizada pela Assembleia \u2014 j\u00e1 seria o suficiente e a empreitada pela privatiza\u00e7\u00e3o de outras empresas como a Copasa e a venda de im\u00f3veis do estado n\u00e3o seria necess\u00e1ria.<\/p>\n<p>A imposi\u00e7\u00e3o de sigilo sobre documentos da Codemig gerou suspeitas de que o Governo de Minas estaria escondendo o valor da companhia para n\u00e3o inviabilizar os projetos de venda de outros ativos que integram a agenda privatista do Governo Zema.<\/p>\n<p><bsp-list-loadmore class=\"PageListStandardG\" data-module=\"\" data-show-loadmore=\"true\" data-list-title-size=\"3\" data-list-description-size=\"3\"><\/p>\n<p>    <a class=\"AnchorLink\" title=\"leia-tambem\" name=\"leia-tambem\"\/><\/p>\n<p><\/bsp-list-loadmore><\/p><\/div>\n<p><script>\n  window.fbAsyncInit = function() {\n      FB.init({\n              appId : '1447052969554341',\n          xfbml : true,\n          version : 'v2.9'\n      });\n  };\n  (function(d, s, id){\n     var js, fjs = d.getElementsByTagName(s)[0];\n     if (d.getElementById(id)) {return;}\n     js = d.createElement(s); js.id = id;\n     js.src = \"https:\/\/connect.facebook.net\/en_US\/sdk.js\";\n     fjs.parentNode.insertBefore(js, fjs);\n   }(document, 'script', 'facebook-jssdk'));\n<\/script><\/p>\n","protected":false},"excerpt":{"rendered":"<p>O diretor de Administra\u00e7\u00e3o e Finan\u00e7as da Companhia de Desenvolvimento Econ\u00f4mico de Minas Gerais (Codemig), Helger Marra Lopes, afirmou que a imposi\u00e7\u00e3o de sigilo a 13 documentos da estatal no mesmo dia em que o presidente Luiz In\u00e1cio Lula da Silva (PT) decretou mudan\u00e7as nas regras de refinanciamento das d\u00edvidas dos estados foi uma \u201ccoincid\u00eancia\u201d&#8230;.<\/p>\n","protected":false},"author":2,"featured_media":16508,"comment_status":"open","ping_status":"open","sticky":false,"template":"","format":"standard","meta":{"footnotes":""},"categories":[24],"tags":[],"class_list":["post-16507","post","type-post","status-publish","format-standard","has-post-thumbnail","hentry","category-politica"],"yoast_head":"<!-- This site is optimized with the Yoast SEO plugin v27.3 - https:\/\/yoast.com\/product\/yoast-seo-wordpress\/ -->\n<title>Codemig diz que sigilos no mesmo dia de decreto de Lula foram &#039;coincid\u00eancia&#039; -<\/title>\n<meta name=\"robots\" content=\"index, follow, max-snippet:-1, max-image-preview:large, max-video-preview:-1\" \/>\n<link rel=\"canonical\" href=\"https:\/\/oficialnoticias.com\/?p=16507\" \/>\n<meta property=\"og:locale\" content=\"pt_BR\" \/>\n<meta property=\"og:type\" content=\"article\" \/>\n<meta property=\"og:title\" content=\"Codemig diz que sigilos no mesmo dia de decreto de Lula foram &#039;coincid\u00eancia&#039; -\" \/>\n<meta property=\"og:description\" content=\"O diretor de Administra\u00e7\u00e3o e Finan\u00e7as da Companhia de Desenvolvimento Econ\u00f4mico de Minas Gerais (Codemig), Helger Marra Lopes, afirmou que a imposi\u00e7\u00e3o de sigilo a 13 documentos da estatal no mesmo dia em que o presidente Luiz In\u00e1cio Lula da Silva (PT) decretou mudan\u00e7as nas regras de refinanciamento das d\u00edvidas dos estados foi uma \u201ccoincid\u00eancia\u201d....\" \/>\n<meta property=\"og:url\" content=\"https:\/\/oficialnoticias.com\/?p=16507\" \/>\n<meta property=\"article:published_time\" content=\"2025-10-15T21:08:38+00:00\" \/>\n<meta property=\"article:modified_time\" content=\"2025-10-15T21:08:42+00:00\" \/>\n<meta property=\"og:image\" content=\"https:\/\/oficialnoticias.com\/wp-content\/uploads\/2025\/10\/urlhttps3A2F2Fk2-prod-radio-itatiaia.s3.us-east-1.amazonaws.com2Fbrightspot2Fbb2F452F84d0de.webp\" \/>\n\t<meta property=\"og:image:width\" content=\"1200\" \/>\n\t<meta property=\"og:image:height\" content=\"630\" \/>\n\t<meta property=\"og:image:type\" content=\"image\/webp\" \/>\n<meta name=\"author\" content=\"Luana Gon\u00e7alves\" \/>\n<meta name=\"twitter:card\" content=\"summary_large_image\" \/>\n<meta name=\"twitter:label1\" content=\"Escrito por\" \/>\n\t<meta name=\"twitter:data1\" content=\"Luana Gon\u00e7alves\" \/>\n\t<meta name=\"twitter:label2\" content=\"Est. tempo de leitura\" \/>\n\t<meta name=\"twitter:data2\" content=\"4 minutos\" \/>\n<script type=\"application\/ld+json\" class=\"yoast-schema-graph\">{\"@context\":\"https:\\\/\\\/schema.org\",\"@graph\":[{\"@type\":\"Article\",\"@id\":\"https:\\\/\\\/oficialnoticias.com\\\/?p=16507#article\",\"isPartOf\":{\"@id\":\"https:\\\/\\\/oficialnoticias.com\\\/?p=16507\"},\"author\":{\"name\":\"Luana Gon\u00e7alves\",\"@id\":\"https:\\\/\\\/oficialnoticias.com\\\/#\\\/schema\\\/person\\\/2d1dcbb6bfbc28d68171b4dc04723d4a\"},\"headline\":\"Codemig diz que sigilos no mesmo dia de decreto de Lula foram &#8216;coincid\u00eancia&#8217;\",\"datePublished\":\"2025-10-15T21:08:38+00:00\",\"dateModified\":\"2025-10-15T21:08:42+00:00\",\"mainEntityOfPage\":{\"@id\":\"https:\\\/\\\/oficialnoticias.com\\\/?p=16507\"},\"wordCount\":735,\"commentCount\":0,\"publisher\":{\"@id\":\"https:\\\/\\\/oficialnoticias.com\\\/#organization\"},\"image\":{\"@id\":\"https:\\\/\\\/oficialnoticias.com\\\/?p=16507#primaryimage\"},\"thumbnailUrl\":\"https:\\\/\\\/oficialnoticias.com\\\/wp-content\\\/uploads\\\/2025\\\/10\\\/urlhttps3A2F2Fk2-prod-radio-itatiaia.s3.us-east-1.amazonaws.com2Fbrightspot2Fbb2F452F84d0de.webp\",\"articleSection\":[\"Politica\"],\"inLanguage\":\"pt-BR\",\"potentialAction\":[{\"@type\":\"CommentAction\",\"name\":\"Comment\",\"target\":[\"https:\\\/\\\/oficialnoticias.com\\\/?p=16507#respond\"]}]},{\"@type\":\"WebPage\",\"@id\":\"https:\\\/\\\/oficialnoticias.com\\\/?p=16507\",\"url\":\"https:\\\/\\\/oficialnoticias.com\\\/?p=16507\",\"name\":\"Codemig diz que sigilos no mesmo dia de decreto de Lula foram 'coincid\u00eancia' -\",\"isPartOf\":{\"@id\":\"https:\\\/\\\/oficialnoticias.com\\\/#website\"},\"primaryImageOfPage\":{\"@id\":\"https:\\\/\\\/oficialnoticias.com\\\/?p=16507#primaryimage\"},\"image\":{\"@id\":\"https:\\\/\\\/oficialnoticias.com\\\/?p=16507#primaryimage\"},\"thumbnailUrl\":\"https:\\\/\\\/oficialnoticias.com\\\/wp-content\\\/uploads\\\/2025\\\/10\\\/urlhttps3A2F2Fk2-prod-radio-itatiaia.s3.us-east-1.amazonaws.com2Fbrightspot2Fbb2F452F84d0de.webp\",\"datePublished\":\"2025-10-15T21:08:38+00:00\",\"dateModified\":\"2025-10-15T21:08:42+00:00\",\"breadcrumb\":{\"@id\":\"https:\\\/\\\/oficialnoticias.com\\\/?p=16507#breadcrumb\"},\"inLanguage\":\"pt-BR\",\"potentialAction\":[{\"@type\":\"ReadAction\",\"target\":[\"https:\\\/\\\/oficialnoticias.com\\\/?p=16507\"]}]},{\"@type\":\"ImageObject\",\"inLanguage\":\"pt-BR\",\"@id\":\"https:\\\/\\\/oficialnoticias.com\\\/?p=16507#primaryimage\",\"url\":\"https:\\\/\\\/oficialnoticias.com\\\/wp-content\\\/uploads\\\/2025\\\/10\\\/urlhttps3A2F2Fk2-prod-radio-itatiaia.s3.us-east-1.amazonaws.com2Fbrightspot2Fbb2F452F84d0de.webp\",\"contentUrl\":\"https:\\\/\\\/oficialnoticias.com\\\/wp-content\\\/uploads\\\/2025\\\/10\\\/urlhttps3A2F2Fk2-prod-radio-itatiaia.s3.us-east-1.amazonaws.com2Fbrightspot2Fbb2F452F84d0de.webp\",\"width\":1200,\"height\":630},{\"@type\":\"BreadcrumbList\",\"@id\":\"https:\\\/\\\/oficialnoticias.com\\\/?p=16507#breadcrumb\",\"itemListElement\":[{\"@type\":\"ListItem\",\"position\":1,\"name\":\"In\u00edcio\",\"item\":\"https:\\\/\\\/oficialnoticias.com\\\/\"},{\"@type\":\"ListItem\",\"position\":2,\"name\":\"Codemig diz que sigilos no mesmo dia de decreto de Lula foram &#8216;coincid\u00eancia&#8217;\"}]},{\"@type\":\"WebSite\",\"@id\":\"https:\\\/\\\/oficialnoticias.com\\\/#website\",\"url\":\"https:\\\/\\\/oficialnoticias.com\\\/\",\"name\":\"oficial Noticias\",\"description\":\"\",\"publisher\":{\"@id\":\"https:\\\/\\\/oficialnoticias.com\\\/#organization\"},\"potentialAction\":[{\"@type\":\"SearchAction\",\"target\":{\"@type\":\"EntryPoint\",\"urlTemplate\":\"https:\\\/\\\/oficialnoticias.com\\\/?s={search_term_string}\"},\"query-input\":{\"@type\":\"PropertyValueSpecification\",\"valueRequired\":true,\"valueName\":\"search_term_string\"}}],\"inLanguage\":\"pt-BR\"},{\"@type\":\"Organization\",\"@id\":\"https:\\\/\\\/oficialnoticias.com\\\/#organization\",\"name\":\"oficial noticias\",\"url\":\"https:\\\/\\\/oficialnoticias.com\\\/\",\"logo\":{\"@type\":\"ImageObject\",\"inLanguage\":\"pt-BR\",\"@id\":\"https:\\\/\\\/oficialnoticias.com\\\/#\\\/schema\\\/logo\\\/image\\\/\",\"url\":\"https:\\\/\\\/oficialnoticias.com\\\/wp-content\\\/uploads\\\/2025\\\/08\\\/cropped-cropped-cropped-Logo-Noticias-e1753639739829.png\",\"contentUrl\":\"https:\\\/\\\/oficialnoticias.com\\\/wp-content\\\/uploads\\\/2025\\\/08\\\/cropped-cropped-cropped-Logo-Noticias-e1753639739829.png\",\"width\":119,\"height\":86,\"caption\":\"oficial noticias\"},\"image\":{\"@id\":\"https:\\\/\\\/oficialnoticias.com\\\/#\\\/schema\\\/logo\\\/image\\\/\"}},{\"@type\":\"Person\",\"@id\":\"https:\\\/\\\/oficialnoticias.com\\\/#\\\/schema\\\/person\\\/2d1dcbb6bfbc28d68171b4dc04723d4a\",\"name\":\"Luana Gon\u00e7alves\",\"image\":{\"@type\":\"ImageObject\",\"inLanguage\":\"pt-BR\",\"@id\":\"https:\\\/\\\/secure.gravatar.com\\\/avatar\\\/7aa6afdef873224c1a0265951f3fdfc0679f65dfbd15f018612595d323c52521?s=96&d=mm&r=g\",\"url\":\"https:\\\/\\\/secure.gravatar.com\\\/avatar\\\/7aa6afdef873224c1a0265951f3fdfc0679f65dfbd15f018612595d323c52521?s=96&d=mm&r=g\",\"contentUrl\":\"https:\\\/\\\/secure.gravatar.com\\\/avatar\\\/7aa6afdef873224c1a0265951f3fdfc0679f65dfbd15f018612595d323c52521?s=96&d=mm&r=g\",\"caption\":\"Luana Gon\u00e7alves\"},\"sameAs\":[\"https:\\\/\\\/oficialnoticias.com\\\/\"],\"url\":\"https:\\\/\\\/oficialnoticias.com\\\/?author=2\"}]}<\/script>\n<!-- \/ Yoast SEO plugin. -->","yoast_head_json":{"title":"Codemig diz que sigilos no mesmo dia de decreto de Lula foram 'coincid\u00eancia' -","robots":{"index":"index","follow":"follow","max-snippet":"max-snippet:-1","max-image-preview":"max-image-preview:large","max-video-preview":"max-video-preview:-1"},"canonical":"https:\/\/oficialnoticias.com\/?p=16507","og_locale":"pt_BR","og_type":"article","og_title":"Codemig diz que sigilos no mesmo dia de decreto de Lula foram 'coincid\u00eancia' -","og_description":"O diretor de Administra\u00e7\u00e3o e Finan\u00e7as da Companhia de Desenvolvimento Econ\u00f4mico de Minas Gerais (Codemig), Helger Marra Lopes, afirmou que a imposi\u00e7\u00e3o de sigilo a 13 documentos da estatal no mesmo dia em que o presidente Luiz In\u00e1cio Lula da Silva (PT) decretou mudan\u00e7as nas regras de refinanciamento das d\u00edvidas dos estados foi uma \u201ccoincid\u00eancia\u201d....","og_url":"https:\/\/oficialnoticias.com\/?p=16507","article_published_time":"2025-10-15T21:08:38+00:00","article_modified_time":"2025-10-15T21:08:42+00:00","og_image":[{"width":1200,"height":630,"url":"https:\/\/oficialnoticias.com\/wp-content\/uploads\/2025\/10\/urlhttps3A2F2Fk2-prod-radio-itatiaia.s3.us-east-1.amazonaws.com2Fbrightspot2Fbb2F452F84d0de.webp","type":"image\/webp"}],"author":"Luana Gon\u00e7alves","twitter_card":"summary_large_image","twitter_misc":{"Escrito por":"Luana Gon\u00e7alves","Est. tempo de leitura":"4 minutos"},"schema":{"@context":"https:\/\/schema.org","@graph":[{"@type":"Article","@id":"https:\/\/oficialnoticias.com\/?p=16507#article","isPartOf":{"@id":"https:\/\/oficialnoticias.com\/?p=16507"},"author":{"name":"Luana Gon\u00e7alves","@id":"https:\/\/oficialnoticias.com\/#\/schema\/person\/2d1dcbb6bfbc28d68171b4dc04723d4a"},"headline":"Codemig diz que sigilos no mesmo dia de decreto de Lula foram &#8216;coincid\u00eancia&#8217;","datePublished":"2025-10-15T21:08:38+00:00","dateModified":"2025-10-15T21:08:42+00:00","mainEntityOfPage":{"@id":"https:\/\/oficialnoticias.com\/?p=16507"},"wordCount":735,"commentCount":0,"publisher":{"@id":"https:\/\/oficialnoticias.com\/#organization"},"image":{"@id":"https:\/\/oficialnoticias.com\/?p=16507#primaryimage"},"thumbnailUrl":"https:\/\/oficialnoticias.com\/wp-content\/uploads\/2025\/10\/urlhttps3A2F2Fk2-prod-radio-itatiaia.s3.us-east-1.amazonaws.com2Fbrightspot2Fbb2F452F84d0de.webp","articleSection":["Politica"],"inLanguage":"pt-BR","potentialAction":[{"@type":"CommentAction","name":"Comment","target":["https:\/\/oficialnoticias.com\/?p=16507#respond"]}]},{"@type":"WebPage","@id":"https:\/\/oficialnoticias.com\/?p=16507","url":"https:\/\/oficialnoticias.com\/?p=16507","name":"Codemig diz que sigilos no mesmo dia de decreto de Lula foram 'coincid\u00eancia' -","isPartOf":{"@id":"https:\/\/oficialnoticias.com\/#website"},"primaryImageOfPage":{"@id":"https:\/\/oficialnoticias.com\/?p=16507#primaryimage"},"image":{"@id":"https:\/\/oficialnoticias.com\/?p=16507#primaryimage"},"thumbnailUrl":"https:\/\/oficialnoticias.com\/wp-content\/uploads\/2025\/10\/urlhttps3A2F2Fk2-prod-radio-itatiaia.s3.us-east-1.amazonaws.com2Fbrightspot2Fbb2F452F84d0de.webp","datePublished":"2025-10-15T21:08:38+00:00","dateModified":"2025-10-15T21:08:42+00:00","breadcrumb":{"@id":"https:\/\/oficialnoticias.com\/?p=16507#breadcrumb"},"inLanguage":"pt-BR","potentialAction":[{"@type":"ReadAction","target":["https:\/\/oficialnoticias.com\/?p=16507"]}]},{"@type":"ImageObject","inLanguage":"pt-BR","@id":"https:\/\/oficialnoticias.com\/?p=16507#primaryimage","url":"https:\/\/oficialnoticias.com\/wp-content\/uploads\/2025\/10\/urlhttps3A2F2Fk2-prod-radio-itatiaia.s3.us-east-1.amazonaws.com2Fbrightspot2Fbb2F452F84d0de.webp","contentUrl":"https:\/\/oficialnoticias.com\/wp-content\/uploads\/2025\/10\/urlhttps3A2F2Fk2-prod-radio-itatiaia.s3.us-east-1.amazonaws.com2Fbrightspot2Fbb2F452F84d0de.webp","width":1200,"height":630},{"@type":"BreadcrumbList","@id":"https:\/\/oficialnoticias.com\/?p=16507#breadcrumb","itemListElement":[{"@type":"ListItem","position":1,"name":"In\u00edcio","item":"https:\/\/oficialnoticias.com\/"},{"@type":"ListItem","position":2,"name":"Codemig diz que sigilos no mesmo dia de decreto de Lula foram &#8216;coincid\u00eancia&#8217;"}]},{"@type":"WebSite","@id":"https:\/\/oficialnoticias.com\/#website","url":"https:\/\/oficialnoticias.com\/","name":"oficial Noticias","description":"","publisher":{"@id":"https:\/\/oficialnoticias.com\/#organization"},"potentialAction":[{"@type":"SearchAction","target":{"@type":"EntryPoint","urlTemplate":"https:\/\/oficialnoticias.com\/?s={search_term_string}"},"query-input":{"@type":"PropertyValueSpecification","valueRequired":true,"valueName":"search_term_string"}}],"inLanguage":"pt-BR"},{"@type":"Organization","@id":"https:\/\/oficialnoticias.com\/#organization","name":"oficial noticias","url":"https:\/\/oficialnoticias.com\/","logo":{"@type":"ImageObject","inLanguage":"pt-BR","@id":"https:\/\/oficialnoticias.com\/#\/schema\/logo\/image\/","url":"https:\/\/oficialnoticias.com\/wp-content\/uploads\/2025\/08\/cropped-cropped-cropped-Logo-Noticias-e1753639739829.png","contentUrl":"https:\/\/oficialnoticias.com\/wp-content\/uploads\/2025\/08\/cropped-cropped-cropped-Logo-Noticias-e1753639739829.png","width":119,"height":86,"caption":"oficial noticias"},"image":{"@id":"https:\/\/oficialnoticias.com\/#\/schema\/logo\/image\/"}},{"@type":"Person","@id":"https:\/\/oficialnoticias.com\/#\/schema\/person\/2d1dcbb6bfbc28d68171b4dc04723d4a","name":"Luana Gon\u00e7alves","image":{"@type":"ImageObject","inLanguage":"pt-BR","@id":"https:\/\/secure.gravatar.com\/avatar\/7aa6afdef873224c1a0265951f3fdfc0679f65dfbd15f018612595d323c52521?s=96&d=mm&r=g","url":"https:\/\/secure.gravatar.com\/avatar\/7aa6afdef873224c1a0265951f3fdfc0679f65dfbd15f018612595d323c52521?s=96&d=mm&r=g","contentUrl":"https:\/\/secure.gravatar.com\/avatar\/7aa6afdef873224c1a0265951f3fdfc0679f65dfbd15f018612595d323c52521?s=96&d=mm&r=g","caption":"Luana Gon\u00e7alves"},"sameAs":["https:\/\/oficialnoticias.com\/"],"url":"https:\/\/oficialnoticias.com\/?author=2"}]}},"_links":{"self":[{"href":"https:\/\/oficialnoticias.com\/index.php?rest_route=\/wp\/v2\/posts\/16507","targetHints":{"allow":["GET"]}}],"collection":[{"href":"https:\/\/oficialnoticias.com\/index.php?rest_route=\/wp\/v2\/posts"}],"about":[{"href":"https:\/\/oficialnoticias.com\/index.php?rest_route=\/wp\/v2\/types\/post"}],"author":[{"embeddable":true,"href":"https:\/\/oficialnoticias.com\/index.php?rest_route=\/wp\/v2\/users\/2"}],"replies":[{"embeddable":true,"href":"https:\/\/oficialnoticias.com\/index.php?rest_route=%2Fwp%2Fv2%2Fcomments&post=16507"}],"version-history":[{"count":1,"href":"https:\/\/oficialnoticias.com\/index.php?rest_route=\/wp\/v2\/posts\/16507\/revisions"}],"predecessor-version":[{"id":16509,"href":"https:\/\/oficialnoticias.com\/index.php?rest_route=\/wp\/v2\/posts\/16507\/revisions\/16509"}],"wp:featuredmedia":[{"embeddable":true,"href":"https:\/\/oficialnoticias.com\/index.php?rest_route=\/wp\/v2\/media\/16508"}],"wp:attachment":[{"href":"https:\/\/oficialnoticias.com\/index.php?rest_route=%2Fwp%2Fv2%2Fmedia&parent=16507"}],"wp:term":[{"taxonomy":"category","embeddable":true,"href":"https:\/\/oficialnoticias.com\/index.php?rest_route=%2Fwp%2Fv2%2Fcategories&post=16507"},{"taxonomy":"post_tag","embeddable":true,"href":"https:\/\/oficialnoticias.com\/index.php?rest_route=%2Fwp%2Fv2%2Ftags&post=16507"}],"curies":[{"name":"wp","href":"https:\/\/api.w.org\/{rel}","templated":true}]}}