{"id":16483,"date":"2025-10-15T16:42:01","date_gmt":"2025-10-15T19:42:01","guid":{"rendered":"https:\/\/oficialnoticias.com\/?p=16483"},"modified":"2025-10-15T16:42:05","modified_gmt":"2025-10-15T19:42:05","slug":"gemea-de-serial-killer-e-indiciada-por-ajudar-irma-a-cometer-quatro-homicidios","status":"publish","type":"post","link":"https:\/\/oficialnoticias.com\/?p=16483","title":{"rendered":"G\u00eamea de \u2018serial killer\u2019 \u00e9 indiciada por ajudar irm\u00e3 a cometer quatro homic\u00eddios"},"content":{"rendered":"<p><\/p>\n<div>\n<p>A Pol\u00edcia Civil indiciou Roberta Cristina Veloso Fernandes, de 36 anos, irm\u00e3 g\u00eamea de Ana Paula Veloso Fernandes, considerada \u201cserial killer\u201d. Ana Paula \u00e9 <bsp-link-enhancement><br \/>\n    <span class=\"LinkEnhancement\"><a class=\"Link\" href=\"https:\/\/www.itatiaia.com.br\/brasil\/mulher-e-acusada-ser-serial-killer-por-matar-4-pessoas-envenenadas\" title=\"acusada de envenenar e matar quatro pessoas, entre janeiro e maio deste ano, em S\u00e3o Paulo e no Rio de Janeiro\">acusada de envenenar e matar quatro pessoas, entre janeiro e maio deste ano, em S\u00e3o Paulo e no Rio de Janeiro<\/a><\/span><\/bsp-link-enhancement>, nessa ter\u00e7a-feira (14).<\/p>\n<p>Roberta Cristina foi interrogada em Guarulhos, na Grande S\u00e3o Paulo, onde tamb\u00e9m foi responsabilizada criminalmente pelos quatro homic\u00eddios. Ela \u00e9 suspeita de ajudar a irm\u00e3 a cometer os assassinatos. Segunda a pol\u00edcia, Ana Paula, que \u00e9 estudante de direito, contou tamb\u00e9m com a ajuda de Michelle Paiva da Silva, de 43 anos, filha de uma das v\u00edtimas, nos homic\u00eddios, que tamb\u00e9m est\u00e1 presa.<\/p>\n<p>Chamada de \u201cserial killer\u201d pela PC, Ana Paula Veloso admitiu durante um depoimento ter matado Marcelo Hari Fonseca, propriet\u00e1rio do im\u00f3vel em que vivia em Guarulhos. Ela teria enfiado a faca em Marcelo ap\u00f3s uma discuss\u00e3o, mas somente acionou a pol\u00edcia cinco dias depois, quando seu filho come\u00e7ou a reclamar do cheiro forte e ela percebeu larvas caminhando pela casa.<\/p>\n<p>Os peritos n\u00e3o encontraram sinais de viol\u00eancia externa no corpo de Marcelo, que teria sido o primeiro de quatro assassinatos cometidos por envenenamento atribu\u00eddos \u00e0 universit\u00e1ria.<\/p>\n<p>Ainda segundo \u201cO Globo\u201d, Ana Paula contou que ela e a irm\u00e3 teriam feito o pagamento de R$ 2 mil para residirem nos fundos da casa, junto com dois adolescentes, filhos delas, e alguns c\u00e3es. Pouco depois, ocorreu uma discuss\u00e3o com o propriet\u00e1rio, que teria amea\u00e7ado o filho de Ana Paula e tentado invadir a \u00e1rea reservada \u00e0 fam\u00edlia.<\/p>\n<p>As quatro <bsp-link-enhancement><br \/>\n    <span class=\"LinkEnhancement\"><a class=\"Link\" href=\"https:\/\/www.itatiaia.com.br\/brasil\/serial-killer-e-suspeita-de-matar-quatro-pessoas-no-rj-e-em-sp-incluindo-namorado-e-amiga\" title=\"v\u00edtimas que foram mortas entre janeiro e maio de 2025\">v\u00edtimas que foram mortas entre janeiro e maio de 2025<\/a><\/span><\/bsp-link-enhancement>, s\u00e3o:<\/p>\n<ul>\n<li>Marcelo Hari Fonseca: morto em janeiro de 2025, em Guarulhos.<\/li>\n<li>Maria Aparecida Rodrigues: morte ocorrida entre 10 e 11 de abril em Guarulhos.<\/li>\n<li>Neil Corr\u00eaa da Silva: morte ocorrida em 26 de abril em Duque de Caxias, RJ.<\/li>\n<li>Hayder Mhazres: morte provocada em 23 de maio, em S\u00e3o Paulo.<\/li>\n<\/ul>\n<p>A Pol\u00edcia Civil investiga se Ana Paula usou agrot\u00f3xico em algum alimento para envenenar as v\u00edtimas. A universit\u00e1ria \u00e9 r\u00e9 na Justi\u00e7a pelos assassinatos.<\/p>\n<p>Em nota, a Secretaria de Seguran\u00e7a P\u00fablica de S\u00e3o Paulo informou que \u201cas equipes seguem com as oitivas das suspeitas e de testemunhas ao longo desta semana\u201d.<\/p>\n<h3><b>O que diz a defesa das irm\u00e3s?<\/b><\/h3>\n<p>Em nota enviada \u00e0 <b>Itatiaia<\/b>, o advogado Almir da Silva Sobral afirmou:<\/p>\n<p><i>\u201cAtuamos como defesa t\u00e9cnica da Sra. Ana Paula Veloso Fernandes, e, em raz\u00e3o da intensa cobertura midi\u00e1tica e das men\u00e7\u00f5es a seu nome em rela\u00e7\u00e3o aos fatos noticiados envolvendo a suposta ingest\u00e3o de subst\u00e2ncia t\u00f3xica (\u201cchumbinho\u201d) por quatro v\u00edtimas, vimos a p\u00fablico, por meio desta nota oficial, prestar os seguintes esclarecimentos, pautados no rigor t\u00e9cnico e nos princ\u00edpios basilares do Direito Penal e Processual Penal brasileiros.<\/i><\/p>\n<p><i>\u00c9 crucial sublinhar que o procedimento em curso se encontra na fase de Inqu\u00e9rito Policial \u2014 um instrumento administrativo de natureza meramente informativa, destinado a apurar a exist\u00eancia de ind\u00edcios de autoria e materialidade. Neste momento, dilig\u00eancias, per\u00edcias e depoimentos est\u00e3o sendo colhidos de forma unilateral pela Autoridade Policial. O Inqu\u00e9rito, por sua pr\u00f3pria natureza, n\u00e3o permite ainda um ju\u00edzo conclusivo sobre a verdade dos fatos, tampouco a forma\u00e7\u00e3o de culpa de qualquer pessoa.<\/i><\/p>\n<p><i>A Sra. Ana Paula, como todo cidad\u00e3o no Estado Democr\u00e1tico de Direito, est\u00e1 amparada pelo sagrado princ\u00edpio constitucional da Presun\u00e7\u00e3o de N\u00e3o Culpabilidade (art. 5\u00ba, LVII, da Constitui\u00e7\u00e3o Federal), que estabelece que ningu\u00e9m ser\u00e1 considerado culpado antes do tr\u00e2nsito em julgado de senten\u00e7a penal condenat\u00f3ria. Qualquer afirma\u00e7\u00e3o prematura sobre sua participa\u00e7\u00e3o, autoria ou responsabilidade \u00e9 uma viola\u00e7\u00e3o direta deste princ\u00edpio fundamental.<\/i><\/p>\n<p><i>Reconhecemos a gravidade dos fatos investigados e a como\u00e7\u00e3o social que geram. No entanto, o dever desta defesa \u00e9 acompanhar a investiga\u00e7\u00e3o com a seriedade e a discri\u00e7\u00e3o exigidas, zelando estritamente pelos direitos de Ana Paula. Nesta fase, em que as provas ainda est\u00e3o sendo formadas e examinadas, n\u00e3o \u00e9 poss\u00edvel, e (seria temer\u00e1rio), afirmar ou negar categoricamente qualquer tese defensiva. Nossa atua\u00e7\u00e3o se concentra em garantir o devido processo legal, a legalidade da colheita de provas e o acesso pleno aos autos, o que est\u00e1 ocorrendo pela defesa.\u201d<\/i><\/p>\n<p><bsp-list-loadmore class=\"PageListStandardG\" data-module=\"\" data-show-loadmore=\"true\" data-list-title-size=\"3\" data-list-description-size=\"3\"><\/p>\n<p>    <a class=\"AnchorLink\" title=\"leia-tambem\" name=\"leia-tambem\"\/><\/p>\n<p><\/bsp-list-loadmore><\/p><\/div>\n<p><script>\n  window.fbAsyncInit = function() {\n      FB.init({\n              appId : '1447052969554341',\n          xfbml : true,\n          version : 'v2.9'\n      });\n  };\n  (function(d, s, id){\n     var js, fjs = d.getElementsByTagName(s)[0];\n     if (d.getElementById(id)) {return;}\n     js = d.createElement(s); js.id = id;\n     js.src = \"https:\/\/connect.facebook.net\/en_US\/sdk.js\";\n     fjs.parentNode.insertBefore(js, fjs);\n   }(document, 'script', 'facebook-jssdk'));\n<\/script><br \/>\n  <\/a><\/p>\n","protected":false},"excerpt":{"rendered":"<p>A Pol\u00edcia Civil indiciou Roberta Cristina Veloso Fernandes, de 36 anos, irm\u00e3 g\u00eamea de Ana Paula Veloso Fernandes, considerada \u201cserial killer\u201d. Ana Paula \u00e9 acusada de envenenar e matar quatro pessoas, entre janeiro e maio deste ano, em S\u00e3o Paulo e no Rio de Janeiro, nessa ter\u00e7a-feira (14). Roberta Cristina foi interrogada em Guarulhos, na&#8230;<\/p>\n","protected":false},"author":2,"featured_media":16484,"comment_status":"open","ping_status":"open","sticky":false,"template":"","format":"standard","meta":{"footnotes":""},"categories":[3],"tags":[],"class_list":["post-16483","post","type-post","status-publish","format-standard","has-post-thumbnail","hentry","category-fashion"],"yoast_head":"<!-- This site is optimized with the Yoast SEO plugin v27.3 - https:\/\/yoast.com\/product\/yoast-seo-wordpress\/ -->\n<title>G\u00eamea de \u2018serial killer\u2019 \u00e9 indiciada por ajudar irm\u00e3 a cometer quatro homic\u00eddios -<\/title>\n<meta name=\"robots\" content=\"index, follow, max-snippet:-1, max-image-preview:large, max-video-preview:-1\" \/>\n<link rel=\"canonical\" href=\"https:\/\/oficialnoticias.com\/?p=16483\" \/>\n<meta property=\"og:locale\" content=\"pt_BR\" \/>\n<meta property=\"og:type\" content=\"article\" \/>\n<meta property=\"og:title\" content=\"G\u00eamea de \u2018serial killer\u2019 \u00e9 indiciada por ajudar irm\u00e3 a cometer quatro homic\u00eddios -\" \/>\n<meta property=\"og:description\" content=\"A Pol\u00edcia Civil indiciou Roberta Cristina Veloso Fernandes, de 36 anos, irm\u00e3 g\u00eamea de Ana Paula Veloso Fernandes, considerada \u201cserial killer\u201d. Ana Paula \u00e9 acusada de envenenar e matar quatro pessoas, entre janeiro e maio deste ano, em S\u00e3o Paulo e no Rio de Janeiro, nessa ter\u00e7a-feira (14). Roberta Cristina foi interrogada em Guarulhos, na...\" \/>\n<meta property=\"og:url\" content=\"https:\/\/oficialnoticias.com\/?p=16483\" \/>\n<meta property=\"article:published_time\" content=\"2025-10-15T19:42:01+00:00\" \/>\n<meta property=\"article:modified_time\" content=\"2025-10-15T19:42:05+00:00\" \/>\n<meta property=\"og:image\" content=\"https:\/\/oficialnoticias.com\/wp-content\/uploads\/2025\/10\/urlhttps3A2F2Fk2-prod-radio-itatiaia.s3.us-east-1.amazonaws.com2Fbrightspot2Fa12Fc32Ff14a0b.webp\" \/>\n\t<meta property=\"og:image:width\" content=\"1200\" \/>\n\t<meta property=\"og:image:height\" content=\"630\" \/>\n\t<meta property=\"og:image:type\" content=\"image\/webp\" \/>\n<meta name=\"author\" content=\"Luana Gon\u00e7alves\" \/>\n<meta name=\"twitter:card\" content=\"summary_large_image\" \/>\n<meta name=\"twitter:label1\" content=\"Escrito por\" \/>\n\t<meta name=\"twitter:data1\" content=\"Luana Gon\u00e7alves\" \/>\n\t<meta name=\"twitter:label2\" content=\"Est. tempo de leitura\" \/>\n\t<meta name=\"twitter:data2\" content=\"4 minutos\" \/>\n<script type=\"application\/ld+json\" class=\"yoast-schema-graph\">{\"@context\":\"https:\\\/\\\/schema.org\",\"@graph\":[{\"@type\":\"Article\",\"@id\":\"https:\\\/\\\/oficialnoticias.com\\\/?p=16483#article\",\"isPartOf\":{\"@id\":\"https:\\\/\\\/oficialnoticias.com\\\/?p=16483\"},\"author\":{\"name\":\"Luana Gon\u00e7alves\",\"@id\":\"https:\\\/\\\/oficialnoticias.com\\\/#\\\/schema\\\/person\\\/2d1dcbb6bfbc28d68171b4dc04723d4a\"},\"headline\":\"G\u00eamea de \u2018serial killer\u2019 \u00e9 indiciada por ajudar irm\u00e3 a cometer quatro homic\u00eddios\",\"datePublished\":\"2025-10-15T19:42:01+00:00\",\"dateModified\":\"2025-10-15T19:42:05+00:00\",\"mainEntityOfPage\":{\"@id\":\"https:\\\/\\\/oficialnoticias.com\\\/?p=16483\"},\"wordCount\":754,\"commentCount\":0,\"publisher\":{\"@id\":\"https:\\\/\\\/oficialnoticias.com\\\/#organization\"},\"image\":{\"@id\":\"https:\\\/\\\/oficialnoticias.com\\\/?p=16483#primaryimage\"},\"thumbnailUrl\":\"https:\\\/\\\/oficialnoticias.com\\\/wp-content\\\/uploads\\\/2025\\\/10\\\/urlhttps3A2F2Fk2-prod-radio-itatiaia.s3.us-east-1.amazonaws.com2Fbrightspot2Fa12Fc32Ff14a0b.webp\",\"articleSection\":[\"Brasil\"],\"inLanguage\":\"pt-BR\",\"potentialAction\":[{\"@type\":\"CommentAction\",\"name\":\"Comment\",\"target\":[\"https:\\\/\\\/oficialnoticias.com\\\/?p=16483#respond\"]}]},{\"@type\":\"WebPage\",\"@id\":\"https:\\\/\\\/oficialnoticias.com\\\/?p=16483\",\"url\":\"https:\\\/\\\/oficialnoticias.com\\\/?p=16483\",\"name\":\"G\u00eamea de \u2018serial killer\u2019 \u00e9 indiciada por ajudar irm\u00e3 a cometer quatro homic\u00eddios -\",\"isPartOf\":{\"@id\":\"https:\\\/\\\/oficialnoticias.com\\\/#website\"},\"primaryImageOfPage\":{\"@id\":\"https:\\\/\\\/oficialnoticias.com\\\/?p=16483#primaryimage\"},\"image\":{\"@id\":\"https:\\\/\\\/oficialnoticias.com\\\/?p=16483#primaryimage\"},\"thumbnailUrl\":\"https:\\\/\\\/oficialnoticias.com\\\/wp-content\\\/uploads\\\/2025\\\/10\\\/urlhttps3A2F2Fk2-prod-radio-itatiaia.s3.us-east-1.amazonaws.com2Fbrightspot2Fa12Fc32Ff14a0b.webp\",\"datePublished\":\"2025-10-15T19:42:01+00:00\",\"dateModified\":\"2025-10-15T19:42:05+00:00\",\"breadcrumb\":{\"@id\":\"https:\\\/\\\/oficialnoticias.com\\\/?p=16483#breadcrumb\"},\"inLanguage\":\"pt-BR\",\"potentialAction\":[{\"@type\":\"ReadAction\",\"target\":[\"https:\\\/\\\/oficialnoticias.com\\\/?p=16483\"]}]},{\"@type\":\"ImageObject\",\"inLanguage\":\"pt-BR\",\"@id\":\"https:\\\/\\\/oficialnoticias.com\\\/?p=16483#primaryimage\",\"url\":\"https:\\\/\\\/oficialnoticias.com\\\/wp-content\\\/uploads\\\/2025\\\/10\\\/urlhttps3A2F2Fk2-prod-radio-itatiaia.s3.us-east-1.amazonaws.com2Fbrightspot2Fa12Fc32Ff14a0b.webp\",\"contentUrl\":\"https:\\\/\\\/oficialnoticias.com\\\/wp-content\\\/uploads\\\/2025\\\/10\\\/urlhttps3A2F2Fk2-prod-radio-itatiaia.s3.us-east-1.amazonaws.com2Fbrightspot2Fa12Fc32Ff14a0b.webp\",\"width\":1200,\"height\":630},{\"@type\":\"BreadcrumbList\",\"@id\":\"https:\\\/\\\/oficialnoticias.com\\\/?p=16483#breadcrumb\",\"itemListElement\":[{\"@type\":\"ListItem\",\"position\":1,\"name\":\"In\u00edcio\",\"item\":\"https:\\\/\\\/oficialnoticias.com\\\/\"},{\"@type\":\"ListItem\",\"position\":2,\"name\":\"G\u00eamea de \u2018serial killer\u2019 \u00e9 indiciada por ajudar irm\u00e3 a cometer quatro homic\u00eddios\"}]},{\"@type\":\"WebSite\",\"@id\":\"https:\\\/\\\/oficialnoticias.com\\\/#website\",\"url\":\"https:\\\/\\\/oficialnoticias.com\\\/\",\"name\":\"oficial Noticias\",\"description\":\"\",\"publisher\":{\"@id\":\"https:\\\/\\\/oficialnoticias.com\\\/#organization\"},\"potentialAction\":[{\"@type\":\"SearchAction\",\"target\":{\"@type\":\"EntryPoint\",\"urlTemplate\":\"https:\\\/\\\/oficialnoticias.com\\\/?s={search_term_string}\"},\"query-input\":{\"@type\":\"PropertyValueSpecification\",\"valueRequired\":true,\"valueName\":\"search_term_string\"}}],\"inLanguage\":\"pt-BR\"},{\"@type\":\"Organization\",\"@id\":\"https:\\\/\\\/oficialnoticias.com\\\/#organization\",\"name\":\"oficial noticias\",\"url\":\"https:\\\/\\\/oficialnoticias.com\\\/\",\"logo\":{\"@type\":\"ImageObject\",\"inLanguage\":\"pt-BR\",\"@id\":\"https:\\\/\\\/oficialnoticias.com\\\/#\\\/schema\\\/logo\\\/image\\\/\",\"url\":\"https:\\\/\\\/oficialnoticias.com\\\/wp-content\\\/uploads\\\/2025\\\/08\\\/cropped-cropped-cropped-Logo-Noticias-e1753639739829.png\",\"contentUrl\":\"https:\\\/\\\/oficialnoticias.com\\\/wp-content\\\/uploads\\\/2025\\\/08\\\/cropped-cropped-cropped-Logo-Noticias-e1753639739829.png\",\"width\":119,\"height\":86,\"caption\":\"oficial noticias\"},\"image\":{\"@id\":\"https:\\\/\\\/oficialnoticias.com\\\/#\\\/schema\\\/logo\\\/image\\\/\"}},{\"@type\":\"Person\",\"@id\":\"https:\\\/\\\/oficialnoticias.com\\\/#\\\/schema\\\/person\\\/2d1dcbb6bfbc28d68171b4dc04723d4a\",\"name\":\"Luana Gon\u00e7alves\",\"image\":{\"@type\":\"ImageObject\",\"inLanguage\":\"pt-BR\",\"@id\":\"https:\\\/\\\/secure.gravatar.com\\\/avatar\\\/7aa6afdef873224c1a0265951f3fdfc0679f65dfbd15f018612595d323c52521?s=96&d=mm&r=g\",\"url\":\"https:\\\/\\\/secure.gravatar.com\\\/avatar\\\/7aa6afdef873224c1a0265951f3fdfc0679f65dfbd15f018612595d323c52521?s=96&d=mm&r=g\",\"contentUrl\":\"https:\\\/\\\/secure.gravatar.com\\\/avatar\\\/7aa6afdef873224c1a0265951f3fdfc0679f65dfbd15f018612595d323c52521?s=96&d=mm&r=g\",\"caption\":\"Luana Gon\u00e7alves\"},\"sameAs\":[\"https:\\\/\\\/oficialnoticias.com\\\/\"],\"url\":\"https:\\\/\\\/oficialnoticias.com\\\/?author=2\"}]}<\/script>\n<!-- \/ Yoast SEO plugin. -->","yoast_head_json":{"title":"G\u00eamea de \u2018serial killer\u2019 \u00e9 indiciada por ajudar irm\u00e3 a cometer quatro homic\u00eddios -","robots":{"index":"index","follow":"follow","max-snippet":"max-snippet:-1","max-image-preview":"max-image-preview:large","max-video-preview":"max-video-preview:-1"},"canonical":"https:\/\/oficialnoticias.com\/?p=16483","og_locale":"pt_BR","og_type":"article","og_title":"G\u00eamea de \u2018serial killer\u2019 \u00e9 indiciada por ajudar irm\u00e3 a cometer quatro homic\u00eddios -","og_description":"A Pol\u00edcia Civil indiciou Roberta Cristina Veloso Fernandes, de 36 anos, irm\u00e3 g\u00eamea de Ana Paula Veloso Fernandes, considerada \u201cserial killer\u201d. Ana Paula \u00e9 acusada de envenenar e matar quatro pessoas, entre janeiro e maio deste ano, em S\u00e3o Paulo e no Rio de Janeiro, nessa ter\u00e7a-feira (14). Roberta Cristina foi interrogada em Guarulhos, na...","og_url":"https:\/\/oficialnoticias.com\/?p=16483","article_published_time":"2025-10-15T19:42:01+00:00","article_modified_time":"2025-10-15T19:42:05+00:00","og_image":[{"width":1200,"height":630,"url":"https:\/\/oficialnoticias.com\/wp-content\/uploads\/2025\/10\/urlhttps3A2F2Fk2-prod-radio-itatiaia.s3.us-east-1.amazonaws.com2Fbrightspot2Fa12Fc32Ff14a0b.webp","type":"image\/webp"}],"author":"Luana Gon\u00e7alves","twitter_card":"summary_large_image","twitter_misc":{"Escrito por":"Luana Gon\u00e7alves","Est. tempo de leitura":"4 minutos"},"schema":{"@context":"https:\/\/schema.org","@graph":[{"@type":"Article","@id":"https:\/\/oficialnoticias.com\/?p=16483#article","isPartOf":{"@id":"https:\/\/oficialnoticias.com\/?p=16483"},"author":{"name":"Luana Gon\u00e7alves","@id":"https:\/\/oficialnoticias.com\/#\/schema\/person\/2d1dcbb6bfbc28d68171b4dc04723d4a"},"headline":"G\u00eamea de \u2018serial killer\u2019 \u00e9 indiciada por ajudar irm\u00e3 a cometer quatro homic\u00eddios","datePublished":"2025-10-15T19:42:01+00:00","dateModified":"2025-10-15T19:42:05+00:00","mainEntityOfPage":{"@id":"https:\/\/oficialnoticias.com\/?p=16483"},"wordCount":754,"commentCount":0,"publisher":{"@id":"https:\/\/oficialnoticias.com\/#organization"},"image":{"@id":"https:\/\/oficialnoticias.com\/?p=16483#primaryimage"},"thumbnailUrl":"https:\/\/oficialnoticias.com\/wp-content\/uploads\/2025\/10\/urlhttps3A2F2Fk2-prod-radio-itatiaia.s3.us-east-1.amazonaws.com2Fbrightspot2Fa12Fc32Ff14a0b.webp","articleSection":["Brasil"],"inLanguage":"pt-BR","potentialAction":[{"@type":"CommentAction","name":"Comment","target":["https:\/\/oficialnoticias.com\/?p=16483#respond"]}]},{"@type":"WebPage","@id":"https:\/\/oficialnoticias.com\/?p=16483","url":"https:\/\/oficialnoticias.com\/?p=16483","name":"G\u00eamea de \u2018serial killer\u2019 \u00e9 indiciada por ajudar irm\u00e3 a cometer quatro homic\u00eddios -","isPartOf":{"@id":"https:\/\/oficialnoticias.com\/#website"},"primaryImageOfPage":{"@id":"https:\/\/oficialnoticias.com\/?p=16483#primaryimage"},"image":{"@id":"https:\/\/oficialnoticias.com\/?p=16483#primaryimage"},"thumbnailUrl":"https:\/\/oficialnoticias.com\/wp-content\/uploads\/2025\/10\/urlhttps3A2F2Fk2-prod-radio-itatiaia.s3.us-east-1.amazonaws.com2Fbrightspot2Fa12Fc32Ff14a0b.webp","datePublished":"2025-10-15T19:42:01+00:00","dateModified":"2025-10-15T19:42:05+00:00","breadcrumb":{"@id":"https:\/\/oficialnoticias.com\/?p=16483#breadcrumb"},"inLanguage":"pt-BR","potentialAction":[{"@type":"ReadAction","target":["https:\/\/oficialnoticias.com\/?p=16483"]}]},{"@type":"ImageObject","inLanguage":"pt-BR","@id":"https:\/\/oficialnoticias.com\/?p=16483#primaryimage","url":"https:\/\/oficialnoticias.com\/wp-content\/uploads\/2025\/10\/urlhttps3A2F2Fk2-prod-radio-itatiaia.s3.us-east-1.amazonaws.com2Fbrightspot2Fa12Fc32Ff14a0b.webp","contentUrl":"https:\/\/oficialnoticias.com\/wp-content\/uploads\/2025\/10\/urlhttps3A2F2Fk2-prod-radio-itatiaia.s3.us-east-1.amazonaws.com2Fbrightspot2Fa12Fc32Ff14a0b.webp","width":1200,"height":630},{"@type":"BreadcrumbList","@id":"https:\/\/oficialnoticias.com\/?p=16483#breadcrumb","itemListElement":[{"@type":"ListItem","position":1,"name":"In\u00edcio","item":"https:\/\/oficialnoticias.com\/"},{"@type":"ListItem","position":2,"name":"G\u00eamea de \u2018serial killer\u2019 \u00e9 indiciada por ajudar irm\u00e3 a cometer quatro homic\u00eddios"}]},{"@type":"WebSite","@id":"https:\/\/oficialnoticias.com\/#website","url":"https:\/\/oficialnoticias.com\/","name":"oficial Noticias","description":"","publisher":{"@id":"https:\/\/oficialnoticias.com\/#organization"},"potentialAction":[{"@type":"SearchAction","target":{"@type":"EntryPoint","urlTemplate":"https:\/\/oficialnoticias.com\/?s={search_term_string}"},"query-input":{"@type":"PropertyValueSpecification","valueRequired":true,"valueName":"search_term_string"}}],"inLanguage":"pt-BR"},{"@type":"Organization","@id":"https:\/\/oficialnoticias.com\/#organization","name":"oficial noticias","url":"https:\/\/oficialnoticias.com\/","logo":{"@type":"ImageObject","inLanguage":"pt-BR","@id":"https:\/\/oficialnoticias.com\/#\/schema\/logo\/image\/","url":"https:\/\/oficialnoticias.com\/wp-content\/uploads\/2025\/08\/cropped-cropped-cropped-Logo-Noticias-e1753639739829.png","contentUrl":"https:\/\/oficialnoticias.com\/wp-content\/uploads\/2025\/08\/cropped-cropped-cropped-Logo-Noticias-e1753639739829.png","width":119,"height":86,"caption":"oficial noticias"},"image":{"@id":"https:\/\/oficialnoticias.com\/#\/schema\/logo\/image\/"}},{"@type":"Person","@id":"https:\/\/oficialnoticias.com\/#\/schema\/person\/2d1dcbb6bfbc28d68171b4dc04723d4a","name":"Luana Gon\u00e7alves","image":{"@type":"ImageObject","inLanguage":"pt-BR","@id":"https:\/\/secure.gravatar.com\/avatar\/7aa6afdef873224c1a0265951f3fdfc0679f65dfbd15f018612595d323c52521?s=96&d=mm&r=g","url":"https:\/\/secure.gravatar.com\/avatar\/7aa6afdef873224c1a0265951f3fdfc0679f65dfbd15f018612595d323c52521?s=96&d=mm&r=g","contentUrl":"https:\/\/secure.gravatar.com\/avatar\/7aa6afdef873224c1a0265951f3fdfc0679f65dfbd15f018612595d323c52521?s=96&d=mm&r=g","caption":"Luana Gon\u00e7alves"},"sameAs":["https:\/\/oficialnoticias.com\/"],"url":"https:\/\/oficialnoticias.com\/?author=2"}]}},"_links":{"self":[{"href":"https:\/\/oficialnoticias.com\/index.php?rest_route=\/wp\/v2\/posts\/16483","targetHints":{"allow":["GET"]}}],"collection":[{"href":"https:\/\/oficialnoticias.com\/index.php?rest_route=\/wp\/v2\/posts"}],"about":[{"href":"https:\/\/oficialnoticias.com\/index.php?rest_route=\/wp\/v2\/types\/post"}],"author":[{"embeddable":true,"href":"https:\/\/oficialnoticias.com\/index.php?rest_route=\/wp\/v2\/users\/2"}],"replies":[{"embeddable":true,"href":"https:\/\/oficialnoticias.com\/index.php?rest_route=%2Fwp%2Fv2%2Fcomments&post=16483"}],"version-history":[{"count":1,"href":"https:\/\/oficialnoticias.com\/index.php?rest_route=\/wp\/v2\/posts\/16483\/revisions"}],"predecessor-version":[{"id":16485,"href":"https:\/\/oficialnoticias.com\/index.php?rest_route=\/wp\/v2\/posts\/16483\/revisions\/16485"}],"wp:featuredmedia":[{"embeddable":true,"href":"https:\/\/oficialnoticias.com\/index.php?rest_route=\/wp\/v2\/media\/16484"}],"wp:attachment":[{"href":"https:\/\/oficialnoticias.com\/index.php?rest_route=%2Fwp%2Fv2%2Fmedia&parent=16483"}],"wp:term":[{"taxonomy":"category","embeddable":true,"href":"https:\/\/oficialnoticias.com\/index.php?rest_route=%2Fwp%2Fv2%2Fcategories&post=16483"},{"taxonomy":"post_tag","embeddable":true,"href":"https:\/\/oficialnoticias.com\/index.php?rest_route=%2Fwp%2Fv2%2Ftags&post=16483"}],"curies":[{"name":"wp","href":"https:\/\/api.w.org\/{rel}","templated":true}]}}