{"id":16417,"date":"2025-10-15T10:53:50","date_gmt":"2025-10-15T13:53:50","guid":{"rendered":"https:\/\/oficialnoticias.com\/?p=16417"},"modified":"2025-10-15T10:53:54","modified_gmt":"2025-10-15T13:53:54","slug":"cpmi-do-inss-vai-votar-convocacao-frei-chico-apos-bloqueio-de-r-390-mi-do-sindicato","status":"publish","type":"post","link":"https:\/\/oficialnoticias.com\/?p=16417","title":{"rendered":"CPMI do INSS vai votar convoca\u00e7\u00e3o Frei Chico ap\u00f3s bloqueio de R$ 390 mi do sindicato"},"content":{"rendered":"<p><\/p>\n<div>\n<p>O presidente da Comiss\u00e3o Parlamentar Mista de Inqu\u00e9rito (CPMI) do INSS, senador Carlos Viana (Podemos-MG), anunciou que vai pautar na quinta-feira (16) a convoca\u00e7\u00e3o de Frei Chico, irm\u00e3o do presidente Luiz In\u00e1cio Lula da Silva, para prestar depoimento \u00e0 comiss\u00e3o.<\/p>\n<p>Frei Chico \u00e9 vice-presidente do Sindicato Nacional dos Aposentados, Pensionistas e Idosos (Sindnapi), entidade que est\u00e1 no centro das investiga\u00e7\u00f5es sobre desvios de recursos de benef\u00edcios previdenci\u00e1rios. A Pol\u00edcia Federal apura o envio de dinheiro do INSS para empresas de fachada e familiares de dirigentes do sindicato.<\/p>\n<p><bsp-list-loadmore class=\"PageListStandardG\" data-module=\"\" data-show-loadmore=\"true\" data-list-title-size=\"3\" data-list-description-size=\"3\"><\/p>\n<p>    <a class=\"AnchorLink\" title=\"leia-tambem\" name=\"leia-tambem\"\/><\/p>\n<p><\/bsp-list-loadmore><\/p>\n<p>Nesta semana, o ministro Andr\u00e9 Mendon\u00e7a, do Supremo Tribunal Federal (STF), determinou o bloqueio de R$ 390 milh\u00f5es do Sindnapi. O valor corresponde aos descontos feitos em benef\u00edcios entre 2021 e janeiro deste ano.<\/p>\n<p>Segundo o senador Carlos Viana, a convoca\u00e7\u00e3o de Frei Chico integra um conjunto de oitivas destinadas a esclarecer o envolvimento de entidades e associa\u00e7\u00f5es no esquema de descontos indevidos em aposentadorias e pens\u00f5es.<\/p>\n<p>O requerimento ser\u00e1 analisado pelos parlamentares a partir das 9h, em sess\u00e3o deliberativa da CPMI.<\/p>\n<p>Frei Chico, que \u00e9 irm\u00e3o do presidente Lula, n\u00e3o \u00e9 investigado pela Pol\u00edcia Federal, mas ocupa um dos cargos de dire\u00e7\u00e3o do sindicato que teve os recursos bloqueados por ordem do STF. A entidade nega qualquer irregularidade.<\/p>\n<\/p><\/div>\n<p><script>\n  window.fbAsyncInit = function() {\n      FB.init({\n              appId : '1447052969554341',\n          xfbml : true,\n          version : 'v2.9'\n      });\n  };\n  (function(d, s, id){\n     var js, fjs = d.getElementsByTagName(s)[0];\n     if (d.getElementById(id)) {return;}\n     js = d.createElement(s); js.id = id;\n     js.src = \"https:\/\/connect.facebook.net\/en_US\/sdk.js\";\n     fjs.parentNode.insertBefore(js, fjs);\n   }(document, 'script', 'facebook-jssdk'));\n<\/script><\/p>\n","protected":false},"excerpt":{"rendered":"<p>O presidente da Comiss\u00e3o Parlamentar Mista de Inqu\u00e9rito (CPMI) do INSS, senador Carlos Viana (Podemos-MG), anunciou que vai pautar na quinta-feira (16) a convoca\u00e7\u00e3o de Frei Chico, irm\u00e3o do presidente Luiz In\u00e1cio Lula da Silva, para prestar depoimento \u00e0 comiss\u00e3o. Frei Chico \u00e9 vice-presidente do Sindicato Nacional dos Aposentados, Pensionistas e Idosos (Sindnapi), entidade que&#8230;<\/p>\n","protected":false},"author":2,"featured_media":16418,"comment_status":"open","ping_status":"open","sticky":false,"template":"","format":"standard","meta":{"footnotes":""},"categories":[24],"tags":[],"class_list":["post-16417","post","type-post","status-publish","format-standard","has-post-thumbnail","hentry","category-politica"],"yoast_head":"<!-- This site is optimized with the Yoast SEO plugin v27.3 - https:\/\/yoast.com\/product\/yoast-seo-wordpress\/ -->\n<title>CPMI do INSS vai votar convoca\u00e7\u00e3o Frei Chico ap\u00f3s bloqueio de R$ 390 mi do sindicato -<\/title>\n<meta name=\"robots\" content=\"index, follow, max-snippet:-1, max-image-preview:large, max-video-preview:-1\" \/>\n<link rel=\"canonical\" href=\"https:\/\/oficialnoticias.com\/?p=16417\" \/>\n<meta property=\"og:locale\" content=\"pt_BR\" \/>\n<meta property=\"og:type\" content=\"article\" \/>\n<meta property=\"og:title\" content=\"CPMI do INSS vai votar convoca\u00e7\u00e3o Frei Chico ap\u00f3s bloqueio de R$ 390 mi do sindicato -\" \/>\n<meta property=\"og:description\" content=\"O presidente da Comiss\u00e3o Parlamentar Mista de Inqu\u00e9rito (CPMI) do INSS, senador Carlos Viana (Podemos-MG), anunciou que vai pautar na quinta-feira (16) a convoca\u00e7\u00e3o de Frei Chico, irm\u00e3o do presidente Luiz In\u00e1cio Lula da Silva, para prestar depoimento \u00e0 comiss\u00e3o. Frei Chico \u00e9 vice-presidente do Sindicato Nacional dos Aposentados, Pensionistas e Idosos (Sindnapi), entidade que...\" \/>\n<meta property=\"og:url\" content=\"https:\/\/oficialnoticias.com\/?p=16417\" \/>\n<meta property=\"article:published_time\" content=\"2025-10-15T13:53:50+00:00\" \/>\n<meta property=\"article:modified_time\" content=\"2025-10-15T13:53:54+00:00\" \/>\n<meta property=\"og:image\" content=\"https:\/\/oficialnoticias.com\/wp-content\/uploads\/2025\/10\/urlhttps3A2F2Fk2-prod-radio-itatiaia.s3.us-east-1.amazonaws.com2Fbrightspot2Fe52Ff82Fab49ac.webp\" \/>\n\t<meta property=\"og:image:width\" content=\"1200\" \/>\n\t<meta property=\"og:image:height\" content=\"630\" \/>\n\t<meta property=\"og:image:type\" content=\"image\/webp\" \/>\n<meta name=\"author\" content=\"Luana Gon\u00e7alves\" \/>\n<meta name=\"twitter:card\" content=\"summary_large_image\" \/>\n<meta name=\"twitter:label1\" content=\"Escrito por\" \/>\n\t<meta name=\"twitter:data1\" content=\"Luana Gon\u00e7alves\" \/>\n\t<meta name=\"twitter:label2\" content=\"Est. tempo de leitura\" \/>\n\t<meta name=\"twitter:data2\" content=\"1 minuto\" \/>\n<script type=\"application\/ld+json\" class=\"yoast-schema-graph\">{\"@context\":\"https:\\\/\\\/schema.org\",\"@graph\":[{\"@type\":\"Article\",\"@id\":\"https:\\\/\\\/oficialnoticias.com\\\/?p=16417#article\",\"isPartOf\":{\"@id\":\"https:\\\/\\\/oficialnoticias.com\\\/?p=16417\"},\"author\":{\"name\":\"Luana Gon\u00e7alves\",\"@id\":\"https:\\\/\\\/oficialnoticias.com\\\/#\\\/schema\\\/person\\\/2d1dcbb6bfbc28d68171b4dc04723d4a\"},\"headline\":\"CPMI do INSS vai votar convoca\u00e7\u00e3o Frei Chico ap\u00f3s bloqueio de R$ 390 mi do sindicato\",\"datePublished\":\"2025-10-15T13:53:50+00:00\",\"dateModified\":\"2025-10-15T13:53:54+00:00\",\"mainEntityOfPage\":{\"@id\":\"https:\\\/\\\/oficialnoticias.com\\\/?p=16417\"},\"wordCount\":237,\"commentCount\":0,\"publisher\":{\"@id\":\"https:\\\/\\\/oficialnoticias.com\\\/#organization\"},\"image\":{\"@id\":\"https:\\\/\\\/oficialnoticias.com\\\/?p=16417#primaryimage\"},\"thumbnailUrl\":\"https:\\\/\\\/oficialnoticias.com\\\/wp-content\\\/uploads\\\/2025\\\/10\\\/urlhttps3A2F2Fk2-prod-radio-itatiaia.s3.us-east-1.amazonaws.com2Fbrightspot2Fe52Ff82Fab49ac.webp\",\"articleSection\":[\"Politica\"],\"inLanguage\":\"pt-BR\",\"potentialAction\":[{\"@type\":\"CommentAction\",\"name\":\"Comment\",\"target\":[\"https:\\\/\\\/oficialnoticias.com\\\/?p=16417#respond\"]}]},{\"@type\":\"WebPage\",\"@id\":\"https:\\\/\\\/oficialnoticias.com\\\/?p=16417\",\"url\":\"https:\\\/\\\/oficialnoticias.com\\\/?p=16417\",\"name\":\"CPMI do INSS vai votar convoca\u00e7\u00e3o Frei Chico ap\u00f3s bloqueio de R$ 390 mi do sindicato -\",\"isPartOf\":{\"@id\":\"https:\\\/\\\/oficialnoticias.com\\\/#website\"},\"primaryImageOfPage\":{\"@id\":\"https:\\\/\\\/oficialnoticias.com\\\/?p=16417#primaryimage\"},\"image\":{\"@id\":\"https:\\\/\\\/oficialnoticias.com\\\/?p=16417#primaryimage\"},\"thumbnailUrl\":\"https:\\\/\\\/oficialnoticias.com\\\/wp-content\\\/uploads\\\/2025\\\/10\\\/urlhttps3A2F2Fk2-prod-radio-itatiaia.s3.us-east-1.amazonaws.com2Fbrightspot2Fe52Ff82Fab49ac.webp\",\"datePublished\":\"2025-10-15T13:53:50+00:00\",\"dateModified\":\"2025-10-15T13:53:54+00:00\",\"breadcrumb\":{\"@id\":\"https:\\\/\\\/oficialnoticias.com\\\/?p=16417#breadcrumb\"},\"inLanguage\":\"pt-BR\",\"potentialAction\":[{\"@type\":\"ReadAction\",\"target\":[\"https:\\\/\\\/oficialnoticias.com\\\/?p=16417\"]}]},{\"@type\":\"ImageObject\",\"inLanguage\":\"pt-BR\",\"@id\":\"https:\\\/\\\/oficialnoticias.com\\\/?p=16417#primaryimage\",\"url\":\"https:\\\/\\\/oficialnoticias.com\\\/wp-content\\\/uploads\\\/2025\\\/10\\\/urlhttps3A2F2Fk2-prod-radio-itatiaia.s3.us-east-1.amazonaws.com2Fbrightspot2Fe52Ff82Fab49ac.webp\",\"contentUrl\":\"https:\\\/\\\/oficialnoticias.com\\\/wp-content\\\/uploads\\\/2025\\\/10\\\/urlhttps3A2F2Fk2-prod-radio-itatiaia.s3.us-east-1.amazonaws.com2Fbrightspot2Fe52Ff82Fab49ac.webp\",\"width\":1200,\"height\":630},{\"@type\":\"BreadcrumbList\",\"@id\":\"https:\\\/\\\/oficialnoticias.com\\\/?p=16417#breadcrumb\",\"itemListElement\":[{\"@type\":\"ListItem\",\"position\":1,\"name\":\"In\u00edcio\",\"item\":\"https:\\\/\\\/oficialnoticias.com\\\/\"},{\"@type\":\"ListItem\",\"position\":2,\"name\":\"CPMI do INSS vai votar convoca\u00e7\u00e3o Frei Chico ap\u00f3s bloqueio de R$ 390 mi do sindicato\"}]},{\"@type\":\"WebSite\",\"@id\":\"https:\\\/\\\/oficialnoticias.com\\\/#website\",\"url\":\"https:\\\/\\\/oficialnoticias.com\\\/\",\"name\":\"oficial Noticias\",\"description\":\"\",\"publisher\":{\"@id\":\"https:\\\/\\\/oficialnoticias.com\\\/#organization\"},\"potentialAction\":[{\"@type\":\"SearchAction\",\"target\":{\"@type\":\"EntryPoint\",\"urlTemplate\":\"https:\\\/\\\/oficialnoticias.com\\\/?s={search_term_string}\"},\"query-input\":{\"@type\":\"PropertyValueSpecification\",\"valueRequired\":true,\"valueName\":\"search_term_string\"}}],\"inLanguage\":\"pt-BR\"},{\"@type\":\"Organization\",\"@id\":\"https:\\\/\\\/oficialnoticias.com\\\/#organization\",\"name\":\"oficial noticias\",\"url\":\"https:\\\/\\\/oficialnoticias.com\\\/\",\"logo\":{\"@type\":\"ImageObject\",\"inLanguage\":\"pt-BR\",\"@id\":\"https:\\\/\\\/oficialnoticias.com\\\/#\\\/schema\\\/logo\\\/image\\\/\",\"url\":\"https:\\\/\\\/oficialnoticias.com\\\/wp-content\\\/uploads\\\/2025\\\/08\\\/cropped-cropped-cropped-Logo-Noticias-e1753639739829.png\",\"contentUrl\":\"https:\\\/\\\/oficialnoticias.com\\\/wp-content\\\/uploads\\\/2025\\\/08\\\/cropped-cropped-cropped-Logo-Noticias-e1753639739829.png\",\"width\":119,\"height\":86,\"caption\":\"oficial noticias\"},\"image\":{\"@id\":\"https:\\\/\\\/oficialnoticias.com\\\/#\\\/schema\\\/logo\\\/image\\\/\"}},{\"@type\":\"Person\",\"@id\":\"https:\\\/\\\/oficialnoticias.com\\\/#\\\/schema\\\/person\\\/2d1dcbb6bfbc28d68171b4dc04723d4a\",\"name\":\"Luana Gon\u00e7alves\",\"image\":{\"@type\":\"ImageObject\",\"inLanguage\":\"pt-BR\",\"@id\":\"https:\\\/\\\/secure.gravatar.com\\\/avatar\\\/7aa6afdef873224c1a0265951f3fdfc0679f65dfbd15f018612595d323c52521?s=96&d=mm&r=g\",\"url\":\"https:\\\/\\\/secure.gravatar.com\\\/avatar\\\/7aa6afdef873224c1a0265951f3fdfc0679f65dfbd15f018612595d323c52521?s=96&d=mm&r=g\",\"contentUrl\":\"https:\\\/\\\/secure.gravatar.com\\\/avatar\\\/7aa6afdef873224c1a0265951f3fdfc0679f65dfbd15f018612595d323c52521?s=96&d=mm&r=g\",\"caption\":\"Luana Gon\u00e7alves\"},\"sameAs\":[\"https:\\\/\\\/oficialnoticias.com\\\/\"],\"url\":\"https:\\\/\\\/oficialnoticias.com\\\/?author=2\"}]}<\/script>\n<!-- \/ Yoast SEO plugin. -->","yoast_head_json":{"title":"CPMI do INSS vai votar convoca\u00e7\u00e3o Frei Chico ap\u00f3s bloqueio de R$ 390 mi do sindicato -","robots":{"index":"index","follow":"follow","max-snippet":"max-snippet:-1","max-image-preview":"max-image-preview:large","max-video-preview":"max-video-preview:-1"},"canonical":"https:\/\/oficialnoticias.com\/?p=16417","og_locale":"pt_BR","og_type":"article","og_title":"CPMI do INSS vai votar convoca\u00e7\u00e3o Frei Chico ap\u00f3s bloqueio de R$ 390 mi do sindicato -","og_description":"O presidente da Comiss\u00e3o Parlamentar Mista de Inqu\u00e9rito (CPMI) do INSS, senador Carlos Viana (Podemos-MG), anunciou que vai pautar na quinta-feira (16) a convoca\u00e7\u00e3o de Frei Chico, irm\u00e3o do presidente Luiz In\u00e1cio Lula da Silva, para prestar depoimento \u00e0 comiss\u00e3o. Frei Chico \u00e9 vice-presidente do Sindicato Nacional dos Aposentados, Pensionistas e Idosos (Sindnapi), entidade que...","og_url":"https:\/\/oficialnoticias.com\/?p=16417","article_published_time":"2025-10-15T13:53:50+00:00","article_modified_time":"2025-10-15T13:53:54+00:00","og_image":[{"width":1200,"height":630,"url":"https:\/\/oficialnoticias.com\/wp-content\/uploads\/2025\/10\/urlhttps3A2F2Fk2-prod-radio-itatiaia.s3.us-east-1.amazonaws.com2Fbrightspot2Fe52Ff82Fab49ac.webp","type":"image\/webp"}],"author":"Luana Gon\u00e7alves","twitter_card":"summary_large_image","twitter_misc":{"Escrito por":"Luana Gon\u00e7alves","Est. tempo de leitura":"1 minuto"},"schema":{"@context":"https:\/\/schema.org","@graph":[{"@type":"Article","@id":"https:\/\/oficialnoticias.com\/?p=16417#article","isPartOf":{"@id":"https:\/\/oficialnoticias.com\/?p=16417"},"author":{"name":"Luana Gon\u00e7alves","@id":"https:\/\/oficialnoticias.com\/#\/schema\/person\/2d1dcbb6bfbc28d68171b4dc04723d4a"},"headline":"CPMI do INSS vai votar convoca\u00e7\u00e3o Frei Chico ap\u00f3s bloqueio de R$ 390 mi do sindicato","datePublished":"2025-10-15T13:53:50+00:00","dateModified":"2025-10-15T13:53:54+00:00","mainEntityOfPage":{"@id":"https:\/\/oficialnoticias.com\/?p=16417"},"wordCount":237,"commentCount":0,"publisher":{"@id":"https:\/\/oficialnoticias.com\/#organization"},"image":{"@id":"https:\/\/oficialnoticias.com\/?p=16417#primaryimage"},"thumbnailUrl":"https:\/\/oficialnoticias.com\/wp-content\/uploads\/2025\/10\/urlhttps3A2F2Fk2-prod-radio-itatiaia.s3.us-east-1.amazonaws.com2Fbrightspot2Fe52Ff82Fab49ac.webp","articleSection":["Politica"],"inLanguage":"pt-BR","potentialAction":[{"@type":"CommentAction","name":"Comment","target":["https:\/\/oficialnoticias.com\/?p=16417#respond"]}]},{"@type":"WebPage","@id":"https:\/\/oficialnoticias.com\/?p=16417","url":"https:\/\/oficialnoticias.com\/?p=16417","name":"CPMI do INSS vai votar convoca\u00e7\u00e3o Frei Chico ap\u00f3s bloqueio de R$ 390 mi do sindicato -","isPartOf":{"@id":"https:\/\/oficialnoticias.com\/#website"},"primaryImageOfPage":{"@id":"https:\/\/oficialnoticias.com\/?p=16417#primaryimage"},"image":{"@id":"https:\/\/oficialnoticias.com\/?p=16417#primaryimage"},"thumbnailUrl":"https:\/\/oficialnoticias.com\/wp-content\/uploads\/2025\/10\/urlhttps3A2F2Fk2-prod-radio-itatiaia.s3.us-east-1.amazonaws.com2Fbrightspot2Fe52Ff82Fab49ac.webp","datePublished":"2025-10-15T13:53:50+00:00","dateModified":"2025-10-15T13:53:54+00:00","breadcrumb":{"@id":"https:\/\/oficialnoticias.com\/?p=16417#breadcrumb"},"inLanguage":"pt-BR","potentialAction":[{"@type":"ReadAction","target":["https:\/\/oficialnoticias.com\/?p=16417"]}]},{"@type":"ImageObject","inLanguage":"pt-BR","@id":"https:\/\/oficialnoticias.com\/?p=16417#primaryimage","url":"https:\/\/oficialnoticias.com\/wp-content\/uploads\/2025\/10\/urlhttps3A2F2Fk2-prod-radio-itatiaia.s3.us-east-1.amazonaws.com2Fbrightspot2Fe52Ff82Fab49ac.webp","contentUrl":"https:\/\/oficialnoticias.com\/wp-content\/uploads\/2025\/10\/urlhttps3A2F2Fk2-prod-radio-itatiaia.s3.us-east-1.amazonaws.com2Fbrightspot2Fe52Ff82Fab49ac.webp","width":1200,"height":630},{"@type":"BreadcrumbList","@id":"https:\/\/oficialnoticias.com\/?p=16417#breadcrumb","itemListElement":[{"@type":"ListItem","position":1,"name":"In\u00edcio","item":"https:\/\/oficialnoticias.com\/"},{"@type":"ListItem","position":2,"name":"CPMI do INSS vai votar convoca\u00e7\u00e3o Frei Chico ap\u00f3s bloqueio de R$ 390 mi do sindicato"}]},{"@type":"WebSite","@id":"https:\/\/oficialnoticias.com\/#website","url":"https:\/\/oficialnoticias.com\/","name":"oficial Noticias","description":"","publisher":{"@id":"https:\/\/oficialnoticias.com\/#organization"},"potentialAction":[{"@type":"SearchAction","target":{"@type":"EntryPoint","urlTemplate":"https:\/\/oficialnoticias.com\/?s={search_term_string}"},"query-input":{"@type":"PropertyValueSpecification","valueRequired":true,"valueName":"search_term_string"}}],"inLanguage":"pt-BR"},{"@type":"Organization","@id":"https:\/\/oficialnoticias.com\/#organization","name":"oficial noticias","url":"https:\/\/oficialnoticias.com\/","logo":{"@type":"ImageObject","inLanguage":"pt-BR","@id":"https:\/\/oficialnoticias.com\/#\/schema\/logo\/image\/","url":"https:\/\/oficialnoticias.com\/wp-content\/uploads\/2025\/08\/cropped-cropped-cropped-Logo-Noticias-e1753639739829.png","contentUrl":"https:\/\/oficialnoticias.com\/wp-content\/uploads\/2025\/08\/cropped-cropped-cropped-Logo-Noticias-e1753639739829.png","width":119,"height":86,"caption":"oficial noticias"},"image":{"@id":"https:\/\/oficialnoticias.com\/#\/schema\/logo\/image\/"}},{"@type":"Person","@id":"https:\/\/oficialnoticias.com\/#\/schema\/person\/2d1dcbb6bfbc28d68171b4dc04723d4a","name":"Luana Gon\u00e7alves","image":{"@type":"ImageObject","inLanguage":"pt-BR","@id":"https:\/\/secure.gravatar.com\/avatar\/7aa6afdef873224c1a0265951f3fdfc0679f65dfbd15f018612595d323c52521?s=96&d=mm&r=g","url":"https:\/\/secure.gravatar.com\/avatar\/7aa6afdef873224c1a0265951f3fdfc0679f65dfbd15f018612595d323c52521?s=96&d=mm&r=g","contentUrl":"https:\/\/secure.gravatar.com\/avatar\/7aa6afdef873224c1a0265951f3fdfc0679f65dfbd15f018612595d323c52521?s=96&d=mm&r=g","caption":"Luana Gon\u00e7alves"},"sameAs":["https:\/\/oficialnoticias.com\/"],"url":"https:\/\/oficialnoticias.com\/?author=2"}]}},"_links":{"self":[{"href":"https:\/\/oficialnoticias.com\/index.php?rest_route=\/wp\/v2\/posts\/16417","targetHints":{"allow":["GET"]}}],"collection":[{"href":"https:\/\/oficialnoticias.com\/index.php?rest_route=\/wp\/v2\/posts"}],"about":[{"href":"https:\/\/oficialnoticias.com\/index.php?rest_route=\/wp\/v2\/types\/post"}],"author":[{"embeddable":true,"href":"https:\/\/oficialnoticias.com\/index.php?rest_route=\/wp\/v2\/users\/2"}],"replies":[{"embeddable":true,"href":"https:\/\/oficialnoticias.com\/index.php?rest_route=%2Fwp%2Fv2%2Fcomments&post=16417"}],"version-history":[{"count":1,"href":"https:\/\/oficialnoticias.com\/index.php?rest_route=\/wp\/v2\/posts\/16417\/revisions"}],"predecessor-version":[{"id":16419,"href":"https:\/\/oficialnoticias.com\/index.php?rest_route=\/wp\/v2\/posts\/16417\/revisions\/16419"}],"wp:featuredmedia":[{"embeddable":true,"href":"https:\/\/oficialnoticias.com\/index.php?rest_route=\/wp\/v2\/media\/16418"}],"wp:attachment":[{"href":"https:\/\/oficialnoticias.com\/index.php?rest_route=%2Fwp%2Fv2%2Fmedia&parent=16417"}],"wp:term":[{"taxonomy":"category","embeddable":true,"href":"https:\/\/oficialnoticias.com\/index.php?rest_route=%2Fwp%2Fv2%2Fcategories&post=16417"},{"taxonomy":"post_tag","embeddable":true,"href":"https:\/\/oficialnoticias.com\/index.php?rest_route=%2Fwp%2Fv2%2Ftags&post=16417"}],"curies":[{"name":"wp","href":"https:\/\/api.w.org\/{rel}","templated":true}]}}