{"id":16261,"date":"2025-10-14T17:54:31","date_gmt":"2025-10-14T20:54:31","guid":{"rendered":"https:\/\/oficialnoticias.com\/?p=16261"},"modified":"2025-10-14T17:54:35","modified_gmt":"2025-10-14T20:54:35","slug":"municipios-do-lago-de-furnas-terao-16-novas-balsas-para-transporte-entre-cidades","status":"publish","type":"post","link":"https:\/\/oficialnoticias.com\/?p=16261","title":{"rendered":"Munic\u00edpios do Lago de Furnas ter\u00e3o 16 novas balsas para transporte entre cidades"},"content":{"rendered":"<p><\/p>\n<div>\n<p>O governo federal anunciou nesta ter\u00e7a-feira (14) um investimento de <b>R$ 42 milh\u00f5es<\/b> para trocar as balsas que fazem a travessia entre os munic\u00edpios no entorno do Lago de Furnas, no Sul de Minas. A medida busca resolver um problema de mobilidade entre os munic\u00edpios e, ao mesmo tempo, impulsionar o turismo na regi\u00e3o, que h\u00e1 anos sofre com embarca\u00e7\u00f5es sucateadas e falta de manuten\u00e7\u00e3o.<\/p>\n<p>O plano, coordenado pelo Minist\u00e9rio de Minas e Energia (MME), prev\u00ea a doa\u00e7\u00e3o de 16 embarca\u00e7\u00f5es novas pela Eletrobras e a transfer\u00eancia dos contratos de manuten\u00e7\u00e3o e certifica\u00e7\u00e3o dos servi\u00e7os. Nove prefeituras assinaram o termo &#8211; (Carmo do Rio Claro, Cristais, Alfenas, Campo Belo, Campo do Meio, Fama, Tr\u00eas Pontas, Guap\u00e9 e Delfin\u00f3polis) e outras seis ser\u00e3o beneficiadas indiretamente (Paragua\u00e7u, El\u00f3i Mendes, Nepomuceno, C\u00e1ssia, S\u00e3o Jos\u00e9 da Barra e Campos Gerais).<\/p>\n<p><bsp-list-loadmore class=\"PageListStandardG\" data-module=\"\" data-show-loadmore=\"true\" data-list-title-size=\"3\" data-list-description-size=\"3\"><\/p>\n<p>    <a class=\"AnchorLink\" title=\"leia-tambem\" name=\"leia-tambem\"\/><\/p>\n<p><\/bsp-list-loadmore><\/p>\n<p>A troca das balsas \u00e9 uma antiga reivindica\u00e7\u00e3o dos munic\u00edpios, que dependem das travessias para transporte de moradores, estudantes e pacientes. O prefeito de Capit\u00f3lio e presidente da Associa\u00e7\u00e3o dos Munic\u00edpios do Lago de Furnas (Alago), Cristiano Silva (PL), afirmou que a situa\u00e7\u00e3o chegou a um ponto cr\u00edtico.<\/p>\n<p>\u201cOs usu\u00e1rios sofrem muito com as balsas quebrando, a demora nas travessias e o custo alto. Essa troca j\u00e1 deveria ter acontecido h\u00e1 anos. Agora, com a participa\u00e7\u00e3o do governo e da Eletrobras, temos uma expectativa real de melhora\u201d, disse \u00e0 Itatiaia.<\/p>\n<p>Silva afirma que o investimento deve ter efeito direto no turismo, que voltou a crescer na regi\u00e3o ap\u00f3s o per\u00edodo mais agudo da pandemia.<\/p>\n<p>\u201cA simples troca dessas balsas j\u00e1 vai colaborar muito para o nosso turismo. Minas tem poucos aeroportos, ent\u00e3o dependemos das estradas e dessas travessias para receber visitantes. Com balsas novas e manuten\u00e7\u00e3o em dia, o acesso \u00e0s cidades tur\u00edsticas vai melhorar bastante\u201d, afirmou.<\/p>\n<p>O prefeito tamb\u00e9m destacou outro projeto em discuss\u00e3o: a constru\u00e7\u00e3o de uma ponte entre C\u00e1ssia e Delfin\u00f3polis, de cerca de 1,5 km de extens\u00e3o, que, segundo ele, \u201cvai reduzir o tempo de deslocamento e fortalecer a economia agr\u00edcola e tur\u00edstica da regi\u00e3o\u201d.<\/p>\n<p>O ministro Alexandre Silveira (PSD) afirmou que a medida \u00e9 parte de um esfor\u00e7o para \u201ccorrigir um modelo defasado\u201d de gest\u00e3o das embarca\u00e7\u00f5es e dar mais autonomia \u00e0s prefeituras na opera\u00e7\u00e3o das travessias.<\/p>\n<h2><b>Fundo de revitaliza\u00e7\u00e3o<\/b><\/h2>\n<p>Al\u00e9m das balsas, a Eletrobras vai aplicar <b>R$ 2,3 bilh\u00f5es em dez anos<\/b> na revitaliza\u00e7\u00e3o da Bacia de Furnas, conforme previsto na lei que autorizou a privatiza\u00e7\u00e3o da companhia, em 2022. O fundo financia projetos de saneamento, preserva\u00e7\u00e3o e recupera\u00e7\u00e3o ambiental em munic\u00edpios do entorno.<\/p>\n<p>Segundo o MME, <b>R$ 641 milh\u00f5es j\u00e1 est\u00e3o sendo usados em 46 projetos de revitaliza\u00e7\u00e3o<\/b>. Cristiano Silva afirma que parte dos recursos deve ser destinada a obras de tratamento de esgoto em cidades da bacia. \u201cCinco projetos j\u00e1 est\u00e3o aprovados e v\u00e3o receber recursos. Isso representa um avan\u00e7o importante em termos ambientais e de qualidade de vida\u201d, disse.<\/p>\n<p>Os prefeitos tamb\u00e9m cobram aten\u00e7\u00e3o do governo para o n\u00edvel do Lago de Furnas, que atualmente est\u00e1 abaixo da cota ideal de 762 metros. A baixa no volume afeta diretamente a piscicultura, a agricultura e o turismo. \u201cEsse \u00e9 um dos pontos que vamos levar ao ministro. O lago precisa ser tratado como ativo estrat\u00e9gico para o Estado\u201d, completou Silva.<\/p>\n<\/p><\/div>\n<p><script>\n  window.fbAsyncInit = function() {\n      FB.init({\n              appId : '1447052969554341',\n          xfbml : true,\n          version : 'v2.9'\n      });\n  };\n  (function(d, s, id){\n     var js, fjs = d.getElementsByTagName(s)[0];\n     if (d.getElementById(id)) {return;}\n     js = d.createElement(s); js.id = id;\n     js.src = \"https:\/\/connect.facebook.net\/en_US\/sdk.js\";\n     fjs.parentNode.insertBefore(js, fjs);\n   }(document, 'script', 'facebook-jssdk'));\n<\/script><br \/>\n  <\/a><\/p>\n","protected":false},"excerpt":{"rendered":"<p>O governo federal anunciou nesta ter\u00e7a-feira (14) um investimento de R$ 42 milh\u00f5es para trocar as balsas que fazem a travessia entre os munic\u00edpios no entorno do Lago de Furnas, no Sul de Minas. A medida busca resolver um problema de mobilidade entre os munic\u00edpios e, ao mesmo tempo, impulsionar o turismo na regi\u00e3o, que&#8230;<\/p>\n","protected":false},"author":2,"featured_media":16262,"comment_status":"open","ping_status":"open","sticky":false,"template":"","format":"standard","meta":{"footnotes":""},"categories":[3],"tags":[],"class_list":["post-16261","post","type-post","status-publish","format-standard","has-post-thumbnail","hentry","category-fashion"],"yoast_head":"<!-- This site is optimized with the Yoast SEO plugin v27.3 - https:\/\/yoast.com\/product\/yoast-seo-wordpress\/ -->\n<title>Munic\u00edpios do Lago de Furnas ter\u00e3o 16 novas balsas para transporte entre cidades -<\/title>\n<meta name=\"robots\" content=\"index, follow, max-snippet:-1, max-image-preview:large, max-video-preview:-1\" \/>\n<link rel=\"canonical\" href=\"https:\/\/oficialnoticias.com\/?p=16261\" \/>\n<meta property=\"og:locale\" content=\"pt_BR\" \/>\n<meta property=\"og:type\" content=\"article\" \/>\n<meta property=\"og:title\" content=\"Munic\u00edpios do Lago de Furnas ter\u00e3o 16 novas balsas para transporte entre cidades -\" \/>\n<meta property=\"og:description\" content=\"O governo federal anunciou nesta ter\u00e7a-feira (14) um investimento de R$ 42 milh\u00f5es para trocar as balsas que fazem a travessia entre os munic\u00edpios no entorno do Lago de Furnas, no Sul de Minas. A medida busca resolver um problema de mobilidade entre os munic\u00edpios e, ao mesmo tempo, impulsionar o turismo na regi\u00e3o, que...\" \/>\n<meta property=\"og:url\" content=\"https:\/\/oficialnoticias.com\/?p=16261\" \/>\n<meta property=\"article:published_time\" content=\"2025-10-14T20:54:31+00:00\" \/>\n<meta property=\"article:modified_time\" content=\"2025-10-14T20:54:35+00:00\" \/>\n<meta property=\"og:image\" content=\"https:\/\/oficialnoticias.com\/wp-content\/uploads\/2025\/10\/urlhttps3A2F2Fk2-prod-radio-itatiaia.s3.us-east-1.amazonaws.com2Fbrightspot2Fa42F672F1e98a5.webp\" \/>\n\t<meta property=\"og:image:width\" content=\"1200\" \/>\n\t<meta property=\"og:image:height\" content=\"630\" \/>\n\t<meta property=\"og:image:type\" content=\"image\/webp\" \/>\n<meta name=\"author\" content=\"Luana Gon\u00e7alves\" \/>\n<meta name=\"twitter:card\" content=\"summary_large_image\" \/>\n<meta name=\"twitter:label1\" content=\"Escrito por\" \/>\n\t<meta name=\"twitter:data1\" content=\"Luana Gon\u00e7alves\" \/>\n\t<meta name=\"twitter:label2\" content=\"Est. tempo de leitura\" \/>\n\t<meta name=\"twitter:data2\" content=\"3 minutos\" \/>\n<script type=\"application\/ld+json\" class=\"yoast-schema-graph\">{\"@context\":\"https:\\\/\\\/schema.org\",\"@graph\":[{\"@type\":\"Article\",\"@id\":\"https:\\\/\\\/oficialnoticias.com\\\/?p=16261#article\",\"isPartOf\":{\"@id\":\"https:\\\/\\\/oficialnoticias.com\\\/?p=16261\"},\"author\":{\"name\":\"Luana Gon\u00e7alves\",\"@id\":\"https:\\\/\\\/oficialnoticias.com\\\/#\\\/schema\\\/person\\\/2d1dcbb6bfbc28d68171b4dc04723d4a\"},\"headline\":\"Munic\u00edpios do Lago de Furnas ter\u00e3o 16 novas balsas para transporte entre cidades\",\"datePublished\":\"2025-10-14T20:54:31+00:00\",\"dateModified\":\"2025-10-14T20:54:35+00:00\",\"mainEntityOfPage\":{\"@id\":\"https:\\\/\\\/oficialnoticias.com\\\/?p=16261\"},\"wordCount\":602,\"commentCount\":0,\"publisher\":{\"@id\":\"https:\\\/\\\/oficialnoticias.com\\\/#organization\"},\"image\":{\"@id\":\"https:\\\/\\\/oficialnoticias.com\\\/?p=16261#primaryimage\"},\"thumbnailUrl\":\"https:\\\/\\\/oficialnoticias.com\\\/wp-content\\\/uploads\\\/2025\\\/10\\\/urlhttps3A2F2Fk2-prod-radio-itatiaia.s3.us-east-1.amazonaws.com2Fbrightspot2Fa42F672F1e98a5.webp\",\"articleSection\":[\"Brasil\"],\"inLanguage\":\"pt-BR\",\"potentialAction\":[{\"@type\":\"CommentAction\",\"name\":\"Comment\",\"target\":[\"https:\\\/\\\/oficialnoticias.com\\\/?p=16261#respond\"]}]},{\"@type\":\"WebPage\",\"@id\":\"https:\\\/\\\/oficialnoticias.com\\\/?p=16261\",\"url\":\"https:\\\/\\\/oficialnoticias.com\\\/?p=16261\",\"name\":\"Munic\u00edpios do Lago de Furnas ter\u00e3o 16 novas balsas para transporte entre cidades -\",\"isPartOf\":{\"@id\":\"https:\\\/\\\/oficialnoticias.com\\\/#website\"},\"primaryImageOfPage\":{\"@id\":\"https:\\\/\\\/oficialnoticias.com\\\/?p=16261#primaryimage\"},\"image\":{\"@id\":\"https:\\\/\\\/oficialnoticias.com\\\/?p=16261#primaryimage\"},\"thumbnailUrl\":\"https:\\\/\\\/oficialnoticias.com\\\/wp-content\\\/uploads\\\/2025\\\/10\\\/urlhttps3A2F2Fk2-prod-radio-itatiaia.s3.us-east-1.amazonaws.com2Fbrightspot2Fa42F672F1e98a5.webp\",\"datePublished\":\"2025-10-14T20:54:31+00:00\",\"dateModified\":\"2025-10-14T20:54:35+00:00\",\"breadcrumb\":{\"@id\":\"https:\\\/\\\/oficialnoticias.com\\\/?p=16261#breadcrumb\"},\"inLanguage\":\"pt-BR\",\"potentialAction\":[{\"@type\":\"ReadAction\",\"target\":[\"https:\\\/\\\/oficialnoticias.com\\\/?p=16261\"]}]},{\"@type\":\"ImageObject\",\"inLanguage\":\"pt-BR\",\"@id\":\"https:\\\/\\\/oficialnoticias.com\\\/?p=16261#primaryimage\",\"url\":\"https:\\\/\\\/oficialnoticias.com\\\/wp-content\\\/uploads\\\/2025\\\/10\\\/urlhttps3A2F2Fk2-prod-radio-itatiaia.s3.us-east-1.amazonaws.com2Fbrightspot2Fa42F672F1e98a5.webp\",\"contentUrl\":\"https:\\\/\\\/oficialnoticias.com\\\/wp-content\\\/uploads\\\/2025\\\/10\\\/urlhttps3A2F2Fk2-prod-radio-itatiaia.s3.us-east-1.amazonaws.com2Fbrightspot2Fa42F672F1e98a5.webp\",\"width\":1200,\"height\":630},{\"@type\":\"BreadcrumbList\",\"@id\":\"https:\\\/\\\/oficialnoticias.com\\\/?p=16261#breadcrumb\",\"itemListElement\":[{\"@type\":\"ListItem\",\"position\":1,\"name\":\"In\u00edcio\",\"item\":\"https:\\\/\\\/oficialnoticias.com\\\/\"},{\"@type\":\"ListItem\",\"position\":2,\"name\":\"Munic\u00edpios do Lago de Furnas ter\u00e3o 16 novas balsas para transporte entre cidades\"}]},{\"@type\":\"WebSite\",\"@id\":\"https:\\\/\\\/oficialnoticias.com\\\/#website\",\"url\":\"https:\\\/\\\/oficialnoticias.com\\\/\",\"name\":\"oficial Noticias\",\"description\":\"\",\"publisher\":{\"@id\":\"https:\\\/\\\/oficialnoticias.com\\\/#organization\"},\"potentialAction\":[{\"@type\":\"SearchAction\",\"target\":{\"@type\":\"EntryPoint\",\"urlTemplate\":\"https:\\\/\\\/oficialnoticias.com\\\/?s={search_term_string}\"},\"query-input\":{\"@type\":\"PropertyValueSpecification\",\"valueRequired\":true,\"valueName\":\"search_term_string\"}}],\"inLanguage\":\"pt-BR\"},{\"@type\":\"Organization\",\"@id\":\"https:\\\/\\\/oficialnoticias.com\\\/#organization\",\"name\":\"oficial noticias\",\"url\":\"https:\\\/\\\/oficialnoticias.com\\\/\",\"logo\":{\"@type\":\"ImageObject\",\"inLanguage\":\"pt-BR\",\"@id\":\"https:\\\/\\\/oficialnoticias.com\\\/#\\\/schema\\\/logo\\\/image\\\/\",\"url\":\"https:\\\/\\\/oficialnoticias.com\\\/wp-content\\\/uploads\\\/2025\\\/08\\\/cropped-cropped-cropped-Logo-Noticias-e1753639739829.png\",\"contentUrl\":\"https:\\\/\\\/oficialnoticias.com\\\/wp-content\\\/uploads\\\/2025\\\/08\\\/cropped-cropped-cropped-Logo-Noticias-e1753639739829.png\",\"width\":119,\"height\":86,\"caption\":\"oficial noticias\"},\"image\":{\"@id\":\"https:\\\/\\\/oficialnoticias.com\\\/#\\\/schema\\\/logo\\\/image\\\/\"}},{\"@type\":\"Person\",\"@id\":\"https:\\\/\\\/oficialnoticias.com\\\/#\\\/schema\\\/person\\\/2d1dcbb6bfbc28d68171b4dc04723d4a\",\"name\":\"Luana Gon\u00e7alves\",\"image\":{\"@type\":\"ImageObject\",\"inLanguage\":\"pt-BR\",\"@id\":\"https:\\\/\\\/secure.gravatar.com\\\/avatar\\\/7aa6afdef873224c1a0265951f3fdfc0679f65dfbd15f018612595d323c52521?s=96&d=mm&r=g\",\"url\":\"https:\\\/\\\/secure.gravatar.com\\\/avatar\\\/7aa6afdef873224c1a0265951f3fdfc0679f65dfbd15f018612595d323c52521?s=96&d=mm&r=g\",\"contentUrl\":\"https:\\\/\\\/secure.gravatar.com\\\/avatar\\\/7aa6afdef873224c1a0265951f3fdfc0679f65dfbd15f018612595d323c52521?s=96&d=mm&r=g\",\"caption\":\"Luana Gon\u00e7alves\"},\"sameAs\":[\"https:\\\/\\\/oficialnoticias.com\\\/\"],\"url\":\"https:\\\/\\\/oficialnoticias.com\\\/?author=2\"}]}<\/script>\n<!-- \/ Yoast SEO plugin. -->","yoast_head_json":{"title":"Munic\u00edpios do Lago de Furnas ter\u00e3o 16 novas balsas para transporte entre cidades -","robots":{"index":"index","follow":"follow","max-snippet":"max-snippet:-1","max-image-preview":"max-image-preview:large","max-video-preview":"max-video-preview:-1"},"canonical":"https:\/\/oficialnoticias.com\/?p=16261","og_locale":"pt_BR","og_type":"article","og_title":"Munic\u00edpios do Lago de Furnas ter\u00e3o 16 novas balsas para transporte entre cidades -","og_description":"O governo federal anunciou nesta ter\u00e7a-feira (14) um investimento de R$ 42 milh\u00f5es para trocar as balsas que fazem a travessia entre os munic\u00edpios no entorno do Lago de Furnas, no Sul de Minas. A medida busca resolver um problema de mobilidade entre os munic\u00edpios e, ao mesmo tempo, impulsionar o turismo na regi\u00e3o, que...","og_url":"https:\/\/oficialnoticias.com\/?p=16261","article_published_time":"2025-10-14T20:54:31+00:00","article_modified_time":"2025-10-14T20:54:35+00:00","og_image":[{"width":1200,"height":630,"url":"https:\/\/oficialnoticias.com\/wp-content\/uploads\/2025\/10\/urlhttps3A2F2Fk2-prod-radio-itatiaia.s3.us-east-1.amazonaws.com2Fbrightspot2Fa42F672F1e98a5.webp","type":"image\/webp"}],"author":"Luana Gon\u00e7alves","twitter_card":"summary_large_image","twitter_misc":{"Escrito por":"Luana Gon\u00e7alves","Est. tempo de leitura":"3 minutos"},"schema":{"@context":"https:\/\/schema.org","@graph":[{"@type":"Article","@id":"https:\/\/oficialnoticias.com\/?p=16261#article","isPartOf":{"@id":"https:\/\/oficialnoticias.com\/?p=16261"},"author":{"name":"Luana Gon\u00e7alves","@id":"https:\/\/oficialnoticias.com\/#\/schema\/person\/2d1dcbb6bfbc28d68171b4dc04723d4a"},"headline":"Munic\u00edpios do Lago de Furnas ter\u00e3o 16 novas balsas para transporte entre cidades","datePublished":"2025-10-14T20:54:31+00:00","dateModified":"2025-10-14T20:54:35+00:00","mainEntityOfPage":{"@id":"https:\/\/oficialnoticias.com\/?p=16261"},"wordCount":602,"commentCount":0,"publisher":{"@id":"https:\/\/oficialnoticias.com\/#organization"},"image":{"@id":"https:\/\/oficialnoticias.com\/?p=16261#primaryimage"},"thumbnailUrl":"https:\/\/oficialnoticias.com\/wp-content\/uploads\/2025\/10\/urlhttps3A2F2Fk2-prod-radio-itatiaia.s3.us-east-1.amazonaws.com2Fbrightspot2Fa42F672F1e98a5.webp","articleSection":["Brasil"],"inLanguage":"pt-BR","potentialAction":[{"@type":"CommentAction","name":"Comment","target":["https:\/\/oficialnoticias.com\/?p=16261#respond"]}]},{"@type":"WebPage","@id":"https:\/\/oficialnoticias.com\/?p=16261","url":"https:\/\/oficialnoticias.com\/?p=16261","name":"Munic\u00edpios do Lago de Furnas ter\u00e3o 16 novas balsas para transporte entre cidades -","isPartOf":{"@id":"https:\/\/oficialnoticias.com\/#website"},"primaryImageOfPage":{"@id":"https:\/\/oficialnoticias.com\/?p=16261#primaryimage"},"image":{"@id":"https:\/\/oficialnoticias.com\/?p=16261#primaryimage"},"thumbnailUrl":"https:\/\/oficialnoticias.com\/wp-content\/uploads\/2025\/10\/urlhttps3A2F2Fk2-prod-radio-itatiaia.s3.us-east-1.amazonaws.com2Fbrightspot2Fa42F672F1e98a5.webp","datePublished":"2025-10-14T20:54:31+00:00","dateModified":"2025-10-14T20:54:35+00:00","breadcrumb":{"@id":"https:\/\/oficialnoticias.com\/?p=16261#breadcrumb"},"inLanguage":"pt-BR","potentialAction":[{"@type":"ReadAction","target":["https:\/\/oficialnoticias.com\/?p=16261"]}]},{"@type":"ImageObject","inLanguage":"pt-BR","@id":"https:\/\/oficialnoticias.com\/?p=16261#primaryimage","url":"https:\/\/oficialnoticias.com\/wp-content\/uploads\/2025\/10\/urlhttps3A2F2Fk2-prod-radio-itatiaia.s3.us-east-1.amazonaws.com2Fbrightspot2Fa42F672F1e98a5.webp","contentUrl":"https:\/\/oficialnoticias.com\/wp-content\/uploads\/2025\/10\/urlhttps3A2F2Fk2-prod-radio-itatiaia.s3.us-east-1.amazonaws.com2Fbrightspot2Fa42F672F1e98a5.webp","width":1200,"height":630},{"@type":"BreadcrumbList","@id":"https:\/\/oficialnoticias.com\/?p=16261#breadcrumb","itemListElement":[{"@type":"ListItem","position":1,"name":"In\u00edcio","item":"https:\/\/oficialnoticias.com\/"},{"@type":"ListItem","position":2,"name":"Munic\u00edpios do Lago de Furnas ter\u00e3o 16 novas balsas para transporte entre cidades"}]},{"@type":"WebSite","@id":"https:\/\/oficialnoticias.com\/#website","url":"https:\/\/oficialnoticias.com\/","name":"oficial Noticias","description":"","publisher":{"@id":"https:\/\/oficialnoticias.com\/#organization"},"potentialAction":[{"@type":"SearchAction","target":{"@type":"EntryPoint","urlTemplate":"https:\/\/oficialnoticias.com\/?s={search_term_string}"},"query-input":{"@type":"PropertyValueSpecification","valueRequired":true,"valueName":"search_term_string"}}],"inLanguage":"pt-BR"},{"@type":"Organization","@id":"https:\/\/oficialnoticias.com\/#organization","name":"oficial noticias","url":"https:\/\/oficialnoticias.com\/","logo":{"@type":"ImageObject","inLanguage":"pt-BR","@id":"https:\/\/oficialnoticias.com\/#\/schema\/logo\/image\/","url":"https:\/\/oficialnoticias.com\/wp-content\/uploads\/2025\/08\/cropped-cropped-cropped-Logo-Noticias-e1753639739829.png","contentUrl":"https:\/\/oficialnoticias.com\/wp-content\/uploads\/2025\/08\/cropped-cropped-cropped-Logo-Noticias-e1753639739829.png","width":119,"height":86,"caption":"oficial noticias"},"image":{"@id":"https:\/\/oficialnoticias.com\/#\/schema\/logo\/image\/"}},{"@type":"Person","@id":"https:\/\/oficialnoticias.com\/#\/schema\/person\/2d1dcbb6bfbc28d68171b4dc04723d4a","name":"Luana Gon\u00e7alves","image":{"@type":"ImageObject","inLanguage":"pt-BR","@id":"https:\/\/secure.gravatar.com\/avatar\/7aa6afdef873224c1a0265951f3fdfc0679f65dfbd15f018612595d323c52521?s=96&d=mm&r=g","url":"https:\/\/secure.gravatar.com\/avatar\/7aa6afdef873224c1a0265951f3fdfc0679f65dfbd15f018612595d323c52521?s=96&d=mm&r=g","contentUrl":"https:\/\/secure.gravatar.com\/avatar\/7aa6afdef873224c1a0265951f3fdfc0679f65dfbd15f018612595d323c52521?s=96&d=mm&r=g","caption":"Luana Gon\u00e7alves"},"sameAs":["https:\/\/oficialnoticias.com\/"],"url":"https:\/\/oficialnoticias.com\/?author=2"}]}},"_links":{"self":[{"href":"https:\/\/oficialnoticias.com\/index.php?rest_route=\/wp\/v2\/posts\/16261","targetHints":{"allow":["GET"]}}],"collection":[{"href":"https:\/\/oficialnoticias.com\/index.php?rest_route=\/wp\/v2\/posts"}],"about":[{"href":"https:\/\/oficialnoticias.com\/index.php?rest_route=\/wp\/v2\/types\/post"}],"author":[{"embeddable":true,"href":"https:\/\/oficialnoticias.com\/index.php?rest_route=\/wp\/v2\/users\/2"}],"replies":[{"embeddable":true,"href":"https:\/\/oficialnoticias.com\/index.php?rest_route=%2Fwp%2Fv2%2Fcomments&post=16261"}],"version-history":[{"count":1,"href":"https:\/\/oficialnoticias.com\/index.php?rest_route=\/wp\/v2\/posts\/16261\/revisions"}],"predecessor-version":[{"id":16263,"href":"https:\/\/oficialnoticias.com\/index.php?rest_route=\/wp\/v2\/posts\/16261\/revisions\/16263"}],"wp:featuredmedia":[{"embeddable":true,"href":"https:\/\/oficialnoticias.com\/index.php?rest_route=\/wp\/v2\/media\/16262"}],"wp:attachment":[{"href":"https:\/\/oficialnoticias.com\/index.php?rest_route=%2Fwp%2Fv2%2Fmedia&parent=16261"}],"wp:term":[{"taxonomy":"category","embeddable":true,"href":"https:\/\/oficialnoticias.com\/index.php?rest_route=%2Fwp%2Fv2%2Fcategories&post=16261"},{"taxonomy":"post_tag","embeddable":true,"href":"https:\/\/oficialnoticias.com\/index.php?rest_route=%2Fwp%2Fv2%2Ftags&post=16261"}],"curies":[{"name":"wp","href":"https:\/\/api.w.org\/{rel}","templated":true}]}}