{"id":16207,"date":"2025-10-14T14:01:47","date_gmt":"2025-10-14T17:01:47","guid":{"rendered":"https:\/\/oficialnoticias.com\/?p=16207"},"modified":"2025-10-14T14:01:51","modified_gmt":"2025-10-14T17:01:51","slug":"militares-assumem-poder-em-madagascar-apos-fuga-de-presidente","status":"publish","type":"post","link":"https:\/\/oficialnoticias.com\/?p=16207","title":{"rendered":"Militares assumem poder em Madagascar ap\u00f3s fuga de presidente"},"content":{"rendered":"<p>\n<\/p>\n<div>\n<p>Ap\u00f3s a fuga do <bsp-link-enhancement><br \/>\n    <span class=\"LinkEnhancement\"><a class=\"Link\" href=\"https:\/\/www.itatiaia.com.br\/mundo\/presidente-de-madagascar-dissolve-o-parlamento-antes-de-votacao-para-afasta-lo-do-cargo\" title=\"&lt;b&gt;presidente Andry Rajoelina, de Madagascar&lt;\/b&gt;\"><b>presidente Andry Rajoelina, de Madagascar<\/b><\/a><\/span><\/bsp-link-enhancement>, militares assumiram o controle da ilha no Oceano \u00cdndico, anunciou um coronel do Ex\u00e9rcito nesta ter\u00e7a-feira (14).<\/p>\n<p>\u201cTomamos o poder\u201d, disse o coronel Michael Randrianirina. Ele foi o l\u00edder de um grupo de soldados que se juntou aos manifestantes no fim de semana.<\/p>\n<p>O coronel acrescentou que os militares estavam dissolvendo todas as institui\u00e7\u00f5es, exceto a c\u00e2mara baixa do Parlamento, que votou a favor do impeachment do presidente minutos antes.<\/p>\n<p><bsp-list-loadmore class=\"PageListStandardG\" data-module=\"\" data-show-loadmore=\"true\" data-list-title-size=\"3\" data-list-description-size=\"3\"><\/p>\n<p>    <a class=\"AnchorLink\" title=\"leia-tambem\" name=\"leia-tambem\"\/><\/p>\n<p><\/bsp-list-loadmore><\/p>\n<h2>Dissolu\u00e7\u00e3o do Parlamento<\/h2>\n<p>Ainda nesta ter\u00e7a, Rajoelina dissolveu o Parlamento de Madagascar por meio de um decreto, que foi publicado pouco antes de uma vota\u00e7\u00e3o que o tiraria do cargo.<\/p>\n<p>O decreto de dissolu\u00e7\u00e3o do Parlamento entrar\u00e1 em vigor \u201cimediatamente ap\u00f3s a publica\u00e7\u00e3o por transmiss\u00e3o de r\u00e1dio e\/ou televis\u00e3o\u201d. Nessa segunda-feira (13), em uma declara\u00e7\u00e3o, Rajoelina descartou a possibilidade de renunciar e pediu \u201crespeito \u00e0 Constitui\u00e7\u00e3o\u201d.<\/p>\n<p>Em outro post, o presidente defendeu a dissolu\u00e7\u00e3o do Parlamento como uma forma de \u201creestabelecer a ordem em nossa na\u00e7\u00e3o e refor\u00e7ar a democracia\u201d.<\/p>\n<p>O presidente enfrentou mais de duas semanas de protestos nas ruas, liderados pela <bsp-link-enhancement><br \/>\n    <span class=\"LinkEnhancement\"><a class=\"Link\" href=\"https:\/\/www.itatiaia.com.br\/mundo\/2025\/01\/04\/geracao-beta-comeca-em-2025-conheca-a-origem-e-o-significado-do-termo\" target=\"_blank\" title=\"&lt;b&gt;Gera\u00e7\u00e3o Z - aqueles que nasceram entre 1995 e 2009&lt;\/b&gt;\" rel=\"noopener\"><b>Gera\u00e7\u00e3o Z &#8211; aqueles que nasceram entre 1995 e 2009<\/b><\/a><\/span><\/bsp-link-enhancement>. Os jovens tamb\u00e9m protagonizaram protestos no <bsp-link-enhancement><br \/>\n    <span class=\"LinkEnhancement\"><a class=\"Link\" href=\"https:\/\/www.itatiaia.com.br\/mundo\/esposa-de-ex-primeiro-ministro-do-nepal-e-queimada-viva-durante-protestos\" target=\"_blank\" title=\"&lt;b&gt;Nepal&lt;\/b&gt;\" rel=\"noopener\"><b>Nepal<\/b><\/a><\/span><\/bsp-link-enhancement> e no <bsp-link-enhancement><br \/>\n    <span class=\"LinkEnhancement\"><a class=\"Link\" href=\"https:\/\/www.itatiaia.com.br\/mundo\/no-peru-protestos-contra-o-governo-deixam-ao-menos-19-feridos\" target=\"_blank\" title=\"&lt;b&gt;Peru&lt;\/b&gt;\" rel=\"noopener\"><b>Peru<\/b><\/a><\/span><\/bsp-link-enhancement>, por exemplo.<\/p>\n<h2>Protestos em Madagascar<\/h2>\n<p>Os protestos no pa\u00eds se iniciaram devido a cortes de \u00e1gua e energia el\u00e9trica. Depois, houve den\u00fancias contra corrup\u00e7\u00e3o, os pol\u00edticos e falta de oportunidades.<\/p>\n<p>Militares se juntaram aos manifestantes no \u00faltimo s\u00e1bado (11) e pediram \u00e0s for\u00e7as de seguran\u00e7a para rejeitarem as ordens para atirar contra a popula\u00e7\u00e3o.<\/p>\n<p>O presidente do pa\u00eds foi eleito em 2018 e reeleito em 2023 em uma vota\u00e7\u00e3o boicotada pela oposi\u00e7\u00e3o. No Madagascar, o mandato \u00e9 de cinco anos.<\/p>\n<p>A oposi\u00e7\u00e3o tenta destitu\u00ed-lo por suposta neglig\u00eancia nas fun\u00e7\u00f5es, ap\u00f3s relatos de que ele teria fugido do pa\u00eds. O presidente, por\u00e9m, afirmou que estava refugiado em um \u201clugar seguro\u201d ap\u00f3s ser supostamente alvo de atentados.<\/p>\n<p>*Com AFP<\/p>\n<\/p><\/div>\n<p><script>\n  window.fbAsyncInit = function() {\n      FB.init({\n              appId : '1447052969554341',\n          xfbml : true,\n          version : 'v2.9'\n      });\n  };\n  (function(d, s, id){\n     var js, fjs = d.getElementsByTagName(s)[0];\n     if (d.getElementById(id)) {return;}\n     js = d.createElement(s); js.id = id;\n     js.src = \"https:\/\/connect.facebook.net\/en_US\/sdk.js\";\n     fjs.parentNode.insertBefore(js, fjs);\n   }(document, 'script', 'facebook-jssdk'));\n<\/script><br \/>\n  <\/a><\/p>\n","protected":false},"excerpt":{"rendered":"<p>Ap\u00f3s a fuga do presidente Andry Rajoelina, de Madagascar, militares assumiram o controle da ilha no Oceano \u00cdndico, anunciou um coronel do Ex\u00e9rcito nesta ter\u00e7a-feira (14). \u201cTomamos o poder\u201d, disse o coronel Michael Randrianirina. Ele foi o l\u00edder de um grupo de soldados que se juntou aos manifestantes no fim de semana. O coronel acrescentou&#8230;<\/p>\n","protected":false},"author":2,"featured_media":16208,"comment_status":"open","ping_status":"open","sticky":false,"template":"","format":"standard","meta":{"footnotes":""},"categories":[2],"tags":[],"class_list":["post-16207","post","type-post","status-publish","format-standard","has-post-thumbnail","hentry","category-decor"],"yoast_head":"<!-- This site is optimized with the Yoast SEO plugin v27.3 - https:\/\/yoast.com\/product\/yoast-seo-wordpress\/ -->\n<title>Militares assumem poder em Madagascar ap\u00f3s fuga de presidente -<\/title>\n<meta name=\"robots\" content=\"index, follow, max-snippet:-1, max-image-preview:large, max-video-preview:-1\" \/>\n<link rel=\"canonical\" href=\"https:\/\/oficialnoticias.com\/?p=16207\" \/>\n<meta property=\"og:locale\" content=\"pt_BR\" \/>\n<meta property=\"og:type\" content=\"article\" \/>\n<meta property=\"og:title\" content=\"Militares assumem poder em Madagascar ap\u00f3s fuga de presidente -\" \/>\n<meta property=\"og:description\" content=\"Ap\u00f3s a fuga do presidente Andry Rajoelina, de Madagascar, militares assumiram o controle da ilha no Oceano \u00cdndico, anunciou um coronel do Ex\u00e9rcito nesta ter\u00e7a-feira (14). \u201cTomamos o poder\u201d, disse o coronel Michael Randrianirina. Ele foi o l\u00edder de um grupo de soldados que se juntou aos manifestantes no fim de semana. O coronel acrescentou...\" \/>\n<meta property=\"og:url\" content=\"https:\/\/oficialnoticias.com\/?p=16207\" \/>\n<meta property=\"article:published_time\" content=\"2025-10-14T17:01:47+00:00\" \/>\n<meta property=\"article:modified_time\" content=\"2025-10-14T17:01:51+00:00\" \/>\n<meta property=\"og:image\" content=\"https:\/\/oficialnoticias.com\/wp-content\/uploads\/2025\/10\/urlhttps3A2F2Fk2-prod-radio-itatiaia.s3.us-east-1.amazonaws.com2Fbrightspot2Fe02F7c2Fd1e683.webp\" \/>\n\t<meta property=\"og:image:width\" content=\"1200\" \/>\n\t<meta property=\"og:image:height\" content=\"630\" \/>\n\t<meta property=\"og:image:type\" content=\"image\/webp\" \/>\n<meta name=\"author\" content=\"Luana Gon\u00e7alves\" \/>\n<meta name=\"twitter:card\" content=\"summary_large_image\" \/>\n<meta name=\"twitter:label1\" content=\"Escrito por\" \/>\n\t<meta name=\"twitter:data1\" content=\"Luana Gon\u00e7alves\" \/>\n\t<meta name=\"twitter:label2\" content=\"Est. tempo de leitura\" \/>\n\t<meta name=\"twitter:data2\" content=\"2 minutos\" \/>\n<script type=\"application\/ld+json\" class=\"yoast-schema-graph\">{\"@context\":\"https:\\\/\\\/schema.org\",\"@graph\":[{\"@type\":\"Article\",\"@id\":\"https:\\\/\\\/oficialnoticias.com\\\/?p=16207#article\",\"isPartOf\":{\"@id\":\"https:\\\/\\\/oficialnoticias.com\\\/?p=16207\"},\"author\":{\"name\":\"Luana Gon\u00e7alves\",\"@id\":\"https:\\\/\\\/oficialnoticias.com\\\/#\\\/schema\\\/person\\\/2d1dcbb6bfbc28d68171b4dc04723d4a\"},\"headline\":\"Militares assumem poder em Madagascar ap\u00f3s fuga de presidente\",\"datePublished\":\"2025-10-14T17:01:47+00:00\",\"dateModified\":\"2025-10-14T17:01:51+00:00\",\"mainEntityOfPage\":{\"@id\":\"https:\\\/\\\/oficialnoticias.com\\\/?p=16207\"},\"wordCount\":363,\"commentCount\":0,\"publisher\":{\"@id\":\"https:\\\/\\\/oficialnoticias.com\\\/#organization\"},\"image\":{\"@id\":\"https:\\\/\\\/oficialnoticias.com\\\/?p=16207#primaryimage\"},\"thumbnailUrl\":\"https:\\\/\\\/oficialnoticias.com\\\/wp-content\\\/uploads\\\/2025\\\/10\\\/urlhttps3A2F2Fk2-prod-radio-itatiaia.s3.us-east-1.amazonaws.com2Fbrightspot2Fe02F7c2Fd1e683.webp\",\"articleSection\":[\"Mundo\"],\"inLanguage\":\"pt-BR\",\"potentialAction\":[{\"@type\":\"CommentAction\",\"name\":\"Comment\",\"target\":[\"https:\\\/\\\/oficialnoticias.com\\\/?p=16207#respond\"]}]},{\"@type\":\"WebPage\",\"@id\":\"https:\\\/\\\/oficialnoticias.com\\\/?p=16207\",\"url\":\"https:\\\/\\\/oficialnoticias.com\\\/?p=16207\",\"name\":\"Militares assumem poder em Madagascar ap\u00f3s fuga de presidente -\",\"isPartOf\":{\"@id\":\"https:\\\/\\\/oficialnoticias.com\\\/#website\"},\"primaryImageOfPage\":{\"@id\":\"https:\\\/\\\/oficialnoticias.com\\\/?p=16207#primaryimage\"},\"image\":{\"@id\":\"https:\\\/\\\/oficialnoticias.com\\\/?p=16207#primaryimage\"},\"thumbnailUrl\":\"https:\\\/\\\/oficialnoticias.com\\\/wp-content\\\/uploads\\\/2025\\\/10\\\/urlhttps3A2F2Fk2-prod-radio-itatiaia.s3.us-east-1.amazonaws.com2Fbrightspot2Fe02F7c2Fd1e683.webp\",\"datePublished\":\"2025-10-14T17:01:47+00:00\",\"dateModified\":\"2025-10-14T17:01:51+00:00\",\"breadcrumb\":{\"@id\":\"https:\\\/\\\/oficialnoticias.com\\\/?p=16207#breadcrumb\"},\"inLanguage\":\"pt-BR\",\"potentialAction\":[{\"@type\":\"ReadAction\",\"target\":[\"https:\\\/\\\/oficialnoticias.com\\\/?p=16207\"]}]},{\"@type\":\"ImageObject\",\"inLanguage\":\"pt-BR\",\"@id\":\"https:\\\/\\\/oficialnoticias.com\\\/?p=16207#primaryimage\",\"url\":\"https:\\\/\\\/oficialnoticias.com\\\/wp-content\\\/uploads\\\/2025\\\/10\\\/urlhttps3A2F2Fk2-prod-radio-itatiaia.s3.us-east-1.amazonaws.com2Fbrightspot2Fe02F7c2Fd1e683.webp\",\"contentUrl\":\"https:\\\/\\\/oficialnoticias.com\\\/wp-content\\\/uploads\\\/2025\\\/10\\\/urlhttps3A2F2Fk2-prod-radio-itatiaia.s3.us-east-1.amazonaws.com2Fbrightspot2Fe02F7c2Fd1e683.webp\",\"width\":1200,\"height\":630},{\"@type\":\"BreadcrumbList\",\"@id\":\"https:\\\/\\\/oficialnoticias.com\\\/?p=16207#breadcrumb\",\"itemListElement\":[{\"@type\":\"ListItem\",\"position\":1,\"name\":\"In\u00edcio\",\"item\":\"https:\\\/\\\/oficialnoticias.com\\\/\"},{\"@type\":\"ListItem\",\"position\":2,\"name\":\"Militares assumem poder em Madagascar ap\u00f3s fuga de presidente\"}]},{\"@type\":\"WebSite\",\"@id\":\"https:\\\/\\\/oficialnoticias.com\\\/#website\",\"url\":\"https:\\\/\\\/oficialnoticias.com\\\/\",\"name\":\"oficial Noticias\",\"description\":\"\",\"publisher\":{\"@id\":\"https:\\\/\\\/oficialnoticias.com\\\/#organization\"},\"potentialAction\":[{\"@type\":\"SearchAction\",\"target\":{\"@type\":\"EntryPoint\",\"urlTemplate\":\"https:\\\/\\\/oficialnoticias.com\\\/?s={search_term_string}\"},\"query-input\":{\"@type\":\"PropertyValueSpecification\",\"valueRequired\":true,\"valueName\":\"search_term_string\"}}],\"inLanguage\":\"pt-BR\"},{\"@type\":\"Organization\",\"@id\":\"https:\\\/\\\/oficialnoticias.com\\\/#organization\",\"name\":\"oficial noticias\",\"url\":\"https:\\\/\\\/oficialnoticias.com\\\/\",\"logo\":{\"@type\":\"ImageObject\",\"inLanguage\":\"pt-BR\",\"@id\":\"https:\\\/\\\/oficialnoticias.com\\\/#\\\/schema\\\/logo\\\/image\\\/\",\"url\":\"https:\\\/\\\/oficialnoticias.com\\\/wp-content\\\/uploads\\\/2025\\\/08\\\/cropped-cropped-cropped-Logo-Noticias-e1753639739829.png\",\"contentUrl\":\"https:\\\/\\\/oficialnoticias.com\\\/wp-content\\\/uploads\\\/2025\\\/08\\\/cropped-cropped-cropped-Logo-Noticias-e1753639739829.png\",\"width\":119,\"height\":86,\"caption\":\"oficial noticias\"},\"image\":{\"@id\":\"https:\\\/\\\/oficialnoticias.com\\\/#\\\/schema\\\/logo\\\/image\\\/\"}},{\"@type\":\"Person\",\"@id\":\"https:\\\/\\\/oficialnoticias.com\\\/#\\\/schema\\\/person\\\/2d1dcbb6bfbc28d68171b4dc04723d4a\",\"name\":\"Luana Gon\u00e7alves\",\"image\":{\"@type\":\"ImageObject\",\"inLanguage\":\"pt-BR\",\"@id\":\"https:\\\/\\\/secure.gravatar.com\\\/avatar\\\/7aa6afdef873224c1a0265951f3fdfc0679f65dfbd15f018612595d323c52521?s=96&d=mm&r=g\",\"url\":\"https:\\\/\\\/secure.gravatar.com\\\/avatar\\\/7aa6afdef873224c1a0265951f3fdfc0679f65dfbd15f018612595d323c52521?s=96&d=mm&r=g\",\"contentUrl\":\"https:\\\/\\\/secure.gravatar.com\\\/avatar\\\/7aa6afdef873224c1a0265951f3fdfc0679f65dfbd15f018612595d323c52521?s=96&d=mm&r=g\",\"caption\":\"Luana Gon\u00e7alves\"},\"sameAs\":[\"https:\\\/\\\/oficialnoticias.com\\\/\"],\"url\":\"https:\\\/\\\/oficialnoticias.com\\\/?author=2\"}]}<\/script>\n<!-- \/ Yoast SEO plugin. -->","yoast_head_json":{"title":"Militares assumem poder em Madagascar ap\u00f3s fuga de presidente -","robots":{"index":"index","follow":"follow","max-snippet":"max-snippet:-1","max-image-preview":"max-image-preview:large","max-video-preview":"max-video-preview:-1"},"canonical":"https:\/\/oficialnoticias.com\/?p=16207","og_locale":"pt_BR","og_type":"article","og_title":"Militares assumem poder em Madagascar ap\u00f3s fuga de presidente -","og_description":"Ap\u00f3s a fuga do presidente Andry Rajoelina, de Madagascar, militares assumiram o controle da ilha no Oceano \u00cdndico, anunciou um coronel do Ex\u00e9rcito nesta ter\u00e7a-feira (14). \u201cTomamos o poder\u201d, disse o coronel Michael Randrianirina. Ele foi o l\u00edder de um grupo de soldados que se juntou aos manifestantes no fim de semana. O coronel acrescentou...","og_url":"https:\/\/oficialnoticias.com\/?p=16207","article_published_time":"2025-10-14T17:01:47+00:00","article_modified_time":"2025-10-14T17:01:51+00:00","og_image":[{"width":1200,"height":630,"url":"https:\/\/oficialnoticias.com\/wp-content\/uploads\/2025\/10\/urlhttps3A2F2Fk2-prod-radio-itatiaia.s3.us-east-1.amazonaws.com2Fbrightspot2Fe02F7c2Fd1e683.webp","type":"image\/webp"}],"author":"Luana Gon\u00e7alves","twitter_card":"summary_large_image","twitter_misc":{"Escrito por":"Luana Gon\u00e7alves","Est. tempo de leitura":"2 minutos"},"schema":{"@context":"https:\/\/schema.org","@graph":[{"@type":"Article","@id":"https:\/\/oficialnoticias.com\/?p=16207#article","isPartOf":{"@id":"https:\/\/oficialnoticias.com\/?p=16207"},"author":{"name":"Luana Gon\u00e7alves","@id":"https:\/\/oficialnoticias.com\/#\/schema\/person\/2d1dcbb6bfbc28d68171b4dc04723d4a"},"headline":"Militares assumem poder em Madagascar ap\u00f3s fuga de presidente","datePublished":"2025-10-14T17:01:47+00:00","dateModified":"2025-10-14T17:01:51+00:00","mainEntityOfPage":{"@id":"https:\/\/oficialnoticias.com\/?p=16207"},"wordCount":363,"commentCount":0,"publisher":{"@id":"https:\/\/oficialnoticias.com\/#organization"},"image":{"@id":"https:\/\/oficialnoticias.com\/?p=16207#primaryimage"},"thumbnailUrl":"https:\/\/oficialnoticias.com\/wp-content\/uploads\/2025\/10\/urlhttps3A2F2Fk2-prod-radio-itatiaia.s3.us-east-1.amazonaws.com2Fbrightspot2Fe02F7c2Fd1e683.webp","articleSection":["Mundo"],"inLanguage":"pt-BR","potentialAction":[{"@type":"CommentAction","name":"Comment","target":["https:\/\/oficialnoticias.com\/?p=16207#respond"]}]},{"@type":"WebPage","@id":"https:\/\/oficialnoticias.com\/?p=16207","url":"https:\/\/oficialnoticias.com\/?p=16207","name":"Militares assumem poder em Madagascar ap\u00f3s fuga de presidente -","isPartOf":{"@id":"https:\/\/oficialnoticias.com\/#website"},"primaryImageOfPage":{"@id":"https:\/\/oficialnoticias.com\/?p=16207#primaryimage"},"image":{"@id":"https:\/\/oficialnoticias.com\/?p=16207#primaryimage"},"thumbnailUrl":"https:\/\/oficialnoticias.com\/wp-content\/uploads\/2025\/10\/urlhttps3A2F2Fk2-prod-radio-itatiaia.s3.us-east-1.amazonaws.com2Fbrightspot2Fe02F7c2Fd1e683.webp","datePublished":"2025-10-14T17:01:47+00:00","dateModified":"2025-10-14T17:01:51+00:00","breadcrumb":{"@id":"https:\/\/oficialnoticias.com\/?p=16207#breadcrumb"},"inLanguage":"pt-BR","potentialAction":[{"@type":"ReadAction","target":["https:\/\/oficialnoticias.com\/?p=16207"]}]},{"@type":"ImageObject","inLanguage":"pt-BR","@id":"https:\/\/oficialnoticias.com\/?p=16207#primaryimage","url":"https:\/\/oficialnoticias.com\/wp-content\/uploads\/2025\/10\/urlhttps3A2F2Fk2-prod-radio-itatiaia.s3.us-east-1.amazonaws.com2Fbrightspot2Fe02F7c2Fd1e683.webp","contentUrl":"https:\/\/oficialnoticias.com\/wp-content\/uploads\/2025\/10\/urlhttps3A2F2Fk2-prod-radio-itatiaia.s3.us-east-1.amazonaws.com2Fbrightspot2Fe02F7c2Fd1e683.webp","width":1200,"height":630},{"@type":"BreadcrumbList","@id":"https:\/\/oficialnoticias.com\/?p=16207#breadcrumb","itemListElement":[{"@type":"ListItem","position":1,"name":"In\u00edcio","item":"https:\/\/oficialnoticias.com\/"},{"@type":"ListItem","position":2,"name":"Militares assumem poder em Madagascar ap\u00f3s fuga de presidente"}]},{"@type":"WebSite","@id":"https:\/\/oficialnoticias.com\/#website","url":"https:\/\/oficialnoticias.com\/","name":"oficial Noticias","description":"","publisher":{"@id":"https:\/\/oficialnoticias.com\/#organization"},"potentialAction":[{"@type":"SearchAction","target":{"@type":"EntryPoint","urlTemplate":"https:\/\/oficialnoticias.com\/?s={search_term_string}"},"query-input":{"@type":"PropertyValueSpecification","valueRequired":true,"valueName":"search_term_string"}}],"inLanguage":"pt-BR"},{"@type":"Organization","@id":"https:\/\/oficialnoticias.com\/#organization","name":"oficial noticias","url":"https:\/\/oficialnoticias.com\/","logo":{"@type":"ImageObject","inLanguage":"pt-BR","@id":"https:\/\/oficialnoticias.com\/#\/schema\/logo\/image\/","url":"https:\/\/oficialnoticias.com\/wp-content\/uploads\/2025\/08\/cropped-cropped-cropped-Logo-Noticias-e1753639739829.png","contentUrl":"https:\/\/oficialnoticias.com\/wp-content\/uploads\/2025\/08\/cropped-cropped-cropped-Logo-Noticias-e1753639739829.png","width":119,"height":86,"caption":"oficial noticias"},"image":{"@id":"https:\/\/oficialnoticias.com\/#\/schema\/logo\/image\/"}},{"@type":"Person","@id":"https:\/\/oficialnoticias.com\/#\/schema\/person\/2d1dcbb6bfbc28d68171b4dc04723d4a","name":"Luana Gon\u00e7alves","image":{"@type":"ImageObject","inLanguage":"pt-BR","@id":"https:\/\/secure.gravatar.com\/avatar\/7aa6afdef873224c1a0265951f3fdfc0679f65dfbd15f018612595d323c52521?s=96&d=mm&r=g","url":"https:\/\/secure.gravatar.com\/avatar\/7aa6afdef873224c1a0265951f3fdfc0679f65dfbd15f018612595d323c52521?s=96&d=mm&r=g","contentUrl":"https:\/\/secure.gravatar.com\/avatar\/7aa6afdef873224c1a0265951f3fdfc0679f65dfbd15f018612595d323c52521?s=96&d=mm&r=g","caption":"Luana Gon\u00e7alves"},"sameAs":["https:\/\/oficialnoticias.com\/"],"url":"https:\/\/oficialnoticias.com\/?author=2"}]}},"_links":{"self":[{"href":"https:\/\/oficialnoticias.com\/index.php?rest_route=\/wp\/v2\/posts\/16207","targetHints":{"allow":["GET"]}}],"collection":[{"href":"https:\/\/oficialnoticias.com\/index.php?rest_route=\/wp\/v2\/posts"}],"about":[{"href":"https:\/\/oficialnoticias.com\/index.php?rest_route=\/wp\/v2\/types\/post"}],"author":[{"embeddable":true,"href":"https:\/\/oficialnoticias.com\/index.php?rest_route=\/wp\/v2\/users\/2"}],"replies":[{"embeddable":true,"href":"https:\/\/oficialnoticias.com\/index.php?rest_route=%2Fwp%2Fv2%2Fcomments&post=16207"}],"version-history":[{"count":1,"href":"https:\/\/oficialnoticias.com\/index.php?rest_route=\/wp\/v2\/posts\/16207\/revisions"}],"predecessor-version":[{"id":16209,"href":"https:\/\/oficialnoticias.com\/index.php?rest_route=\/wp\/v2\/posts\/16207\/revisions\/16209"}],"wp:featuredmedia":[{"embeddable":true,"href":"https:\/\/oficialnoticias.com\/index.php?rest_route=\/wp\/v2\/media\/16208"}],"wp:attachment":[{"href":"https:\/\/oficialnoticias.com\/index.php?rest_route=%2Fwp%2Fv2%2Fmedia&parent=16207"}],"wp:term":[{"taxonomy":"category","embeddable":true,"href":"https:\/\/oficialnoticias.com\/index.php?rest_route=%2Fwp%2Fv2%2Fcategories&post=16207"},{"taxonomy":"post_tag","embeddable":true,"href":"https:\/\/oficialnoticias.com\/index.php?rest_route=%2Fwp%2Fv2%2Ftags&post=16207"}],"curies":[{"name":"wp","href":"https:\/\/api.w.org\/{rel}","templated":true}]}}