{"id":16201,"date":"2025-10-14T13:28:57","date_gmt":"2025-10-14T16:28:57","guid":{"rendered":"https:\/\/oficialnoticias.com\/?p=16201"},"modified":"2025-10-14T13:29:01","modified_gmt":"2025-10-14T16:29:01","slug":"inscricoes-para-casamento-coletivo-na-arena-mrv-do-atletico-sao-prorrogadas","status":"publish","type":"post","link":"https:\/\/oficialnoticias.com\/?p=16201","title":{"rendered":"Inscri\u00e7\u00f5es para casamento coletivo na Arena MRV, do Atl\u00e9tico, s\u00e3o prorrogadas"},"content":{"rendered":"<p><\/p>\n<div>\n<p>As inscri\u00e7\u00f5es para o casamento coletivo que ser\u00e1 realizado na Arena MRV, casa do <bsp-link-enhancement><br \/>\n    <span class=\"LinkEnhancement\"><a class=\"Link\" href=\"https:\/\/www.itatiaia.com.br\/esportes\/futebol\/futebol-nacional\/futebol-mineiro\/atletico\" title=\"&lt;b&gt;Atl\u00e9tico&lt;\/b&gt;\"><b>Atl\u00e9tico<\/b><\/a><\/span><\/bsp-link-enhancement>, foram prorrogadas. O prazo, que terminaria no dia 10 de outubro, foi estendido para a sexta-feira (17).<\/p>\n<p>O evento, chamado de <b>\u201cAltar do Instituto Galo\u201d<\/b>, ser\u00e1 realizado no dia 7 de novembro, sexta-feira, das 14h \u00e0s 18h (de Bras\u00edlia), de maneira gratuita. S\u00e3o apenas 113 vagas dispon\u00edveis para inscri\u00e7\u00e3o.<\/p>\n<p>A a\u00e7\u00e3o \u00e9 promovida pelo Instituto Galo em parceria com o Centro Judici\u00e1rio de Solu\u00e7\u00e3o de Conflitos e Cidadania de Belo Horizonte (CEJUSC) e visa auxiliar casais de baixa renda a formalizar uni\u00e3o. O evento ser\u00e1 estruturado pelo Instituto, que promete uma celebra\u00e7\u00e3o especial e inesquec\u00edvel.<\/p>\n<p>Maria Alice Coelho, presidente do Instituto Galo, celebrou a import\u00e2ncia do \u201cAltar do Instituto Galo\u201d como maneira de promover o compromisso com a inclus\u00e3o e a cidadania.<\/p>\n<p>\u201cO Instituto Galo tem enorme satisfa\u00e7\u00e3o em apoiar esse momento hist\u00f3rico, que celebra o amor e a uni\u00e3o de tantos casais em um espa\u00e7o t\u00e3o simb\u00f3lico para n\u00f3s, a nossa casa, a Arena MRV. Casais torcedores ter\u00e3o a oportunidade de viver uma a\u00e7\u00e3o in\u00e9dita, transformando o est\u00e1dio em cen\u00e1rio de um dos dias mais especiais de suas vidas\u201d, come\u00e7ou.<\/p>\n<p>\u201cA realiza\u00e7\u00e3o do primeiro casamento coletivo na Arena refor\u00e7a nosso compromisso de promover inclus\u00e3o, cidadania e oportunidades para todos. O n\u00famero de vagas escolhidas, 113, tamb\u00e9m \u00e9 carregado de significado, pois o 13 remete ao Galo, unindo a paix\u00e3o pelo clube a uma causa social transformadora\u201d, destacou Maria Alice.<\/p>\n<p>A cerim\u00f4nia ser\u00e1 realizada no Setor Brahma Norte da Arena MRV.<\/p>\n<p><bsp-list-loadmore class=\"PageListStandardG\" data-module=\"\" data-show-loadmore=\"true\" data-list-title-size=\"3\" data-list-description-size=\"3\"><\/p>\n<p>    <a class=\"AnchorLink\" title=\"leia-tambem\" name=\"leia-tambem\"\/><\/p>\n<p><\/bsp-list-loadmore><\/p>\n<h2><b>Onde ser\u00e3o realizadas as inscri\u00e7\u00f5es<\/b><\/h2>\n<ul>\n<li>CEJUSC da Comarca de Belo Horizonte: Avenida Francisco S\u00e1, 1.409 \u2013 Bairro Gutierrez<\/li>\n<li>F\u00f3rum Digital de Venda Nova: Rua Padre Pedro Pinto, 422 \u2013 Bairro S\u00e3o Tom\u00e1s \u2013 Venda Nova<\/li>\n<li>Posto de Atendimento Pr\u00e9-Processual da C\u00e2mara Municipal de Belo Horizonte: Avenida dos Andradas, 3.100 \u2013 Bairro Santa Efig\u00eania<\/li>\n<\/ul>\n<h2><b>Documentos necess\u00e1rios para inscri\u00e7\u00e3o<\/b><\/h2>\n<ul>\n<li>Carteira de Identidade e CPF dos pretendentes;<\/li>\n<li>Solteiros(as): Certid\u00e3o de Nascimento atualizada (expedida h\u00e1 menos de 90 dias), obtida no cart\u00f3rio onde a pessoa foi registrada. O documento deve estar em perfeito estado de conserva\u00e7\u00e3o (n\u00e3o plastificar);<\/li>\n<li>Divorciados(as): Certid\u00e3o de Casamento com averba\u00e7\u00e3o do div\u00f3rcio (expedida h\u00e1 menos de 90 dias), constando a exist\u00eancia de bens \u2014 com a devida partilha \u2014 ou a inexist\u00eancia deles. O documento deve ser solicitado no cart\u00f3rio onde foi realizado o casamento e estar em perfeito estado de conserva\u00e7\u00e3o (n\u00e3o plastificar);<\/li>\n<li>Vi\u00favos(as): Certid\u00e3o de Casamento e Certid\u00e3o de \u00d3bito do c\u00f4njuge falecido (expedidas h\u00e1 menos de 90 dias).<\/li>\n<li>Caso o falecido tenha deixado bens, \u00e9 necess\u00e1rio apresentar: a) c\u00f3pia da senten\u00e7a de invent\u00e1rio, ou b) c\u00f3pia da escritura p\u00fablica de invent\u00e1rio. A Certid\u00e3o de \u00d3bito deve ser obtida no Cart\u00f3rio de Registro Civil de Pessoas Naturais (n\u00e3o plastificar);<\/li>\n<li>Comprovante de resid\u00eancia atualizado;<\/li>\n<li>Declara\u00e7\u00e3o de baixa renda (hipossufici\u00eancia financeira);<\/li>\n<li>Carteira de Identidade ou Certid\u00e3o de Nascimento\/Casamento dos filhos comuns, se houver;<\/li>\n<li>Contrato de uni\u00e3o est\u00e1vel (p\u00fablico ou particular com firma reconhecida), se houver;<\/li>\n<li>Documentos que comprovem os bens adquiridos pelo casal durante a uni\u00e3o est\u00e1vel;<\/li>\n<li>Nome, endere\u00e7o e telefone de duas (2) testemunhas que comprovem a uni\u00e3o est\u00e1vel.<\/li>\n<\/ul><\/div>\n<p><script>\n  window.fbAsyncInit = function() {\n      FB.init({\n              appId : '1447052969554341',\n          xfbml : true,\n          version : 'v2.9'\n      });\n  };\n  (function(d, s, id){\n     var js, fjs = d.getElementsByTagName(s)[0];\n     if (d.getElementById(id)) {return;}\n     js = d.createElement(s); js.id = id;\n     js.src = \"https:\/\/connect.facebook.net\/en_US\/sdk.js\";\n     fjs.parentNode.insertBefore(js, fjs);\n   }(document, 'script', 'facebook-jssdk'));\n<\/script><\/p>\n","protected":false},"excerpt":{"rendered":"<p>As inscri\u00e7\u00f5es para o casamento coletivo que ser\u00e1 realizado na Arena MRV, casa do Atl\u00e9tico, foram prorrogadas. O prazo, que terminaria no dia 10 de outubro, foi estendido para a sexta-feira (17). O evento, chamado de \u201cAltar do Instituto Galo\u201d, ser\u00e1 realizado no dia 7 de novembro, sexta-feira, das 14h \u00e0s 18h (de Bras\u00edlia), de&#8230;<\/p>\n","protected":false},"author":2,"featured_media":16202,"comment_status":"open","ping_status":"open","sticky":false,"template":"","format":"standard","meta":{"footnotes":""},"categories":[4],"tags":[],"class_list":["post-16201","post","type-post","status-publish","format-standard","has-post-thumbnail","hentry","category-sports"],"yoast_head":"<!-- This site is optimized with the Yoast SEO plugin v27.3 - https:\/\/yoast.com\/product\/yoast-seo-wordpress\/ -->\n<title>Inscri\u00e7\u00f5es para casamento coletivo na Arena MRV, do Atl\u00e9tico, s\u00e3o prorrogadas -<\/title>\n<meta name=\"robots\" content=\"index, follow, max-snippet:-1, max-image-preview:large, max-video-preview:-1\" \/>\n<link rel=\"canonical\" href=\"https:\/\/oficialnoticias.com\/?p=16201\" \/>\n<meta property=\"og:locale\" content=\"pt_BR\" \/>\n<meta property=\"og:type\" content=\"article\" \/>\n<meta property=\"og:title\" content=\"Inscri\u00e7\u00f5es para casamento coletivo na Arena MRV, do Atl\u00e9tico, s\u00e3o prorrogadas -\" \/>\n<meta property=\"og:description\" content=\"As inscri\u00e7\u00f5es para o casamento coletivo que ser\u00e1 realizado na Arena MRV, casa do Atl\u00e9tico, foram prorrogadas. O prazo, que terminaria no dia 10 de outubro, foi estendido para a sexta-feira (17). O evento, chamado de \u201cAltar do Instituto Galo\u201d, ser\u00e1 realizado no dia 7 de novembro, sexta-feira, das 14h \u00e0s 18h (de Bras\u00edlia), de...\" \/>\n<meta property=\"og:url\" content=\"https:\/\/oficialnoticias.com\/?p=16201\" \/>\n<meta property=\"article:published_time\" content=\"2025-10-14T16:28:57+00:00\" \/>\n<meta property=\"article:modified_time\" content=\"2025-10-14T16:29:01+00:00\" \/>\n<meta property=\"og:image\" content=\"https:\/\/oficialnoticias.com\/wp-content\/uploads\/2025\/10\/urlhttps3A2F2Fk2-prod-radio-itatiaia.s3.us-east-1.amazonaws.com2Fbrightspot2F6f2F292Fc78056.webp\" \/>\n\t<meta property=\"og:image:width\" content=\"1200\" \/>\n\t<meta property=\"og:image:height\" content=\"630\" \/>\n\t<meta property=\"og:image:type\" content=\"image\/webp\" \/>\n<meta name=\"author\" content=\"Luana Gon\u00e7alves\" \/>\n<meta name=\"twitter:card\" content=\"summary_large_image\" \/>\n<meta name=\"twitter:label1\" content=\"Escrito por\" \/>\n\t<meta name=\"twitter:data1\" content=\"Luana Gon\u00e7alves\" \/>\n\t<meta name=\"twitter:label2\" content=\"Est. tempo de leitura\" \/>\n\t<meta name=\"twitter:data2\" content=\"3 minutos\" \/>\n<script type=\"application\/ld+json\" class=\"yoast-schema-graph\">{\"@context\":\"https:\\\/\\\/schema.org\",\"@graph\":[{\"@type\":\"Article\",\"@id\":\"https:\\\/\\\/oficialnoticias.com\\\/?p=16201#article\",\"isPartOf\":{\"@id\":\"https:\\\/\\\/oficialnoticias.com\\\/?p=16201\"},\"author\":{\"name\":\"Luana Gon\u00e7alves\",\"@id\":\"https:\\\/\\\/oficialnoticias.com\\\/#\\\/schema\\\/person\\\/2d1dcbb6bfbc28d68171b4dc04723d4a\"},\"headline\":\"Inscri\u00e7\u00f5es para casamento coletivo na Arena MRV, do Atl\u00e9tico, s\u00e3o prorrogadas\",\"datePublished\":\"2025-10-14T16:28:57+00:00\",\"dateModified\":\"2025-10-14T16:29:01+00:00\",\"mainEntityOfPage\":{\"@id\":\"https:\\\/\\\/oficialnoticias.com\\\/?p=16201\"},\"wordCount\":594,\"commentCount\":0,\"publisher\":{\"@id\":\"https:\\\/\\\/oficialnoticias.com\\\/#organization\"},\"image\":{\"@id\":\"https:\\\/\\\/oficialnoticias.com\\\/?p=16201#primaryimage\"},\"thumbnailUrl\":\"https:\\\/\\\/oficialnoticias.com\\\/wp-content\\\/uploads\\\/2025\\\/10\\\/urlhttps3A2F2Fk2-prod-radio-itatiaia.s3.us-east-1.amazonaws.com2Fbrightspot2F6f2F292Fc78056.webp\",\"articleSection\":[\"Esporte\"],\"inLanguage\":\"pt-BR\",\"potentialAction\":[{\"@type\":\"CommentAction\",\"name\":\"Comment\",\"target\":[\"https:\\\/\\\/oficialnoticias.com\\\/?p=16201#respond\"]}]},{\"@type\":\"WebPage\",\"@id\":\"https:\\\/\\\/oficialnoticias.com\\\/?p=16201\",\"url\":\"https:\\\/\\\/oficialnoticias.com\\\/?p=16201\",\"name\":\"Inscri\u00e7\u00f5es para casamento coletivo na Arena MRV, do Atl\u00e9tico, s\u00e3o prorrogadas -\",\"isPartOf\":{\"@id\":\"https:\\\/\\\/oficialnoticias.com\\\/#website\"},\"primaryImageOfPage\":{\"@id\":\"https:\\\/\\\/oficialnoticias.com\\\/?p=16201#primaryimage\"},\"image\":{\"@id\":\"https:\\\/\\\/oficialnoticias.com\\\/?p=16201#primaryimage\"},\"thumbnailUrl\":\"https:\\\/\\\/oficialnoticias.com\\\/wp-content\\\/uploads\\\/2025\\\/10\\\/urlhttps3A2F2Fk2-prod-radio-itatiaia.s3.us-east-1.amazonaws.com2Fbrightspot2F6f2F292Fc78056.webp\",\"datePublished\":\"2025-10-14T16:28:57+00:00\",\"dateModified\":\"2025-10-14T16:29:01+00:00\",\"breadcrumb\":{\"@id\":\"https:\\\/\\\/oficialnoticias.com\\\/?p=16201#breadcrumb\"},\"inLanguage\":\"pt-BR\",\"potentialAction\":[{\"@type\":\"ReadAction\",\"target\":[\"https:\\\/\\\/oficialnoticias.com\\\/?p=16201\"]}]},{\"@type\":\"ImageObject\",\"inLanguage\":\"pt-BR\",\"@id\":\"https:\\\/\\\/oficialnoticias.com\\\/?p=16201#primaryimage\",\"url\":\"https:\\\/\\\/oficialnoticias.com\\\/wp-content\\\/uploads\\\/2025\\\/10\\\/urlhttps3A2F2Fk2-prod-radio-itatiaia.s3.us-east-1.amazonaws.com2Fbrightspot2F6f2F292Fc78056.webp\",\"contentUrl\":\"https:\\\/\\\/oficialnoticias.com\\\/wp-content\\\/uploads\\\/2025\\\/10\\\/urlhttps3A2F2Fk2-prod-radio-itatiaia.s3.us-east-1.amazonaws.com2Fbrightspot2F6f2F292Fc78056.webp\",\"width\":1200,\"height\":630},{\"@type\":\"BreadcrumbList\",\"@id\":\"https:\\\/\\\/oficialnoticias.com\\\/?p=16201#breadcrumb\",\"itemListElement\":[{\"@type\":\"ListItem\",\"position\":1,\"name\":\"In\u00edcio\",\"item\":\"https:\\\/\\\/oficialnoticias.com\\\/\"},{\"@type\":\"ListItem\",\"position\":2,\"name\":\"Inscri\u00e7\u00f5es para casamento coletivo na Arena MRV, do Atl\u00e9tico, s\u00e3o prorrogadas\"}]},{\"@type\":\"WebSite\",\"@id\":\"https:\\\/\\\/oficialnoticias.com\\\/#website\",\"url\":\"https:\\\/\\\/oficialnoticias.com\\\/\",\"name\":\"oficial Noticias\",\"description\":\"\",\"publisher\":{\"@id\":\"https:\\\/\\\/oficialnoticias.com\\\/#organization\"},\"potentialAction\":[{\"@type\":\"SearchAction\",\"target\":{\"@type\":\"EntryPoint\",\"urlTemplate\":\"https:\\\/\\\/oficialnoticias.com\\\/?s={search_term_string}\"},\"query-input\":{\"@type\":\"PropertyValueSpecification\",\"valueRequired\":true,\"valueName\":\"search_term_string\"}}],\"inLanguage\":\"pt-BR\"},{\"@type\":\"Organization\",\"@id\":\"https:\\\/\\\/oficialnoticias.com\\\/#organization\",\"name\":\"oficial noticias\",\"url\":\"https:\\\/\\\/oficialnoticias.com\\\/\",\"logo\":{\"@type\":\"ImageObject\",\"inLanguage\":\"pt-BR\",\"@id\":\"https:\\\/\\\/oficialnoticias.com\\\/#\\\/schema\\\/logo\\\/image\\\/\",\"url\":\"https:\\\/\\\/oficialnoticias.com\\\/wp-content\\\/uploads\\\/2025\\\/08\\\/cropped-cropped-cropped-Logo-Noticias-e1753639739829.png\",\"contentUrl\":\"https:\\\/\\\/oficialnoticias.com\\\/wp-content\\\/uploads\\\/2025\\\/08\\\/cropped-cropped-cropped-Logo-Noticias-e1753639739829.png\",\"width\":119,\"height\":86,\"caption\":\"oficial noticias\"},\"image\":{\"@id\":\"https:\\\/\\\/oficialnoticias.com\\\/#\\\/schema\\\/logo\\\/image\\\/\"}},{\"@type\":\"Person\",\"@id\":\"https:\\\/\\\/oficialnoticias.com\\\/#\\\/schema\\\/person\\\/2d1dcbb6bfbc28d68171b4dc04723d4a\",\"name\":\"Luana Gon\u00e7alves\",\"image\":{\"@type\":\"ImageObject\",\"inLanguage\":\"pt-BR\",\"@id\":\"https:\\\/\\\/secure.gravatar.com\\\/avatar\\\/7aa6afdef873224c1a0265951f3fdfc0679f65dfbd15f018612595d323c52521?s=96&d=mm&r=g\",\"url\":\"https:\\\/\\\/secure.gravatar.com\\\/avatar\\\/7aa6afdef873224c1a0265951f3fdfc0679f65dfbd15f018612595d323c52521?s=96&d=mm&r=g\",\"contentUrl\":\"https:\\\/\\\/secure.gravatar.com\\\/avatar\\\/7aa6afdef873224c1a0265951f3fdfc0679f65dfbd15f018612595d323c52521?s=96&d=mm&r=g\",\"caption\":\"Luana Gon\u00e7alves\"},\"sameAs\":[\"https:\\\/\\\/oficialnoticias.com\\\/\"],\"url\":\"https:\\\/\\\/oficialnoticias.com\\\/?author=2\"}]}<\/script>\n<!-- \/ Yoast SEO plugin. -->","yoast_head_json":{"title":"Inscri\u00e7\u00f5es para casamento coletivo na Arena MRV, do Atl\u00e9tico, s\u00e3o prorrogadas -","robots":{"index":"index","follow":"follow","max-snippet":"max-snippet:-1","max-image-preview":"max-image-preview:large","max-video-preview":"max-video-preview:-1"},"canonical":"https:\/\/oficialnoticias.com\/?p=16201","og_locale":"pt_BR","og_type":"article","og_title":"Inscri\u00e7\u00f5es para casamento coletivo na Arena MRV, do Atl\u00e9tico, s\u00e3o prorrogadas -","og_description":"As inscri\u00e7\u00f5es para o casamento coletivo que ser\u00e1 realizado na Arena MRV, casa do Atl\u00e9tico, foram prorrogadas. O prazo, que terminaria no dia 10 de outubro, foi estendido para a sexta-feira (17). O evento, chamado de \u201cAltar do Instituto Galo\u201d, ser\u00e1 realizado no dia 7 de novembro, sexta-feira, das 14h \u00e0s 18h (de Bras\u00edlia), de...","og_url":"https:\/\/oficialnoticias.com\/?p=16201","article_published_time":"2025-10-14T16:28:57+00:00","article_modified_time":"2025-10-14T16:29:01+00:00","og_image":[{"width":1200,"height":630,"url":"https:\/\/oficialnoticias.com\/wp-content\/uploads\/2025\/10\/urlhttps3A2F2Fk2-prod-radio-itatiaia.s3.us-east-1.amazonaws.com2Fbrightspot2F6f2F292Fc78056.webp","type":"image\/webp"}],"author":"Luana Gon\u00e7alves","twitter_card":"summary_large_image","twitter_misc":{"Escrito por":"Luana Gon\u00e7alves","Est. tempo de leitura":"3 minutos"},"schema":{"@context":"https:\/\/schema.org","@graph":[{"@type":"Article","@id":"https:\/\/oficialnoticias.com\/?p=16201#article","isPartOf":{"@id":"https:\/\/oficialnoticias.com\/?p=16201"},"author":{"name":"Luana Gon\u00e7alves","@id":"https:\/\/oficialnoticias.com\/#\/schema\/person\/2d1dcbb6bfbc28d68171b4dc04723d4a"},"headline":"Inscri\u00e7\u00f5es para casamento coletivo na Arena MRV, do Atl\u00e9tico, s\u00e3o prorrogadas","datePublished":"2025-10-14T16:28:57+00:00","dateModified":"2025-10-14T16:29:01+00:00","mainEntityOfPage":{"@id":"https:\/\/oficialnoticias.com\/?p=16201"},"wordCount":594,"commentCount":0,"publisher":{"@id":"https:\/\/oficialnoticias.com\/#organization"},"image":{"@id":"https:\/\/oficialnoticias.com\/?p=16201#primaryimage"},"thumbnailUrl":"https:\/\/oficialnoticias.com\/wp-content\/uploads\/2025\/10\/urlhttps3A2F2Fk2-prod-radio-itatiaia.s3.us-east-1.amazonaws.com2Fbrightspot2F6f2F292Fc78056.webp","articleSection":["Esporte"],"inLanguage":"pt-BR","potentialAction":[{"@type":"CommentAction","name":"Comment","target":["https:\/\/oficialnoticias.com\/?p=16201#respond"]}]},{"@type":"WebPage","@id":"https:\/\/oficialnoticias.com\/?p=16201","url":"https:\/\/oficialnoticias.com\/?p=16201","name":"Inscri\u00e7\u00f5es para casamento coletivo na Arena MRV, do Atl\u00e9tico, s\u00e3o prorrogadas -","isPartOf":{"@id":"https:\/\/oficialnoticias.com\/#website"},"primaryImageOfPage":{"@id":"https:\/\/oficialnoticias.com\/?p=16201#primaryimage"},"image":{"@id":"https:\/\/oficialnoticias.com\/?p=16201#primaryimage"},"thumbnailUrl":"https:\/\/oficialnoticias.com\/wp-content\/uploads\/2025\/10\/urlhttps3A2F2Fk2-prod-radio-itatiaia.s3.us-east-1.amazonaws.com2Fbrightspot2F6f2F292Fc78056.webp","datePublished":"2025-10-14T16:28:57+00:00","dateModified":"2025-10-14T16:29:01+00:00","breadcrumb":{"@id":"https:\/\/oficialnoticias.com\/?p=16201#breadcrumb"},"inLanguage":"pt-BR","potentialAction":[{"@type":"ReadAction","target":["https:\/\/oficialnoticias.com\/?p=16201"]}]},{"@type":"ImageObject","inLanguage":"pt-BR","@id":"https:\/\/oficialnoticias.com\/?p=16201#primaryimage","url":"https:\/\/oficialnoticias.com\/wp-content\/uploads\/2025\/10\/urlhttps3A2F2Fk2-prod-radio-itatiaia.s3.us-east-1.amazonaws.com2Fbrightspot2F6f2F292Fc78056.webp","contentUrl":"https:\/\/oficialnoticias.com\/wp-content\/uploads\/2025\/10\/urlhttps3A2F2Fk2-prod-radio-itatiaia.s3.us-east-1.amazonaws.com2Fbrightspot2F6f2F292Fc78056.webp","width":1200,"height":630},{"@type":"BreadcrumbList","@id":"https:\/\/oficialnoticias.com\/?p=16201#breadcrumb","itemListElement":[{"@type":"ListItem","position":1,"name":"In\u00edcio","item":"https:\/\/oficialnoticias.com\/"},{"@type":"ListItem","position":2,"name":"Inscri\u00e7\u00f5es para casamento coletivo na Arena MRV, do Atl\u00e9tico, s\u00e3o prorrogadas"}]},{"@type":"WebSite","@id":"https:\/\/oficialnoticias.com\/#website","url":"https:\/\/oficialnoticias.com\/","name":"oficial Noticias","description":"","publisher":{"@id":"https:\/\/oficialnoticias.com\/#organization"},"potentialAction":[{"@type":"SearchAction","target":{"@type":"EntryPoint","urlTemplate":"https:\/\/oficialnoticias.com\/?s={search_term_string}"},"query-input":{"@type":"PropertyValueSpecification","valueRequired":true,"valueName":"search_term_string"}}],"inLanguage":"pt-BR"},{"@type":"Organization","@id":"https:\/\/oficialnoticias.com\/#organization","name":"oficial noticias","url":"https:\/\/oficialnoticias.com\/","logo":{"@type":"ImageObject","inLanguage":"pt-BR","@id":"https:\/\/oficialnoticias.com\/#\/schema\/logo\/image\/","url":"https:\/\/oficialnoticias.com\/wp-content\/uploads\/2025\/08\/cropped-cropped-cropped-Logo-Noticias-e1753639739829.png","contentUrl":"https:\/\/oficialnoticias.com\/wp-content\/uploads\/2025\/08\/cropped-cropped-cropped-Logo-Noticias-e1753639739829.png","width":119,"height":86,"caption":"oficial noticias"},"image":{"@id":"https:\/\/oficialnoticias.com\/#\/schema\/logo\/image\/"}},{"@type":"Person","@id":"https:\/\/oficialnoticias.com\/#\/schema\/person\/2d1dcbb6bfbc28d68171b4dc04723d4a","name":"Luana Gon\u00e7alves","image":{"@type":"ImageObject","inLanguage":"pt-BR","@id":"https:\/\/secure.gravatar.com\/avatar\/7aa6afdef873224c1a0265951f3fdfc0679f65dfbd15f018612595d323c52521?s=96&d=mm&r=g","url":"https:\/\/secure.gravatar.com\/avatar\/7aa6afdef873224c1a0265951f3fdfc0679f65dfbd15f018612595d323c52521?s=96&d=mm&r=g","contentUrl":"https:\/\/secure.gravatar.com\/avatar\/7aa6afdef873224c1a0265951f3fdfc0679f65dfbd15f018612595d323c52521?s=96&d=mm&r=g","caption":"Luana Gon\u00e7alves"},"sameAs":["https:\/\/oficialnoticias.com\/"],"url":"https:\/\/oficialnoticias.com\/?author=2"}]}},"_links":{"self":[{"href":"https:\/\/oficialnoticias.com\/index.php?rest_route=\/wp\/v2\/posts\/16201","targetHints":{"allow":["GET"]}}],"collection":[{"href":"https:\/\/oficialnoticias.com\/index.php?rest_route=\/wp\/v2\/posts"}],"about":[{"href":"https:\/\/oficialnoticias.com\/index.php?rest_route=\/wp\/v2\/types\/post"}],"author":[{"embeddable":true,"href":"https:\/\/oficialnoticias.com\/index.php?rest_route=\/wp\/v2\/users\/2"}],"replies":[{"embeddable":true,"href":"https:\/\/oficialnoticias.com\/index.php?rest_route=%2Fwp%2Fv2%2Fcomments&post=16201"}],"version-history":[{"count":1,"href":"https:\/\/oficialnoticias.com\/index.php?rest_route=\/wp\/v2\/posts\/16201\/revisions"}],"predecessor-version":[{"id":16203,"href":"https:\/\/oficialnoticias.com\/index.php?rest_route=\/wp\/v2\/posts\/16201\/revisions\/16203"}],"wp:featuredmedia":[{"embeddable":true,"href":"https:\/\/oficialnoticias.com\/index.php?rest_route=\/wp\/v2\/media\/16202"}],"wp:attachment":[{"href":"https:\/\/oficialnoticias.com\/index.php?rest_route=%2Fwp%2Fv2%2Fmedia&parent=16201"}],"wp:term":[{"taxonomy":"category","embeddable":true,"href":"https:\/\/oficialnoticias.com\/index.php?rest_route=%2Fwp%2Fv2%2Fcategories&post=16201"},{"taxonomy":"post_tag","embeddable":true,"href":"https:\/\/oficialnoticias.com\/index.php?rest_route=%2Fwp%2Fv2%2Ftags&post=16201"}],"curies":[{"name":"wp","href":"https:\/\/api.w.org\/{rel}","templated":true}]}}