{"id":16195,"date":"2025-10-14T12:59:27","date_gmt":"2025-10-14T15:59:27","guid":{"rendered":"https:\/\/oficialnoticias.com\/?p=16195"},"modified":"2025-10-14T12:59:30","modified_gmt":"2025-10-14T15:59:30","slug":"alec-baldwin-sofre-acidente-de-carro-durante-tempestade-nos-eua","status":"publish","type":"post","link":"https:\/\/oficialnoticias.com\/?p=16195","title":{"rendered":"Alec Baldwin sofre acidente de carro durante tempestade nos EUA"},"content":{"rendered":"<p>\n<\/p>\n<div>\n<p>O ator <b>Alec Baldwin<\/b>, de 67 anos, sofreu um acidente de carro nessa segunda-feira (13). Na ocasi\u00e3o, ele, que estava acompanhado do irm\u00e3o, Stephen Baldwin, de 59, se chocou em uma \u00e1rvore na regi\u00e3o dos Hamptons. No momento ocorria uma forte tempestade em parte de Nova York (EUA), segundo a revista People.<\/p>\n<p>O carro era dirigido por Alec Baldwin e teve o cap\u00f4 danificado. Os irm\u00e3os foram flagrados conversando com a pol\u00edcia no local ap\u00f3s o acidente e n\u00e3o tinham ferimentos graves vis\u00edveis.<\/p>\n<p>Alec e Stephen estariam na cidade para o Festival Internacional de Cinema de Hamptons, que come\u00e7ou em 5 de outubro e chegou ao fim ontem.<\/p>\n<p><bsp-list-loadmore class=\"PageListStandardG\" data-module=\"\" data-show-loadmore=\"true\" data-list-title-size=\"3\" data-list-description-size=\"3\"><\/p>\n<p>    <a class=\"AnchorLink\" title=\"leia-tambem\" name=\"leia-tambem\"\/><\/p>\n<p><\/bsp-list-loadmore><\/p>\n<h2>Alec Baldwin se manifesta<\/h2>\n<p>Em um<bsp-link-enhancement><br \/>\n    <span class=\"LinkEnhancement\"><a class=\"Link\" href=\"https:\/\/www.instagram.com\/p\/DPxMpfBDnpN\/\" target=\"_blank\" title=\" &lt;b&gt;v\u00eddeo compartilhado ap\u00f3s o acidente&lt;\/b&gt;\" rel=\"noopener\"> <b>v\u00eddeo compartilhado ap\u00f3s o acidente<\/b><\/a><\/span><\/bsp-link-enhancement>, Alec Baldwin comentou sobre o seu estado de sa\u00fade: \u201cEstou bem, meu irm\u00e3o Stephen estava me visitando\u201d.<\/p>\n<p>Logo depois, ele explicou a din\u00e2mica do acidente. \u201cUm cara me fechou na frente de um caminh\u00e3o. Um caminh\u00e3o de lixo enorme, do tamanho de uma baleia\u201d, disse.<\/p>\n<p>\u201cDeve ter sido algo comercial, levando material de uma constru\u00e7\u00e3o. Foi o maior caminh\u00e3o de lixo que eu j\u00e1 vi\u201d, acrescentou.<\/p>\n<p>Para evitar bater no caminh\u00e3o, Alec esclareceu que desviou o ve\u00edculo e se chocou contra \u201cuma \u00e1rvore enorme\u201d.<\/p>\n<p>\u201cAmassei o carro da minha esposa [&#8230;] Estou bem, meu irm\u00e3o est\u00e1 bem\u201d, seguiu falando.<\/p>\n<p>O ator tamb\u00e9m agradeceu aos policiais de East Hampton que prestaram socorro ap\u00f3s o acidente, dizendo que eles foram \u201ct\u00e3o gentis quanto poss\u00edvel e simp\u00e1ticos com rela\u00e7\u00e3o a tudo\u201d.<\/p>\n<p>\u201cVou para Los Angeles ver minha fam\u00edlia, mal posso esperar. Vou para a Calif\u00f3rnia reunir minha fam\u00edlia l\u00e1 por alguns dias. Ainda tenho muito orgulho da minha esposa. Hilaria, eu te amo mais do que tudo. Estou bem\u201d, concluiu o ator.<\/p>\n<p>Conforme a People, a tempestade causou grandes inunda\u00e7\u00f5es costeiras da Carolina do Norte at\u00e9 Nova Jersey, e interrompeu voos em Boston e Nova York. Fortes ventos e chuvas tamb\u00e9m causaram a queda de \u00e1rvores, que obstru\u00edram linhas de energia.<\/p>\n<h2>Acidente no set do filme \u2018Rust\u2019<\/h2>\n<p>Em outubro de 2021, a diretora de fotografia <bsp-link-enhancement><br \/>\n    <span class=\"LinkEnhancement\"><a class=\"Link\" href=\"https:\/\/www.itatiaia.com.br\/noticia\/alec-baldwin-fala-sobre-incidente-com-arma-que-provocou-a-morte-de-halyna-hutchins-ela-era-minha-amiga\" title=\"&lt;b&gt;Halyna Hutchins&lt;\/b&gt; \"><b>Halyna Hutchins<\/b> <\/a><\/span><\/bsp-link-enhancement>morreu aos 42 anos ap\u00f3s ser atingida por um tiro durante ensaio do filme \u201cRust\u201d. O ator Alec Baldwin, que estava com uma arma cenogr\u00e1fica e fez o disparo, negou que ela estivesse carregada com muni\u00e7\u00e3o real. O diretor do filme, Joel Souza, tamb\u00e9m foi ferido.<\/p>\n<p>Em 2024, o<bsp-link-enhancement><br \/>\n    <span class=\"LinkEnhancement\"><a class=\"Link\" href=\"https:\/\/www.itatiaia.com.br\/entretenimento\/2024\/07\/13\/entenda-por-que-julgamento-do-ator-alec-baldwin-foi-anulado\" title=\" &lt;b&gt;julgamento criminal de Alec por homic\u00eddio culposo foi anulado&lt;\/b&gt;\"> <b>julgamento criminal de Alec por homic\u00eddio culposo foi anulado<\/b><\/a><\/span><\/bsp-link-enhancement> e arquivado pela Justi\u00e7a do Novo M\u00e9xico, nos Estados Unidos.<\/p>\n<p>A armeira do filme, Hannah Gutierrez-Reed, foi condenada a 18 meses de pris\u00e3o por homic\u00eddio culposo no mesmo incidente.<\/p>\n<div class=\"Enhancement\" data-align-center=\"\">\n<div class=\"Enhancement-item\">\n<p>                            <bsp-figure class=\"Figure\" id=\"image-7d0000\"><br \/>\n    <button class=\"containerImg\"><\/p>\n<p>    <a class=\"AnchorLink\" title=\"image-7d0000\" name=\"image-7d0000\"\/><\/p>\n<picture><source type=\"image\/webp\" width=\"1000\" height=\"563\" srcset=\"https:\/\/medias.itatiaia.com.br\/dims4\/default\/9534ed2\/2147483647\/strip\/true\/crop\/1199x675+1+0\/resize\/568x320!\/format\/webp\/quality\/90\/?url=https%3A%2F%2Fk2-prod-radio-itatiaia.s3.us-east-1.amazonaws.com%2Fbrightspot%2F15%2F70%2Fa0b2ef5c791fa4172caab4b263b5%2Falec-baldwin-no-set-de-filmagens-de-rust-14eea86b-b496-4596-a0e4-41afacc8f086.jpg 568w,https:\/\/medias.itatiaia.com.br\/dims4\/default\/c4fe843\/2147483647\/strip\/true\/crop\/1199x675+1+0\/resize\/768x432!\/format\/webp\/quality\/90\/?url=https%3A%2F%2Fk2-prod-radio-itatiaia.s3.us-east-1.amazonaws.com%2Fbrightspot%2F15%2F70%2Fa0b2ef5c791fa4172caab4b263b5%2Falec-baldwin-no-set-de-filmagens-de-rust-14eea86b-b496-4596-a0e4-41afacc8f086.jpg 768w,https:\/\/medias.itatiaia.com.br\/dims4\/default\/2810d85\/2147483647\/strip\/true\/crop\/1199x675+1+0\/resize\/1000x563!\/format\/webp\/quality\/90\/?url=https%3A%2F%2Fk2-prod-radio-itatiaia.s3.us-east-1.amazonaws.com%2Fbrightspot%2F15%2F70%2Fa0b2ef5c791fa4172caab4b263b5%2Falec-baldwin-no-set-de-filmagens-de-rust-14eea86b-b496-4596-a0e4-41afacc8f086.jpg 1000w\"\/><source width=\"1000\" height=\"563\" srcset=\"https:\/\/medias.itatiaia.com.br\/dims4\/default\/d9a3fc0\/2147483647\/strip\/true\/crop\/1199x675+1+0\/resize\/1000x563!\/quality\/90\/?url=https%3A%2F%2Fk2-prod-radio-itatiaia.s3.us-east-1.amazonaws.com%2Fbrightspot%2F15%2F70%2Fa0b2ef5c791fa4172caab4b263b5%2Falec-baldwin-no-set-de-filmagens-de-rust-14eea86b-b496-4596-a0e4-41afacc8f086.jpg\"\/><\/picture>\n<div class=\"Figure-credit\">\n<p>Reprodu\u00e7\u00e3o\/Redes Sociais<\/p>\n<\/div>\n<p>    <\/button><\/p>\n<div class=\"Figure-content\"><figcaption class=\"Figure-caption\">\n<p>Alec Baldwin no set de filmagens de \u201cRust\u201d<\/p>\n<\/figcaption><\/div>\n<p><\/bsp-figure><\/p><\/div>\n<\/p><\/div>\n<\/p><\/div>\n<p><script>\n  window.fbAsyncInit = function() {\n      FB.init({\n              appId : '1447052969554341',\n          xfbml : true,\n          version : 'v2.9'\n      });\n  };\n  (function(d, s, id){\n     var js, fjs = d.getElementsByTagName(s)[0];\n     if (d.getElementById(id)) {return;}\n     js = d.createElement(s); js.id = id;\n     js.src = \"https:\/\/connect.facebook.net\/en_US\/sdk.js\";\n     fjs.parentNode.insertBefore(js, fjs);\n   }(document, 'script', 'facebook-jssdk'));\n<\/script><script async src=\"\/\/www.instagram.com\/embed.js\"><\/script><br \/>\n  <\/a><\/p>\n","protected":false},"excerpt":{"rendered":"<p>O ator Alec Baldwin, de 67 anos, sofreu um acidente de carro nessa segunda-feira (13). Na ocasi\u00e3o, ele, que estava acompanhado do irm\u00e3o, Stephen Baldwin, de 59, se chocou em uma \u00e1rvore na regi\u00e3o dos Hamptons. No momento ocorria uma forte tempestade em parte de Nova York (EUA), segundo a revista People. O carro era&#8230;<\/p>\n","protected":false},"author":2,"featured_media":16196,"comment_status":"open","ping_status":"open","sticky":false,"template":"","format":"standard","meta":{"footnotes":""},"categories":[2],"tags":[],"class_list":["post-16195","post","type-post","status-publish","format-standard","has-post-thumbnail","hentry","category-decor"],"yoast_head":"<!-- This site is optimized with the Yoast SEO plugin v27.3 - https:\/\/yoast.com\/product\/yoast-seo-wordpress\/ -->\n<title>Alec Baldwin sofre acidente de carro durante tempestade nos EUA -<\/title>\n<meta name=\"robots\" content=\"index, follow, max-snippet:-1, max-image-preview:large, max-video-preview:-1\" \/>\n<link rel=\"canonical\" href=\"https:\/\/oficialnoticias.com\/?p=16195\" \/>\n<meta property=\"og:locale\" content=\"pt_BR\" \/>\n<meta property=\"og:type\" content=\"article\" \/>\n<meta property=\"og:title\" content=\"Alec Baldwin sofre acidente de carro durante tempestade nos EUA -\" \/>\n<meta property=\"og:description\" content=\"O ator Alec Baldwin, de 67 anos, sofreu um acidente de carro nessa segunda-feira (13). Na ocasi\u00e3o, ele, que estava acompanhado do irm\u00e3o, Stephen Baldwin, de 59, se chocou em uma \u00e1rvore na regi\u00e3o dos Hamptons. No momento ocorria uma forte tempestade em parte de Nova York (EUA), segundo a revista People. O carro era...\" \/>\n<meta property=\"og:url\" content=\"https:\/\/oficialnoticias.com\/?p=16195\" \/>\n<meta property=\"article:published_time\" content=\"2025-10-14T15:59:27+00:00\" \/>\n<meta property=\"article:modified_time\" content=\"2025-10-14T15:59:30+00:00\" \/>\n<meta property=\"og:image\" content=\"https:\/\/oficialnoticias.com\/wp-content\/uploads\/2025\/10\/urlhttps3A2F2Fk2-prod-radio-itatiaia.s3.us-east-1.amazonaws.com2Fbrightspot2Fa82Fa82F2f627d.webp\" \/>\n\t<meta property=\"og:image:width\" content=\"1200\" \/>\n\t<meta property=\"og:image:height\" content=\"630\" \/>\n\t<meta property=\"og:image:type\" content=\"image\/webp\" \/>\n<meta name=\"author\" content=\"Luana Gon\u00e7alves\" \/>\n<meta name=\"twitter:card\" content=\"summary_large_image\" \/>\n<meta name=\"twitter:label1\" content=\"Escrito por\" \/>\n\t<meta name=\"twitter:data1\" content=\"Luana Gon\u00e7alves\" \/>\n\t<meta name=\"twitter:label2\" content=\"Est. tempo de leitura\" \/>\n\t<meta name=\"twitter:data2\" content=\"2 minutos\" \/>\n<script type=\"application\/ld+json\" class=\"yoast-schema-graph\">{\"@context\":\"https:\\\/\\\/schema.org\",\"@graph\":[{\"@type\":\"Article\",\"@id\":\"https:\\\/\\\/oficialnoticias.com\\\/?p=16195#article\",\"isPartOf\":{\"@id\":\"https:\\\/\\\/oficialnoticias.com\\\/?p=16195\"},\"author\":{\"name\":\"Luana Gon\u00e7alves\",\"@id\":\"https:\\\/\\\/oficialnoticias.com\\\/#\\\/schema\\\/person\\\/2d1dcbb6bfbc28d68171b4dc04723d4a\"},\"headline\":\"Alec Baldwin sofre acidente de carro durante tempestade nos EUA\",\"datePublished\":\"2025-10-14T15:59:27+00:00\",\"dateModified\":\"2025-10-14T15:59:30+00:00\",\"mainEntityOfPage\":{\"@id\":\"https:\\\/\\\/oficialnoticias.com\\\/?p=16195\"},\"wordCount\":485,\"commentCount\":0,\"publisher\":{\"@id\":\"https:\\\/\\\/oficialnoticias.com\\\/#organization\"},\"image\":{\"@id\":\"https:\\\/\\\/oficialnoticias.com\\\/?p=16195#primaryimage\"},\"thumbnailUrl\":\"https:\\\/\\\/oficialnoticias.com\\\/wp-content\\\/uploads\\\/2025\\\/10\\\/urlhttps3A2F2Fk2-prod-radio-itatiaia.s3.us-east-1.amazonaws.com2Fbrightspot2Fa82Fa82F2f627d.webp\",\"articleSection\":[\"Mundo\"],\"inLanguage\":\"pt-BR\",\"potentialAction\":[{\"@type\":\"CommentAction\",\"name\":\"Comment\",\"target\":[\"https:\\\/\\\/oficialnoticias.com\\\/?p=16195#respond\"]}]},{\"@type\":\"WebPage\",\"@id\":\"https:\\\/\\\/oficialnoticias.com\\\/?p=16195\",\"url\":\"https:\\\/\\\/oficialnoticias.com\\\/?p=16195\",\"name\":\"Alec Baldwin sofre acidente de carro durante tempestade nos EUA -\",\"isPartOf\":{\"@id\":\"https:\\\/\\\/oficialnoticias.com\\\/#website\"},\"primaryImageOfPage\":{\"@id\":\"https:\\\/\\\/oficialnoticias.com\\\/?p=16195#primaryimage\"},\"image\":{\"@id\":\"https:\\\/\\\/oficialnoticias.com\\\/?p=16195#primaryimage\"},\"thumbnailUrl\":\"https:\\\/\\\/oficialnoticias.com\\\/wp-content\\\/uploads\\\/2025\\\/10\\\/urlhttps3A2F2Fk2-prod-radio-itatiaia.s3.us-east-1.amazonaws.com2Fbrightspot2Fa82Fa82F2f627d.webp\",\"datePublished\":\"2025-10-14T15:59:27+00:00\",\"dateModified\":\"2025-10-14T15:59:30+00:00\",\"breadcrumb\":{\"@id\":\"https:\\\/\\\/oficialnoticias.com\\\/?p=16195#breadcrumb\"},\"inLanguage\":\"pt-BR\",\"potentialAction\":[{\"@type\":\"ReadAction\",\"target\":[\"https:\\\/\\\/oficialnoticias.com\\\/?p=16195\"]}]},{\"@type\":\"ImageObject\",\"inLanguage\":\"pt-BR\",\"@id\":\"https:\\\/\\\/oficialnoticias.com\\\/?p=16195#primaryimage\",\"url\":\"https:\\\/\\\/oficialnoticias.com\\\/wp-content\\\/uploads\\\/2025\\\/10\\\/urlhttps3A2F2Fk2-prod-radio-itatiaia.s3.us-east-1.amazonaws.com2Fbrightspot2Fa82Fa82F2f627d.webp\",\"contentUrl\":\"https:\\\/\\\/oficialnoticias.com\\\/wp-content\\\/uploads\\\/2025\\\/10\\\/urlhttps3A2F2Fk2-prod-radio-itatiaia.s3.us-east-1.amazonaws.com2Fbrightspot2Fa82Fa82F2f627d.webp\",\"width\":1200,\"height\":630},{\"@type\":\"BreadcrumbList\",\"@id\":\"https:\\\/\\\/oficialnoticias.com\\\/?p=16195#breadcrumb\",\"itemListElement\":[{\"@type\":\"ListItem\",\"position\":1,\"name\":\"In\u00edcio\",\"item\":\"https:\\\/\\\/oficialnoticias.com\\\/\"},{\"@type\":\"ListItem\",\"position\":2,\"name\":\"Alec Baldwin sofre acidente de carro durante tempestade nos EUA\"}]},{\"@type\":\"WebSite\",\"@id\":\"https:\\\/\\\/oficialnoticias.com\\\/#website\",\"url\":\"https:\\\/\\\/oficialnoticias.com\\\/\",\"name\":\"oficial Noticias\",\"description\":\"\",\"publisher\":{\"@id\":\"https:\\\/\\\/oficialnoticias.com\\\/#organization\"},\"potentialAction\":[{\"@type\":\"SearchAction\",\"target\":{\"@type\":\"EntryPoint\",\"urlTemplate\":\"https:\\\/\\\/oficialnoticias.com\\\/?s={search_term_string}\"},\"query-input\":{\"@type\":\"PropertyValueSpecification\",\"valueRequired\":true,\"valueName\":\"search_term_string\"}}],\"inLanguage\":\"pt-BR\"},{\"@type\":\"Organization\",\"@id\":\"https:\\\/\\\/oficialnoticias.com\\\/#organization\",\"name\":\"oficial noticias\",\"url\":\"https:\\\/\\\/oficialnoticias.com\\\/\",\"logo\":{\"@type\":\"ImageObject\",\"inLanguage\":\"pt-BR\",\"@id\":\"https:\\\/\\\/oficialnoticias.com\\\/#\\\/schema\\\/logo\\\/image\\\/\",\"url\":\"https:\\\/\\\/oficialnoticias.com\\\/wp-content\\\/uploads\\\/2025\\\/08\\\/cropped-cropped-cropped-Logo-Noticias-e1753639739829.png\",\"contentUrl\":\"https:\\\/\\\/oficialnoticias.com\\\/wp-content\\\/uploads\\\/2025\\\/08\\\/cropped-cropped-cropped-Logo-Noticias-e1753639739829.png\",\"width\":119,\"height\":86,\"caption\":\"oficial noticias\"},\"image\":{\"@id\":\"https:\\\/\\\/oficialnoticias.com\\\/#\\\/schema\\\/logo\\\/image\\\/\"}},{\"@type\":\"Person\",\"@id\":\"https:\\\/\\\/oficialnoticias.com\\\/#\\\/schema\\\/person\\\/2d1dcbb6bfbc28d68171b4dc04723d4a\",\"name\":\"Luana Gon\u00e7alves\",\"image\":{\"@type\":\"ImageObject\",\"inLanguage\":\"pt-BR\",\"@id\":\"https:\\\/\\\/secure.gravatar.com\\\/avatar\\\/7aa6afdef873224c1a0265951f3fdfc0679f65dfbd15f018612595d323c52521?s=96&d=mm&r=g\",\"url\":\"https:\\\/\\\/secure.gravatar.com\\\/avatar\\\/7aa6afdef873224c1a0265951f3fdfc0679f65dfbd15f018612595d323c52521?s=96&d=mm&r=g\",\"contentUrl\":\"https:\\\/\\\/secure.gravatar.com\\\/avatar\\\/7aa6afdef873224c1a0265951f3fdfc0679f65dfbd15f018612595d323c52521?s=96&d=mm&r=g\",\"caption\":\"Luana Gon\u00e7alves\"},\"sameAs\":[\"https:\\\/\\\/oficialnoticias.com\\\/\"],\"url\":\"https:\\\/\\\/oficialnoticias.com\\\/?author=2\"}]}<\/script>\n<!-- \/ Yoast SEO plugin. -->","yoast_head_json":{"title":"Alec Baldwin sofre acidente de carro durante tempestade nos EUA -","robots":{"index":"index","follow":"follow","max-snippet":"max-snippet:-1","max-image-preview":"max-image-preview:large","max-video-preview":"max-video-preview:-1"},"canonical":"https:\/\/oficialnoticias.com\/?p=16195","og_locale":"pt_BR","og_type":"article","og_title":"Alec Baldwin sofre acidente de carro durante tempestade nos EUA -","og_description":"O ator Alec Baldwin, de 67 anos, sofreu um acidente de carro nessa segunda-feira (13). Na ocasi\u00e3o, ele, que estava acompanhado do irm\u00e3o, Stephen Baldwin, de 59, se chocou em uma \u00e1rvore na regi\u00e3o dos Hamptons. No momento ocorria uma forte tempestade em parte de Nova York (EUA), segundo a revista People. O carro era...","og_url":"https:\/\/oficialnoticias.com\/?p=16195","article_published_time":"2025-10-14T15:59:27+00:00","article_modified_time":"2025-10-14T15:59:30+00:00","og_image":[{"width":1200,"height":630,"url":"https:\/\/oficialnoticias.com\/wp-content\/uploads\/2025\/10\/urlhttps3A2F2Fk2-prod-radio-itatiaia.s3.us-east-1.amazonaws.com2Fbrightspot2Fa82Fa82F2f627d.webp","type":"image\/webp"}],"author":"Luana Gon\u00e7alves","twitter_card":"summary_large_image","twitter_misc":{"Escrito por":"Luana Gon\u00e7alves","Est. tempo de leitura":"2 minutos"},"schema":{"@context":"https:\/\/schema.org","@graph":[{"@type":"Article","@id":"https:\/\/oficialnoticias.com\/?p=16195#article","isPartOf":{"@id":"https:\/\/oficialnoticias.com\/?p=16195"},"author":{"name":"Luana Gon\u00e7alves","@id":"https:\/\/oficialnoticias.com\/#\/schema\/person\/2d1dcbb6bfbc28d68171b4dc04723d4a"},"headline":"Alec Baldwin sofre acidente de carro durante tempestade nos EUA","datePublished":"2025-10-14T15:59:27+00:00","dateModified":"2025-10-14T15:59:30+00:00","mainEntityOfPage":{"@id":"https:\/\/oficialnoticias.com\/?p=16195"},"wordCount":485,"commentCount":0,"publisher":{"@id":"https:\/\/oficialnoticias.com\/#organization"},"image":{"@id":"https:\/\/oficialnoticias.com\/?p=16195#primaryimage"},"thumbnailUrl":"https:\/\/oficialnoticias.com\/wp-content\/uploads\/2025\/10\/urlhttps3A2F2Fk2-prod-radio-itatiaia.s3.us-east-1.amazonaws.com2Fbrightspot2Fa82Fa82F2f627d.webp","articleSection":["Mundo"],"inLanguage":"pt-BR","potentialAction":[{"@type":"CommentAction","name":"Comment","target":["https:\/\/oficialnoticias.com\/?p=16195#respond"]}]},{"@type":"WebPage","@id":"https:\/\/oficialnoticias.com\/?p=16195","url":"https:\/\/oficialnoticias.com\/?p=16195","name":"Alec Baldwin sofre acidente de carro durante tempestade nos EUA -","isPartOf":{"@id":"https:\/\/oficialnoticias.com\/#website"},"primaryImageOfPage":{"@id":"https:\/\/oficialnoticias.com\/?p=16195#primaryimage"},"image":{"@id":"https:\/\/oficialnoticias.com\/?p=16195#primaryimage"},"thumbnailUrl":"https:\/\/oficialnoticias.com\/wp-content\/uploads\/2025\/10\/urlhttps3A2F2Fk2-prod-radio-itatiaia.s3.us-east-1.amazonaws.com2Fbrightspot2Fa82Fa82F2f627d.webp","datePublished":"2025-10-14T15:59:27+00:00","dateModified":"2025-10-14T15:59:30+00:00","breadcrumb":{"@id":"https:\/\/oficialnoticias.com\/?p=16195#breadcrumb"},"inLanguage":"pt-BR","potentialAction":[{"@type":"ReadAction","target":["https:\/\/oficialnoticias.com\/?p=16195"]}]},{"@type":"ImageObject","inLanguage":"pt-BR","@id":"https:\/\/oficialnoticias.com\/?p=16195#primaryimage","url":"https:\/\/oficialnoticias.com\/wp-content\/uploads\/2025\/10\/urlhttps3A2F2Fk2-prod-radio-itatiaia.s3.us-east-1.amazonaws.com2Fbrightspot2Fa82Fa82F2f627d.webp","contentUrl":"https:\/\/oficialnoticias.com\/wp-content\/uploads\/2025\/10\/urlhttps3A2F2Fk2-prod-radio-itatiaia.s3.us-east-1.amazonaws.com2Fbrightspot2Fa82Fa82F2f627d.webp","width":1200,"height":630},{"@type":"BreadcrumbList","@id":"https:\/\/oficialnoticias.com\/?p=16195#breadcrumb","itemListElement":[{"@type":"ListItem","position":1,"name":"In\u00edcio","item":"https:\/\/oficialnoticias.com\/"},{"@type":"ListItem","position":2,"name":"Alec Baldwin sofre acidente de carro durante tempestade nos EUA"}]},{"@type":"WebSite","@id":"https:\/\/oficialnoticias.com\/#website","url":"https:\/\/oficialnoticias.com\/","name":"oficial Noticias","description":"","publisher":{"@id":"https:\/\/oficialnoticias.com\/#organization"},"potentialAction":[{"@type":"SearchAction","target":{"@type":"EntryPoint","urlTemplate":"https:\/\/oficialnoticias.com\/?s={search_term_string}"},"query-input":{"@type":"PropertyValueSpecification","valueRequired":true,"valueName":"search_term_string"}}],"inLanguage":"pt-BR"},{"@type":"Organization","@id":"https:\/\/oficialnoticias.com\/#organization","name":"oficial noticias","url":"https:\/\/oficialnoticias.com\/","logo":{"@type":"ImageObject","inLanguage":"pt-BR","@id":"https:\/\/oficialnoticias.com\/#\/schema\/logo\/image\/","url":"https:\/\/oficialnoticias.com\/wp-content\/uploads\/2025\/08\/cropped-cropped-cropped-Logo-Noticias-e1753639739829.png","contentUrl":"https:\/\/oficialnoticias.com\/wp-content\/uploads\/2025\/08\/cropped-cropped-cropped-Logo-Noticias-e1753639739829.png","width":119,"height":86,"caption":"oficial noticias"},"image":{"@id":"https:\/\/oficialnoticias.com\/#\/schema\/logo\/image\/"}},{"@type":"Person","@id":"https:\/\/oficialnoticias.com\/#\/schema\/person\/2d1dcbb6bfbc28d68171b4dc04723d4a","name":"Luana Gon\u00e7alves","image":{"@type":"ImageObject","inLanguage":"pt-BR","@id":"https:\/\/secure.gravatar.com\/avatar\/7aa6afdef873224c1a0265951f3fdfc0679f65dfbd15f018612595d323c52521?s=96&d=mm&r=g","url":"https:\/\/secure.gravatar.com\/avatar\/7aa6afdef873224c1a0265951f3fdfc0679f65dfbd15f018612595d323c52521?s=96&d=mm&r=g","contentUrl":"https:\/\/secure.gravatar.com\/avatar\/7aa6afdef873224c1a0265951f3fdfc0679f65dfbd15f018612595d323c52521?s=96&d=mm&r=g","caption":"Luana Gon\u00e7alves"},"sameAs":["https:\/\/oficialnoticias.com\/"],"url":"https:\/\/oficialnoticias.com\/?author=2"}]}},"_links":{"self":[{"href":"https:\/\/oficialnoticias.com\/index.php?rest_route=\/wp\/v2\/posts\/16195","targetHints":{"allow":["GET"]}}],"collection":[{"href":"https:\/\/oficialnoticias.com\/index.php?rest_route=\/wp\/v2\/posts"}],"about":[{"href":"https:\/\/oficialnoticias.com\/index.php?rest_route=\/wp\/v2\/types\/post"}],"author":[{"embeddable":true,"href":"https:\/\/oficialnoticias.com\/index.php?rest_route=\/wp\/v2\/users\/2"}],"replies":[{"embeddable":true,"href":"https:\/\/oficialnoticias.com\/index.php?rest_route=%2Fwp%2Fv2%2Fcomments&post=16195"}],"version-history":[{"count":1,"href":"https:\/\/oficialnoticias.com\/index.php?rest_route=\/wp\/v2\/posts\/16195\/revisions"}],"predecessor-version":[{"id":16197,"href":"https:\/\/oficialnoticias.com\/index.php?rest_route=\/wp\/v2\/posts\/16195\/revisions\/16197"}],"wp:featuredmedia":[{"embeddable":true,"href":"https:\/\/oficialnoticias.com\/index.php?rest_route=\/wp\/v2\/media\/16196"}],"wp:attachment":[{"href":"https:\/\/oficialnoticias.com\/index.php?rest_route=%2Fwp%2Fv2%2Fmedia&parent=16195"}],"wp:term":[{"taxonomy":"category","embeddable":true,"href":"https:\/\/oficialnoticias.com\/index.php?rest_route=%2Fwp%2Fv2%2Fcategories&post=16195"},{"taxonomy":"post_tag","embeddable":true,"href":"https:\/\/oficialnoticias.com\/index.php?rest_route=%2Fwp%2Fv2%2Ftags&post=16195"}],"curies":[{"name":"wp","href":"https:\/\/api.w.org\/{rel}","templated":true}]}}