{"id":15498,"date":"2025-10-11T04:48:10","date_gmt":"2025-10-11T07:48:10","guid":{"rendered":"https:\/\/oficialnoticias.com\/?p=15498"},"modified":"2025-10-11T04:48:14","modified_gmt":"2025-10-11T07:48:14","slug":"palmeiras-recebe-juventude-em-busca-de-se-isolar-na-lideranca-do-brasileiro","status":"publish","type":"post","link":"https:\/\/oficialnoticias.com\/?p=15498","title":{"rendered":"Palmeiras recebe Juventude em busca de se isolar na lideran\u00e7a do Brasileiro"},"content":{"rendered":"<p><\/p>\n<div>\n<p>O <bsp-link-enhancement><br \/>\n    <span class=\"LinkEnhancement\"><a class=\"Link\" href=\"https:\/\/www.itatiaia.com.br\/esportes\/futebol\/futebol-nacional\/futebol-paulista\/palmeiras\" title=\"&lt;b&gt;Palmeiras&lt;\/b&gt; \"><b>Palmeiras<\/b> <\/a><\/span><\/bsp-link-enhancement>enfrentar\u00e1 o <bsp-link-enhancement><br \/>\n    <span class=\"LinkEnhancement\"><a class=\"Link\" href=\"https:\/\/www.itatiaia.com.br\/esportes\/futebol\/futebol-nacional\/futebol-do-sul\/juventude\" title=\"&lt;b&gt;Juventude&lt;\/b&gt; \"><b>Juventude<\/b> <\/a><\/span><\/bsp-link-enhancement>em jogo atrasado v\u00e1lido pela 12\u00aa rodada da <bsp-link-enhancement><br \/>\n    <span class=\"LinkEnhancement\"><a class=\"Link\" href=\"https:\/\/www.itatiaia.com.br\/esportes\/futebol\/futebol-nacional\/brasileirao-serie-a\" target=\"_blank\" title=\"&lt;b&gt;S\u00e9rie A do Campeonato Brasileiro,&lt;\/b&gt;\" rel=\"noopener\"><b>S\u00e9rie A do Campeonato Brasileiro,<\/b><\/a><\/span><\/bsp-link-enhancement> neste s\u00e1bado (11), \u00e0s 19h, no Allianz Parque.<\/p>\n<p>O confronto representa oportunidade para o Verd\u00e3o abrir vantagem em rela\u00e7\u00e3o ao Flamengo na tabela do Brasileir\u00e3o. O time comandado por Abel Ferreira assumiu a lideran\u00e7a na rodada anterior, ao bater o S\u00e3o Paulo por 3 a 2. <\/p>\n<p>O Palmeiras conta com 55 pontos, mesma pontua\u00e7\u00e3o do vice-l\u00edder Flamengo, estando \u00e0 frente pelo maior n\u00famero de vit\u00f3rias \u2014 o primeiro crit\u00e9rio de desempate. Caso ven\u00e7a, o Verd\u00e3o abrir\u00e1 mais tr\u00eas pontos de vantagem. Se empatar, ficar\u00e1 com um ponto a mais. <\/p>\n<p>Essa \u00e9 a primeira partida atrasada que o Alviverde cumprir\u00e1 no Campeonato Brasileiro 2025. Em novembro, <bsp-link-enhancement><br \/>\n    <span class=\"LinkEnhancement\"><a class=\"Link\" href=\"https:\/\/www.itatiaia.com.br\/esportes\/futebol\/futebol-nacional\/brasileirao-serie-a\/santos-x-palmeiras-cbf-define-data-do-jogo-atrasado-pelo-brasileirao\" title=\"&lt;b&gt;na pr\u00f3xima Data Fifa, o Palmeiras visitar\u00e1 o Santos;&lt;\/b&gt;\"><b>na pr\u00f3xima Data Fifa, o Palmeiras visitar\u00e1 o Santos;<\/b><\/a><\/span><\/bsp-link-enhancement> o Flamengo tem um jogo atrasado para a mesma \u00e9poca, diante do Sport.<\/p>\n<h2>Como chega o Palmeiras<\/h2>\n<p>Gustavo G\u00f3mez (Paraguai), An\u00edbal Moreno (Argentina), Flaco L\u00f3pez (Argentina), Emiliano Mart\u00ednez (Uruguai) e Facundo Torres (Uruguai) s\u00e3o as aus\u00eancias do Palmeiras provocadas pela Data Fifa. Al\u00e9m deles, o atacante Vitor Roque cumpre suspens\u00e3o pelo ac\u00famulo de cart\u00f5es amarelos.<\/p>\n<p>O volante Lucas Evangelista e o atacante Paulinho seguem entregues ao departamento m\u00e9dico e s\u00f3 devem retornar em 2026. Ram\u00f3n Sosa (edema na coxa esquerda) e Khellven (trauma no p\u00e9) tamb\u00e9m est\u00e3o fora.<\/p>\n<h2>Como chega o Juventude<\/h2>\n<p>O t\u00e9cnico Thiago Carpini conta com os retornos dos laterais-esquerdos Marcelo Hermes e Alan Ruschel. Ambos voltam de suspens\u00e3o, e Hermes deve ser titular.<\/p>\n<p>A baixa fica por conta de Mandaca. O meio-campista foi expulso na derrota do Juventude para o Fortaleza. Al\u00e9m disso, Ca\u00edque \u00e9 d\u00favida por sentir dores na costela, mas viajou com a delega\u00e7\u00e3o.<\/p>\n<p>O volante Peixoto est\u00e1 cotado para ingressar nos 11 iniciais, movimento que deixa a equipe ga\u00facha mais defensiva. No ataque, Gilberto e Gabriel Taliari disputam uma posi\u00e7\u00e3o na refer\u00eancia ofensiva.<\/p>\n<h3>Palmeiras x Juventude<\/h3>\n<h4><b>Prov\u00e1vel escala\u00e7\u00e3o do Palmeiras<\/b><\/h4>\n<p>Weverton; Giay, Bruno Fuchs, Murilo e Piquerez; Andreas Pereira, Allan, Raphael Veiga e Felipe Anderson; Mauricio e Luighi. <b>T\u00e9cnico:<\/b> Abel Ferreira.<\/p>\n<h4><b>Prov\u00e1vel escala\u00e7\u00e3o do Juventude<\/b><\/h4>\n<p>Jandrei; Igor Formiga, Abner, Rodrigo Sam e Marcelo Hermes; Peixoto, Jadson, Sforza e Lucas Fernandes; Rafael Bil\u00fa e Gilberto (Gabriel Taliari). <b>T\u00e9cnico:<\/b> Thiago Carpini.<\/p>\n<p><bsp-list-loadmore class=\"PageListStandardG\" data-module=\"\" data-show-loadmore=\"true\" data-list-title-size=\"3\" data-list-description-size=\"3\"><\/p>\n<p>    <a class=\"AnchorLink\" title=\"leia-tambem\" name=\"leia-tambem\"\/><\/p>\n<p><\/bsp-list-loadmore><\/p>\n<ul>\n<li><b>Motivo:<\/b> Jogo atrasado da 12\u00aa rodada da S\u00e9rie A do Campeonato Brasileiro <\/li>\n<li><b>Data e hor\u00e1rio:<\/b> 11 de setembro de 2025 (s\u00e1bado), \u00e0s 19h (de Bras\u00edlia)<\/li>\n<li><b>Local:<\/b> Allianz Parque, em S\u00e3o Paulo (SP)<\/li>\n<li><b>\u00c1rbitro:<\/b> Davi de Oliveira Lacerda (ES)<\/li>\n<li><b>Auxiliares:<\/b> Bruno Raphael Pires (GO) e Douglas Pagung (ES)<\/li>\n<li><b>VAR:<\/b> Rodolpho Toski Marques (PR)<\/li>\n<li><b>Onde assistir:<\/b> Premiere (<i>pay-per-view<\/i>) e <bsp-link-enhancement><br \/>\n    <span class=\"LinkEnhancement\"><a class=\"Link\" href=\"https:\/\/www.itatiaia.com.br\/esportes\/ao-vivo\/2025\/09\/13\/palmeiras-x-internacional\" target=\"_blank\" title=\"&lt;b&gt;Tempo Real da Itatiaia&lt;\/b&gt;\" rel=\"noopener\"><b>Tempo Real da Itatiaia<\/b><\/a><\/span><\/bsp-link-enhancement><b>.<\/b><\/li>\n<\/ul><\/div>\n<p><script>\n  window.fbAsyncInit = function() {\n      FB.init({\n              appId : '1447052969554341',\n          xfbml : true,\n          version : 'v2.9'\n      });\n  };\n  (function(d, s, id){\n     var js, fjs = d.getElementsByTagName(s)[0];\n     if (d.getElementById(id)) {return;}\n     js = d.createElement(s); js.id = id;\n     js.src = \"https:\/\/connect.facebook.net\/en_US\/sdk.js\";\n     fjs.parentNode.insertBefore(js, fjs);\n   }(document, 'script', 'facebook-jssdk'));\n<\/script><\/p>\n","protected":false},"excerpt":{"rendered":"<p>O Palmeiras enfrentar\u00e1 o Juventude em jogo atrasado v\u00e1lido pela 12\u00aa rodada da S\u00e9rie A do Campeonato Brasileiro, neste s\u00e1bado (11), \u00e0s 19h, no Allianz Parque. O confronto representa oportunidade para o Verd\u00e3o abrir vantagem em rela\u00e7\u00e3o ao Flamengo na tabela do Brasileir\u00e3o. O time comandado por Abel Ferreira assumiu a lideran\u00e7a na rodada anterior,&#8230;<\/p>\n","protected":false},"author":2,"featured_media":15499,"comment_status":"open","ping_status":"open","sticky":false,"template":"","format":"standard","meta":{"footnotes":""},"categories":[4],"tags":[],"class_list":["post-15498","post","type-post","status-publish","format-standard","has-post-thumbnail","hentry","category-sports"],"yoast_head":"<!-- This site is optimized with the Yoast SEO plugin v27.3 - https:\/\/yoast.com\/product\/yoast-seo-wordpress\/ -->\n<title>Palmeiras recebe Juventude em busca de se isolar na lideran\u00e7a do Brasileiro -<\/title>\n<meta name=\"robots\" content=\"index, follow, max-snippet:-1, max-image-preview:large, max-video-preview:-1\" \/>\n<link rel=\"canonical\" href=\"https:\/\/oficialnoticias.com\/?p=15498\" \/>\n<meta property=\"og:locale\" content=\"pt_BR\" \/>\n<meta property=\"og:type\" content=\"article\" \/>\n<meta property=\"og:title\" content=\"Palmeiras recebe Juventude em busca de se isolar na lideran\u00e7a do Brasileiro -\" \/>\n<meta property=\"og:description\" content=\"O Palmeiras enfrentar\u00e1 o Juventude em jogo atrasado v\u00e1lido pela 12\u00aa rodada da S\u00e9rie A do Campeonato Brasileiro, neste s\u00e1bado (11), \u00e0s 19h, no Allianz Parque. O confronto representa oportunidade para o Verd\u00e3o abrir vantagem em rela\u00e7\u00e3o ao Flamengo na tabela do Brasileir\u00e3o. O time comandado por Abel Ferreira assumiu a lideran\u00e7a na rodada anterior,...\" \/>\n<meta property=\"og:url\" content=\"https:\/\/oficialnoticias.com\/?p=15498\" \/>\n<meta property=\"article:published_time\" content=\"2025-10-11T07:48:10+00:00\" \/>\n<meta property=\"article:modified_time\" content=\"2025-10-11T07:48:14+00:00\" \/>\n<meta property=\"og:image\" content=\"https:\/\/oficialnoticias.com\/wp-content\/uploads\/2025\/10\/urlhttps3A2F2Fk2-prod-radio-itatiaia.s3.us-east-1.amazonaws.com2Fbrightspot2F222F542Fd17712.webp\" \/>\n\t<meta property=\"og:image:width\" content=\"1200\" \/>\n\t<meta property=\"og:image:height\" content=\"630\" \/>\n\t<meta property=\"og:image:type\" content=\"image\/webp\" \/>\n<meta name=\"author\" content=\"Luana Gon\u00e7alves\" \/>\n<meta name=\"twitter:card\" content=\"summary_large_image\" \/>\n<meta name=\"twitter:label1\" content=\"Escrito por\" \/>\n\t<meta name=\"twitter:data1\" content=\"Luana Gon\u00e7alves\" \/>\n\t<meta name=\"twitter:label2\" content=\"Est. tempo de leitura\" \/>\n\t<meta name=\"twitter:data2\" content=\"2 minutos\" \/>\n<script type=\"application\/ld+json\" class=\"yoast-schema-graph\">{\"@context\":\"https:\\\/\\\/schema.org\",\"@graph\":[{\"@type\":\"Article\",\"@id\":\"https:\\\/\\\/oficialnoticias.com\\\/?p=15498#article\",\"isPartOf\":{\"@id\":\"https:\\\/\\\/oficialnoticias.com\\\/?p=15498\"},\"author\":{\"name\":\"Luana Gon\u00e7alves\",\"@id\":\"https:\\\/\\\/oficialnoticias.com\\\/#\\\/schema\\\/person\\\/2d1dcbb6bfbc28d68171b4dc04723d4a\"},\"headline\":\"Palmeiras recebe Juventude em busca de se isolar na lideran\u00e7a do Brasileiro\",\"datePublished\":\"2025-10-11T07:48:10+00:00\",\"dateModified\":\"2025-10-11T07:48:14+00:00\",\"mainEntityOfPage\":{\"@id\":\"https:\\\/\\\/oficialnoticias.com\\\/?p=15498\"},\"wordCount\":477,\"commentCount\":0,\"publisher\":{\"@id\":\"https:\\\/\\\/oficialnoticias.com\\\/#organization\"},\"image\":{\"@id\":\"https:\\\/\\\/oficialnoticias.com\\\/?p=15498#primaryimage\"},\"thumbnailUrl\":\"https:\\\/\\\/oficialnoticias.com\\\/wp-content\\\/uploads\\\/2025\\\/10\\\/urlhttps3A2F2Fk2-prod-radio-itatiaia.s3.us-east-1.amazonaws.com2Fbrightspot2F222F542Fd17712.webp\",\"articleSection\":[\"Esporte\"],\"inLanguage\":\"pt-BR\",\"potentialAction\":[{\"@type\":\"CommentAction\",\"name\":\"Comment\",\"target\":[\"https:\\\/\\\/oficialnoticias.com\\\/?p=15498#respond\"]}]},{\"@type\":\"WebPage\",\"@id\":\"https:\\\/\\\/oficialnoticias.com\\\/?p=15498\",\"url\":\"https:\\\/\\\/oficialnoticias.com\\\/?p=15498\",\"name\":\"Palmeiras recebe Juventude em busca de se isolar na lideran\u00e7a do Brasileiro -\",\"isPartOf\":{\"@id\":\"https:\\\/\\\/oficialnoticias.com\\\/#website\"},\"primaryImageOfPage\":{\"@id\":\"https:\\\/\\\/oficialnoticias.com\\\/?p=15498#primaryimage\"},\"image\":{\"@id\":\"https:\\\/\\\/oficialnoticias.com\\\/?p=15498#primaryimage\"},\"thumbnailUrl\":\"https:\\\/\\\/oficialnoticias.com\\\/wp-content\\\/uploads\\\/2025\\\/10\\\/urlhttps3A2F2Fk2-prod-radio-itatiaia.s3.us-east-1.amazonaws.com2Fbrightspot2F222F542Fd17712.webp\",\"datePublished\":\"2025-10-11T07:48:10+00:00\",\"dateModified\":\"2025-10-11T07:48:14+00:00\",\"breadcrumb\":{\"@id\":\"https:\\\/\\\/oficialnoticias.com\\\/?p=15498#breadcrumb\"},\"inLanguage\":\"pt-BR\",\"potentialAction\":[{\"@type\":\"ReadAction\",\"target\":[\"https:\\\/\\\/oficialnoticias.com\\\/?p=15498\"]}]},{\"@type\":\"ImageObject\",\"inLanguage\":\"pt-BR\",\"@id\":\"https:\\\/\\\/oficialnoticias.com\\\/?p=15498#primaryimage\",\"url\":\"https:\\\/\\\/oficialnoticias.com\\\/wp-content\\\/uploads\\\/2025\\\/10\\\/urlhttps3A2F2Fk2-prod-radio-itatiaia.s3.us-east-1.amazonaws.com2Fbrightspot2F222F542Fd17712.webp\",\"contentUrl\":\"https:\\\/\\\/oficialnoticias.com\\\/wp-content\\\/uploads\\\/2025\\\/10\\\/urlhttps3A2F2Fk2-prod-radio-itatiaia.s3.us-east-1.amazonaws.com2Fbrightspot2F222F542Fd17712.webp\",\"width\":1200,\"height\":630},{\"@type\":\"BreadcrumbList\",\"@id\":\"https:\\\/\\\/oficialnoticias.com\\\/?p=15498#breadcrumb\",\"itemListElement\":[{\"@type\":\"ListItem\",\"position\":1,\"name\":\"In\u00edcio\",\"item\":\"https:\\\/\\\/oficialnoticias.com\\\/\"},{\"@type\":\"ListItem\",\"position\":2,\"name\":\"Palmeiras recebe Juventude em busca de se isolar na lideran\u00e7a do Brasileiro\"}]},{\"@type\":\"WebSite\",\"@id\":\"https:\\\/\\\/oficialnoticias.com\\\/#website\",\"url\":\"https:\\\/\\\/oficialnoticias.com\\\/\",\"name\":\"oficial Noticias\",\"description\":\"\",\"publisher\":{\"@id\":\"https:\\\/\\\/oficialnoticias.com\\\/#organization\"},\"potentialAction\":[{\"@type\":\"SearchAction\",\"target\":{\"@type\":\"EntryPoint\",\"urlTemplate\":\"https:\\\/\\\/oficialnoticias.com\\\/?s={search_term_string}\"},\"query-input\":{\"@type\":\"PropertyValueSpecification\",\"valueRequired\":true,\"valueName\":\"search_term_string\"}}],\"inLanguage\":\"pt-BR\"},{\"@type\":\"Organization\",\"@id\":\"https:\\\/\\\/oficialnoticias.com\\\/#organization\",\"name\":\"oficial noticias\",\"url\":\"https:\\\/\\\/oficialnoticias.com\\\/\",\"logo\":{\"@type\":\"ImageObject\",\"inLanguage\":\"pt-BR\",\"@id\":\"https:\\\/\\\/oficialnoticias.com\\\/#\\\/schema\\\/logo\\\/image\\\/\",\"url\":\"https:\\\/\\\/oficialnoticias.com\\\/wp-content\\\/uploads\\\/2025\\\/08\\\/cropped-cropped-cropped-Logo-Noticias-e1753639739829.png\",\"contentUrl\":\"https:\\\/\\\/oficialnoticias.com\\\/wp-content\\\/uploads\\\/2025\\\/08\\\/cropped-cropped-cropped-Logo-Noticias-e1753639739829.png\",\"width\":119,\"height\":86,\"caption\":\"oficial noticias\"},\"image\":{\"@id\":\"https:\\\/\\\/oficialnoticias.com\\\/#\\\/schema\\\/logo\\\/image\\\/\"}},{\"@type\":\"Person\",\"@id\":\"https:\\\/\\\/oficialnoticias.com\\\/#\\\/schema\\\/person\\\/2d1dcbb6bfbc28d68171b4dc04723d4a\",\"name\":\"Luana Gon\u00e7alves\",\"image\":{\"@type\":\"ImageObject\",\"inLanguage\":\"pt-BR\",\"@id\":\"https:\\\/\\\/secure.gravatar.com\\\/avatar\\\/7aa6afdef873224c1a0265951f3fdfc0679f65dfbd15f018612595d323c52521?s=96&d=mm&r=g\",\"url\":\"https:\\\/\\\/secure.gravatar.com\\\/avatar\\\/7aa6afdef873224c1a0265951f3fdfc0679f65dfbd15f018612595d323c52521?s=96&d=mm&r=g\",\"contentUrl\":\"https:\\\/\\\/secure.gravatar.com\\\/avatar\\\/7aa6afdef873224c1a0265951f3fdfc0679f65dfbd15f018612595d323c52521?s=96&d=mm&r=g\",\"caption\":\"Luana Gon\u00e7alves\"},\"sameAs\":[\"https:\\\/\\\/oficialnoticias.com\\\/\"],\"url\":\"https:\\\/\\\/oficialnoticias.com\\\/?author=2\"}]}<\/script>\n<!-- \/ Yoast SEO plugin. -->","yoast_head_json":{"title":"Palmeiras recebe Juventude em busca de se isolar na lideran\u00e7a do Brasileiro -","robots":{"index":"index","follow":"follow","max-snippet":"max-snippet:-1","max-image-preview":"max-image-preview:large","max-video-preview":"max-video-preview:-1"},"canonical":"https:\/\/oficialnoticias.com\/?p=15498","og_locale":"pt_BR","og_type":"article","og_title":"Palmeiras recebe Juventude em busca de se isolar na lideran\u00e7a do Brasileiro -","og_description":"O Palmeiras enfrentar\u00e1 o Juventude em jogo atrasado v\u00e1lido pela 12\u00aa rodada da S\u00e9rie A do Campeonato Brasileiro, neste s\u00e1bado (11), \u00e0s 19h, no Allianz Parque. O confronto representa oportunidade para o Verd\u00e3o abrir vantagem em rela\u00e7\u00e3o ao Flamengo na tabela do Brasileir\u00e3o. O time comandado por Abel Ferreira assumiu a lideran\u00e7a na rodada anterior,...","og_url":"https:\/\/oficialnoticias.com\/?p=15498","article_published_time":"2025-10-11T07:48:10+00:00","article_modified_time":"2025-10-11T07:48:14+00:00","og_image":[{"width":1200,"height":630,"url":"https:\/\/oficialnoticias.com\/wp-content\/uploads\/2025\/10\/urlhttps3A2F2Fk2-prod-radio-itatiaia.s3.us-east-1.amazonaws.com2Fbrightspot2F222F542Fd17712.webp","type":"image\/webp"}],"author":"Luana Gon\u00e7alves","twitter_card":"summary_large_image","twitter_misc":{"Escrito por":"Luana Gon\u00e7alves","Est. tempo de leitura":"2 minutos"},"schema":{"@context":"https:\/\/schema.org","@graph":[{"@type":"Article","@id":"https:\/\/oficialnoticias.com\/?p=15498#article","isPartOf":{"@id":"https:\/\/oficialnoticias.com\/?p=15498"},"author":{"name":"Luana Gon\u00e7alves","@id":"https:\/\/oficialnoticias.com\/#\/schema\/person\/2d1dcbb6bfbc28d68171b4dc04723d4a"},"headline":"Palmeiras recebe Juventude em busca de se isolar na lideran\u00e7a do Brasileiro","datePublished":"2025-10-11T07:48:10+00:00","dateModified":"2025-10-11T07:48:14+00:00","mainEntityOfPage":{"@id":"https:\/\/oficialnoticias.com\/?p=15498"},"wordCount":477,"commentCount":0,"publisher":{"@id":"https:\/\/oficialnoticias.com\/#organization"},"image":{"@id":"https:\/\/oficialnoticias.com\/?p=15498#primaryimage"},"thumbnailUrl":"https:\/\/oficialnoticias.com\/wp-content\/uploads\/2025\/10\/urlhttps3A2F2Fk2-prod-radio-itatiaia.s3.us-east-1.amazonaws.com2Fbrightspot2F222F542Fd17712.webp","articleSection":["Esporte"],"inLanguage":"pt-BR","potentialAction":[{"@type":"CommentAction","name":"Comment","target":["https:\/\/oficialnoticias.com\/?p=15498#respond"]}]},{"@type":"WebPage","@id":"https:\/\/oficialnoticias.com\/?p=15498","url":"https:\/\/oficialnoticias.com\/?p=15498","name":"Palmeiras recebe Juventude em busca de se isolar na lideran\u00e7a do Brasileiro -","isPartOf":{"@id":"https:\/\/oficialnoticias.com\/#website"},"primaryImageOfPage":{"@id":"https:\/\/oficialnoticias.com\/?p=15498#primaryimage"},"image":{"@id":"https:\/\/oficialnoticias.com\/?p=15498#primaryimage"},"thumbnailUrl":"https:\/\/oficialnoticias.com\/wp-content\/uploads\/2025\/10\/urlhttps3A2F2Fk2-prod-radio-itatiaia.s3.us-east-1.amazonaws.com2Fbrightspot2F222F542Fd17712.webp","datePublished":"2025-10-11T07:48:10+00:00","dateModified":"2025-10-11T07:48:14+00:00","breadcrumb":{"@id":"https:\/\/oficialnoticias.com\/?p=15498#breadcrumb"},"inLanguage":"pt-BR","potentialAction":[{"@type":"ReadAction","target":["https:\/\/oficialnoticias.com\/?p=15498"]}]},{"@type":"ImageObject","inLanguage":"pt-BR","@id":"https:\/\/oficialnoticias.com\/?p=15498#primaryimage","url":"https:\/\/oficialnoticias.com\/wp-content\/uploads\/2025\/10\/urlhttps3A2F2Fk2-prod-radio-itatiaia.s3.us-east-1.amazonaws.com2Fbrightspot2F222F542Fd17712.webp","contentUrl":"https:\/\/oficialnoticias.com\/wp-content\/uploads\/2025\/10\/urlhttps3A2F2Fk2-prod-radio-itatiaia.s3.us-east-1.amazonaws.com2Fbrightspot2F222F542Fd17712.webp","width":1200,"height":630},{"@type":"BreadcrumbList","@id":"https:\/\/oficialnoticias.com\/?p=15498#breadcrumb","itemListElement":[{"@type":"ListItem","position":1,"name":"In\u00edcio","item":"https:\/\/oficialnoticias.com\/"},{"@type":"ListItem","position":2,"name":"Palmeiras recebe Juventude em busca de se isolar na lideran\u00e7a do Brasileiro"}]},{"@type":"WebSite","@id":"https:\/\/oficialnoticias.com\/#website","url":"https:\/\/oficialnoticias.com\/","name":"oficial Noticias","description":"","publisher":{"@id":"https:\/\/oficialnoticias.com\/#organization"},"potentialAction":[{"@type":"SearchAction","target":{"@type":"EntryPoint","urlTemplate":"https:\/\/oficialnoticias.com\/?s={search_term_string}"},"query-input":{"@type":"PropertyValueSpecification","valueRequired":true,"valueName":"search_term_string"}}],"inLanguage":"pt-BR"},{"@type":"Organization","@id":"https:\/\/oficialnoticias.com\/#organization","name":"oficial noticias","url":"https:\/\/oficialnoticias.com\/","logo":{"@type":"ImageObject","inLanguage":"pt-BR","@id":"https:\/\/oficialnoticias.com\/#\/schema\/logo\/image\/","url":"https:\/\/oficialnoticias.com\/wp-content\/uploads\/2025\/08\/cropped-cropped-cropped-Logo-Noticias-e1753639739829.png","contentUrl":"https:\/\/oficialnoticias.com\/wp-content\/uploads\/2025\/08\/cropped-cropped-cropped-Logo-Noticias-e1753639739829.png","width":119,"height":86,"caption":"oficial noticias"},"image":{"@id":"https:\/\/oficialnoticias.com\/#\/schema\/logo\/image\/"}},{"@type":"Person","@id":"https:\/\/oficialnoticias.com\/#\/schema\/person\/2d1dcbb6bfbc28d68171b4dc04723d4a","name":"Luana Gon\u00e7alves","image":{"@type":"ImageObject","inLanguage":"pt-BR","@id":"https:\/\/secure.gravatar.com\/avatar\/7aa6afdef873224c1a0265951f3fdfc0679f65dfbd15f018612595d323c52521?s=96&d=mm&r=g","url":"https:\/\/secure.gravatar.com\/avatar\/7aa6afdef873224c1a0265951f3fdfc0679f65dfbd15f018612595d323c52521?s=96&d=mm&r=g","contentUrl":"https:\/\/secure.gravatar.com\/avatar\/7aa6afdef873224c1a0265951f3fdfc0679f65dfbd15f018612595d323c52521?s=96&d=mm&r=g","caption":"Luana Gon\u00e7alves"},"sameAs":["https:\/\/oficialnoticias.com\/"],"url":"https:\/\/oficialnoticias.com\/?author=2"}]}},"_links":{"self":[{"href":"https:\/\/oficialnoticias.com\/index.php?rest_route=\/wp\/v2\/posts\/15498","targetHints":{"allow":["GET"]}}],"collection":[{"href":"https:\/\/oficialnoticias.com\/index.php?rest_route=\/wp\/v2\/posts"}],"about":[{"href":"https:\/\/oficialnoticias.com\/index.php?rest_route=\/wp\/v2\/types\/post"}],"author":[{"embeddable":true,"href":"https:\/\/oficialnoticias.com\/index.php?rest_route=\/wp\/v2\/users\/2"}],"replies":[{"embeddable":true,"href":"https:\/\/oficialnoticias.com\/index.php?rest_route=%2Fwp%2Fv2%2Fcomments&post=15498"}],"version-history":[{"count":1,"href":"https:\/\/oficialnoticias.com\/index.php?rest_route=\/wp\/v2\/posts\/15498\/revisions"}],"predecessor-version":[{"id":15500,"href":"https:\/\/oficialnoticias.com\/index.php?rest_route=\/wp\/v2\/posts\/15498\/revisions\/15500"}],"wp:featuredmedia":[{"embeddable":true,"href":"https:\/\/oficialnoticias.com\/index.php?rest_route=\/wp\/v2\/media\/15499"}],"wp:attachment":[{"href":"https:\/\/oficialnoticias.com\/index.php?rest_route=%2Fwp%2Fv2%2Fmedia&parent=15498"}],"wp:term":[{"taxonomy":"category","embeddable":true,"href":"https:\/\/oficialnoticias.com\/index.php?rest_route=%2Fwp%2Fv2%2Fcategories&post=15498"},{"taxonomy":"post_tag","embeddable":true,"href":"https:\/\/oficialnoticias.com\/index.php?rest_route=%2Fwp%2Fv2%2Ftags&post=15498"}],"curies":[{"name":"wp","href":"https:\/\/api.w.org\/{rel}","templated":true}]}}