{"id":14148,"date":"2025-10-05T20:37:02","date_gmt":"2025-10-05T23:37:02","guid":{"rendered":"https:\/\/oficialnoticias.com\/?p=14148"},"modified":"2025-10-05T20:37:06","modified_gmt":"2025-10-05T23:37:06","slug":"israel-nega-maus-tratos-a-greta-thunberg-e-outros-ativistas-mentiras-descaradas","status":"publish","type":"post","link":"https:\/\/oficialnoticias.com\/?p=14148","title":{"rendered":"Israel nega maus-tratos a Greta Thunberg e outros ativistas: &#8216;Mentiras descaradas&#8217;"},"content":{"rendered":"<p>\n<\/p>\n<div>\n<p>O Minist\u00e9rio das Rela\u00e7\u00f5es Exteriores de Israel afirmou, neste domingo (5), que as alega\u00e7\u00f5es sobre os maus-tratos contra <bsp-link-enhancement><br \/>\n    <span class=\"LinkEnhancement\"><a class=\"Link\" href=\"https:\/\/www.itatiaia.com.br\/mundo\/2025\/06\/08\/greta-brasileiro-e-ator-de-game-of-thrones-saiba-quem-esta-a-bordo-do-navio-que-tenta-entrar-em-gaza\" title=\"&lt;b&gt;Greta Thunberg&lt;\/b&gt;\"><b>Greta Thunberg<\/b><\/a><\/span><\/bsp-link-enhancement> e outros membros da <bsp-link-enhancement><br \/>\n    <span class=\"LinkEnhancement\"><a class=\"Link\" href=\"https:\/\/www.itatiaia.com.br\/mundo\/israel-deporta-137-ativistas-da-flotilha-global-sumud-brasileiros-nao-estao-na-lista\" title=\"&lt;b&gt;Flotilha Global Sumud&lt;\/b&gt;\"><b>Flotilha Global Sumud<\/b><\/a><\/span><\/bsp-link-enhancement> durante deten\u00e7\u00e3o s\u00e3o \u201cmentiras descaradas\u201d. No s\u00e1bado (4), ativistas disseram que testemunharam Thunberg sendo <bsp-link-enhancement><br \/>\n    <span class=\"LinkEnhancement\"><a class=\"Link\" href=\"https:\/\/www.itatiaia.com.br\/mundo\/greta-thunberg-teria-sido-maltratada-em-israel-alegam-ativistas\" title=\"&lt;b&gt;empurrada e for\u00e7ada a usar uma bandeira israelense&lt;\/b&gt;\"><b>empurrada e for\u00e7ada a usar uma bandeira israelense<\/b><\/a><\/span><\/bsp-link-enhancement>. <\/p>\n<p>Um dos ativistas, Hazwani Helmi, da Mal\u00e1sia, denunciou um tratamento hostil durante o tempo de deten\u00e7\u00e3o. De acordo com ele, n\u00e3o havia comida limpa nem \u00e1gua. \u201cFoi um desastre. Eles nos trataram como animais\u201d, afirmou.<\/p>\n<p><bsp-list-loadmore class=\"PageListStandardG\" data-module=\"\" data-show-loadmore=\"true\" data-list-title-size=\"3\" data-list-description-size=\"3\"><\/p>\n<p>    <a class=\"AnchorLink\" title=\"leia-tambem\" name=\"leia-tambem\"\/><\/p>\n<p><\/bsp-list-loadmore><\/p>\n<p>Helmi tamb\u00e9m denunciou ter tido medicamentos e pertences confiscados. Outro ativista, Windfield Beaver, dos EUA, relatou que Thunberg foi \u201ctratada de forma terr\u00edvel\u201d e \u201cusada como propaganda\u201d. De acordo com Beaver, ela foi levada para uma sala quando o ministro da Seguran\u00e7a Nacional de Israel, Itamar Ben-Gvir, chegou ao local.<\/p>\n<p>Em meio \u00e0s acusa\u00e7\u00f5es, o Minist\u00e9rio das Rela\u00e7\u00f5es Exteriores de Israel afirmou na rede social X, antigo Twitter, que \u201cas alega\u00e7\u00f5es sobre os maus-tratos de Greta Thunberg e outros detidos da flotilha Hamas-Sumud s\u00e3o mentiras descaradas.\u201d Associando o nome dado as embarca\u00e7\u00f5es que tinham inten\u00e7\u00e3o de levar ajuda a Gaza ao grupo Hamas. <\/p>\n<p>De acordo com a pasta, \u201ctodos os direitos legais dos detidos s\u00e3o totalmente respeitados.\u201d O minist\u00e9rio ainda afirmou, sem apresentar provas, que a pr\u00f3pria Greta e outros detidos se \u201crecusaram a acelerar sua deporta\u00e7\u00e3o e insistiram em prolongar sua perman\u00eancia sob cust\u00f3dia.\u201d<\/p>\n<p>\u201cGreta tamb\u00e9m n\u00e3o reclamou \u00e0s autoridades israelenses sobre nenhuma dessas alega\u00e7\u00f5es rid\u00edculas e infundadas, porque elas nunca ocorreram\u201d, continua o Minist\u00e9rio das Rela\u00e7\u00f5es Exteriores de Israel em comunicado.<\/p>\n<h2>Alega\u00e7\u00f5es de maus-tratos<\/h2>\n<p>Israel sofreu condena\u00e7\u00f5es internacionais ap\u00f3s interceptar cerca de<bsp-link-enhancement><br \/>\n    <span class=\"LinkEnhancement\"><a class=\"Link\" href=\"https:\/\/www.itatiaia.com.br\/mundo\/israel-intercepta-flotilha-que-iria-para-gaza-e-diz-que-deportara-ativistas\" title=\" &lt;b&gt;40 barcos da flotilha e deter mais de 450 ativistas&lt;\/b&gt;\"> <b>40 barcos da flotilha e deter mais de 450 ativistas<\/b><\/a><\/span><\/bsp-link-enhancement>. O Minist\u00e9rio das Rela\u00e7\u00f5es Exteriores afirmou no X que todos os detidos estavam \u201cseguros e em boas condi\u00e7\u00f5es de sa\u00fade\u201d e que o processo de deporta\u00e7\u00e3o seria conclu\u00eddo rapidamente.<\/p>\n<p>O minist\u00e9rio acusou ainda alguns membros da flotilha de \u201cobstruir deliberadamente\u201d a deporta\u00e7\u00e3o, sem apresentar provas. A Reuters n\u00e3o conseguiu verificar essa alega\u00e7\u00e3o.<\/p>\n<p>Segundo o ministro das Rela\u00e7\u00f5es Exteriores da It\u00e1lia, Antonio Tajani, 26 italianos estavam no voo da Turkish Airlines, enquanto outros 15 seguem detidos em Israel, aguardando deporta\u00e7\u00e3o. Um grupo de quatro parlamentares italianos chegou a Roma na sexta-feira (3).<\/p>\n<p>Parlamentares presentes na miss\u00e3o criticaram a a\u00e7\u00e3o israelense. Arturo Scotto afirmou: \u201cAqueles que estavam agindo legalmente eram as pessoas a bordo dos barcos; aqueles que agiram ilegalmente foram os que os impediram de chegar a Gaza\u201d. Benedetta Scuderi disse que foram \u201cbrutalmente impedidos\u201d e \u201ctomados como ref\u00e9ns\u201d.<\/p>\n<p>O grupo israelense Adalah informou que alguns detidos n\u00e3o tiveram acesso a advogados, \u00e1gua, medicamentos e banheiros, sendo for\u00e7ados a se ajoelhar com as m\u00e3os amarradas por horas. Israel negou essas acusa\u00e7\u00f5es, afirmando que todos tiveram seus direitos respeitados.<\/p>\n<p>A flotilha zarpou no final de agosto como uma <bsp-link-enhancement><br \/>\n    <span class=\"LinkEnhancement\"><a class=\"Link\" href=\"https:\/\/www.itatiaia.com.br\/mundo\/greta-thunberg-denuncia-ataque-de-israel-a-embarcacoes-que-levam-ajuda-a-gaza\" title=\"&lt;b&gt;\u00faltima tentativa de desafiar o bloqueio naval israelense a Gaza&lt;\/b&gt;\"><b>\u00faltima tentativa de desafiar o bloqueio naval israelense a Gaza<\/b><\/a><\/span><\/bsp-link-enhancement>, onde Israel mant\u00e9m opera\u00e7\u00f5es militares ap\u00f3s ataques do Hamas em outubro de 2023. As autoridades israelenses classificaram a miss\u00e3o como ilegal e advertiram contra sua realiza\u00e7\u00e3o.<\/p>\n<p><i>(Sob supervis\u00e3o de Edu Oliveira)<\/i><\/p>\n<\/p><\/div>\n<p><script>\n  window.fbAsyncInit = function() {\n      FB.init({\n              appId : '1447052969554341',\n          xfbml : true,\n          version : 'v2.9'\n      });\n  };\n  (function(d, s, id){\n     var js, fjs = d.getElementsByTagName(s)[0];\n     if (d.getElementById(id)) {return;}\n     js = d.createElement(s); js.id = id;\n     js.src = \"https:\/\/connect.facebook.net\/en_US\/sdk.js\";\n     fjs.parentNode.insertBefore(js, fjs);\n   }(document, 'script', 'facebook-jssdk'));\n<\/script><br \/>\n  <\/a><\/p>\n","protected":false},"excerpt":{"rendered":"<p>O Minist\u00e9rio das Rela\u00e7\u00f5es Exteriores de Israel afirmou, neste domingo (5), que as alega\u00e7\u00f5es sobre os maus-tratos contra Greta Thunberg e outros membros da Flotilha Global Sumud durante deten\u00e7\u00e3o s\u00e3o \u201cmentiras descaradas\u201d. No s\u00e1bado (4), ativistas disseram que testemunharam Thunberg sendo empurrada e for\u00e7ada a usar uma bandeira israelense. Um dos ativistas, Hazwani Helmi, da&#8230;<\/p>\n","protected":false},"author":2,"featured_media":14149,"comment_status":"open","ping_status":"open","sticky":false,"template":"","format":"standard","meta":{"footnotes":""},"categories":[2],"tags":[],"class_list":["post-14148","post","type-post","status-publish","format-standard","has-post-thumbnail","hentry","category-decor"],"yoast_head":"<!-- This site is optimized with the Yoast SEO plugin v27.3 - https:\/\/yoast.com\/product\/yoast-seo-wordpress\/ -->\n<title>Israel nega maus-tratos a Greta Thunberg e outros ativistas: &#039;Mentiras descaradas&#039; -<\/title>\n<meta name=\"robots\" content=\"index, follow, max-snippet:-1, max-image-preview:large, max-video-preview:-1\" \/>\n<link rel=\"canonical\" href=\"https:\/\/oficialnoticias.com\/?p=14148\" \/>\n<meta property=\"og:locale\" content=\"pt_BR\" \/>\n<meta property=\"og:type\" content=\"article\" \/>\n<meta property=\"og:title\" content=\"Israel nega maus-tratos a Greta Thunberg e outros ativistas: &#039;Mentiras descaradas&#039; -\" \/>\n<meta property=\"og:description\" content=\"O Minist\u00e9rio das Rela\u00e7\u00f5es Exteriores de Israel afirmou, neste domingo (5), que as alega\u00e7\u00f5es sobre os maus-tratos contra Greta Thunberg e outros membros da Flotilha Global Sumud durante deten\u00e7\u00e3o s\u00e3o \u201cmentiras descaradas\u201d. No s\u00e1bado (4), ativistas disseram que testemunharam Thunberg sendo empurrada e for\u00e7ada a usar uma bandeira israelense. Um dos ativistas, Hazwani Helmi, da...\" \/>\n<meta property=\"og:url\" content=\"https:\/\/oficialnoticias.com\/?p=14148\" \/>\n<meta property=\"article:published_time\" content=\"2025-10-05T23:37:02+00:00\" \/>\n<meta property=\"article:modified_time\" content=\"2025-10-05T23:37:06+00:00\" \/>\n<meta property=\"og:image\" content=\"https:\/\/oficialnoticias.com\/wp-content\/uploads\/2025\/10\/urlhttps3A2F2Fk2-prod-radio-itatiaia.s3.us-east-1.amazonaws.com2Fbrightspot2Fbb2Fe52F3ba97a.webp\" \/>\n\t<meta property=\"og:image:width\" content=\"1200\" \/>\n\t<meta property=\"og:image:height\" content=\"630\" \/>\n\t<meta property=\"og:image:type\" content=\"image\/webp\" \/>\n<meta name=\"author\" content=\"Luana Gon\u00e7alves\" \/>\n<meta name=\"twitter:card\" content=\"summary_large_image\" \/>\n<meta name=\"twitter:label1\" content=\"Escrito por\" \/>\n\t<meta name=\"twitter:data1\" content=\"Luana Gon\u00e7alves\" \/>\n\t<meta name=\"twitter:label2\" content=\"Est. tempo de leitura\" \/>\n\t<meta name=\"twitter:data2\" content=\"3 minutos\" \/>\n<script type=\"application\/ld+json\" class=\"yoast-schema-graph\">{\"@context\":\"https:\\\/\\\/schema.org\",\"@graph\":[{\"@type\":\"Article\",\"@id\":\"https:\\\/\\\/oficialnoticias.com\\\/?p=14148#article\",\"isPartOf\":{\"@id\":\"https:\\\/\\\/oficialnoticias.com\\\/?p=14148\"},\"author\":{\"name\":\"Luana Gon\u00e7alves\",\"@id\":\"https:\\\/\\\/oficialnoticias.com\\\/#\\\/schema\\\/person\\\/2d1dcbb6bfbc28d68171b4dc04723d4a\"},\"headline\":\"Israel nega maus-tratos a Greta Thunberg e outros ativistas: &#8216;Mentiras descaradas&#8217;\",\"datePublished\":\"2025-10-05T23:37:02+00:00\",\"dateModified\":\"2025-10-05T23:37:06+00:00\",\"mainEntityOfPage\":{\"@id\":\"https:\\\/\\\/oficialnoticias.com\\\/?p=14148\"},\"wordCount\":569,\"commentCount\":0,\"publisher\":{\"@id\":\"https:\\\/\\\/oficialnoticias.com\\\/#organization\"},\"image\":{\"@id\":\"https:\\\/\\\/oficialnoticias.com\\\/?p=14148#primaryimage\"},\"thumbnailUrl\":\"https:\\\/\\\/oficialnoticias.com\\\/wp-content\\\/uploads\\\/2025\\\/10\\\/urlhttps3A2F2Fk2-prod-radio-itatiaia.s3.us-east-1.amazonaws.com2Fbrightspot2Fbb2Fe52F3ba97a.webp\",\"articleSection\":[\"Mundo\"],\"inLanguage\":\"pt-BR\",\"potentialAction\":[{\"@type\":\"CommentAction\",\"name\":\"Comment\",\"target\":[\"https:\\\/\\\/oficialnoticias.com\\\/?p=14148#respond\"]}]},{\"@type\":\"WebPage\",\"@id\":\"https:\\\/\\\/oficialnoticias.com\\\/?p=14148\",\"url\":\"https:\\\/\\\/oficialnoticias.com\\\/?p=14148\",\"name\":\"Israel nega maus-tratos a Greta Thunberg e outros ativistas: 'Mentiras descaradas' -\",\"isPartOf\":{\"@id\":\"https:\\\/\\\/oficialnoticias.com\\\/#website\"},\"primaryImageOfPage\":{\"@id\":\"https:\\\/\\\/oficialnoticias.com\\\/?p=14148#primaryimage\"},\"image\":{\"@id\":\"https:\\\/\\\/oficialnoticias.com\\\/?p=14148#primaryimage\"},\"thumbnailUrl\":\"https:\\\/\\\/oficialnoticias.com\\\/wp-content\\\/uploads\\\/2025\\\/10\\\/urlhttps3A2F2Fk2-prod-radio-itatiaia.s3.us-east-1.amazonaws.com2Fbrightspot2Fbb2Fe52F3ba97a.webp\",\"datePublished\":\"2025-10-05T23:37:02+00:00\",\"dateModified\":\"2025-10-05T23:37:06+00:00\",\"breadcrumb\":{\"@id\":\"https:\\\/\\\/oficialnoticias.com\\\/?p=14148#breadcrumb\"},\"inLanguage\":\"pt-BR\",\"potentialAction\":[{\"@type\":\"ReadAction\",\"target\":[\"https:\\\/\\\/oficialnoticias.com\\\/?p=14148\"]}]},{\"@type\":\"ImageObject\",\"inLanguage\":\"pt-BR\",\"@id\":\"https:\\\/\\\/oficialnoticias.com\\\/?p=14148#primaryimage\",\"url\":\"https:\\\/\\\/oficialnoticias.com\\\/wp-content\\\/uploads\\\/2025\\\/10\\\/urlhttps3A2F2Fk2-prod-radio-itatiaia.s3.us-east-1.amazonaws.com2Fbrightspot2Fbb2Fe52F3ba97a.webp\",\"contentUrl\":\"https:\\\/\\\/oficialnoticias.com\\\/wp-content\\\/uploads\\\/2025\\\/10\\\/urlhttps3A2F2Fk2-prod-radio-itatiaia.s3.us-east-1.amazonaws.com2Fbrightspot2Fbb2Fe52F3ba97a.webp\",\"width\":1200,\"height\":630},{\"@type\":\"BreadcrumbList\",\"@id\":\"https:\\\/\\\/oficialnoticias.com\\\/?p=14148#breadcrumb\",\"itemListElement\":[{\"@type\":\"ListItem\",\"position\":1,\"name\":\"In\u00edcio\",\"item\":\"https:\\\/\\\/oficialnoticias.com\\\/\"},{\"@type\":\"ListItem\",\"position\":2,\"name\":\"Israel nega maus-tratos a Greta Thunberg e outros ativistas: &#8216;Mentiras descaradas&#8217;\"}]},{\"@type\":\"WebSite\",\"@id\":\"https:\\\/\\\/oficialnoticias.com\\\/#website\",\"url\":\"https:\\\/\\\/oficialnoticias.com\\\/\",\"name\":\"oficial Noticias\",\"description\":\"\",\"publisher\":{\"@id\":\"https:\\\/\\\/oficialnoticias.com\\\/#organization\"},\"potentialAction\":[{\"@type\":\"SearchAction\",\"target\":{\"@type\":\"EntryPoint\",\"urlTemplate\":\"https:\\\/\\\/oficialnoticias.com\\\/?s={search_term_string}\"},\"query-input\":{\"@type\":\"PropertyValueSpecification\",\"valueRequired\":true,\"valueName\":\"search_term_string\"}}],\"inLanguage\":\"pt-BR\"},{\"@type\":\"Organization\",\"@id\":\"https:\\\/\\\/oficialnoticias.com\\\/#organization\",\"name\":\"oficial noticias\",\"url\":\"https:\\\/\\\/oficialnoticias.com\\\/\",\"logo\":{\"@type\":\"ImageObject\",\"inLanguage\":\"pt-BR\",\"@id\":\"https:\\\/\\\/oficialnoticias.com\\\/#\\\/schema\\\/logo\\\/image\\\/\",\"url\":\"https:\\\/\\\/oficialnoticias.com\\\/wp-content\\\/uploads\\\/2025\\\/08\\\/cropped-cropped-cropped-Logo-Noticias-e1753639739829.png\",\"contentUrl\":\"https:\\\/\\\/oficialnoticias.com\\\/wp-content\\\/uploads\\\/2025\\\/08\\\/cropped-cropped-cropped-Logo-Noticias-e1753639739829.png\",\"width\":119,\"height\":86,\"caption\":\"oficial noticias\"},\"image\":{\"@id\":\"https:\\\/\\\/oficialnoticias.com\\\/#\\\/schema\\\/logo\\\/image\\\/\"}},{\"@type\":\"Person\",\"@id\":\"https:\\\/\\\/oficialnoticias.com\\\/#\\\/schema\\\/person\\\/2d1dcbb6bfbc28d68171b4dc04723d4a\",\"name\":\"Luana Gon\u00e7alves\",\"image\":{\"@type\":\"ImageObject\",\"inLanguage\":\"pt-BR\",\"@id\":\"https:\\\/\\\/secure.gravatar.com\\\/avatar\\\/7aa6afdef873224c1a0265951f3fdfc0679f65dfbd15f018612595d323c52521?s=96&d=mm&r=g\",\"url\":\"https:\\\/\\\/secure.gravatar.com\\\/avatar\\\/7aa6afdef873224c1a0265951f3fdfc0679f65dfbd15f018612595d323c52521?s=96&d=mm&r=g\",\"contentUrl\":\"https:\\\/\\\/secure.gravatar.com\\\/avatar\\\/7aa6afdef873224c1a0265951f3fdfc0679f65dfbd15f018612595d323c52521?s=96&d=mm&r=g\",\"caption\":\"Luana Gon\u00e7alves\"},\"sameAs\":[\"https:\\\/\\\/oficialnoticias.com\\\/\"],\"url\":\"https:\\\/\\\/oficialnoticias.com\\\/?author=2\"}]}<\/script>\n<!-- \/ Yoast SEO plugin. -->","yoast_head_json":{"title":"Israel nega maus-tratos a Greta Thunberg e outros ativistas: 'Mentiras descaradas' -","robots":{"index":"index","follow":"follow","max-snippet":"max-snippet:-1","max-image-preview":"max-image-preview:large","max-video-preview":"max-video-preview:-1"},"canonical":"https:\/\/oficialnoticias.com\/?p=14148","og_locale":"pt_BR","og_type":"article","og_title":"Israel nega maus-tratos a Greta Thunberg e outros ativistas: 'Mentiras descaradas' -","og_description":"O Minist\u00e9rio das Rela\u00e7\u00f5es Exteriores de Israel afirmou, neste domingo (5), que as alega\u00e7\u00f5es sobre os maus-tratos contra Greta Thunberg e outros membros da Flotilha Global Sumud durante deten\u00e7\u00e3o s\u00e3o \u201cmentiras descaradas\u201d. No s\u00e1bado (4), ativistas disseram que testemunharam Thunberg sendo empurrada e for\u00e7ada a usar uma bandeira israelense. Um dos ativistas, Hazwani Helmi, da...","og_url":"https:\/\/oficialnoticias.com\/?p=14148","article_published_time":"2025-10-05T23:37:02+00:00","article_modified_time":"2025-10-05T23:37:06+00:00","og_image":[{"width":1200,"height":630,"url":"https:\/\/oficialnoticias.com\/wp-content\/uploads\/2025\/10\/urlhttps3A2F2Fk2-prod-radio-itatiaia.s3.us-east-1.amazonaws.com2Fbrightspot2Fbb2Fe52F3ba97a.webp","type":"image\/webp"}],"author":"Luana Gon\u00e7alves","twitter_card":"summary_large_image","twitter_misc":{"Escrito por":"Luana Gon\u00e7alves","Est. tempo de leitura":"3 minutos"},"schema":{"@context":"https:\/\/schema.org","@graph":[{"@type":"Article","@id":"https:\/\/oficialnoticias.com\/?p=14148#article","isPartOf":{"@id":"https:\/\/oficialnoticias.com\/?p=14148"},"author":{"name":"Luana Gon\u00e7alves","@id":"https:\/\/oficialnoticias.com\/#\/schema\/person\/2d1dcbb6bfbc28d68171b4dc04723d4a"},"headline":"Israel nega maus-tratos a Greta Thunberg e outros ativistas: &#8216;Mentiras descaradas&#8217;","datePublished":"2025-10-05T23:37:02+00:00","dateModified":"2025-10-05T23:37:06+00:00","mainEntityOfPage":{"@id":"https:\/\/oficialnoticias.com\/?p=14148"},"wordCount":569,"commentCount":0,"publisher":{"@id":"https:\/\/oficialnoticias.com\/#organization"},"image":{"@id":"https:\/\/oficialnoticias.com\/?p=14148#primaryimage"},"thumbnailUrl":"https:\/\/oficialnoticias.com\/wp-content\/uploads\/2025\/10\/urlhttps3A2F2Fk2-prod-radio-itatiaia.s3.us-east-1.amazonaws.com2Fbrightspot2Fbb2Fe52F3ba97a.webp","articleSection":["Mundo"],"inLanguage":"pt-BR","potentialAction":[{"@type":"CommentAction","name":"Comment","target":["https:\/\/oficialnoticias.com\/?p=14148#respond"]}]},{"@type":"WebPage","@id":"https:\/\/oficialnoticias.com\/?p=14148","url":"https:\/\/oficialnoticias.com\/?p=14148","name":"Israel nega maus-tratos a Greta Thunberg e outros ativistas: 'Mentiras descaradas' -","isPartOf":{"@id":"https:\/\/oficialnoticias.com\/#website"},"primaryImageOfPage":{"@id":"https:\/\/oficialnoticias.com\/?p=14148#primaryimage"},"image":{"@id":"https:\/\/oficialnoticias.com\/?p=14148#primaryimage"},"thumbnailUrl":"https:\/\/oficialnoticias.com\/wp-content\/uploads\/2025\/10\/urlhttps3A2F2Fk2-prod-radio-itatiaia.s3.us-east-1.amazonaws.com2Fbrightspot2Fbb2Fe52F3ba97a.webp","datePublished":"2025-10-05T23:37:02+00:00","dateModified":"2025-10-05T23:37:06+00:00","breadcrumb":{"@id":"https:\/\/oficialnoticias.com\/?p=14148#breadcrumb"},"inLanguage":"pt-BR","potentialAction":[{"@type":"ReadAction","target":["https:\/\/oficialnoticias.com\/?p=14148"]}]},{"@type":"ImageObject","inLanguage":"pt-BR","@id":"https:\/\/oficialnoticias.com\/?p=14148#primaryimage","url":"https:\/\/oficialnoticias.com\/wp-content\/uploads\/2025\/10\/urlhttps3A2F2Fk2-prod-radio-itatiaia.s3.us-east-1.amazonaws.com2Fbrightspot2Fbb2Fe52F3ba97a.webp","contentUrl":"https:\/\/oficialnoticias.com\/wp-content\/uploads\/2025\/10\/urlhttps3A2F2Fk2-prod-radio-itatiaia.s3.us-east-1.amazonaws.com2Fbrightspot2Fbb2Fe52F3ba97a.webp","width":1200,"height":630},{"@type":"BreadcrumbList","@id":"https:\/\/oficialnoticias.com\/?p=14148#breadcrumb","itemListElement":[{"@type":"ListItem","position":1,"name":"In\u00edcio","item":"https:\/\/oficialnoticias.com\/"},{"@type":"ListItem","position":2,"name":"Israel nega maus-tratos a Greta Thunberg e outros ativistas: &#8216;Mentiras descaradas&#8217;"}]},{"@type":"WebSite","@id":"https:\/\/oficialnoticias.com\/#website","url":"https:\/\/oficialnoticias.com\/","name":"oficial Noticias","description":"","publisher":{"@id":"https:\/\/oficialnoticias.com\/#organization"},"potentialAction":[{"@type":"SearchAction","target":{"@type":"EntryPoint","urlTemplate":"https:\/\/oficialnoticias.com\/?s={search_term_string}"},"query-input":{"@type":"PropertyValueSpecification","valueRequired":true,"valueName":"search_term_string"}}],"inLanguage":"pt-BR"},{"@type":"Organization","@id":"https:\/\/oficialnoticias.com\/#organization","name":"oficial noticias","url":"https:\/\/oficialnoticias.com\/","logo":{"@type":"ImageObject","inLanguage":"pt-BR","@id":"https:\/\/oficialnoticias.com\/#\/schema\/logo\/image\/","url":"https:\/\/oficialnoticias.com\/wp-content\/uploads\/2025\/08\/cropped-cropped-cropped-Logo-Noticias-e1753639739829.png","contentUrl":"https:\/\/oficialnoticias.com\/wp-content\/uploads\/2025\/08\/cropped-cropped-cropped-Logo-Noticias-e1753639739829.png","width":119,"height":86,"caption":"oficial noticias"},"image":{"@id":"https:\/\/oficialnoticias.com\/#\/schema\/logo\/image\/"}},{"@type":"Person","@id":"https:\/\/oficialnoticias.com\/#\/schema\/person\/2d1dcbb6bfbc28d68171b4dc04723d4a","name":"Luana Gon\u00e7alves","image":{"@type":"ImageObject","inLanguage":"pt-BR","@id":"https:\/\/secure.gravatar.com\/avatar\/7aa6afdef873224c1a0265951f3fdfc0679f65dfbd15f018612595d323c52521?s=96&d=mm&r=g","url":"https:\/\/secure.gravatar.com\/avatar\/7aa6afdef873224c1a0265951f3fdfc0679f65dfbd15f018612595d323c52521?s=96&d=mm&r=g","contentUrl":"https:\/\/secure.gravatar.com\/avatar\/7aa6afdef873224c1a0265951f3fdfc0679f65dfbd15f018612595d323c52521?s=96&d=mm&r=g","caption":"Luana Gon\u00e7alves"},"sameAs":["https:\/\/oficialnoticias.com\/"],"url":"https:\/\/oficialnoticias.com\/?author=2"}]}},"_links":{"self":[{"href":"https:\/\/oficialnoticias.com\/index.php?rest_route=\/wp\/v2\/posts\/14148","targetHints":{"allow":["GET"]}}],"collection":[{"href":"https:\/\/oficialnoticias.com\/index.php?rest_route=\/wp\/v2\/posts"}],"about":[{"href":"https:\/\/oficialnoticias.com\/index.php?rest_route=\/wp\/v2\/types\/post"}],"author":[{"embeddable":true,"href":"https:\/\/oficialnoticias.com\/index.php?rest_route=\/wp\/v2\/users\/2"}],"replies":[{"embeddable":true,"href":"https:\/\/oficialnoticias.com\/index.php?rest_route=%2Fwp%2Fv2%2Fcomments&post=14148"}],"version-history":[{"count":1,"href":"https:\/\/oficialnoticias.com\/index.php?rest_route=\/wp\/v2\/posts\/14148\/revisions"}],"predecessor-version":[{"id":14150,"href":"https:\/\/oficialnoticias.com\/index.php?rest_route=\/wp\/v2\/posts\/14148\/revisions\/14150"}],"wp:featuredmedia":[{"embeddable":true,"href":"https:\/\/oficialnoticias.com\/index.php?rest_route=\/wp\/v2\/media\/14149"}],"wp:attachment":[{"href":"https:\/\/oficialnoticias.com\/index.php?rest_route=%2Fwp%2Fv2%2Fmedia&parent=14148"}],"wp:term":[{"taxonomy":"category","embeddable":true,"href":"https:\/\/oficialnoticias.com\/index.php?rest_route=%2Fwp%2Fv2%2Fcategories&post=14148"},{"taxonomy":"post_tag","embeddable":true,"href":"https:\/\/oficialnoticias.com\/index.php?rest_route=%2Fwp%2Fv2%2Ftags&post=14148"}],"curies":[{"name":"wp","href":"https:\/\/api.w.org\/{rel}","templated":true}]}}