{"id":13118,"date":"2025-10-01T18:56:13","date_gmt":"2025-10-01T21:56:13","guid":{"rendered":"https:\/\/oficialnoticias.com\/?p=13118"},"modified":"2025-10-01T18:56:18","modified_gmt":"2025-10-01T21:56:18","slug":"lutador-mineiro-nao-acredita-em-hegemonia-mas-aponta-dominancia-de-chimaev-no-ufc","status":"publish","type":"post","link":"https:\/\/oficialnoticias.com\/?p=13118","title":{"rendered":"Lutador mineiro n\u00e3o acredita em hegemonia, mas aponta domin\u00e2ncia de Chimaev no UFC"},"content":{"rendered":"<p><\/p>\n<div>\n<p>Lutador dos pesos-m\u00e9dios, <b>Andr\u00e9 \u2018Sergipano\u2019 Muniz<\/b> n\u00e3o acredita em uma hegemonia de <b>Khamzat Chimaev,<\/b> por\u00e9m, reconhece a domin\u00e2ncia do russo. O brasileiro cedeu entrevista \u00e0 Itatiaia \u00e0s v\u00e9speras do confronto contra Edmen Shahbazyan, no card preliminar do <bsp-link-enhancement><br \/>\n    <span class=\"LinkEnhancement\"><a class=\"Link\" href=\"https:\/\/www.itatiaia.com.br\/esportes\/lutas\" title=\"&lt;b&gt;UFC 320&lt;\/b&gt;\"><b>UFC 320<\/b><\/a><\/span><\/bsp-link-enhancement><b>,<\/b> neste s\u00e1bado (4), \u00e0s 19h (de Bras\u00edlia).<\/p>\n<p>Ao analisar o cen\u00e1rio da divis\u00e3o, Sergipano afirmou que v\u00ea como uma das mais dif\u00edceis da UCL.<\/p>\n<p>\u201cA divis\u00e3o para mim \u00e9 uma das mais complicadas dentro da organiza\u00e7\u00e3o. Tem grandes atletas, que s\u00e3o tecnicamente sinistros, muito duros, fisicamente muito fortes. <b>Essa divis\u00e3o, al\u00e9m do atleta ter que estar muito bem condicionado, ele precisa ser muito bem preparado fisicamente, mentalmente e tecnicamente. Esse \u00e9 o caso do Chimaev<\/b>. \u00c9 um cara extraordin\u00e1rio, e t\u00e1 provando isso\u201d, analisou.<\/p>\n<p>O lutador brasileiro entende que o atual campe\u00e3o tem condi\u00e7\u00f5es de manter o cintur\u00e3o por um longo per\u00edodo. Por\u00e9m, para ele, o russo pode decidir parar no auge, antes de construir uma hegemonia.<\/p>\n<div class=\"Enhancement\" data-align-center=\"\">\n<div class=\"Enhancement-item\">\n<p>                            <bsp-figure class=\"Figure\" id=\"image-230000\"><br \/>\n    <button class=\"containerImg\"><\/p>\n<p>    <a class=\"AnchorLink\" title=\"image-230000\" name=\"image-230000\"\/><\/p>\n<picture><source type=\"image\/webp\" width=\"1000\" height=\"563\" srcset=\"https:\/\/medias.itatiaia.com.br\/dims4\/default\/036a16a\/2147483647\/strip\/true\/crop\/1000x563+0+0\/resize\/568x320!\/format\/webp\/quality\/90\/?url=https%3A%2F%2Fk2-prod-radio-itatiaia.s3.us-east-1.amazonaws.com%2Fbrightspot%2F90%2F94%2F7cd8c17c4032a3d843fe6ac67f2a%2Ffotojet-2025-09-30t194049-292.jpg 568w,https:\/\/medias.itatiaia.com.br\/dims4\/default\/40ead49\/2147483647\/strip\/true\/crop\/1000x563+0+0\/resize\/768x432!\/format\/webp\/quality\/90\/?url=https%3A%2F%2Fk2-prod-radio-itatiaia.s3.us-east-1.amazonaws.com%2Fbrightspot%2F90%2F94%2F7cd8c17c4032a3d843fe6ac67f2a%2Ffotojet-2025-09-30t194049-292.jpg 768w,https:\/\/medias.itatiaia.com.br\/dims4\/default\/a0b6e41\/2147483647\/strip\/true\/crop\/1000x563+0+0\/resize\/1000x563!\/format\/webp\/quality\/90\/?url=https%3A%2F%2Fk2-prod-radio-itatiaia.s3.us-east-1.amazonaws.com%2Fbrightspot%2F90%2F94%2F7cd8c17c4032a3d843fe6ac67f2a%2Ffotojet-2025-09-30t194049-292.jpg 1000w\"\/><source width=\"1000\" height=\"563\" srcset=\"https:\/\/medias.itatiaia.com.br\/dims4\/default\/067e10f\/2147483647\/strip\/true\/crop\/1000x563+0+0\/resize\/1000x563!\/quality\/90\/?url=https%3A%2F%2Fk2-prod-radio-itatiaia.s3.us-east-1.amazonaws.com%2Fbrightspot%2F90%2F94%2F7cd8c17c4032a3d843fe6ac67f2a%2Ffotojet-2025-09-30t194049-292.jpg\"\/><\/picture>\n<div class=\"Figure-credit\">\n<p>Divulga\u00e7\u00e3o\/Andr\u00e9 Muniz<\/p>\n<\/div>\n<p>    <\/button><\/p>\n<div class=\"Figure-content\"><figcaption class=\"Figure-caption\">\n<p>Andr\u00e9 \u2018Sergipano\u2019 Muniz enfrentar\u00e1 Edmen Shahbazyan neste s\u00e1bado (4), no UFC 320<\/p>\n<\/figcaption><\/div>\n<p><\/bsp-figure><\/p><\/div>\n<\/p><\/div>\n<p>\u201cEle tem um grappling, fora da curva, no n\u00edvel mais alto. Hegemonia, eu j\u00e1 n\u00e3o sei porque ele j\u00e1 deu v\u00e1rias declara\u00e7\u00f5es que ele n\u00e3o vai lutar durante muito tempo. <b>Mas assim, olhando nesse momento, eu acho que o momento \u00e9 do Chimaev.<\/b> Eu n\u00e3o vejo nesse momento algu\u00e9m que possa par\u00e1-lo. <b>A n\u00e3o ser ele mesmo, n\u00e9, que \u00e0s vezes acontece algumas complica\u00e7\u00f5es de sa\u00fade com ele, justamente porque ele treina muito para buscar a evolu\u00e7\u00e3o<\/b>\u201d, completou.<\/p>\n<h2>Nomes em ascens\u00e3o<\/h2>\n<p>Andr\u00e9 Muniz destacou alguns nomes que podem concorrer ao t\u00edtulo da categoria. Entre eles, um brasileiro.<\/p>\n<p>\u201cO Imanov, que acabou de ganhar do Caio Borralho, \u00e9 um grande nome.Tamb\u00e9m vai ter essa, essa essa pr\u00f3xima luta a\u00ed do Reinier De Ridder contra o Brendon Allen, que eu j\u00e1 notei tamb\u00e9m, que s\u00e3o dois grandes nomes. E muito se fala que o Borrachinha pode furar a fila, tamb\u00e9m um grande nome\u201d, afirmou Andr\u00e9 Sergipano.<\/p>\n<h2>O que faz Chimaev t\u00e3o dominante?<\/h2>\n<p>Como atleta de jiu-jitsu, Andr\u00e9 consegue analisar com profundidade as especialidades de Khamzat Chimaev. Para ele, o atleta russo se destaca pela versatilidade.<\/p>\n<p>\u201cEle se destaca pela pung\u00eancia f\u00edsica. E um n\u00edvel t\u00e9cnico muito elevado. Porque tem uma diferen\u00e7a, ele vem de um grappling mais completo, assim, no quesito de MMA do que eu. Eu venho do jiu-jitsu, condicionado a lutar no solo. Ele j\u00e1 vem de uma de uma regi\u00e3o onde dia \u00e9, disputa muita queda, tem muito solo, tem muita troca\u00e7\u00e3o\u201d, analisou.<\/p>\n<p><bsp-list-loadmore class=\"PageListStandardG\" data-module=\"\" data-show-loadmore=\"true\" data-list-title-size=\"3\" data-list-description-size=\"3\"><\/p>\n<p>    <a class=\"AnchorLink\" title=\"leia-tambem\" name=\"leia-tambem\"\/><\/p>\n<p><\/bsp-list-loadmore><\/p><\/div>\n<p><script>\n  window.fbAsyncInit = function() {\n      FB.init({\n              appId : '1447052969554341',\n          xfbml : true,\n          version : 'v2.9'\n      });\n  };\n  (function(d, s, id){\n     var js, fjs = d.getElementsByTagName(s)[0];\n     if (d.getElementById(id)) {return;}\n     js = d.createElement(s); js.id = id;\n     js.src = \"https:\/\/connect.facebook.net\/en_US\/sdk.js\";\n     fjs.parentNode.insertBefore(js, fjs);\n   }(document, 'script', 'facebook-jssdk'));\n<\/script><\/p>\n","protected":false},"excerpt":{"rendered":"<p>Lutador dos pesos-m\u00e9dios, Andr\u00e9 \u2018Sergipano\u2019 Muniz n\u00e3o acredita em uma hegemonia de Khamzat Chimaev, por\u00e9m, reconhece a domin\u00e2ncia do russo. O brasileiro cedeu entrevista \u00e0 Itatiaia \u00e0s v\u00e9speras do confronto contra Edmen Shahbazyan, no card preliminar do UFC 320, neste s\u00e1bado (4), \u00e0s 19h (de Bras\u00edlia). Ao analisar o cen\u00e1rio da divis\u00e3o, Sergipano afirmou que&#8230;<\/p>\n","protected":false},"author":2,"featured_media":13119,"comment_status":"open","ping_status":"open","sticky":false,"template":"","format":"standard","meta":{"footnotes":""},"categories":[4],"tags":[],"class_list":["post-13118","post","type-post","status-publish","format-standard","has-post-thumbnail","hentry","category-sports"],"yoast_head":"<!-- This site is optimized with the Yoast SEO plugin v27.3 - https:\/\/yoast.com\/product\/yoast-seo-wordpress\/ -->\n<title>Lutador mineiro n\u00e3o acredita em hegemonia, mas aponta domin\u00e2ncia de Chimaev no UFC -<\/title>\n<meta name=\"robots\" content=\"index, follow, max-snippet:-1, max-image-preview:large, max-video-preview:-1\" \/>\n<link rel=\"canonical\" href=\"https:\/\/oficialnoticias.com\/?p=13118\" \/>\n<meta property=\"og:locale\" content=\"pt_BR\" \/>\n<meta property=\"og:type\" content=\"article\" \/>\n<meta property=\"og:title\" content=\"Lutador mineiro n\u00e3o acredita em hegemonia, mas aponta domin\u00e2ncia de Chimaev no UFC -\" \/>\n<meta property=\"og:description\" content=\"Lutador dos pesos-m\u00e9dios, Andr\u00e9 \u2018Sergipano\u2019 Muniz n\u00e3o acredita em uma hegemonia de Khamzat Chimaev, por\u00e9m, reconhece a domin\u00e2ncia do russo. O brasileiro cedeu entrevista \u00e0 Itatiaia \u00e0s v\u00e9speras do confronto contra Edmen Shahbazyan, no card preliminar do UFC 320, neste s\u00e1bado (4), \u00e0s 19h (de Bras\u00edlia). Ao analisar o cen\u00e1rio da divis\u00e3o, Sergipano afirmou que...\" \/>\n<meta property=\"og:url\" content=\"https:\/\/oficialnoticias.com\/?p=13118\" \/>\n<meta property=\"article:published_time\" content=\"2025-10-01T21:56:13+00:00\" \/>\n<meta property=\"article:modified_time\" content=\"2025-10-01T21:56:18+00:00\" \/>\n<meta property=\"og:image\" content=\"https:\/\/oficialnoticias.com\/wp-content\/uploads\/2025\/10\/urlhttps3A2F2Fk2-prod-radio-itatiaia.s3.us-east-1.amazonaws.com2Fbrightspot2F012Ff82F3d7f31.webp\" \/>\n\t<meta property=\"og:image:width\" content=\"1200\" \/>\n\t<meta property=\"og:image:height\" content=\"630\" \/>\n\t<meta property=\"og:image:type\" content=\"image\/webp\" \/>\n<meta name=\"author\" content=\"Luana Gon\u00e7alves\" \/>\n<meta name=\"twitter:card\" content=\"summary_large_image\" \/>\n<meta name=\"twitter:label1\" content=\"Escrito por\" \/>\n\t<meta name=\"twitter:data1\" content=\"Luana Gon\u00e7alves\" \/>\n\t<meta name=\"twitter:label2\" content=\"Est. tempo de leitura\" \/>\n\t<meta name=\"twitter:data2\" content=\"2 minutos\" \/>\n<script type=\"application\/ld+json\" class=\"yoast-schema-graph\">{\"@context\":\"https:\\\/\\\/schema.org\",\"@graph\":[{\"@type\":\"Article\",\"@id\":\"https:\\\/\\\/oficialnoticias.com\\\/?p=13118#article\",\"isPartOf\":{\"@id\":\"https:\\\/\\\/oficialnoticias.com\\\/?p=13118\"},\"author\":{\"name\":\"Luana Gon\u00e7alves\",\"@id\":\"https:\\\/\\\/oficialnoticias.com\\\/#\\\/schema\\\/person\\\/2d1dcbb6bfbc28d68171b4dc04723d4a\"},\"headline\":\"Lutador mineiro n\u00e3o acredita em hegemonia, mas aponta domin\u00e2ncia de Chimaev no UFC\",\"datePublished\":\"2025-10-01T21:56:13+00:00\",\"dateModified\":\"2025-10-01T21:56:18+00:00\",\"mainEntityOfPage\":{\"@id\":\"https:\\\/\\\/oficialnoticias.com\\\/?p=13118\"},\"wordCount\":470,\"commentCount\":0,\"publisher\":{\"@id\":\"https:\\\/\\\/oficialnoticias.com\\\/#organization\"},\"image\":{\"@id\":\"https:\\\/\\\/oficialnoticias.com\\\/?p=13118#primaryimage\"},\"thumbnailUrl\":\"https:\\\/\\\/oficialnoticias.com\\\/wp-content\\\/uploads\\\/2025\\\/10\\\/urlhttps3A2F2Fk2-prod-radio-itatiaia.s3.us-east-1.amazonaws.com2Fbrightspot2F012Ff82F3d7f31.webp\",\"articleSection\":[\"Esporte\"],\"inLanguage\":\"pt-BR\",\"potentialAction\":[{\"@type\":\"CommentAction\",\"name\":\"Comment\",\"target\":[\"https:\\\/\\\/oficialnoticias.com\\\/?p=13118#respond\"]}]},{\"@type\":\"WebPage\",\"@id\":\"https:\\\/\\\/oficialnoticias.com\\\/?p=13118\",\"url\":\"https:\\\/\\\/oficialnoticias.com\\\/?p=13118\",\"name\":\"Lutador mineiro n\u00e3o acredita em hegemonia, mas aponta domin\u00e2ncia de Chimaev no UFC -\",\"isPartOf\":{\"@id\":\"https:\\\/\\\/oficialnoticias.com\\\/#website\"},\"primaryImageOfPage\":{\"@id\":\"https:\\\/\\\/oficialnoticias.com\\\/?p=13118#primaryimage\"},\"image\":{\"@id\":\"https:\\\/\\\/oficialnoticias.com\\\/?p=13118#primaryimage\"},\"thumbnailUrl\":\"https:\\\/\\\/oficialnoticias.com\\\/wp-content\\\/uploads\\\/2025\\\/10\\\/urlhttps3A2F2Fk2-prod-radio-itatiaia.s3.us-east-1.amazonaws.com2Fbrightspot2F012Ff82F3d7f31.webp\",\"datePublished\":\"2025-10-01T21:56:13+00:00\",\"dateModified\":\"2025-10-01T21:56:18+00:00\",\"breadcrumb\":{\"@id\":\"https:\\\/\\\/oficialnoticias.com\\\/?p=13118#breadcrumb\"},\"inLanguage\":\"pt-BR\",\"potentialAction\":[{\"@type\":\"ReadAction\",\"target\":[\"https:\\\/\\\/oficialnoticias.com\\\/?p=13118\"]}]},{\"@type\":\"ImageObject\",\"inLanguage\":\"pt-BR\",\"@id\":\"https:\\\/\\\/oficialnoticias.com\\\/?p=13118#primaryimage\",\"url\":\"https:\\\/\\\/oficialnoticias.com\\\/wp-content\\\/uploads\\\/2025\\\/10\\\/urlhttps3A2F2Fk2-prod-radio-itatiaia.s3.us-east-1.amazonaws.com2Fbrightspot2F012Ff82F3d7f31.webp\",\"contentUrl\":\"https:\\\/\\\/oficialnoticias.com\\\/wp-content\\\/uploads\\\/2025\\\/10\\\/urlhttps3A2F2Fk2-prod-radio-itatiaia.s3.us-east-1.amazonaws.com2Fbrightspot2F012Ff82F3d7f31.webp\",\"width\":1200,\"height\":630},{\"@type\":\"BreadcrumbList\",\"@id\":\"https:\\\/\\\/oficialnoticias.com\\\/?p=13118#breadcrumb\",\"itemListElement\":[{\"@type\":\"ListItem\",\"position\":1,\"name\":\"In\u00edcio\",\"item\":\"https:\\\/\\\/oficialnoticias.com\\\/\"},{\"@type\":\"ListItem\",\"position\":2,\"name\":\"Lutador mineiro n\u00e3o acredita em hegemonia, mas aponta domin\u00e2ncia de Chimaev no UFC\"}]},{\"@type\":\"WebSite\",\"@id\":\"https:\\\/\\\/oficialnoticias.com\\\/#website\",\"url\":\"https:\\\/\\\/oficialnoticias.com\\\/\",\"name\":\"oficial Noticias\",\"description\":\"\",\"publisher\":{\"@id\":\"https:\\\/\\\/oficialnoticias.com\\\/#organization\"},\"potentialAction\":[{\"@type\":\"SearchAction\",\"target\":{\"@type\":\"EntryPoint\",\"urlTemplate\":\"https:\\\/\\\/oficialnoticias.com\\\/?s={search_term_string}\"},\"query-input\":{\"@type\":\"PropertyValueSpecification\",\"valueRequired\":true,\"valueName\":\"search_term_string\"}}],\"inLanguage\":\"pt-BR\"},{\"@type\":\"Organization\",\"@id\":\"https:\\\/\\\/oficialnoticias.com\\\/#organization\",\"name\":\"oficial noticias\",\"url\":\"https:\\\/\\\/oficialnoticias.com\\\/\",\"logo\":{\"@type\":\"ImageObject\",\"inLanguage\":\"pt-BR\",\"@id\":\"https:\\\/\\\/oficialnoticias.com\\\/#\\\/schema\\\/logo\\\/image\\\/\",\"url\":\"https:\\\/\\\/oficialnoticias.com\\\/wp-content\\\/uploads\\\/2025\\\/08\\\/cropped-cropped-cropped-Logo-Noticias-e1753639739829.png\",\"contentUrl\":\"https:\\\/\\\/oficialnoticias.com\\\/wp-content\\\/uploads\\\/2025\\\/08\\\/cropped-cropped-cropped-Logo-Noticias-e1753639739829.png\",\"width\":119,\"height\":86,\"caption\":\"oficial noticias\"},\"image\":{\"@id\":\"https:\\\/\\\/oficialnoticias.com\\\/#\\\/schema\\\/logo\\\/image\\\/\"}},{\"@type\":\"Person\",\"@id\":\"https:\\\/\\\/oficialnoticias.com\\\/#\\\/schema\\\/person\\\/2d1dcbb6bfbc28d68171b4dc04723d4a\",\"name\":\"Luana Gon\u00e7alves\",\"image\":{\"@type\":\"ImageObject\",\"inLanguage\":\"pt-BR\",\"@id\":\"https:\\\/\\\/secure.gravatar.com\\\/avatar\\\/7aa6afdef873224c1a0265951f3fdfc0679f65dfbd15f018612595d323c52521?s=96&d=mm&r=g\",\"url\":\"https:\\\/\\\/secure.gravatar.com\\\/avatar\\\/7aa6afdef873224c1a0265951f3fdfc0679f65dfbd15f018612595d323c52521?s=96&d=mm&r=g\",\"contentUrl\":\"https:\\\/\\\/secure.gravatar.com\\\/avatar\\\/7aa6afdef873224c1a0265951f3fdfc0679f65dfbd15f018612595d323c52521?s=96&d=mm&r=g\",\"caption\":\"Luana Gon\u00e7alves\"},\"sameAs\":[\"https:\\\/\\\/oficialnoticias.com\\\/\"],\"url\":\"https:\\\/\\\/oficialnoticias.com\\\/?author=2\"}]}<\/script>\n<!-- \/ Yoast SEO plugin. -->","yoast_head_json":{"title":"Lutador mineiro n\u00e3o acredita em hegemonia, mas aponta domin\u00e2ncia de Chimaev no UFC -","robots":{"index":"index","follow":"follow","max-snippet":"max-snippet:-1","max-image-preview":"max-image-preview:large","max-video-preview":"max-video-preview:-1"},"canonical":"https:\/\/oficialnoticias.com\/?p=13118","og_locale":"pt_BR","og_type":"article","og_title":"Lutador mineiro n\u00e3o acredita em hegemonia, mas aponta domin\u00e2ncia de Chimaev no UFC -","og_description":"Lutador dos pesos-m\u00e9dios, Andr\u00e9 \u2018Sergipano\u2019 Muniz n\u00e3o acredita em uma hegemonia de Khamzat Chimaev, por\u00e9m, reconhece a domin\u00e2ncia do russo. O brasileiro cedeu entrevista \u00e0 Itatiaia \u00e0s v\u00e9speras do confronto contra Edmen Shahbazyan, no card preliminar do UFC 320, neste s\u00e1bado (4), \u00e0s 19h (de Bras\u00edlia). Ao analisar o cen\u00e1rio da divis\u00e3o, Sergipano afirmou que...","og_url":"https:\/\/oficialnoticias.com\/?p=13118","article_published_time":"2025-10-01T21:56:13+00:00","article_modified_time":"2025-10-01T21:56:18+00:00","og_image":[{"width":1200,"height":630,"url":"https:\/\/oficialnoticias.com\/wp-content\/uploads\/2025\/10\/urlhttps3A2F2Fk2-prod-radio-itatiaia.s3.us-east-1.amazonaws.com2Fbrightspot2F012Ff82F3d7f31.webp","type":"image\/webp"}],"author":"Luana Gon\u00e7alves","twitter_card":"summary_large_image","twitter_misc":{"Escrito por":"Luana Gon\u00e7alves","Est. tempo de leitura":"2 minutos"},"schema":{"@context":"https:\/\/schema.org","@graph":[{"@type":"Article","@id":"https:\/\/oficialnoticias.com\/?p=13118#article","isPartOf":{"@id":"https:\/\/oficialnoticias.com\/?p=13118"},"author":{"name":"Luana Gon\u00e7alves","@id":"https:\/\/oficialnoticias.com\/#\/schema\/person\/2d1dcbb6bfbc28d68171b4dc04723d4a"},"headline":"Lutador mineiro n\u00e3o acredita em hegemonia, mas aponta domin\u00e2ncia de Chimaev no UFC","datePublished":"2025-10-01T21:56:13+00:00","dateModified":"2025-10-01T21:56:18+00:00","mainEntityOfPage":{"@id":"https:\/\/oficialnoticias.com\/?p=13118"},"wordCount":470,"commentCount":0,"publisher":{"@id":"https:\/\/oficialnoticias.com\/#organization"},"image":{"@id":"https:\/\/oficialnoticias.com\/?p=13118#primaryimage"},"thumbnailUrl":"https:\/\/oficialnoticias.com\/wp-content\/uploads\/2025\/10\/urlhttps3A2F2Fk2-prod-radio-itatiaia.s3.us-east-1.amazonaws.com2Fbrightspot2F012Ff82F3d7f31.webp","articleSection":["Esporte"],"inLanguage":"pt-BR","potentialAction":[{"@type":"CommentAction","name":"Comment","target":["https:\/\/oficialnoticias.com\/?p=13118#respond"]}]},{"@type":"WebPage","@id":"https:\/\/oficialnoticias.com\/?p=13118","url":"https:\/\/oficialnoticias.com\/?p=13118","name":"Lutador mineiro n\u00e3o acredita em hegemonia, mas aponta domin\u00e2ncia de Chimaev no UFC -","isPartOf":{"@id":"https:\/\/oficialnoticias.com\/#website"},"primaryImageOfPage":{"@id":"https:\/\/oficialnoticias.com\/?p=13118#primaryimage"},"image":{"@id":"https:\/\/oficialnoticias.com\/?p=13118#primaryimage"},"thumbnailUrl":"https:\/\/oficialnoticias.com\/wp-content\/uploads\/2025\/10\/urlhttps3A2F2Fk2-prod-radio-itatiaia.s3.us-east-1.amazonaws.com2Fbrightspot2F012Ff82F3d7f31.webp","datePublished":"2025-10-01T21:56:13+00:00","dateModified":"2025-10-01T21:56:18+00:00","breadcrumb":{"@id":"https:\/\/oficialnoticias.com\/?p=13118#breadcrumb"},"inLanguage":"pt-BR","potentialAction":[{"@type":"ReadAction","target":["https:\/\/oficialnoticias.com\/?p=13118"]}]},{"@type":"ImageObject","inLanguage":"pt-BR","@id":"https:\/\/oficialnoticias.com\/?p=13118#primaryimage","url":"https:\/\/oficialnoticias.com\/wp-content\/uploads\/2025\/10\/urlhttps3A2F2Fk2-prod-radio-itatiaia.s3.us-east-1.amazonaws.com2Fbrightspot2F012Ff82F3d7f31.webp","contentUrl":"https:\/\/oficialnoticias.com\/wp-content\/uploads\/2025\/10\/urlhttps3A2F2Fk2-prod-radio-itatiaia.s3.us-east-1.amazonaws.com2Fbrightspot2F012Ff82F3d7f31.webp","width":1200,"height":630},{"@type":"BreadcrumbList","@id":"https:\/\/oficialnoticias.com\/?p=13118#breadcrumb","itemListElement":[{"@type":"ListItem","position":1,"name":"In\u00edcio","item":"https:\/\/oficialnoticias.com\/"},{"@type":"ListItem","position":2,"name":"Lutador mineiro n\u00e3o acredita em hegemonia, mas aponta domin\u00e2ncia de Chimaev no UFC"}]},{"@type":"WebSite","@id":"https:\/\/oficialnoticias.com\/#website","url":"https:\/\/oficialnoticias.com\/","name":"oficial Noticias","description":"","publisher":{"@id":"https:\/\/oficialnoticias.com\/#organization"},"potentialAction":[{"@type":"SearchAction","target":{"@type":"EntryPoint","urlTemplate":"https:\/\/oficialnoticias.com\/?s={search_term_string}"},"query-input":{"@type":"PropertyValueSpecification","valueRequired":true,"valueName":"search_term_string"}}],"inLanguage":"pt-BR"},{"@type":"Organization","@id":"https:\/\/oficialnoticias.com\/#organization","name":"oficial noticias","url":"https:\/\/oficialnoticias.com\/","logo":{"@type":"ImageObject","inLanguage":"pt-BR","@id":"https:\/\/oficialnoticias.com\/#\/schema\/logo\/image\/","url":"https:\/\/oficialnoticias.com\/wp-content\/uploads\/2025\/08\/cropped-cropped-cropped-Logo-Noticias-e1753639739829.png","contentUrl":"https:\/\/oficialnoticias.com\/wp-content\/uploads\/2025\/08\/cropped-cropped-cropped-Logo-Noticias-e1753639739829.png","width":119,"height":86,"caption":"oficial noticias"},"image":{"@id":"https:\/\/oficialnoticias.com\/#\/schema\/logo\/image\/"}},{"@type":"Person","@id":"https:\/\/oficialnoticias.com\/#\/schema\/person\/2d1dcbb6bfbc28d68171b4dc04723d4a","name":"Luana Gon\u00e7alves","image":{"@type":"ImageObject","inLanguage":"pt-BR","@id":"https:\/\/secure.gravatar.com\/avatar\/7aa6afdef873224c1a0265951f3fdfc0679f65dfbd15f018612595d323c52521?s=96&d=mm&r=g","url":"https:\/\/secure.gravatar.com\/avatar\/7aa6afdef873224c1a0265951f3fdfc0679f65dfbd15f018612595d323c52521?s=96&d=mm&r=g","contentUrl":"https:\/\/secure.gravatar.com\/avatar\/7aa6afdef873224c1a0265951f3fdfc0679f65dfbd15f018612595d323c52521?s=96&d=mm&r=g","caption":"Luana Gon\u00e7alves"},"sameAs":["https:\/\/oficialnoticias.com\/"],"url":"https:\/\/oficialnoticias.com\/?author=2"}]}},"_links":{"self":[{"href":"https:\/\/oficialnoticias.com\/index.php?rest_route=\/wp\/v2\/posts\/13118","targetHints":{"allow":["GET"]}}],"collection":[{"href":"https:\/\/oficialnoticias.com\/index.php?rest_route=\/wp\/v2\/posts"}],"about":[{"href":"https:\/\/oficialnoticias.com\/index.php?rest_route=\/wp\/v2\/types\/post"}],"author":[{"embeddable":true,"href":"https:\/\/oficialnoticias.com\/index.php?rest_route=\/wp\/v2\/users\/2"}],"replies":[{"embeddable":true,"href":"https:\/\/oficialnoticias.com\/index.php?rest_route=%2Fwp%2Fv2%2Fcomments&post=13118"}],"version-history":[{"count":1,"href":"https:\/\/oficialnoticias.com\/index.php?rest_route=\/wp\/v2\/posts\/13118\/revisions"}],"predecessor-version":[{"id":13120,"href":"https:\/\/oficialnoticias.com\/index.php?rest_route=\/wp\/v2\/posts\/13118\/revisions\/13120"}],"wp:featuredmedia":[{"embeddable":true,"href":"https:\/\/oficialnoticias.com\/index.php?rest_route=\/wp\/v2\/media\/13119"}],"wp:attachment":[{"href":"https:\/\/oficialnoticias.com\/index.php?rest_route=%2Fwp%2Fv2%2Fmedia&parent=13118"}],"wp:term":[{"taxonomy":"category","embeddable":true,"href":"https:\/\/oficialnoticias.com\/index.php?rest_route=%2Fwp%2Fv2%2Fcategories&post=13118"},{"taxonomy":"post_tag","embeddable":true,"href":"https:\/\/oficialnoticias.com\/index.php?rest_route=%2Fwp%2Fv2%2Ftags&post=13118"}],"curies":[{"name":"wp","href":"https:\/\/api.w.org\/{rel}","templated":true}]}}