{"id":13088,"date":"2025-10-01T16:54:33","date_gmt":"2025-10-01T19:54:33","guid":{"rendered":"https:\/\/oficialnoticias.com\/?p=13088"},"modified":"2025-10-01T16:54:38","modified_gmt":"2025-10-01T19:54:38","slug":"ancelotti-diz-por-que-convocou-fabricio-bruno-do-cruzeiro-e-cita-nomes-de-concorrentes","status":"publish","type":"post","link":"https:\/\/oficialnoticias.com\/?p=13088","title":{"rendered":"Ancelotti diz por que convocou Fabr\u00edcio Bruno, do Cruzeiro, e cita nomes de concorrentes"},"content":{"rendered":"<p><\/p>\n<div>\n<p>T\u00e9cnico da Sele\u00e7\u00e3o Brasileira, Carlo Ancelotti revelou por que <bsp-link-enhancement><br \/>\n    <span class=\"LinkEnhancement\"><a class=\"Link\" href=\"https:\/\/www.itatiaia.com.br\/esportes\/futebol\/futebol-nacional\/futebol-mineiro\/cruzeiro\/fabricio-bruno-do-cruzeiro-e-convocado-pela-selecao-brasileira\" target=\"_blank\" title=\"voltou a convocar o zagueiro Fabr\u00edcio Bruno, do Cruzeiro\" rel=\"noopener\">voltou a convocar o zagueiro Fabr\u00edcio Bruno, do Cruzeiro<\/a><\/span><\/bsp-link-enhancement>. O defensor figurou na lista desta quarta-feira (1\u00ba) gra\u00e7as ao bom desempenho diante da Bol\u00edvia e devido \u00e0s les\u00f5es de concorrentes, como Alexandro Ribeiro, do Lille-FRA, Marquinhos, do PSG-FRA, e Bremer, da Juventus-ITA.<\/p>\n<p>\u201cTivemos a les\u00e3o de Marquinhos, de Bremer\u2026 Eram outros jogadores que poderiam estar nesta convocat\u00f3ria. A les\u00e3o do Alexsandro\u2026 Ent\u00e3o, precis\u00e1vamos de um zagueiro, e eu gostei do seu jogo contra a Bol\u00edvia em uma condi\u00e7\u00e3o muito, muito complicada. Ele ter\u00e1 a oportunidade de estar dispon\u00edvel para o segundo jogo\u201d, contou Ancelotti.<\/p>\n<p>Capit\u00e3o da Sele\u00e7\u00e3o, Marquinhos sofreu uma les\u00e3o no quadr\u00edceps esquerdo na \u00faltima segunda-feira (22), em partida do Paris Saint-Germain contra o Olympique Marseille. A tend\u00eancia \u00e9 que ele fique afastado dos gramados por algumas semanas. J\u00e1 Alexander Ribeiro teve uma les\u00e3o muscular em vit\u00f3ria do Lille.<\/p>\n<p>O zagueiro Bremer sofreu do mesmo problema. \u00danico dos tr\u00eas que ainda n\u00e3o foi convocado por Ancelotti para a Sele\u00e7\u00e3o, o defensor sofreu com les\u00e3o muscular nesse s\u00e1bado (27), em empate da Juventus contra a Atalanta, pelo Campeonato Italiano. A \u00faltima convoca\u00e7\u00e3o de Bremer foi em junho de 2024.<\/p>\n<h2>Fabr\u00edcio Bruno<\/h2>\n<p>\u00c9 a segunda vez que Fabr\u00edcio Bruno \u00e9 chamado por Carlo Ancelotti para a Sele\u00e7\u00e3o. O cruzeirense participou da Data Fifa de setembro e foi titular na derrota para a Bol\u00edvia, por 1 a 0, pelas Eliminat\u00f3rias da Copa do Mundo. O jogo foi uma das raz\u00f5es para o defensor voltar a ser convocado.<\/p>\n<p><bsp-list-loadmore class=\"PageListStandardG\" data-module=\"\" data-show-loadmore=\"true\" data-list-title-size=\"3\" data-list-description-size=\"3\"><\/p>\n<p>    <a class=\"AnchorLink\" title=\"leia-tambem\" name=\"leia-tambem\"\/><\/p>\n<p><\/bsp-list-loadmore><\/p>\n<h3>Fabr\u00edcio Bruno na Sele\u00e7\u00e3o<\/h3>\n<p>Fabr\u00edcio Bruno revelou que um dos motivos para ter aceitado jogar no Cruzeiro foi se colocar em evid\u00eancia no cen\u00e1rio nacional e voltar \u00e0 mira da Sele\u00e7\u00e3o. O defensor tinha perdido espa\u00e7o no Flamengo na \u00faltima temporada justamente quando se ausentou e defendeu o Brasil em dois amistosos.<\/p>\n<p>Na \u00e9poca, em mar\u00e7o de 2024, Fabr\u00edcio Bruno foi titular na vit\u00f3ria diante da Inglaterra e no empate com a Espanha. Posteriormente, em setembro, ele voltou a ser convocado, mas ficou no banco de reservas na derrota para o Paraguai. O mesmo aconteceu em outubro, diante de Chile e Peru, pelas Eliminat\u00f3rias da Copa.<\/p>\n<\/p><\/div>\n<p><script>\n  window.fbAsyncInit = function() {\n      FB.init({\n              appId : '1447052969554341',\n          xfbml : true,\n          version : 'v2.9'\n      });\n  };\n  (function(d, s, id){\n     var js, fjs = d.getElementsByTagName(s)[0];\n     if (d.getElementById(id)) {return;}\n     js = d.createElement(s); js.id = id;\n     js.src = \"https:\/\/connect.facebook.net\/en_US\/sdk.js\";\n     fjs.parentNode.insertBefore(js, fjs);\n   }(document, 'script', 'facebook-jssdk'));\n<\/script><\/p>\n","protected":false},"excerpt":{"rendered":"<p>T\u00e9cnico da Sele\u00e7\u00e3o Brasileira, Carlo Ancelotti revelou por que voltou a convocar o zagueiro Fabr\u00edcio Bruno, do Cruzeiro. O defensor figurou na lista desta quarta-feira (1\u00ba) gra\u00e7as ao bom desempenho diante da Bol\u00edvia e devido \u00e0s les\u00f5es de concorrentes, como Alexandro Ribeiro, do Lille-FRA, Marquinhos, do PSG-FRA, e Bremer, da Juventus-ITA. \u201cTivemos a les\u00e3o de&#8230;<\/p>\n","protected":false},"author":2,"featured_media":13089,"comment_status":"open","ping_status":"open","sticky":false,"template":"","format":"standard","meta":{"footnotes":""},"categories":[4],"tags":[],"class_list":["post-13088","post","type-post","status-publish","format-standard","has-post-thumbnail","hentry","category-sports"],"yoast_head":"<!-- This site is optimized with the Yoast SEO plugin v28.1 - https:\/\/yoast.com\/product\/yoast-seo-wordpress\/ -->\n<title>Ancelotti diz por que convocou Fabr\u00edcio Bruno, do Cruzeiro, e cita nomes de concorrentes -<\/title>\n<meta name=\"robots\" content=\"index, follow, max-snippet:-1, max-image-preview:large, max-video-preview:-1\" \/>\n<link rel=\"canonical\" href=\"https:\/\/oficialnoticias.com\/?p=13088\" \/>\n<meta property=\"og:locale\" content=\"pt_BR\" \/>\n<meta property=\"og:type\" content=\"article\" \/>\n<meta property=\"og:title\" content=\"Ancelotti diz por que convocou Fabr\u00edcio Bruno, do Cruzeiro, e cita nomes de concorrentes -\" \/>\n<meta property=\"og:description\" content=\"T\u00e9cnico da Sele\u00e7\u00e3o Brasileira, Carlo Ancelotti revelou por que voltou a convocar o zagueiro Fabr\u00edcio Bruno, do Cruzeiro. O defensor figurou na lista desta quarta-feira (1\u00ba) gra\u00e7as ao bom desempenho diante da Bol\u00edvia e devido \u00e0s les\u00f5es de concorrentes, como Alexandro Ribeiro, do Lille-FRA, Marquinhos, do PSG-FRA, e Bremer, da Juventus-ITA. \u201cTivemos a les\u00e3o de...\" \/>\n<meta property=\"og:url\" content=\"https:\/\/oficialnoticias.com\/?p=13088\" \/>\n<meta property=\"article:published_time\" content=\"2025-10-01T19:54:33+00:00\" \/>\n<meta property=\"article:modified_time\" content=\"2025-10-01T19:54:38+00:00\" \/>\n<meta property=\"og:image\" content=\"https:\/\/oficialnoticias.com\/wp-content\/uploads\/2025\/10\/urlhttps3A2F2Fk2-prod-radio-itatiaia.s3.us-east-1.amazonaws.com2Fbrightspot2F5b2F522F9c9573.webp\" \/>\n\t<meta property=\"og:image:width\" content=\"1200\" \/>\n\t<meta property=\"og:image:height\" content=\"630\" \/>\n\t<meta property=\"og:image:type\" content=\"image\/webp\" \/>\n<meta name=\"author\" content=\"Luana Gon\u00e7alves\" \/>\n<meta name=\"twitter:card\" content=\"summary_large_image\" \/>\n<meta name=\"twitter:label1\" content=\"Escrito por\" \/>\n\t<meta name=\"twitter:data1\" content=\"Luana Gon\u00e7alves\" \/>\n\t<meta name=\"twitter:label2\" content=\"Est. tempo de leitura\" \/>\n\t<meta name=\"twitter:data2\" content=\"2 minutos\" \/>\n<script type=\"application\/ld+json\" class=\"yoast-schema-graph\">{\"@context\":\"https:\\\/\\\/schema.org\",\"@graph\":[{\"@type\":\"Article\",\"@id\":\"https:\\\/\\\/oficialnoticias.com\\\/?p=13088#article\",\"isPartOf\":{\"@id\":\"https:\\\/\\\/oficialnoticias.com\\\/?p=13088\"},\"author\":{\"name\":\"Luana Gon\u00e7alves\",\"@id\":\"https:\\\/\\\/oficialnoticias.com\\\/#\\\/schema\\\/person\\\/2d1dcbb6bfbc28d68171b4dc04723d4a\"},\"headline\":\"Ancelotti diz por que convocou Fabr\u00edcio Bruno, do Cruzeiro, e cita nomes de concorrentes\",\"datePublished\":\"2025-10-01T19:54:33+00:00\",\"dateModified\":\"2025-10-01T19:54:38+00:00\",\"mainEntityOfPage\":{\"@id\":\"https:\\\/\\\/oficialnoticias.com\\\/?p=13088\"},\"wordCount\":408,\"commentCount\":0,\"publisher\":{\"@id\":\"https:\\\/\\\/oficialnoticias.com\\\/#organization\"},\"image\":{\"@id\":\"https:\\\/\\\/oficialnoticias.com\\\/?p=13088#primaryimage\"},\"thumbnailUrl\":\"https:\\\/\\\/oficialnoticias.com\\\/wp-content\\\/uploads\\\/2025\\\/10\\\/urlhttps3A2F2Fk2-prod-radio-itatiaia.s3.us-east-1.amazonaws.com2Fbrightspot2F5b2F522F9c9573.webp\",\"articleSection\":[\"Esporte\"],\"inLanguage\":\"pt-BR\",\"potentialAction\":[{\"@type\":\"CommentAction\",\"name\":\"Comment\",\"target\":[\"https:\\\/\\\/oficialnoticias.com\\\/?p=13088#respond\"]}]},{\"@type\":\"WebPage\",\"@id\":\"https:\\\/\\\/oficialnoticias.com\\\/?p=13088\",\"url\":\"https:\\\/\\\/oficialnoticias.com\\\/?p=13088\",\"name\":\"Ancelotti diz por que convocou Fabr\u00edcio Bruno, do Cruzeiro, e cita nomes de concorrentes -\",\"isPartOf\":{\"@id\":\"https:\\\/\\\/oficialnoticias.com\\\/#website\"},\"primaryImageOfPage\":{\"@id\":\"https:\\\/\\\/oficialnoticias.com\\\/?p=13088#primaryimage\"},\"image\":{\"@id\":\"https:\\\/\\\/oficialnoticias.com\\\/?p=13088#primaryimage\"},\"thumbnailUrl\":\"https:\\\/\\\/oficialnoticias.com\\\/wp-content\\\/uploads\\\/2025\\\/10\\\/urlhttps3A2F2Fk2-prod-radio-itatiaia.s3.us-east-1.amazonaws.com2Fbrightspot2F5b2F522F9c9573.webp\",\"datePublished\":\"2025-10-01T19:54:33+00:00\",\"dateModified\":\"2025-10-01T19:54:38+00:00\",\"breadcrumb\":{\"@id\":\"https:\\\/\\\/oficialnoticias.com\\\/?p=13088#breadcrumb\"},\"inLanguage\":\"pt-BR\",\"potentialAction\":[{\"@type\":\"ReadAction\",\"target\":[\"https:\\\/\\\/oficialnoticias.com\\\/?p=13088\"]}]},{\"@type\":\"ImageObject\",\"inLanguage\":\"pt-BR\",\"@id\":\"https:\\\/\\\/oficialnoticias.com\\\/?p=13088#primaryimage\",\"url\":\"https:\\\/\\\/oficialnoticias.com\\\/wp-content\\\/uploads\\\/2025\\\/10\\\/urlhttps3A2F2Fk2-prod-radio-itatiaia.s3.us-east-1.amazonaws.com2Fbrightspot2F5b2F522F9c9573.webp\",\"contentUrl\":\"https:\\\/\\\/oficialnoticias.com\\\/wp-content\\\/uploads\\\/2025\\\/10\\\/urlhttps3A2F2Fk2-prod-radio-itatiaia.s3.us-east-1.amazonaws.com2Fbrightspot2F5b2F522F9c9573.webp\",\"width\":1200,\"height\":630},{\"@type\":\"BreadcrumbList\",\"@id\":\"https:\\\/\\\/oficialnoticias.com\\\/?p=13088#breadcrumb\",\"itemListElement\":[{\"@type\":\"ListItem\",\"position\":1,\"name\":\"In\u00edcio\",\"item\":\"https:\\\/\\\/oficialnoticias.com\\\/\"},{\"@type\":\"ListItem\",\"position\":2,\"name\":\"Ancelotti diz por que convocou Fabr\u00edcio Bruno, do Cruzeiro, e cita nomes de concorrentes\"}]},{\"@type\":\"WebSite\",\"@id\":\"https:\\\/\\\/oficialnoticias.com\\\/#website\",\"url\":\"https:\\\/\\\/oficialnoticias.com\\\/\",\"name\":\"oficial Noticias\",\"description\":\"\",\"publisher\":{\"@id\":\"https:\\\/\\\/oficialnoticias.com\\\/#organization\"},\"potentialAction\":[{\"@type\":\"SearchAction\",\"target\":{\"@type\":\"EntryPoint\",\"urlTemplate\":\"https:\\\/\\\/oficialnoticias.com\\\/?s={search_term_string}\"},\"query-input\":{\"@type\":\"PropertyValueSpecification\",\"valueRequired\":true,\"valueName\":\"search_term_string\"}}],\"inLanguage\":\"pt-BR\"},{\"@type\":\"Organization\",\"@id\":\"https:\\\/\\\/oficialnoticias.com\\\/#organization\",\"name\":\"oficial noticias\",\"url\":\"https:\\\/\\\/oficialnoticias.com\\\/\",\"logo\":{\"@type\":\"ImageObject\",\"inLanguage\":\"pt-BR\",\"@id\":\"https:\\\/\\\/oficialnoticias.com\\\/#\\\/schema\\\/logo\\\/image\\\/\",\"url\":\"https:\\\/\\\/oficialnoticias.com\\\/wp-content\\\/uploads\\\/2025\\\/08\\\/cropped-cropped-cropped-Logo-Noticias-e1753639739829.png\",\"contentUrl\":\"https:\\\/\\\/oficialnoticias.com\\\/wp-content\\\/uploads\\\/2025\\\/08\\\/cropped-cropped-cropped-Logo-Noticias-e1753639739829.png\",\"width\":119,\"height\":86,\"caption\":\"oficial noticias\"},\"image\":{\"@id\":\"https:\\\/\\\/oficialnoticias.com\\\/#\\\/schema\\\/logo\\\/image\\\/\"}},{\"@type\":\"Person\",\"@id\":\"https:\\\/\\\/oficialnoticias.com\\\/#\\\/schema\\\/person\\\/2d1dcbb6bfbc28d68171b4dc04723d4a\",\"name\":\"Luana Gon\u00e7alves\",\"image\":{\"@type\":\"ImageObject\",\"inLanguage\":\"pt-BR\",\"@id\":\"https:\\\/\\\/secure.gravatar.com\\\/avatar\\\/7aa6afdef873224c1a0265951f3fdfc0679f65dfbd15f018612595d323c52521?s=96&d=mm&r=g\",\"url\":\"https:\\\/\\\/secure.gravatar.com\\\/avatar\\\/7aa6afdef873224c1a0265951f3fdfc0679f65dfbd15f018612595d323c52521?s=96&d=mm&r=g\",\"contentUrl\":\"https:\\\/\\\/secure.gravatar.com\\\/avatar\\\/7aa6afdef873224c1a0265951f3fdfc0679f65dfbd15f018612595d323c52521?s=96&d=mm&r=g\",\"caption\":\"Luana Gon\u00e7alves\"},\"sameAs\":[\"https:\\\/\\\/oficialnoticias.com\\\/\"],\"url\":\"https:\\\/\\\/oficialnoticias.com\\\/?author=2\"}]}<\/script>\n<!-- \/ Yoast SEO plugin. -->","yoast_head_json":{"title":"Ancelotti diz por que convocou Fabr\u00edcio Bruno, do Cruzeiro, e cita nomes de concorrentes -","robots":{"index":"index","follow":"follow","max-snippet":"max-snippet:-1","max-image-preview":"max-image-preview:large","max-video-preview":"max-video-preview:-1"},"canonical":"https:\/\/oficialnoticias.com\/?p=13088","og_locale":"pt_BR","og_type":"article","og_title":"Ancelotti diz por que convocou Fabr\u00edcio Bruno, do Cruzeiro, e cita nomes de concorrentes -","og_description":"T\u00e9cnico da Sele\u00e7\u00e3o Brasileira, Carlo Ancelotti revelou por que voltou a convocar o zagueiro Fabr\u00edcio Bruno, do Cruzeiro. O defensor figurou na lista desta quarta-feira (1\u00ba) gra\u00e7as ao bom desempenho diante da Bol\u00edvia e devido \u00e0s les\u00f5es de concorrentes, como Alexandro Ribeiro, do Lille-FRA, Marquinhos, do PSG-FRA, e Bremer, da Juventus-ITA. \u201cTivemos a les\u00e3o de...","og_url":"https:\/\/oficialnoticias.com\/?p=13088","article_published_time":"2025-10-01T19:54:33+00:00","article_modified_time":"2025-10-01T19:54:38+00:00","og_image":[{"width":1200,"height":630,"url":"https:\/\/oficialnoticias.com\/wp-content\/uploads\/2025\/10\/urlhttps3A2F2Fk2-prod-radio-itatiaia.s3.us-east-1.amazonaws.com2Fbrightspot2F5b2F522F9c9573.webp","type":"image\/webp"}],"author":"Luana Gon\u00e7alves","twitter_card":"summary_large_image","twitter_misc":{"Escrito por":"Luana Gon\u00e7alves","Est. tempo de leitura":"2 minutos"},"schema":{"@context":"https:\/\/schema.org","@graph":[{"@type":"Article","@id":"https:\/\/oficialnoticias.com\/?p=13088#article","isPartOf":{"@id":"https:\/\/oficialnoticias.com\/?p=13088"},"author":{"name":"Luana Gon\u00e7alves","@id":"https:\/\/oficialnoticias.com\/#\/schema\/person\/2d1dcbb6bfbc28d68171b4dc04723d4a"},"headline":"Ancelotti diz por que convocou Fabr\u00edcio Bruno, do Cruzeiro, e cita nomes de concorrentes","datePublished":"2025-10-01T19:54:33+00:00","dateModified":"2025-10-01T19:54:38+00:00","mainEntityOfPage":{"@id":"https:\/\/oficialnoticias.com\/?p=13088"},"wordCount":408,"commentCount":0,"publisher":{"@id":"https:\/\/oficialnoticias.com\/#organization"},"image":{"@id":"https:\/\/oficialnoticias.com\/?p=13088#primaryimage"},"thumbnailUrl":"https:\/\/oficialnoticias.com\/wp-content\/uploads\/2025\/10\/urlhttps3A2F2Fk2-prod-radio-itatiaia.s3.us-east-1.amazonaws.com2Fbrightspot2F5b2F522F9c9573.webp","articleSection":["Esporte"],"inLanguage":"pt-BR","potentialAction":[{"@type":"CommentAction","name":"Comment","target":["https:\/\/oficialnoticias.com\/?p=13088#respond"]}]},{"@type":"WebPage","@id":"https:\/\/oficialnoticias.com\/?p=13088","url":"https:\/\/oficialnoticias.com\/?p=13088","name":"Ancelotti diz por que convocou Fabr\u00edcio Bruno, do Cruzeiro, e cita nomes de concorrentes -","isPartOf":{"@id":"https:\/\/oficialnoticias.com\/#website"},"primaryImageOfPage":{"@id":"https:\/\/oficialnoticias.com\/?p=13088#primaryimage"},"image":{"@id":"https:\/\/oficialnoticias.com\/?p=13088#primaryimage"},"thumbnailUrl":"https:\/\/oficialnoticias.com\/wp-content\/uploads\/2025\/10\/urlhttps3A2F2Fk2-prod-radio-itatiaia.s3.us-east-1.amazonaws.com2Fbrightspot2F5b2F522F9c9573.webp","datePublished":"2025-10-01T19:54:33+00:00","dateModified":"2025-10-01T19:54:38+00:00","breadcrumb":{"@id":"https:\/\/oficialnoticias.com\/?p=13088#breadcrumb"},"inLanguage":"pt-BR","potentialAction":[{"@type":"ReadAction","target":["https:\/\/oficialnoticias.com\/?p=13088"]}]},{"@type":"ImageObject","inLanguage":"pt-BR","@id":"https:\/\/oficialnoticias.com\/?p=13088#primaryimage","url":"https:\/\/oficialnoticias.com\/wp-content\/uploads\/2025\/10\/urlhttps3A2F2Fk2-prod-radio-itatiaia.s3.us-east-1.amazonaws.com2Fbrightspot2F5b2F522F9c9573.webp","contentUrl":"https:\/\/oficialnoticias.com\/wp-content\/uploads\/2025\/10\/urlhttps3A2F2Fk2-prod-radio-itatiaia.s3.us-east-1.amazonaws.com2Fbrightspot2F5b2F522F9c9573.webp","width":1200,"height":630},{"@type":"BreadcrumbList","@id":"https:\/\/oficialnoticias.com\/?p=13088#breadcrumb","itemListElement":[{"@type":"ListItem","position":1,"name":"In\u00edcio","item":"https:\/\/oficialnoticias.com\/"},{"@type":"ListItem","position":2,"name":"Ancelotti diz por que convocou Fabr\u00edcio Bruno, do Cruzeiro, e cita nomes de concorrentes"}]},{"@type":"WebSite","@id":"https:\/\/oficialnoticias.com\/#website","url":"https:\/\/oficialnoticias.com\/","name":"oficial Noticias","description":"","publisher":{"@id":"https:\/\/oficialnoticias.com\/#organization"},"potentialAction":[{"@type":"SearchAction","target":{"@type":"EntryPoint","urlTemplate":"https:\/\/oficialnoticias.com\/?s={search_term_string}"},"query-input":{"@type":"PropertyValueSpecification","valueRequired":true,"valueName":"search_term_string"}}],"inLanguage":"pt-BR"},{"@type":"Organization","@id":"https:\/\/oficialnoticias.com\/#organization","name":"oficial noticias","url":"https:\/\/oficialnoticias.com\/","logo":{"@type":"ImageObject","inLanguage":"pt-BR","@id":"https:\/\/oficialnoticias.com\/#\/schema\/logo\/image\/","url":"https:\/\/oficialnoticias.com\/wp-content\/uploads\/2025\/08\/cropped-cropped-cropped-Logo-Noticias-e1753639739829.png","contentUrl":"https:\/\/oficialnoticias.com\/wp-content\/uploads\/2025\/08\/cropped-cropped-cropped-Logo-Noticias-e1753639739829.png","width":119,"height":86,"caption":"oficial noticias"},"image":{"@id":"https:\/\/oficialnoticias.com\/#\/schema\/logo\/image\/"}},{"@type":"Person","@id":"https:\/\/oficialnoticias.com\/#\/schema\/person\/2d1dcbb6bfbc28d68171b4dc04723d4a","name":"Luana Gon\u00e7alves","image":{"@type":"ImageObject","inLanguage":"pt-BR","@id":"https:\/\/secure.gravatar.com\/avatar\/7aa6afdef873224c1a0265951f3fdfc0679f65dfbd15f018612595d323c52521?s=96&d=mm&r=g","url":"https:\/\/secure.gravatar.com\/avatar\/7aa6afdef873224c1a0265951f3fdfc0679f65dfbd15f018612595d323c52521?s=96&d=mm&r=g","contentUrl":"https:\/\/secure.gravatar.com\/avatar\/7aa6afdef873224c1a0265951f3fdfc0679f65dfbd15f018612595d323c52521?s=96&d=mm&r=g","caption":"Luana Gon\u00e7alves"},"sameAs":["https:\/\/oficialnoticias.com\/"],"url":"https:\/\/oficialnoticias.com\/?author=2"}]}},"_links":{"self":[{"href":"https:\/\/oficialnoticias.com\/index.php?rest_route=\/wp\/v2\/posts\/13088","targetHints":{"allow":["GET"]}}],"collection":[{"href":"https:\/\/oficialnoticias.com\/index.php?rest_route=\/wp\/v2\/posts"}],"about":[{"href":"https:\/\/oficialnoticias.com\/index.php?rest_route=\/wp\/v2\/types\/post"}],"author":[{"embeddable":true,"href":"https:\/\/oficialnoticias.com\/index.php?rest_route=\/wp\/v2\/users\/2"}],"replies":[{"embeddable":true,"href":"https:\/\/oficialnoticias.com\/index.php?rest_route=%2Fwp%2Fv2%2Fcomments&post=13088"}],"version-history":[{"count":1,"href":"https:\/\/oficialnoticias.com\/index.php?rest_route=\/wp\/v2\/posts\/13088\/revisions"}],"predecessor-version":[{"id":13090,"href":"https:\/\/oficialnoticias.com\/index.php?rest_route=\/wp\/v2\/posts\/13088\/revisions\/13090"}],"wp:featuredmedia":[{"embeddable":true,"href":"https:\/\/oficialnoticias.com\/index.php?rest_route=\/wp\/v2\/media\/13089"}],"wp:attachment":[{"href":"https:\/\/oficialnoticias.com\/index.php?rest_route=%2Fwp%2Fv2%2Fmedia&parent=13088"}],"wp:term":[{"taxonomy":"category","embeddable":true,"href":"https:\/\/oficialnoticias.com\/index.php?rest_route=%2Fwp%2Fv2%2Fcategories&post=13088"},{"taxonomy":"post_tag","embeddable":true,"href":"https:\/\/oficialnoticias.com\/index.php?rest_route=%2Fwp%2Fv2%2Ftags&post=13088"}],"curies":[{"name":"wp","href":"https:\/\/api.w.org\/{rel}","templated":true}]}}