{"id":12772,"date":"2025-09-30T12:12:20","date_gmt":"2025-09-30T15:12:20","guid":{"rendered":"https:\/\/oficialnoticias.com\/?p=12772"},"modified":"2025-09-30T12:12:24","modified_gmt":"2025-09-30T15:12:24","slug":"trump-diz-que-sera-um-insulto-se-ele-nao-vencer-o-premio-nobel-da-paz","status":"publish","type":"post","link":"https:\/\/oficialnoticias.com\/?p=12772","title":{"rendered":"Trump diz que ser\u00e1 um &#8216;insulto&#8217; se ele n\u00e3o vencer o Pr\u00eamio Nobel da Paz"},"content":{"rendered":"<p>\n<\/p>\n<div>\n<p>O presidente dos Estados Unidos, Donald Trump, afirmou nesta ter\u00e7a-feira (29) que ser\u00e1 um \u2018insulto\u2019 caso ele <bsp-link-enhancement><br \/>\n    <span class=\"LinkEnhancement\"><a class=\"Link\" href=\"https:\/\/www.itatiaia.com.br\/mundo\/trump-nobel-da-paz-post-de-hillary-clinton-movimenta-a-internet\" title=\"&lt;b&gt;n\u00e3o ven\u00e7a o Pr\u00eamio Nobel da Paz&lt;\/b&gt;\"><b>n\u00e3o ven\u00e7a o Pr\u00eamio Nobel da Paz<\/b><\/a><\/span><\/bsp-link-enhancement>. A declara\u00e7\u00e3o foi dada em um discurso do presidente a militares do Ex\u00e9rcito em uma base militar em Quantico, pr\u00f3ximo a Washington.<\/p>\n<p>No momento em que fez a declara\u00e7\u00e3o, Trump falava sobre as guerras que ele teria resolvido, dizendo que chegar\u00e1 a oito guerras resolvias em oito meses, caso o <bsp-link-enhancement><br \/>\n    <span class=\"LinkEnhancement\"><a class=\"Link\" href=\"https:\/\/www.itatiaia.com.br\/mundo\/o-plano-proposto-por-trump-e-aceito-por-netanyahu-para-garantir-paz-em-gaza\" title=\"&lt;b&gt;Hamas aceite a proposta de cessar-fogo em Gaza.&lt;\/b&gt;\"><b>Hamas aceite a proposta de cessar-fogo em Gaza.<\/b><\/a><\/span><\/bsp-link-enhancement><\/p>\n<p>Trump afirmou que, em vez de receber, o comit\u00ea do Nobel dar\u00e1 o pr\u00eamio a algu\u00e9m \u201cque n\u00e3o fez nada\u201d. \u201cVeremos o que acontece, mas ser\u00e1 um grande insulto ao nosso pa\u00eds\u201d, afirmou.<\/p>\n<p>\u201cEu deveria receb\u00ea-lo\u201d, completou.<\/p>\n<p><bsp-list-loadmore class=\"PageListStandardG\" data-module=\"\" data-show-loadmore=\"true\" data-list-title-size=\"3\" data-list-description-size=\"3\"><\/p>\n<p>    <a class=\"AnchorLink\" title=\"leia-tambem\" name=\"leia-tambem\"\/><\/p>\n<p><\/bsp-list-loadmore><\/p>\n<h2>Sete guerras?<\/h2>\n<p>Trump diz ter resolvido sete conflitos mundiais e, por isso, deveria receber o pr\u00eamio. Ele se refere \u00e0s tens\u00f5es entre Egito e Eti\u00f3pia, \u00cdndia e Paquist\u00e3o, S\u00e9rvia e Kosovo, Arm\u00eania e Azerbaij\u00e3o e Israel e Ir\u00e3. <bsp-link-enhancement><br \/>\n    <span class=\"LinkEnhancement\"><a class=\"Link\" href=\"https:\/\/www.itatiaia.com.br\/mundo\/hamas-analisa-proposta-de-trump-para-encerrar-conflito-em-gaza-diz-fonte\" title=\"&lt;b&gt;A oitava guerra seria entre Israel e Hamas, em Gaza.&lt;\/b&gt;\"><b>A oitava guerra seria entre Israel e Hamas, em Gaza.<\/b><\/a><\/span><\/bsp-link-enhancement><\/p>\n<p>O presidente norte-americano tem falado sobre essas guerras frequentemente, inclusive em seu discurso na Assembleia Geral da Organiza\u00e7\u00e3o das Na\u00e7\u00f5es Unidas (ONU). No plen\u00e1rio das Na\u00e7\u00f5es Unidas em Nova York, ele chegou a criticar a organiza\u00e7\u00e3o afirmando que <bsp-link-enhancement><br \/>\n    <span class=\"LinkEnhancement\"><a class=\"Link\" href=\"https:\/\/www.itatiaia.com.br\/mundo\/trump-critica-onu-na-tribuna-da-propria-onu-palavras-vazias-nao-encerram-guerras\" title=\"&lt;b&gt;\u201cpalavras vazias n\u00e3o encerram guerras\u201d&lt;\/b&gt;\"><b>\u201cpalavras vazias n\u00e3o encerram guerras\u201d<\/b><\/a><\/span><\/bsp-link-enhancement>.<\/p>\n<\/p><\/div>\n<p><script>\n  window.fbAsyncInit = function() {\n      FB.init({\n              appId : '1447052969554341',\n          xfbml : true,\n          version : 'v2.9'\n      });\n  };\n  (function(d, s, id){\n     var js, fjs = d.getElementsByTagName(s)[0];\n     if (d.getElementById(id)) {return;}\n     js = d.createElement(s); js.id = id;\n     js.src = \"https:\/\/connect.facebook.net\/en_US\/sdk.js\";\n     fjs.parentNode.insertBefore(js, fjs);\n   }(document, 'script', 'facebook-jssdk'));\n<\/script><br \/>\n  <\/a><\/p>\n","protected":false},"excerpt":{"rendered":"<p>O presidente dos Estados Unidos, Donald Trump, afirmou nesta ter\u00e7a-feira (29) que ser\u00e1 um \u2018insulto\u2019 caso ele n\u00e3o ven\u00e7a o Pr\u00eamio Nobel da Paz. A declara\u00e7\u00e3o foi dada em um discurso do presidente a militares do Ex\u00e9rcito em uma base militar em Quantico, pr\u00f3ximo a Washington. No momento em que fez a declara\u00e7\u00e3o, Trump falava&#8230;<\/p>\n","protected":false},"author":2,"featured_media":12773,"comment_status":"open","ping_status":"open","sticky":false,"template":"","format":"standard","meta":{"footnotes":""},"categories":[2],"tags":[],"class_list":["post-12772","post","type-post","status-publish","format-standard","has-post-thumbnail","hentry","category-decor"],"yoast_head":"<!-- This site is optimized with the Yoast SEO plugin v27.3 - https:\/\/yoast.com\/product\/yoast-seo-wordpress\/ -->\n<title>Trump diz que ser\u00e1 um &#039;insulto&#039; se ele n\u00e3o vencer o Pr\u00eamio Nobel da Paz -<\/title>\n<meta name=\"robots\" content=\"index, follow, max-snippet:-1, max-image-preview:large, max-video-preview:-1\" \/>\n<link rel=\"canonical\" href=\"https:\/\/oficialnoticias.com\/?p=12772\" \/>\n<meta property=\"og:locale\" content=\"pt_BR\" \/>\n<meta property=\"og:type\" content=\"article\" \/>\n<meta property=\"og:title\" content=\"Trump diz que ser\u00e1 um &#039;insulto&#039; se ele n\u00e3o vencer o Pr\u00eamio Nobel da Paz -\" \/>\n<meta property=\"og:description\" content=\"O presidente dos Estados Unidos, Donald Trump, afirmou nesta ter\u00e7a-feira (29) que ser\u00e1 um \u2018insulto\u2019 caso ele n\u00e3o ven\u00e7a o Pr\u00eamio Nobel da Paz. A declara\u00e7\u00e3o foi dada em um discurso do presidente a militares do Ex\u00e9rcito em uma base militar em Quantico, pr\u00f3ximo a Washington. No momento em que fez a declara\u00e7\u00e3o, Trump falava...\" \/>\n<meta property=\"og:url\" content=\"https:\/\/oficialnoticias.com\/?p=12772\" \/>\n<meta property=\"article:published_time\" content=\"2025-09-30T15:12:20+00:00\" \/>\n<meta property=\"article:modified_time\" content=\"2025-09-30T15:12:24+00:00\" \/>\n<meta property=\"og:image\" content=\"https:\/\/oficialnoticias.com\/wp-content\/uploads\/2025\/09\/urlhttps3A2F2Fk2-prod-radio-itatiaia.s3.us-east-1.amazonaws.com2Fbrightspot2F952Fcd2F0b891b.webp\" \/>\n\t<meta property=\"og:image:width\" content=\"1200\" \/>\n\t<meta property=\"og:image:height\" content=\"630\" \/>\n\t<meta property=\"og:image:type\" content=\"image\/webp\" \/>\n<meta name=\"author\" content=\"Luana Gon\u00e7alves\" \/>\n<meta name=\"twitter:card\" content=\"summary_large_image\" \/>\n<meta name=\"twitter:label1\" content=\"Escrito por\" \/>\n\t<meta name=\"twitter:data1\" content=\"Luana Gon\u00e7alves\" \/>\n\t<meta name=\"twitter:label2\" content=\"Est. tempo de leitura\" \/>\n\t<meta name=\"twitter:data2\" content=\"1 minuto\" \/>\n<script type=\"application\/ld+json\" class=\"yoast-schema-graph\">{\"@context\":\"https:\\\/\\\/schema.org\",\"@graph\":[{\"@type\":\"Article\",\"@id\":\"https:\\\/\\\/oficialnoticias.com\\\/?p=12772#article\",\"isPartOf\":{\"@id\":\"https:\\\/\\\/oficialnoticias.com\\\/?p=12772\"},\"author\":{\"name\":\"Luana Gon\u00e7alves\",\"@id\":\"https:\\\/\\\/oficialnoticias.com\\\/#\\\/schema\\\/person\\\/2d1dcbb6bfbc28d68171b4dc04723d4a\"},\"headline\":\"Trump diz que ser\u00e1 um &#8216;insulto&#8217; se ele n\u00e3o vencer o Pr\u00eamio Nobel da Paz\",\"datePublished\":\"2025-09-30T15:12:20+00:00\",\"dateModified\":\"2025-09-30T15:12:24+00:00\",\"mainEntityOfPage\":{\"@id\":\"https:\\\/\\\/oficialnoticias.com\\\/?p=12772\"},\"wordCount\":252,\"commentCount\":0,\"publisher\":{\"@id\":\"https:\\\/\\\/oficialnoticias.com\\\/#organization\"},\"image\":{\"@id\":\"https:\\\/\\\/oficialnoticias.com\\\/?p=12772#primaryimage\"},\"thumbnailUrl\":\"https:\\\/\\\/oficialnoticias.com\\\/wp-content\\\/uploads\\\/2025\\\/09\\\/urlhttps3A2F2Fk2-prod-radio-itatiaia.s3.us-east-1.amazonaws.com2Fbrightspot2F952Fcd2F0b891b.webp\",\"articleSection\":[\"Mundo\"],\"inLanguage\":\"pt-BR\",\"potentialAction\":[{\"@type\":\"CommentAction\",\"name\":\"Comment\",\"target\":[\"https:\\\/\\\/oficialnoticias.com\\\/?p=12772#respond\"]}]},{\"@type\":\"WebPage\",\"@id\":\"https:\\\/\\\/oficialnoticias.com\\\/?p=12772\",\"url\":\"https:\\\/\\\/oficialnoticias.com\\\/?p=12772\",\"name\":\"Trump diz que ser\u00e1 um 'insulto' se ele n\u00e3o vencer o Pr\u00eamio Nobel da Paz -\",\"isPartOf\":{\"@id\":\"https:\\\/\\\/oficialnoticias.com\\\/#website\"},\"primaryImageOfPage\":{\"@id\":\"https:\\\/\\\/oficialnoticias.com\\\/?p=12772#primaryimage\"},\"image\":{\"@id\":\"https:\\\/\\\/oficialnoticias.com\\\/?p=12772#primaryimage\"},\"thumbnailUrl\":\"https:\\\/\\\/oficialnoticias.com\\\/wp-content\\\/uploads\\\/2025\\\/09\\\/urlhttps3A2F2Fk2-prod-radio-itatiaia.s3.us-east-1.amazonaws.com2Fbrightspot2F952Fcd2F0b891b.webp\",\"datePublished\":\"2025-09-30T15:12:20+00:00\",\"dateModified\":\"2025-09-30T15:12:24+00:00\",\"breadcrumb\":{\"@id\":\"https:\\\/\\\/oficialnoticias.com\\\/?p=12772#breadcrumb\"},\"inLanguage\":\"pt-BR\",\"potentialAction\":[{\"@type\":\"ReadAction\",\"target\":[\"https:\\\/\\\/oficialnoticias.com\\\/?p=12772\"]}]},{\"@type\":\"ImageObject\",\"inLanguage\":\"pt-BR\",\"@id\":\"https:\\\/\\\/oficialnoticias.com\\\/?p=12772#primaryimage\",\"url\":\"https:\\\/\\\/oficialnoticias.com\\\/wp-content\\\/uploads\\\/2025\\\/09\\\/urlhttps3A2F2Fk2-prod-radio-itatiaia.s3.us-east-1.amazonaws.com2Fbrightspot2F952Fcd2F0b891b.webp\",\"contentUrl\":\"https:\\\/\\\/oficialnoticias.com\\\/wp-content\\\/uploads\\\/2025\\\/09\\\/urlhttps3A2F2Fk2-prod-radio-itatiaia.s3.us-east-1.amazonaws.com2Fbrightspot2F952Fcd2F0b891b.webp\",\"width\":1200,\"height\":630},{\"@type\":\"BreadcrumbList\",\"@id\":\"https:\\\/\\\/oficialnoticias.com\\\/?p=12772#breadcrumb\",\"itemListElement\":[{\"@type\":\"ListItem\",\"position\":1,\"name\":\"In\u00edcio\",\"item\":\"https:\\\/\\\/oficialnoticias.com\\\/\"},{\"@type\":\"ListItem\",\"position\":2,\"name\":\"Trump diz que ser\u00e1 um &#8216;insulto&#8217; se ele n\u00e3o vencer o Pr\u00eamio Nobel da Paz\"}]},{\"@type\":\"WebSite\",\"@id\":\"https:\\\/\\\/oficialnoticias.com\\\/#website\",\"url\":\"https:\\\/\\\/oficialnoticias.com\\\/\",\"name\":\"oficial Noticias\",\"description\":\"\",\"publisher\":{\"@id\":\"https:\\\/\\\/oficialnoticias.com\\\/#organization\"},\"potentialAction\":[{\"@type\":\"SearchAction\",\"target\":{\"@type\":\"EntryPoint\",\"urlTemplate\":\"https:\\\/\\\/oficialnoticias.com\\\/?s={search_term_string}\"},\"query-input\":{\"@type\":\"PropertyValueSpecification\",\"valueRequired\":true,\"valueName\":\"search_term_string\"}}],\"inLanguage\":\"pt-BR\"},{\"@type\":\"Organization\",\"@id\":\"https:\\\/\\\/oficialnoticias.com\\\/#organization\",\"name\":\"oficial noticias\",\"url\":\"https:\\\/\\\/oficialnoticias.com\\\/\",\"logo\":{\"@type\":\"ImageObject\",\"inLanguage\":\"pt-BR\",\"@id\":\"https:\\\/\\\/oficialnoticias.com\\\/#\\\/schema\\\/logo\\\/image\\\/\",\"url\":\"https:\\\/\\\/oficialnoticias.com\\\/wp-content\\\/uploads\\\/2025\\\/08\\\/cropped-cropped-cropped-Logo-Noticias-e1753639739829.png\",\"contentUrl\":\"https:\\\/\\\/oficialnoticias.com\\\/wp-content\\\/uploads\\\/2025\\\/08\\\/cropped-cropped-cropped-Logo-Noticias-e1753639739829.png\",\"width\":119,\"height\":86,\"caption\":\"oficial noticias\"},\"image\":{\"@id\":\"https:\\\/\\\/oficialnoticias.com\\\/#\\\/schema\\\/logo\\\/image\\\/\"}},{\"@type\":\"Person\",\"@id\":\"https:\\\/\\\/oficialnoticias.com\\\/#\\\/schema\\\/person\\\/2d1dcbb6bfbc28d68171b4dc04723d4a\",\"name\":\"Luana Gon\u00e7alves\",\"image\":{\"@type\":\"ImageObject\",\"inLanguage\":\"pt-BR\",\"@id\":\"https:\\\/\\\/secure.gravatar.com\\\/avatar\\\/7aa6afdef873224c1a0265951f3fdfc0679f65dfbd15f018612595d323c52521?s=96&d=mm&r=g\",\"url\":\"https:\\\/\\\/secure.gravatar.com\\\/avatar\\\/7aa6afdef873224c1a0265951f3fdfc0679f65dfbd15f018612595d323c52521?s=96&d=mm&r=g\",\"contentUrl\":\"https:\\\/\\\/secure.gravatar.com\\\/avatar\\\/7aa6afdef873224c1a0265951f3fdfc0679f65dfbd15f018612595d323c52521?s=96&d=mm&r=g\",\"caption\":\"Luana Gon\u00e7alves\"},\"sameAs\":[\"https:\\\/\\\/oficialnoticias.com\\\/\"],\"url\":\"https:\\\/\\\/oficialnoticias.com\\\/?author=2\"}]}<\/script>\n<!-- \/ Yoast SEO plugin. -->","yoast_head_json":{"title":"Trump diz que ser\u00e1 um 'insulto' se ele n\u00e3o vencer o Pr\u00eamio Nobel da Paz -","robots":{"index":"index","follow":"follow","max-snippet":"max-snippet:-1","max-image-preview":"max-image-preview:large","max-video-preview":"max-video-preview:-1"},"canonical":"https:\/\/oficialnoticias.com\/?p=12772","og_locale":"pt_BR","og_type":"article","og_title":"Trump diz que ser\u00e1 um 'insulto' se ele n\u00e3o vencer o Pr\u00eamio Nobel da Paz -","og_description":"O presidente dos Estados Unidos, Donald Trump, afirmou nesta ter\u00e7a-feira (29) que ser\u00e1 um \u2018insulto\u2019 caso ele n\u00e3o ven\u00e7a o Pr\u00eamio Nobel da Paz. A declara\u00e7\u00e3o foi dada em um discurso do presidente a militares do Ex\u00e9rcito em uma base militar em Quantico, pr\u00f3ximo a Washington. No momento em que fez a declara\u00e7\u00e3o, Trump falava...","og_url":"https:\/\/oficialnoticias.com\/?p=12772","article_published_time":"2025-09-30T15:12:20+00:00","article_modified_time":"2025-09-30T15:12:24+00:00","og_image":[{"width":1200,"height":630,"url":"https:\/\/oficialnoticias.com\/wp-content\/uploads\/2025\/09\/urlhttps3A2F2Fk2-prod-radio-itatiaia.s3.us-east-1.amazonaws.com2Fbrightspot2F952Fcd2F0b891b.webp","type":"image\/webp"}],"author":"Luana Gon\u00e7alves","twitter_card":"summary_large_image","twitter_misc":{"Escrito por":"Luana Gon\u00e7alves","Est. tempo de leitura":"1 minuto"},"schema":{"@context":"https:\/\/schema.org","@graph":[{"@type":"Article","@id":"https:\/\/oficialnoticias.com\/?p=12772#article","isPartOf":{"@id":"https:\/\/oficialnoticias.com\/?p=12772"},"author":{"name":"Luana Gon\u00e7alves","@id":"https:\/\/oficialnoticias.com\/#\/schema\/person\/2d1dcbb6bfbc28d68171b4dc04723d4a"},"headline":"Trump diz que ser\u00e1 um &#8216;insulto&#8217; se ele n\u00e3o vencer o Pr\u00eamio Nobel da Paz","datePublished":"2025-09-30T15:12:20+00:00","dateModified":"2025-09-30T15:12:24+00:00","mainEntityOfPage":{"@id":"https:\/\/oficialnoticias.com\/?p=12772"},"wordCount":252,"commentCount":0,"publisher":{"@id":"https:\/\/oficialnoticias.com\/#organization"},"image":{"@id":"https:\/\/oficialnoticias.com\/?p=12772#primaryimage"},"thumbnailUrl":"https:\/\/oficialnoticias.com\/wp-content\/uploads\/2025\/09\/urlhttps3A2F2Fk2-prod-radio-itatiaia.s3.us-east-1.amazonaws.com2Fbrightspot2F952Fcd2F0b891b.webp","articleSection":["Mundo"],"inLanguage":"pt-BR","potentialAction":[{"@type":"CommentAction","name":"Comment","target":["https:\/\/oficialnoticias.com\/?p=12772#respond"]}]},{"@type":"WebPage","@id":"https:\/\/oficialnoticias.com\/?p=12772","url":"https:\/\/oficialnoticias.com\/?p=12772","name":"Trump diz que ser\u00e1 um 'insulto' se ele n\u00e3o vencer o Pr\u00eamio Nobel da Paz -","isPartOf":{"@id":"https:\/\/oficialnoticias.com\/#website"},"primaryImageOfPage":{"@id":"https:\/\/oficialnoticias.com\/?p=12772#primaryimage"},"image":{"@id":"https:\/\/oficialnoticias.com\/?p=12772#primaryimage"},"thumbnailUrl":"https:\/\/oficialnoticias.com\/wp-content\/uploads\/2025\/09\/urlhttps3A2F2Fk2-prod-radio-itatiaia.s3.us-east-1.amazonaws.com2Fbrightspot2F952Fcd2F0b891b.webp","datePublished":"2025-09-30T15:12:20+00:00","dateModified":"2025-09-30T15:12:24+00:00","breadcrumb":{"@id":"https:\/\/oficialnoticias.com\/?p=12772#breadcrumb"},"inLanguage":"pt-BR","potentialAction":[{"@type":"ReadAction","target":["https:\/\/oficialnoticias.com\/?p=12772"]}]},{"@type":"ImageObject","inLanguage":"pt-BR","@id":"https:\/\/oficialnoticias.com\/?p=12772#primaryimage","url":"https:\/\/oficialnoticias.com\/wp-content\/uploads\/2025\/09\/urlhttps3A2F2Fk2-prod-radio-itatiaia.s3.us-east-1.amazonaws.com2Fbrightspot2F952Fcd2F0b891b.webp","contentUrl":"https:\/\/oficialnoticias.com\/wp-content\/uploads\/2025\/09\/urlhttps3A2F2Fk2-prod-radio-itatiaia.s3.us-east-1.amazonaws.com2Fbrightspot2F952Fcd2F0b891b.webp","width":1200,"height":630},{"@type":"BreadcrumbList","@id":"https:\/\/oficialnoticias.com\/?p=12772#breadcrumb","itemListElement":[{"@type":"ListItem","position":1,"name":"In\u00edcio","item":"https:\/\/oficialnoticias.com\/"},{"@type":"ListItem","position":2,"name":"Trump diz que ser\u00e1 um &#8216;insulto&#8217; se ele n\u00e3o vencer o Pr\u00eamio Nobel da Paz"}]},{"@type":"WebSite","@id":"https:\/\/oficialnoticias.com\/#website","url":"https:\/\/oficialnoticias.com\/","name":"oficial Noticias","description":"","publisher":{"@id":"https:\/\/oficialnoticias.com\/#organization"},"potentialAction":[{"@type":"SearchAction","target":{"@type":"EntryPoint","urlTemplate":"https:\/\/oficialnoticias.com\/?s={search_term_string}"},"query-input":{"@type":"PropertyValueSpecification","valueRequired":true,"valueName":"search_term_string"}}],"inLanguage":"pt-BR"},{"@type":"Organization","@id":"https:\/\/oficialnoticias.com\/#organization","name":"oficial noticias","url":"https:\/\/oficialnoticias.com\/","logo":{"@type":"ImageObject","inLanguage":"pt-BR","@id":"https:\/\/oficialnoticias.com\/#\/schema\/logo\/image\/","url":"https:\/\/oficialnoticias.com\/wp-content\/uploads\/2025\/08\/cropped-cropped-cropped-Logo-Noticias-e1753639739829.png","contentUrl":"https:\/\/oficialnoticias.com\/wp-content\/uploads\/2025\/08\/cropped-cropped-cropped-Logo-Noticias-e1753639739829.png","width":119,"height":86,"caption":"oficial noticias"},"image":{"@id":"https:\/\/oficialnoticias.com\/#\/schema\/logo\/image\/"}},{"@type":"Person","@id":"https:\/\/oficialnoticias.com\/#\/schema\/person\/2d1dcbb6bfbc28d68171b4dc04723d4a","name":"Luana Gon\u00e7alves","image":{"@type":"ImageObject","inLanguage":"pt-BR","@id":"https:\/\/secure.gravatar.com\/avatar\/7aa6afdef873224c1a0265951f3fdfc0679f65dfbd15f018612595d323c52521?s=96&d=mm&r=g","url":"https:\/\/secure.gravatar.com\/avatar\/7aa6afdef873224c1a0265951f3fdfc0679f65dfbd15f018612595d323c52521?s=96&d=mm&r=g","contentUrl":"https:\/\/secure.gravatar.com\/avatar\/7aa6afdef873224c1a0265951f3fdfc0679f65dfbd15f018612595d323c52521?s=96&d=mm&r=g","caption":"Luana Gon\u00e7alves"},"sameAs":["https:\/\/oficialnoticias.com\/"],"url":"https:\/\/oficialnoticias.com\/?author=2"}]}},"_links":{"self":[{"href":"https:\/\/oficialnoticias.com\/index.php?rest_route=\/wp\/v2\/posts\/12772","targetHints":{"allow":["GET"]}}],"collection":[{"href":"https:\/\/oficialnoticias.com\/index.php?rest_route=\/wp\/v2\/posts"}],"about":[{"href":"https:\/\/oficialnoticias.com\/index.php?rest_route=\/wp\/v2\/types\/post"}],"author":[{"embeddable":true,"href":"https:\/\/oficialnoticias.com\/index.php?rest_route=\/wp\/v2\/users\/2"}],"replies":[{"embeddable":true,"href":"https:\/\/oficialnoticias.com\/index.php?rest_route=%2Fwp%2Fv2%2Fcomments&post=12772"}],"version-history":[{"count":1,"href":"https:\/\/oficialnoticias.com\/index.php?rest_route=\/wp\/v2\/posts\/12772\/revisions"}],"predecessor-version":[{"id":12774,"href":"https:\/\/oficialnoticias.com\/index.php?rest_route=\/wp\/v2\/posts\/12772\/revisions\/12774"}],"wp:featuredmedia":[{"embeddable":true,"href":"https:\/\/oficialnoticias.com\/index.php?rest_route=\/wp\/v2\/media\/12773"}],"wp:attachment":[{"href":"https:\/\/oficialnoticias.com\/index.php?rest_route=%2Fwp%2Fv2%2Fmedia&parent=12772"}],"wp:term":[{"taxonomy":"category","embeddable":true,"href":"https:\/\/oficialnoticias.com\/index.php?rest_route=%2Fwp%2Fv2%2Fcategories&post=12772"},{"taxonomy":"post_tag","embeddable":true,"href":"https:\/\/oficialnoticias.com\/index.php?rest_route=%2Fwp%2Fv2%2Ftags&post=12772"}],"curies":[{"name":"wp","href":"https:\/\/api.w.org\/{rel}","templated":true}]}}