{"id":12367,"date":"2025-09-28T15:26:23","date_gmt":"2025-09-28T18:26:23","guid":{"rendered":"https:\/\/oficialnoticias.com\/?p=12367"},"modified":"2025-09-28T15:26:27","modified_gmt":"2025-09-28T18:26:27","slug":"diddy-passou-ultimo-ano-na-prisao-como-coach-empresarial-de-outros-detentos","status":"publish","type":"post","link":"https:\/\/oficialnoticias.com\/?p=12367","title":{"rendered":"Diddy passou \u00faltimo ano na pris\u00e3o como &#8216;coach empresarial&#8217; de outros detentos"},"content":{"rendered":"<p>\n<\/p>\n<div>\n<p><bsp-link-enhancement><br \/>\n    <span class=\"LinkEnhancement\"><a class=\"Link\" href=\"https:\/\/www.itatiaia.com.br\/entretenimento\/veredito-caso-diddy-rapper-e-condenado-por-transporte-para-prostituicao-mas-absolvido-de-crimes-graves-entenda\" title=\"&lt;b&gt;Sean \u201cDiddy\u201d Combs&lt;\/b&gt;\"><b>Sean \u201cDiddy\u201d Combs<\/b><\/a><\/span><\/bsp-link-enhancement> passou parte do \u00faltimo ano na pris\u00e3o ministrando um \u201ccurso\u201d de gest\u00e3o empresarial e desenvolvimento pessoal para outros detentos, antes da senten\u00e7a marcada para 3 de outubro por acusa\u00e7\u00f5es de prostitui\u00e7\u00e3o. A informa\u00e7\u00e3o foi revelada neste domingo (28) pelo site da revista \u201cRolling Stone\u201d.<\/p>\n<p>O programa, chamado \u201cJogo Gratuito com Diddy\u201d, teve curr\u00edculo e descri\u00e7\u00e3o apresentados ao tribunal, junto com depoimentos de alunos e avalia\u00e7\u00e3o favor\u00e1vel de um conselheiro da unidade prisional.<\/p>\n<p>De acordo com a carta enviada ao juiz Arun Subramanian, a avalia\u00e7\u00e3o elogiou Combs como tutor, concedendo-lhe as mais altas notas poss\u00edveis e concluindo com a recomenda\u00e7\u00e3o: \u201cexcelente aula, continue o \u00f3timo trabalho\u201d. O documento acrescenta que o curso teve impacto significativo nos colegas da pris\u00e3o.<\/p>\n<h2>Estrutura e conte\u00fado do curso<\/h2>\n<p>O programa foi descrito como um curso educacional de seis semanas, projetado para fornecer habilidades em gest\u00e3o empresarial, empreendedorismo e desenvolvimento pessoal. A proposta inclu\u00eda apresentar a trajet\u00f3ria de Combs, desde suas origens at\u00e9 se tornar um magnata global, oferecendo li\u00e7\u00f5es retiradas de experi\u00eancias corporativas e empreendimentos do pr\u00f3prio artista.<\/p>\n<p>O curr\u00edculo inclu\u00eda t\u00f3picos como \u201cPessoas bem-sucedidas fazem o que pessoas mal-sucedidas n\u00e3o fazem\u201d, com crit\u00e9rios de acompanhamento voltados para o gerenciamento do ego e disciplina: \u201cNunca se envergonhe &#8211; sem ego\u201d, \u201cTrabalhe mais que a concorr\u00eancia\u201d e \u201cEgo &#8211; o eu consciente\/extremo\u201d.<\/p>\n<p>Outras aulas abordavam objetivos de curto prazo, prazos e planejamento, com t\u00edtulos como \u201cApenas Fa\u00e7a\u201d e \u201cO Tempo n\u00e3o espera por ningu\u00e9m\u201d. Um dos m\u00f3dulos mais densos, \u201cA maratona 26 2&#8243;, discutia confian\u00e7a no processo, responsabilidade e o pre\u00e7o do sucesso. Combs tamb\u00e9m ministrou uma aula b\u00f4nus intitulada \u201cN\u00e3o posso parar, n\u00e3o vou parar\u201d, com os subt\u00f3picos \u201cN\u00e3o pare\u201d e \u201cNunca desista\u201d.<\/p>\n<h2>Condena\u00e7\u00e3o<\/h2>\n<p>Diddy foi condenado por duas das cinco acusa\u00e7\u00f5es que respondia na Justi\u00e7a dos Estados Unidos. O j\u00fari de Nova York considerou que ele cometeu o crime de transporte para fins de prostitui\u00e7\u00e3o, mas o absolveu das acusa\u00e7\u00f5es mais graves, como tr\u00e1fico sexual e conspira\u00e7\u00e3o para extors\u00e3o.<\/p>\n<p>O resultado do julgamento foi divulgado em 2 de julho, ap\u00f3s quase dois meses de an\u00e1lises e depoimentos. A divulga\u00e7\u00e3o das penas referentes \u00e0s condena\u00e7\u00f5es est\u00e1 marcada para 3 de outubro.<\/p>\n<p><i>Com informa\u00e7\u00f5es de Estad\u00e3o Conte\u00fado<\/i><\/p>\n<p><bsp-list-loadmore class=\"PageListStandardG\" data-module=\"\" data-show-loadmore=\"true\" data-list-title-size=\"3\" data-list-description-size=\"3\"><\/p>\n<p>    <a class=\"AnchorLink\" title=\"leia-tambem\" name=\"leia-tambem\"\/><\/p>\n<p><\/bsp-list-loadmore><\/p><\/div>\n<p><script>\n  window.fbAsyncInit = function() {\n      FB.init({\n              appId : '1447052969554341',\n          xfbml : true,\n          version : 'v2.9'\n      });\n  };\n  (function(d, s, id){\n     var js, fjs = d.getElementsByTagName(s)[0];\n     if (d.getElementById(id)) {return;}\n     js = d.createElement(s); js.id = id;\n     js.src = \"https:\/\/connect.facebook.net\/en_US\/sdk.js\";\n     fjs.parentNode.insertBefore(js, fjs);\n   }(document, 'script', 'facebook-jssdk'));\n<\/script><br \/>\n  <\/a><\/p>\n","protected":false},"excerpt":{"rendered":"<p>Sean \u201cDiddy\u201d Combs passou parte do \u00faltimo ano na pris\u00e3o ministrando um \u201ccurso\u201d de gest\u00e3o empresarial e desenvolvimento pessoal para outros detentos, antes da senten\u00e7a marcada para 3 de outubro por acusa\u00e7\u00f5es de prostitui\u00e7\u00e3o. A informa\u00e7\u00e3o foi revelada neste domingo (28) pelo site da revista \u201cRolling Stone\u201d. O programa, chamado \u201cJogo Gratuito com Diddy\u201d, teve&#8230;<\/p>\n","protected":false},"author":2,"featured_media":12368,"comment_status":"open","ping_status":"open","sticky":false,"template":"","format":"standard","meta":{"footnotes":""},"categories":[2],"tags":[],"class_list":["post-12367","post","type-post","status-publish","format-standard","has-post-thumbnail","hentry","category-decor"],"yoast_head":"<!-- This site is optimized with the Yoast SEO plugin v27.3 - https:\/\/yoast.com\/product\/yoast-seo-wordpress\/ -->\n<title>Diddy passou \u00faltimo ano na pris\u00e3o como &#039;coach empresarial&#039; de outros detentos -<\/title>\n<meta name=\"robots\" content=\"index, follow, max-snippet:-1, max-image-preview:large, max-video-preview:-1\" \/>\n<link rel=\"canonical\" href=\"https:\/\/oficialnoticias.com\/?p=12367\" \/>\n<meta property=\"og:locale\" content=\"pt_BR\" \/>\n<meta property=\"og:type\" content=\"article\" \/>\n<meta property=\"og:title\" content=\"Diddy passou \u00faltimo ano na pris\u00e3o como &#039;coach empresarial&#039; de outros detentos -\" \/>\n<meta property=\"og:description\" content=\"Sean \u201cDiddy\u201d Combs passou parte do \u00faltimo ano na pris\u00e3o ministrando um \u201ccurso\u201d de gest\u00e3o empresarial e desenvolvimento pessoal para outros detentos, antes da senten\u00e7a marcada para 3 de outubro por acusa\u00e7\u00f5es de prostitui\u00e7\u00e3o. A informa\u00e7\u00e3o foi revelada neste domingo (28) pelo site da revista \u201cRolling Stone\u201d. O programa, chamado \u201cJogo Gratuito com Diddy\u201d, teve...\" \/>\n<meta property=\"og:url\" content=\"https:\/\/oficialnoticias.com\/?p=12367\" \/>\n<meta property=\"article:published_time\" content=\"2025-09-28T18:26:23+00:00\" \/>\n<meta property=\"article:modified_time\" content=\"2025-09-28T18:26:27+00:00\" \/>\n<meta property=\"og:image\" content=\"https:\/\/oficialnoticias.com\/wp-content\/uploads\/2025\/09\/urlhttps3A2F2Fk2-prod-radio-itatiaia.s3.us-east-1.amazonaws.com2Fbrightspot2F672Fff2F0c556b.webp\" \/>\n\t<meta property=\"og:image:width\" content=\"1200\" \/>\n\t<meta property=\"og:image:height\" content=\"630\" \/>\n\t<meta property=\"og:image:type\" content=\"image\/webp\" \/>\n<meta name=\"author\" content=\"Luana Gon\u00e7alves\" \/>\n<meta name=\"twitter:card\" content=\"summary_large_image\" \/>\n<meta name=\"twitter:label1\" content=\"Escrito por\" \/>\n\t<meta name=\"twitter:data1\" content=\"Luana Gon\u00e7alves\" \/>\n\t<meta name=\"twitter:label2\" content=\"Est. tempo de leitura\" \/>\n\t<meta name=\"twitter:data2\" content=\"2 minutos\" \/>\n<script type=\"application\/ld+json\" class=\"yoast-schema-graph\">{\"@context\":\"https:\\\/\\\/schema.org\",\"@graph\":[{\"@type\":\"Article\",\"@id\":\"https:\\\/\\\/oficialnoticias.com\\\/?p=12367#article\",\"isPartOf\":{\"@id\":\"https:\\\/\\\/oficialnoticias.com\\\/?p=12367\"},\"author\":{\"name\":\"Luana Gon\u00e7alves\",\"@id\":\"https:\\\/\\\/oficialnoticias.com\\\/#\\\/schema\\\/person\\\/2d1dcbb6bfbc28d68171b4dc04723d4a\"},\"headline\":\"Diddy passou \u00faltimo ano na pris\u00e3o como &#8216;coach empresarial&#8217; de outros detentos\",\"datePublished\":\"2025-09-28T18:26:23+00:00\",\"dateModified\":\"2025-09-28T18:26:27+00:00\",\"mainEntityOfPage\":{\"@id\":\"https:\\\/\\\/oficialnoticias.com\\\/?p=12367\"},\"wordCount\":428,\"commentCount\":0,\"publisher\":{\"@id\":\"https:\\\/\\\/oficialnoticias.com\\\/#organization\"},\"image\":{\"@id\":\"https:\\\/\\\/oficialnoticias.com\\\/?p=12367#primaryimage\"},\"thumbnailUrl\":\"https:\\\/\\\/oficialnoticias.com\\\/wp-content\\\/uploads\\\/2025\\\/09\\\/urlhttps3A2F2Fk2-prod-radio-itatiaia.s3.us-east-1.amazonaws.com2Fbrightspot2F672Fff2F0c556b.webp\",\"articleSection\":[\"Mundo\"],\"inLanguage\":\"pt-BR\",\"potentialAction\":[{\"@type\":\"CommentAction\",\"name\":\"Comment\",\"target\":[\"https:\\\/\\\/oficialnoticias.com\\\/?p=12367#respond\"]}]},{\"@type\":\"WebPage\",\"@id\":\"https:\\\/\\\/oficialnoticias.com\\\/?p=12367\",\"url\":\"https:\\\/\\\/oficialnoticias.com\\\/?p=12367\",\"name\":\"Diddy passou \u00faltimo ano na pris\u00e3o como 'coach empresarial' de outros detentos -\",\"isPartOf\":{\"@id\":\"https:\\\/\\\/oficialnoticias.com\\\/#website\"},\"primaryImageOfPage\":{\"@id\":\"https:\\\/\\\/oficialnoticias.com\\\/?p=12367#primaryimage\"},\"image\":{\"@id\":\"https:\\\/\\\/oficialnoticias.com\\\/?p=12367#primaryimage\"},\"thumbnailUrl\":\"https:\\\/\\\/oficialnoticias.com\\\/wp-content\\\/uploads\\\/2025\\\/09\\\/urlhttps3A2F2Fk2-prod-radio-itatiaia.s3.us-east-1.amazonaws.com2Fbrightspot2F672Fff2F0c556b.webp\",\"datePublished\":\"2025-09-28T18:26:23+00:00\",\"dateModified\":\"2025-09-28T18:26:27+00:00\",\"breadcrumb\":{\"@id\":\"https:\\\/\\\/oficialnoticias.com\\\/?p=12367#breadcrumb\"},\"inLanguage\":\"pt-BR\",\"potentialAction\":[{\"@type\":\"ReadAction\",\"target\":[\"https:\\\/\\\/oficialnoticias.com\\\/?p=12367\"]}]},{\"@type\":\"ImageObject\",\"inLanguage\":\"pt-BR\",\"@id\":\"https:\\\/\\\/oficialnoticias.com\\\/?p=12367#primaryimage\",\"url\":\"https:\\\/\\\/oficialnoticias.com\\\/wp-content\\\/uploads\\\/2025\\\/09\\\/urlhttps3A2F2Fk2-prod-radio-itatiaia.s3.us-east-1.amazonaws.com2Fbrightspot2F672Fff2F0c556b.webp\",\"contentUrl\":\"https:\\\/\\\/oficialnoticias.com\\\/wp-content\\\/uploads\\\/2025\\\/09\\\/urlhttps3A2F2Fk2-prod-radio-itatiaia.s3.us-east-1.amazonaws.com2Fbrightspot2F672Fff2F0c556b.webp\",\"width\":1200,\"height\":630},{\"@type\":\"BreadcrumbList\",\"@id\":\"https:\\\/\\\/oficialnoticias.com\\\/?p=12367#breadcrumb\",\"itemListElement\":[{\"@type\":\"ListItem\",\"position\":1,\"name\":\"In\u00edcio\",\"item\":\"https:\\\/\\\/oficialnoticias.com\\\/\"},{\"@type\":\"ListItem\",\"position\":2,\"name\":\"Diddy passou \u00faltimo ano na pris\u00e3o como &#8216;coach empresarial&#8217; de outros detentos\"}]},{\"@type\":\"WebSite\",\"@id\":\"https:\\\/\\\/oficialnoticias.com\\\/#website\",\"url\":\"https:\\\/\\\/oficialnoticias.com\\\/\",\"name\":\"oficial Noticias\",\"description\":\"\",\"publisher\":{\"@id\":\"https:\\\/\\\/oficialnoticias.com\\\/#organization\"},\"potentialAction\":[{\"@type\":\"SearchAction\",\"target\":{\"@type\":\"EntryPoint\",\"urlTemplate\":\"https:\\\/\\\/oficialnoticias.com\\\/?s={search_term_string}\"},\"query-input\":{\"@type\":\"PropertyValueSpecification\",\"valueRequired\":true,\"valueName\":\"search_term_string\"}}],\"inLanguage\":\"pt-BR\"},{\"@type\":\"Organization\",\"@id\":\"https:\\\/\\\/oficialnoticias.com\\\/#organization\",\"name\":\"oficial noticias\",\"url\":\"https:\\\/\\\/oficialnoticias.com\\\/\",\"logo\":{\"@type\":\"ImageObject\",\"inLanguage\":\"pt-BR\",\"@id\":\"https:\\\/\\\/oficialnoticias.com\\\/#\\\/schema\\\/logo\\\/image\\\/\",\"url\":\"https:\\\/\\\/oficialnoticias.com\\\/wp-content\\\/uploads\\\/2025\\\/08\\\/cropped-cropped-cropped-Logo-Noticias-e1753639739829.png\",\"contentUrl\":\"https:\\\/\\\/oficialnoticias.com\\\/wp-content\\\/uploads\\\/2025\\\/08\\\/cropped-cropped-cropped-Logo-Noticias-e1753639739829.png\",\"width\":119,\"height\":86,\"caption\":\"oficial noticias\"},\"image\":{\"@id\":\"https:\\\/\\\/oficialnoticias.com\\\/#\\\/schema\\\/logo\\\/image\\\/\"}},{\"@type\":\"Person\",\"@id\":\"https:\\\/\\\/oficialnoticias.com\\\/#\\\/schema\\\/person\\\/2d1dcbb6bfbc28d68171b4dc04723d4a\",\"name\":\"Luana Gon\u00e7alves\",\"image\":{\"@type\":\"ImageObject\",\"inLanguage\":\"pt-BR\",\"@id\":\"https:\\\/\\\/secure.gravatar.com\\\/avatar\\\/7aa6afdef873224c1a0265951f3fdfc0679f65dfbd15f018612595d323c52521?s=96&d=mm&r=g\",\"url\":\"https:\\\/\\\/secure.gravatar.com\\\/avatar\\\/7aa6afdef873224c1a0265951f3fdfc0679f65dfbd15f018612595d323c52521?s=96&d=mm&r=g\",\"contentUrl\":\"https:\\\/\\\/secure.gravatar.com\\\/avatar\\\/7aa6afdef873224c1a0265951f3fdfc0679f65dfbd15f018612595d323c52521?s=96&d=mm&r=g\",\"caption\":\"Luana Gon\u00e7alves\"},\"sameAs\":[\"https:\\\/\\\/oficialnoticias.com\\\/\"],\"url\":\"https:\\\/\\\/oficialnoticias.com\\\/?author=2\"}]}<\/script>\n<!-- \/ Yoast SEO plugin. -->","yoast_head_json":{"title":"Diddy passou \u00faltimo ano na pris\u00e3o como 'coach empresarial' de outros detentos -","robots":{"index":"index","follow":"follow","max-snippet":"max-snippet:-1","max-image-preview":"max-image-preview:large","max-video-preview":"max-video-preview:-1"},"canonical":"https:\/\/oficialnoticias.com\/?p=12367","og_locale":"pt_BR","og_type":"article","og_title":"Diddy passou \u00faltimo ano na pris\u00e3o como 'coach empresarial' de outros detentos -","og_description":"Sean \u201cDiddy\u201d Combs passou parte do \u00faltimo ano na pris\u00e3o ministrando um \u201ccurso\u201d de gest\u00e3o empresarial e desenvolvimento pessoal para outros detentos, antes da senten\u00e7a marcada para 3 de outubro por acusa\u00e7\u00f5es de prostitui\u00e7\u00e3o. A informa\u00e7\u00e3o foi revelada neste domingo (28) pelo site da revista \u201cRolling Stone\u201d. O programa, chamado \u201cJogo Gratuito com Diddy\u201d, teve...","og_url":"https:\/\/oficialnoticias.com\/?p=12367","article_published_time":"2025-09-28T18:26:23+00:00","article_modified_time":"2025-09-28T18:26:27+00:00","og_image":[{"width":1200,"height":630,"url":"https:\/\/oficialnoticias.com\/wp-content\/uploads\/2025\/09\/urlhttps3A2F2Fk2-prod-radio-itatiaia.s3.us-east-1.amazonaws.com2Fbrightspot2F672Fff2F0c556b.webp","type":"image\/webp"}],"author":"Luana Gon\u00e7alves","twitter_card":"summary_large_image","twitter_misc":{"Escrito por":"Luana Gon\u00e7alves","Est. tempo de leitura":"2 minutos"},"schema":{"@context":"https:\/\/schema.org","@graph":[{"@type":"Article","@id":"https:\/\/oficialnoticias.com\/?p=12367#article","isPartOf":{"@id":"https:\/\/oficialnoticias.com\/?p=12367"},"author":{"name":"Luana Gon\u00e7alves","@id":"https:\/\/oficialnoticias.com\/#\/schema\/person\/2d1dcbb6bfbc28d68171b4dc04723d4a"},"headline":"Diddy passou \u00faltimo ano na pris\u00e3o como &#8216;coach empresarial&#8217; de outros detentos","datePublished":"2025-09-28T18:26:23+00:00","dateModified":"2025-09-28T18:26:27+00:00","mainEntityOfPage":{"@id":"https:\/\/oficialnoticias.com\/?p=12367"},"wordCount":428,"commentCount":0,"publisher":{"@id":"https:\/\/oficialnoticias.com\/#organization"},"image":{"@id":"https:\/\/oficialnoticias.com\/?p=12367#primaryimage"},"thumbnailUrl":"https:\/\/oficialnoticias.com\/wp-content\/uploads\/2025\/09\/urlhttps3A2F2Fk2-prod-radio-itatiaia.s3.us-east-1.amazonaws.com2Fbrightspot2F672Fff2F0c556b.webp","articleSection":["Mundo"],"inLanguage":"pt-BR","potentialAction":[{"@type":"CommentAction","name":"Comment","target":["https:\/\/oficialnoticias.com\/?p=12367#respond"]}]},{"@type":"WebPage","@id":"https:\/\/oficialnoticias.com\/?p=12367","url":"https:\/\/oficialnoticias.com\/?p=12367","name":"Diddy passou \u00faltimo ano na pris\u00e3o como 'coach empresarial' de outros detentos -","isPartOf":{"@id":"https:\/\/oficialnoticias.com\/#website"},"primaryImageOfPage":{"@id":"https:\/\/oficialnoticias.com\/?p=12367#primaryimage"},"image":{"@id":"https:\/\/oficialnoticias.com\/?p=12367#primaryimage"},"thumbnailUrl":"https:\/\/oficialnoticias.com\/wp-content\/uploads\/2025\/09\/urlhttps3A2F2Fk2-prod-radio-itatiaia.s3.us-east-1.amazonaws.com2Fbrightspot2F672Fff2F0c556b.webp","datePublished":"2025-09-28T18:26:23+00:00","dateModified":"2025-09-28T18:26:27+00:00","breadcrumb":{"@id":"https:\/\/oficialnoticias.com\/?p=12367#breadcrumb"},"inLanguage":"pt-BR","potentialAction":[{"@type":"ReadAction","target":["https:\/\/oficialnoticias.com\/?p=12367"]}]},{"@type":"ImageObject","inLanguage":"pt-BR","@id":"https:\/\/oficialnoticias.com\/?p=12367#primaryimage","url":"https:\/\/oficialnoticias.com\/wp-content\/uploads\/2025\/09\/urlhttps3A2F2Fk2-prod-radio-itatiaia.s3.us-east-1.amazonaws.com2Fbrightspot2F672Fff2F0c556b.webp","contentUrl":"https:\/\/oficialnoticias.com\/wp-content\/uploads\/2025\/09\/urlhttps3A2F2Fk2-prod-radio-itatiaia.s3.us-east-1.amazonaws.com2Fbrightspot2F672Fff2F0c556b.webp","width":1200,"height":630},{"@type":"BreadcrumbList","@id":"https:\/\/oficialnoticias.com\/?p=12367#breadcrumb","itemListElement":[{"@type":"ListItem","position":1,"name":"In\u00edcio","item":"https:\/\/oficialnoticias.com\/"},{"@type":"ListItem","position":2,"name":"Diddy passou \u00faltimo ano na pris\u00e3o como &#8216;coach empresarial&#8217; de outros detentos"}]},{"@type":"WebSite","@id":"https:\/\/oficialnoticias.com\/#website","url":"https:\/\/oficialnoticias.com\/","name":"oficial Noticias","description":"","publisher":{"@id":"https:\/\/oficialnoticias.com\/#organization"},"potentialAction":[{"@type":"SearchAction","target":{"@type":"EntryPoint","urlTemplate":"https:\/\/oficialnoticias.com\/?s={search_term_string}"},"query-input":{"@type":"PropertyValueSpecification","valueRequired":true,"valueName":"search_term_string"}}],"inLanguage":"pt-BR"},{"@type":"Organization","@id":"https:\/\/oficialnoticias.com\/#organization","name":"oficial noticias","url":"https:\/\/oficialnoticias.com\/","logo":{"@type":"ImageObject","inLanguage":"pt-BR","@id":"https:\/\/oficialnoticias.com\/#\/schema\/logo\/image\/","url":"https:\/\/oficialnoticias.com\/wp-content\/uploads\/2025\/08\/cropped-cropped-cropped-Logo-Noticias-e1753639739829.png","contentUrl":"https:\/\/oficialnoticias.com\/wp-content\/uploads\/2025\/08\/cropped-cropped-cropped-Logo-Noticias-e1753639739829.png","width":119,"height":86,"caption":"oficial noticias"},"image":{"@id":"https:\/\/oficialnoticias.com\/#\/schema\/logo\/image\/"}},{"@type":"Person","@id":"https:\/\/oficialnoticias.com\/#\/schema\/person\/2d1dcbb6bfbc28d68171b4dc04723d4a","name":"Luana Gon\u00e7alves","image":{"@type":"ImageObject","inLanguage":"pt-BR","@id":"https:\/\/secure.gravatar.com\/avatar\/7aa6afdef873224c1a0265951f3fdfc0679f65dfbd15f018612595d323c52521?s=96&d=mm&r=g","url":"https:\/\/secure.gravatar.com\/avatar\/7aa6afdef873224c1a0265951f3fdfc0679f65dfbd15f018612595d323c52521?s=96&d=mm&r=g","contentUrl":"https:\/\/secure.gravatar.com\/avatar\/7aa6afdef873224c1a0265951f3fdfc0679f65dfbd15f018612595d323c52521?s=96&d=mm&r=g","caption":"Luana Gon\u00e7alves"},"sameAs":["https:\/\/oficialnoticias.com\/"],"url":"https:\/\/oficialnoticias.com\/?author=2"}]}},"_links":{"self":[{"href":"https:\/\/oficialnoticias.com\/index.php?rest_route=\/wp\/v2\/posts\/12367","targetHints":{"allow":["GET"]}}],"collection":[{"href":"https:\/\/oficialnoticias.com\/index.php?rest_route=\/wp\/v2\/posts"}],"about":[{"href":"https:\/\/oficialnoticias.com\/index.php?rest_route=\/wp\/v2\/types\/post"}],"author":[{"embeddable":true,"href":"https:\/\/oficialnoticias.com\/index.php?rest_route=\/wp\/v2\/users\/2"}],"replies":[{"embeddable":true,"href":"https:\/\/oficialnoticias.com\/index.php?rest_route=%2Fwp%2Fv2%2Fcomments&post=12367"}],"version-history":[{"count":1,"href":"https:\/\/oficialnoticias.com\/index.php?rest_route=\/wp\/v2\/posts\/12367\/revisions"}],"predecessor-version":[{"id":12369,"href":"https:\/\/oficialnoticias.com\/index.php?rest_route=\/wp\/v2\/posts\/12367\/revisions\/12369"}],"wp:featuredmedia":[{"embeddable":true,"href":"https:\/\/oficialnoticias.com\/index.php?rest_route=\/wp\/v2\/media\/12368"}],"wp:attachment":[{"href":"https:\/\/oficialnoticias.com\/index.php?rest_route=%2Fwp%2Fv2%2Fmedia&parent=12367"}],"wp:term":[{"taxonomy":"category","embeddable":true,"href":"https:\/\/oficialnoticias.com\/index.php?rest_route=%2Fwp%2Fv2%2Fcategories&post=12367"},{"taxonomy":"post_tag","embeddable":true,"href":"https:\/\/oficialnoticias.com\/index.php?rest_route=%2Fwp%2Fv2%2Ftags&post=12367"}],"curies":[{"name":"wp","href":"https:\/\/api.w.org\/{rel}","templated":true}]}}