{"id":12358,"date":"2025-09-28T14:42:20","date_gmt":"2025-09-28T17:42:20","guid":{"rendered":"https:\/\/oficialnoticias.com\/?p=12358"},"modified":"2025-09-28T14:42:25","modified_gmt":"2025-09-28T17:42:25","slug":"barroso-faz-balanco-da-presidencia-do-stf-e-defende-protagonismo-da-corte","status":"publish","type":"post","link":"https:\/\/oficialnoticias.com\/?p=12358","title":{"rendered":"Barroso faz balan\u00e7o da presid\u00eancia do STF e defende protagonismo da Corte"},"content":{"rendered":"<p><\/p>\n<div>\n<p>O <b>ministro Lu\u00eds Roberto Barroso, presidente do Supremo Tribunal Federal (STF)<\/b>, concedeu entrevista \u00e0 CNN antes de deixar o comando da Corte e fez um amplo balan\u00e7o da sua gest\u00e3o. Ele destacou decis\u00f5es que considera hist\u00f3ricas e reconheceu os custos pessoais de estar \u00e0 frente do tribunal em um dos per\u00edodos mais tensos da pol\u00edtica recente.<\/p>\n<h2>Balan\u00e7o da gest\u00e3o<\/h2>\n<p>Barroso listou julgamentos que, em sua avalia\u00e7\u00e3o, impactaram diretamente a sociedade brasileira:<\/p>\n<ul>\n<li>descriminaliza\u00e7\u00e3o parcial do porte de drogas para consumo pessoal;<\/li>\n<li>regula\u00e7\u00e3o das plataformas digitais;<\/li>\n<li>direitos de sa\u00fade p\u00fablica e privada;<\/li>\n<li>licen\u00e7a-paternidade estendida;<\/li>\n<li>transporte p\u00fablico gratuito no dia das elei\u00e7\u00f5es;<\/li>\n<li>acesso integral da popula\u00e7\u00e3o LGBTQIA+ e pessoas trans ao sistema de sa\u00fade.<\/li>\n<\/ul>\n<p>Segundo ele, essas medidas comp\u00f5em \u201cum conjunto de decis\u00f5es que fizeram diferen\u00e7a na vida do pa\u00eds\u201d. O ministro citou ainda a condena\u00e7\u00e3o de envolvidos no 8 de janeiro, entendida como um \u201c<bsp-link-enhancement><br \/>\n    <span class=\"LinkEnhancement\"><a class=\"Link\" href=\"https:\/\/www.itatiaia.com.br\/politica\/2023\/09\/01\/supremo-agenda-o-julgamento-das-primeiras-acoes-do-8-de-janeiro\" title=\"julgamento que encerrou o ciclo do atraso na hist\u00f3ria brasileira de golpes contra golpes\u201d,\">julgamento que encerrou o ciclo do atraso na hist\u00f3ria brasileira de golpes contra golpes\u201d,<\/a><\/span><\/bsp-link-enhancement> por refor\u00e7ar a fun\u00e7\u00e3o preventiva do direito penal.<\/p>\n<h2>Magistratura e diversidade<\/h2>\n<p>Entre as <b>iniciativas institucionais<\/b>, destacou:<\/p>\n<ul>\n<li>cria\u00e7\u00e3o do Exame Nacional da Magistratura, para unificar crit\u00e9rios de ingresso na carreira;<\/li>\n<li>novas regras de promo\u00e7\u00e3o em tribunais, com meta de 40% de mulheres: a cada promo\u00e7\u00e3o masculina, a seguinte deve ser feminina;<\/li>\n<li>aumento da diversidade racial: a nota m\u00ednima em concursos passou a ser 7, mas foi mantida em 5 para candidatos negros;<\/li>\n<li>programa de bolsas em cursos preparat\u00f3rios para os 750 primeiros colocados negros, com apoio financeiro privado \u2014 entre eles, 124 receber\u00e3o aux\u00edlio de R$ 3 mil.<\/li>\n<\/ul>\n<h2>Cr\u00edticas e custos pessoais<\/h2>\n<p>Barroso disse que a atua\u00e7\u00e3o do Supremo trouxe \u201ccustos pessoais\u201d aos magistrados, como a necessidade de andar com escolta de seguran\u00e7a. Para ele, isso \u00e9 resultado do \u201c\u00f3dio alimentado por lideran\u00e7as pol\u00edticas que extra\u00edram o pior da popula\u00e7\u00e3o\u201d.<\/p>\n<p>Questionado sobre os vistos negados a ministros do STF por outros pa\u00edses, classificou a medida como \u201cdesagrad\u00e1vel\u201d e, no caso da aplica\u00e7\u00e3o da <bsp-link-enhancement><br \/>\n    <span class=\"LinkEnhancement\"><a class=\"Link\" href=\"https:\/\/www.itatiaia.com.br\/mundo\/eua-sancionam-mulher-de-alexandre-de-moraes-com-lei-magnitsky\" title=\"chamada Lei Magnitsky\">chamada Lei Magnitsky<\/a><\/span><\/bsp-link-enhancement>, \u201cirrazo\u00e1vel e injusta\u201d. Ele acredita que a decis\u00e3o pode ser revista em breve.<\/p>\n<p><bsp-list-loadmore class=\"PageListStandardG\" data-module=\"\" data-show-loadmore=\"true\" data-list-title-size=\"3\" data-list-description-size=\"3\"><\/p>\n<p>    <a class=\"AnchorLink\" title=\"leia-tambem\" name=\"leia-tambem\"\/><\/p>\n<p><\/bsp-list-loadmore><\/p>\n<h2>Rela\u00e7\u00e3o com o Congresso e anistia<\/h2>\n<p>O ministro relatou ter boa interlocu\u00e7\u00e3o com os presidentes das Casas Legislativas \u2014 Rodrigo Pacheco, Davi Alcolumbre, Arthur Lira e Hugo Motta \u2014, mesmo sem concord\u00e2ncia em todos os pontos. Sobre anistia a condenados do 8 de janeiro, negou que o tema tenha chegado ao Supremo e disse tratar-se de atribui\u00e7\u00e3o do Congresso. Barroso revelou, no entanto, que j\u00e1 ouviu discuss\u00f5es parlamentares sobre a possibilidade de penas menores para acusados que n\u00e3o acumularam crimes como golpe de Estado e aboli\u00e7\u00e3o violenta do Estado de Direito.<\/p>\n<h2>PEC da Blindagem<\/h2>\n<p>Em rela\u00e7\u00e3o \u00e0 proposta que busca limitar investiga\u00e7\u00f5es sobre parlamentares, Barroso considerou a mudan\u00e7a um \u201c<b>retrocesso grave<\/b>\u201d. Ele avaliou como positiva a rea\u00e7\u00e3o da sociedade \u00e0s manifesta\u00e7\u00f5es contr\u00e1rias \u00e0 PEC, que sinalizam \u201cretomada da integridade no gasto p\u00fablico\u201d.<\/p>\n<h2>O papel do Supremo<\/h2>\n<p>O ministro refor\u00e7ou que o protagonismo do STF n\u00e3o \u00e9 escolha da Corte, mas uma determina\u00e7\u00e3o da Constitui\u00e7\u00e3o brasileira. \u201c\u00c9 papel do Supremo decidir as quest\u00f5es mais <b>divisivas<\/b> da sociedade. Isso significa desagradar ora ao agroneg\u00f3cio, ora \u00e0s comunidades ind\u00edgenas; ora ao contribuinte, ora ao governo; ora aos evang\u00e9licos, ora \u00e0s feministas. E \u00e9 natural que o Congresso vocalize esse desagrado, porque l\u00e1 \u00e9 o lugar pr\u00f3prio para o debate pol\u00edtico\u201d, disse.<\/p>\n<h2>Impeachment de ministros<\/h2>\n<p>Barroso tamb\u00e9m rejeitou pedidos de impeachment contra ministros do STF, chamando-os de \u201c<b>irrazo\u00e1veis<\/b>\u201d. Ele defendeu que cr\u00edticas severas fazem parte do processo democr\u00e1tico, mas que afastamentos s\u00f3 se justificam em casos de corrup\u00e7\u00e3o ou viola\u00e7\u00f5es graves \u00e0 Constitui\u00e7\u00e3o. \u201cN\u00e3o se tira ministros como se tira algo da prateleira porque n\u00e3o se gosta\u201d, afirmou.<\/p>\n<p>Ao encerrar o balan\u00e7o, Barroso frisou que sua atua\u00e7\u00e3o sempre foi a de um juiz, n\u00e3o de um ator pol\u00edtico: \u201cN\u00e3o tenho problema com conservadores, liberais ou progressistas. A democracia tem lugar para todos\u201d.<\/p>\n<\/p><\/div>\n<p><script>\n  window.fbAsyncInit = function() {\n      FB.init({\n              appId : '1447052969554341',\n          xfbml : true,\n          version : 'v2.9'\n      });\n  };\n  (function(d, s, id){\n     var js, fjs = d.getElementsByTagName(s)[0];\n     if (d.getElementById(id)) {return;}\n     js = d.createElement(s); js.id = id;\n     js.src = \"https:\/\/connect.facebook.net\/en_US\/sdk.js\";\n     fjs.parentNode.insertBefore(js, fjs);\n   }(document, 'script', 'facebook-jssdk'));\n<\/script><\/p>\n","protected":false},"excerpt":{"rendered":"<p>O ministro Lu\u00eds Roberto Barroso, presidente do Supremo Tribunal Federal (STF), concedeu entrevista \u00e0 CNN antes de deixar o comando da Corte e fez um amplo balan\u00e7o da sua gest\u00e3o. Ele destacou decis\u00f5es que considera hist\u00f3ricas e reconheceu os custos pessoais de estar \u00e0 frente do tribunal em um dos per\u00edodos mais tensos da pol\u00edtica&#8230;<\/p>\n","protected":false},"author":2,"featured_media":12359,"comment_status":"open","ping_status":"open","sticky":false,"template":"","format":"standard","meta":{"footnotes":""},"categories":[24],"tags":[],"class_list":["post-12358","post","type-post","status-publish","format-standard","has-post-thumbnail","hentry","category-politica"],"yoast_head":"<!-- This site is optimized with the Yoast SEO plugin v27.3 - https:\/\/yoast.com\/product\/yoast-seo-wordpress\/ -->\n<title>Barroso faz balan\u00e7o da presid\u00eancia do STF e defende protagonismo da Corte -<\/title>\n<meta name=\"robots\" content=\"index, follow, max-snippet:-1, max-image-preview:large, max-video-preview:-1\" \/>\n<link rel=\"canonical\" href=\"https:\/\/oficialnoticias.com\/?p=12358\" \/>\n<meta property=\"og:locale\" content=\"pt_BR\" \/>\n<meta property=\"og:type\" content=\"article\" \/>\n<meta property=\"og:title\" content=\"Barroso faz balan\u00e7o da presid\u00eancia do STF e defende protagonismo da Corte -\" \/>\n<meta property=\"og:description\" content=\"O ministro Lu\u00eds Roberto Barroso, presidente do Supremo Tribunal Federal (STF), concedeu entrevista \u00e0 CNN antes de deixar o comando da Corte e fez um amplo balan\u00e7o da sua gest\u00e3o. Ele destacou decis\u00f5es que considera hist\u00f3ricas e reconheceu os custos pessoais de estar \u00e0 frente do tribunal em um dos per\u00edodos mais tensos da pol\u00edtica...\" \/>\n<meta property=\"og:url\" content=\"https:\/\/oficialnoticias.com\/?p=12358\" \/>\n<meta property=\"article:published_time\" content=\"2025-09-28T17:42:20+00:00\" \/>\n<meta property=\"article:modified_time\" content=\"2025-09-28T17:42:25+00:00\" \/>\n<meta property=\"og:image\" content=\"https:\/\/oficialnoticias.com\/wp-content\/uploads\/2025\/09\/urlhttps3A2F2Fk2-prod-radio-itatiaia.s3.us-east-1.amazonaws.com2Fbrightspot2F212F472Fc6a15e.webp\" \/>\n\t<meta property=\"og:image:width\" content=\"1200\" \/>\n\t<meta property=\"og:image:height\" content=\"630\" \/>\n\t<meta property=\"og:image:type\" content=\"image\/webp\" \/>\n<meta name=\"author\" content=\"Luana Gon\u00e7alves\" \/>\n<meta name=\"twitter:card\" content=\"summary_large_image\" \/>\n<meta name=\"twitter:label1\" content=\"Escrito por\" \/>\n\t<meta name=\"twitter:data1\" content=\"Luana Gon\u00e7alves\" \/>\n\t<meta name=\"twitter:label2\" content=\"Est. tempo de leitura\" \/>\n\t<meta name=\"twitter:data2\" content=\"3 minutos\" \/>\n<script type=\"application\/ld+json\" class=\"yoast-schema-graph\">{\"@context\":\"https:\\\/\\\/schema.org\",\"@graph\":[{\"@type\":\"Article\",\"@id\":\"https:\\\/\\\/oficialnoticias.com\\\/?p=12358#article\",\"isPartOf\":{\"@id\":\"https:\\\/\\\/oficialnoticias.com\\\/?p=12358\"},\"author\":{\"name\":\"Luana Gon\u00e7alves\",\"@id\":\"https:\\\/\\\/oficialnoticias.com\\\/#\\\/schema\\\/person\\\/2d1dcbb6bfbc28d68171b4dc04723d4a\"},\"headline\":\"Barroso faz balan\u00e7o da presid\u00eancia do STF e defende protagonismo da Corte\",\"datePublished\":\"2025-09-28T17:42:20+00:00\",\"dateModified\":\"2025-09-28T17:42:25+00:00\",\"mainEntityOfPage\":{\"@id\":\"https:\\\/\\\/oficialnoticias.com\\\/?p=12358\"},\"wordCount\":710,\"commentCount\":0,\"publisher\":{\"@id\":\"https:\\\/\\\/oficialnoticias.com\\\/#organization\"},\"image\":{\"@id\":\"https:\\\/\\\/oficialnoticias.com\\\/?p=12358#primaryimage\"},\"thumbnailUrl\":\"https:\\\/\\\/oficialnoticias.com\\\/wp-content\\\/uploads\\\/2025\\\/09\\\/urlhttps3A2F2Fk2-prod-radio-itatiaia.s3.us-east-1.amazonaws.com2Fbrightspot2F212F472Fc6a15e.webp\",\"articleSection\":[\"Politica\"],\"inLanguage\":\"pt-BR\",\"potentialAction\":[{\"@type\":\"CommentAction\",\"name\":\"Comment\",\"target\":[\"https:\\\/\\\/oficialnoticias.com\\\/?p=12358#respond\"]}]},{\"@type\":\"WebPage\",\"@id\":\"https:\\\/\\\/oficialnoticias.com\\\/?p=12358\",\"url\":\"https:\\\/\\\/oficialnoticias.com\\\/?p=12358\",\"name\":\"Barroso faz balan\u00e7o da presid\u00eancia do STF e defende protagonismo da Corte -\",\"isPartOf\":{\"@id\":\"https:\\\/\\\/oficialnoticias.com\\\/#website\"},\"primaryImageOfPage\":{\"@id\":\"https:\\\/\\\/oficialnoticias.com\\\/?p=12358#primaryimage\"},\"image\":{\"@id\":\"https:\\\/\\\/oficialnoticias.com\\\/?p=12358#primaryimage\"},\"thumbnailUrl\":\"https:\\\/\\\/oficialnoticias.com\\\/wp-content\\\/uploads\\\/2025\\\/09\\\/urlhttps3A2F2Fk2-prod-radio-itatiaia.s3.us-east-1.amazonaws.com2Fbrightspot2F212F472Fc6a15e.webp\",\"datePublished\":\"2025-09-28T17:42:20+00:00\",\"dateModified\":\"2025-09-28T17:42:25+00:00\",\"breadcrumb\":{\"@id\":\"https:\\\/\\\/oficialnoticias.com\\\/?p=12358#breadcrumb\"},\"inLanguage\":\"pt-BR\",\"potentialAction\":[{\"@type\":\"ReadAction\",\"target\":[\"https:\\\/\\\/oficialnoticias.com\\\/?p=12358\"]}]},{\"@type\":\"ImageObject\",\"inLanguage\":\"pt-BR\",\"@id\":\"https:\\\/\\\/oficialnoticias.com\\\/?p=12358#primaryimage\",\"url\":\"https:\\\/\\\/oficialnoticias.com\\\/wp-content\\\/uploads\\\/2025\\\/09\\\/urlhttps3A2F2Fk2-prod-radio-itatiaia.s3.us-east-1.amazonaws.com2Fbrightspot2F212F472Fc6a15e.webp\",\"contentUrl\":\"https:\\\/\\\/oficialnoticias.com\\\/wp-content\\\/uploads\\\/2025\\\/09\\\/urlhttps3A2F2Fk2-prod-radio-itatiaia.s3.us-east-1.amazonaws.com2Fbrightspot2F212F472Fc6a15e.webp\",\"width\":1200,\"height\":630},{\"@type\":\"BreadcrumbList\",\"@id\":\"https:\\\/\\\/oficialnoticias.com\\\/?p=12358#breadcrumb\",\"itemListElement\":[{\"@type\":\"ListItem\",\"position\":1,\"name\":\"In\u00edcio\",\"item\":\"https:\\\/\\\/oficialnoticias.com\\\/\"},{\"@type\":\"ListItem\",\"position\":2,\"name\":\"Barroso faz balan\u00e7o da presid\u00eancia do STF e defende protagonismo da Corte\"}]},{\"@type\":\"WebSite\",\"@id\":\"https:\\\/\\\/oficialnoticias.com\\\/#website\",\"url\":\"https:\\\/\\\/oficialnoticias.com\\\/\",\"name\":\"oficial Noticias\",\"description\":\"\",\"publisher\":{\"@id\":\"https:\\\/\\\/oficialnoticias.com\\\/#organization\"},\"potentialAction\":[{\"@type\":\"SearchAction\",\"target\":{\"@type\":\"EntryPoint\",\"urlTemplate\":\"https:\\\/\\\/oficialnoticias.com\\\/?s={search_term_string}\"},\"query-input\":{\"@type\":\"PropertyValueSpecification\",\"valueRequired\":true,\"valueName\":\"search_term_string\"}}],\"inLanguage\":\"pt-BR\"},{\"@type\":\"Organization\",\"@id\":\"https:\\\/\\\/oficialnoticias.com\\\/#organization\",\"name\":\"oficial noticias\",\"url\":\"https:\\\/\\\/oficialnoticias.com\\\/\",\"logo\":{\"@type\":\"ImageObject\",\"inLanguage\":\"pt-BR\",\"@id\":\"https:\\\/\\\/oficialnoticias.com\\\/#\\\/schema\\\/logo\\\/image\\\/\",\"url\":\"https:\\\/\\\/oficialnoticias.com\\\/wp-content\\\/uploads\\\/2025\\\/08\\\/cropped-cropped-cropped-Logo-Noticias-e1753639739829.png\",\"contentUrl\":\"https:\\\/\\\/oficialnoticias.com\\\/wp-content\\\/uploads\\\/2025\\\/08\\\/cropped-cropped-cropped-Logo-Noticias-e1753639739829.png\",\"width\":119,\"height\":86,\"caption\":\"oficial noticias\"},\"image\":{\"@id\":\"https:\\\/\\\/oficialnoticias.com\\\/#\\\/schema\\\/logo\\\/image\\\/\"}},{\"@type\":\"Person\",\"@id\":\"https:\\\/\\\/oficialnoticias.com\\\/#\\\/schema\\\/person\\\/2d1dcbb6bfbc28d68171b4dc04723d4a\",\"name\":\"Luana Gon\u00e7alves\",\"image\":{\"@type\":\"ImageObject\",\"inLanguage\":\"pt-BR\",\"@id\":\"https:\\\/\\\/secure.gravatar.com\\\/avatar\\\/7aa6afdef873224c1a0265951f3fdfc0679f65dfbd15f018612595d323c52521?s=96&d=mm&r=g\",\"url\":\"https:\\\/\\\/secure.gravatar.com\\\/avatar\\\/7aa6afdef873224c1a0265951f3fdfc0679f65dfbd15f018612595d323c52521?s=96&d=mm&r=g\",\"contentUrl\":\"https:\\\/\\\/secure.gravatar.com\\\/avatar\\\/7aa6afdef873224c1a0265951f3fdfc0679f65dfbd15f018612595d323c52521?s=96&d=mm&r=g\",\"caption\":\"Luana Gon\u00e7alves\"},\"sameAs\":[\"https:\\\/\\\/oficialnoticias.com\\\/\"],\"url\":\"https:\\\/\\\/oficialnoticias.com\\\/?author=2\"}]}<\/script>\n<!-- \/ Yoast SEO plugin. -->","yoast_head_json":{"title":"Barroso faz balan\u00e7o da presid\u00eancia do STF e defende protagonismo da Corte -","robots":{"index":"index","follow":"follow","max-snippet":"max-snippet:-1","max-image-preview":"max-image-preview:large","max-video-preview":"max-video-preview:-1"},"canonical":"https:\/\/oficialnoticias.com\/?p=12358","og_locale":"pt_BR","og_type":"article","og_title":"Barroso faz balan\u00e7o da presid\u00eancia do STF e defende protagonismo da Corte -","og_description":"O ministro Lu\u00eds Roberto Barroso, presidente do Supremo Tribunal Federal (STF), concedeu entrevista \u00e0 CNN antes de deixar o comando da Corte e fez um amplo balan\u00e7o da sua gest\u00e3o. Ele destacou decis\u00f5es que considera hist\u00f3ricas e reconheceu os custos pessoais de estar \u00e0 frente do tribunal em um dos per\u00edodos mais tensos da pol\u00edtica...","og_url":"https:\/\/oficialnoticias.com\/?p=12358","article_published_time":"2025-09-28T17:42:20+00:00","article_modified_time":"2025-09-28T17:42:25+00:00","og_image":[{"width":1200,"height":630,"url":"https:\/\/oficialnoticias.com\/wp-content\/uploads\/2025\/09\/urlhttps3A2F2Fk2-prod-radio-itatiaia.s3.us-east-1.amazonaws.com2Fbrightspot2F212F472Fc6a15e.webp","type":"image\/webp"}],"author":"Luana Gon\u00e7alves","twitter_card":"summary_large_image","twitter_misc":{"Escrito por":"Luana Gon\u00e7alves","Est. tempo de leitura":"3 minutos"},"schema":{"@context":"https:\/\/schema.org","@graph":[{"@type":"Article","@id":"https:\/\/oficialnoticias.com\/?p=12358#article","isPartOf":{"@id":"https:\/\/oficialnoticias.com\/?p=12358"},"author":{"name":"Luana Gon\u00e7alves","@id":"https:\/\/oficialnoticias.com\/#\/schema\/person\/2d1dcbb6bfbc28d68171b4dc04723d4a"},"headline":"Barroso faz balan\u00e7o da presid\u00eancia do STF e defende protagonismo da Corte","datePublished":"2025-09-28T17:42:20+00:00","dateModified":"2025-09-28T17:42:25+00:00","mainEntityOfPage":{"@id":"https:\/\/oficialnoticias.com\/?p=12358"},"wordCount":710,"commentCount":0,"publisher":{"@id":"https:\/\/oficialnoticias.com\/#organization"},"image":{"@id":"https:\/\/oficialnoticias.com\/?p=12358#primaryimage"},"thumbnailUrl":"https:\/\/oficialnoticias.com\/wp-content\/uploads\/2025\/09\/urlhttps3A2F2Fk2-prod-radio-itatiaia.s3.us-east-1.amazonaws.com2Fbrightspot2F212F472Fc6a15e.webp","articleSection":["Politica"],"inLanguage":"pt-BR","potentialAction":[{"@type":"CommentAction","name":"Comment","target":["https:\/\/oficialnoticias.com\/?p=12358#respond"]}]},{"@type":"WebPage","@id":"https:\/\/oficialnoticias.com\/?p=12358","url":"https:\/\/oficialnoticias.com\/?p=12358","name":"Barroso faz balan\u00e7o da presid\u00eancia do STF e defende protagonismo da Corte -","isPartOf":{"@id":"https:\/\/oficialnoticias.com\/#website"},"primaryImageOfPage":{"@id":"https:\/\/oficialnoticias.com\/?p=12358#primaryimage"},"image":{"@id":"https:\/\/oficialnoticias.com\/?p=12358#primaryimage"},"thumbnailUrl":"https:\/\/oficialnoticias.com\/wp-content\/uploads\/2025\/09\/urlhttps3A2F2Fk2-prod-radio-itatiaia.s3.us-east-1.amazonaws.com2Fbrightspot2F212F472Fc6a15e.webp","datePublished":"2025-09-28T17:42:20+00:00","dateModified":"2025-09-28T17:42:25+00:00","breadcrumb":{"@id":"https:\/\/oficialnoticias.com\/?p=12358#breadcrumb"},"inLanguage":"pt-BR","potentialAction":[{"@type":"ReadAction","target":["https:\/\/oficialnoticias.com\/?p=12358"]}]},{"@type":"ImageObject","inLanguage":"pt-BR","@id":"https:\/\/oficialnoticias.com\/?p=12358#primaryimage","url":"https:\/\/oficialnoticias.com\/wp-content\/uploads\/2025\/09\/urlhttps3A2F2Fk2-prod-radio-itatiaia.s3.us-east-1.amazonaws.com2Fbrightspot2F212F472Fc6a15e.webp","contentUrl":"https:\/\/oficialnoticias.com\/wp-content\/uploads\/2025\/09\/urlhttps3A2F2Fk2-prod-radio-itatiaia.s3.us-east-1.amazonaws.com2Fbrightspot2F212F472Fc6a15e.webp","width":1200,"height":630},{"@type":"BreadcrumbList","@id":"https:\/\/oficialnoticias.com\/?p=12358#breadcrumb","itemListElement":[{"@type":"ListItem","position":1,"name":"In\u00edcio","item":"https:\/\/oficialnoticias.com\/"},{"@type":"ListItem","position":2,"name":"Barroso faz balan\u00e7o da presid\u00eancia do STF e defende protagonismo da Corte"}]},{"@type":"WebSite","@id":"https:\/\/oficialnoticias.com\/#website","url":"https:\/\/oficialnoticias.com\/","name":"oficial Noticias","description":"","publisher":{"@id":"https:\/\/oficialnoticias.com\/#organization"},"potentialAction":[{"@type":"SearchAction","target":{"@type":"EntryPoint","urlTemplate":"https:\/\/oficialnoticias.com\/?s={search_term_string}"},"query-input":{"@type":"PropertyValueSpecification","valueRequired":true,"valueName":"search_term_string"}}],"inLanguage":"pt-BR"},{"@type":"Organization","@id":"https:\/\/oficialnoticias.com\/#organization","name":"oficial noticias","url":"https:\/\/oficialnoticias.com\/","logo":{"@type":"ImageObject","inLanguage":"pt-BR","@id":"https:\/\/oficialnoticias.com\/#\/schema\/logo\/image\/","url":"https:\/\/oficialnoticias.com\/wp-content\/uploads\/2025\/08\/cropped-cropped-cropped-Logo-Noticias-e1753639739829.png","contentUrl":"https:\/\/oficialnoticias.com\/wp-content\/uploads\/2025\/08\/cropped-cropped-cropped-Logo-Noticias-e1753639739829.png","width":119,"height":86,"caption":"oficial noticias"},"image":{"@id":"https:\/\/oficialnoticias.com\/#\/schema\/logo\/image\/"}},{"@type":"Person","@id":"https:\/\/oficialnoticias.com\/#\/schema\/person\/2d1dcbb6bfbc28d68171b4dc04723d4a","name":"Luana Gon\u00e7alves","image":{"@type":"ImageObject","inLanguage":"pt-BR","@id":"https:\/\/secure.gravatar.com\/avatar\/7aa6afdef873224c1a0265951f3fdfc0679f65dfbd15f018612595d323c52521?s=96&d=mm&r=g","url":"https:\/\/secure.gravatar.com\/avatar\/7aa6afdef873224c1a0265951f3fdfc0679f65dfbd15f018612595d323c52521?s=96&d=mm&r=g","contentUrl":"https:\/\/secure.gravatar.com\/avatar\/7aa6afdef873224c1a0265951f3fdfc0679f65dfbd15f018612595d323c52521?s=96&d=mm&r=g","caption":"Luana Gon\u00e7alves"},"sameAs":["https:\/\/oficialnoticias.com\/"],"url":"https:\/\/oficialnoticias.com\/?author=2"}]}},"_links":{"self":[{"href":"https:\/\/oficialnoticias.com\/index.php?rest_route=\/wp\/v2\/posts\/12358","targetHints":{"allow":["GET"]}}],"collection":[{"href":"https:\/\/oficialnoticias.com\/index.php?rest_route=\/wp\/v2\/posts"}],"about":[{"href":"https:\/\/oficialnoticias.com\/index.php?rest_route=\/wp\/v2\/types\/post"}],"author":[{"embeddable":true,"href":"https:\/\/oficialnoticias.com\/index.php?rest_route=\/wp\/v2\/users\/2"}],"replies":[{"embeddable":true,"href":"https:\/\/oficialnoticias.com\/index.php?rest_route=%2Fwp%2Fv2%2Fcomments&post=12358"}],"version-history":[{"count":1,"href":"https:\/\/oficialnoticias.com\/index.php?rest_route=\/wp\/v2\/posts\/12358\/revisions"}],"predecessor-version":[{"id":12360,"href":"https:\/\/oficialnoticias.com\/index.php?rest_route=\/wp\/v2\/posts\/12358\/revisions\/12360"}],"wp:featuredmedia":[{"embeddable":true,"href":"https:\/\/oficialnoticias.com\/index.php?rest_route=\/wp\/v2\/media\/12359"}],"wp:attachment":[{"href":"https:\/\/oficialnoticias.com\/index.php?rest_route=%2Fwp%2Fv2%2Fmedia&parent=12358"}],"wp:term":[{"taxonomy":"category","embeddable":true,"href":"https:\/\/oficialnoticias.com\/index.php?rest_route=%2Fwp%2Fv2%2Fcategories&post=12358"},{"taxonomy":"post_tag","embeddable":true,"href":"https:\/\/oficialnoticias.com\/index.php?rest_route=%2Fwp%2Fv2%2Ftags&post=12358"}],"curies":[{"name":"wp","href":"https:\/\/api.w.org\/{rel}","templated":true}]}}