{"id":12349,"date":"2025-09-28T13:51:23","date_gmt":"2025-09-28T16:51:23","guid":{"rendered":"https:\/\/oficialnoticias.com\/?p=12349"},"modified":"2025-09-28T13:51:27","modified_gmt":"2025-09-28T16:51:27","slug":"wanderlei-silva-foi-hospitalizado-apos-luta-com-popo-no-spaten-fight-night","status":"publish","type":"post","link":"https:\/\/oficialnoticias.com\/?p=12349","title":{"rendered":"Wanderlei Silva foi hospitalizado ap\u00f3s luta com Pop\u00f3 no Spaten Fight Night"},"content":{"rendered":"<p><\/p>\n<div>\n<p>Marcada pela confus\u00e3o generalizada ap\u00f3s o t\u00e9rmino, a luta entre Wanderlei Silva e Pop\u00f3 segue rendendo desdobramentos neste domingo (28). O \u2018Cachorro Loko\u2019, precisou ser hospitalizado depois de ser agredido por integrantes da equipe de Pop\u00f3 logo ap\u00f3s o Spaten Fight Night, realizado neste s\u00e1bado (27).<\/p>\n<p>De acordo com Fabr\u00edcio Werdum, Wanderlei sofreu uma fratura no nariz e foi submetido a exames ap\u00f3s levar um golpe na nuca. Atendido no Hospital S\u00e3o Luiz, na Zona Sul de S\u00e3o Paulo, o ex-campe\u00e3o n\u00e3o apresentou les\u00f5es significativas na cabe\u00e7a ou na coluna cervical. Ap\u00f3s receber sutura, ele foi liberado.<\/p>\n<h2>Entenda o contexto<\/h2>\n<p>A <bsp-link-enhancement><br \/>\n    <span class=\"LinkEnhancement\"><a class=\"Link\" href=\"https:\/\/www.itatiaia.com.br\/esportes\/lutas\/wanderlei-silva-e-desclassificado-e-popo-vence-luta-no-spaten-fight-night-2\" target=\"_blank\" title=\"noite de boxe entre Acelino \u201cPop\u00f3\" freitas=\"\" e=\"\" wanderlei=\"\" silva=\"\" rel=\"noopener\">noite de boxe entre Acelino \u201cPop\u00f3&#8221; Freitas e Wanderlei Silva<\/a><\/span><\/bsp-link-enhancement> terminou em <bsp-link-enhancement><br \/>\n    <span class=\"LinkEnhancement\"><a class=\"Link\" href=\"https:\/\/www.itatiaia.com.br\/esportes\/lutas\/luta-entre-popo-e-wanderlei-termina-com-confusao-e-nocaute-inesperado-entenda\" target=\"_blank\" title=\"confus\u00e3o generalizada na madrugada deste domingo (28)\" rel=\"noopener\">confus\u00e3o generalizada na madrugada deste domingo (28)<\/a><\/span><\/bsp-link-enhancement>, no Spaten Fight Night 2, em S\u00e3o Paulo.<\/p>\n<p>Ap\u00f3s vencer por desclassifica\u00e7\u00e3o, o tetracampe\u00e3o mundial acusou Fabr\u00edcio Werdum de invadir o ringue e iniciar a briga. O campe\u00e3o do UFC rebateu e disse que apenas reagiu a uma provoca\u00e7\u00e3o da equipe rival.<\/p>\n<p>\u201cEu n\u00e3o sei para que m**** esses caras colocaram o Werdum nesse evento. Esse cara s\u00f3 faz m**** nos eventos dos outros. Werdum, eu tenho vergonha, cara. Se eu fosse voc\u00ea, eu teria vergonha. Voc\u00ea que veio para cima de mim. Tem um v\u00eddeo gravado de voc\u00ea em cima de mim, querendo me bater. Mas Deus sabe o que faz\u201d, afirmou Pop\u00f3 em v\u00eddeo publicado em suas redes sociais.<\/p>\n<p>Segundo Pop\u00f3, a confus\u00e3o come\u00e7ou quando Werdum, que fazia parte do corner de Wanderlei, invadiu o ringue junto com o filho do lutador.<\/p>\n<h2>Werdum rebate<\/h2>\n<p>Poucas horas depois, Fabr\u00edcio Werdum respondeu em suas redes sociais. O ex-campe\u00e3o do UFC publicou um v\u00eddeo com imagens da briga e acusou a equipe de Pop\u00f3 de iniciar a confus\u00e3o.<\/p>\n<p>\u201cTinha uns 20 contra quatro. Estavam eu, o Wanderlei, o Thor e o Dida. Foi uma rea\u00e7\u00e3o nossa, porque eles come\u00e7aram a gritar e vieram para cima. As imagens n\u00e3o mentem\u201d, afirmou.<\/p>\n<p>Amigo de Wanderlei Silva, Werdum acompanhou o ex-lutador ap\u00f3s a briga e relatou que ele precisou ser levado ao hospital.<\/p>\n<p>\u201cO Wanderlei est\u00e1 aqui no hospital, tomando pontos nos olhos. Quebrou o nariz, porque ele foi muito maldoso, cara. Ele poderia ter feito uma coisa muito grave\u201d, declarou.<\/p>\n<p><bsp-list-loadmore class=\"PageListStandardG\" data-module=\"\" data-show-loadmore=\"true\" data-list-title-size=\"3\" data-list-description-size=\"3\"><\/p>\n<p>    <a class=\"AnchorLink\" title=\"leia-tambem\" name=\"leia-tambem\"\/><\/p>\n<p><\/bsp-list-loadmore><\/p><\/div>\n<p><script>\n  window.fbAsyncInit = function() {\n      FB.init({\n              appId : '1447052969554341',\n          xfbml : true,\n          version : 'v2.9'\n      });\n  };\n  (function(d, s, id){\n     var js, fjs = d.getElementsByTagName(s)[0];\n     if (d.getElementById(id)) {return;}\n     js = d.createElement(s); js.id = id;\n     js.src = \"https:\/\/connect.facebook.net\/en_US\/sdk.js\";\n     fjs.parentNode.insertBefore(js, fjs);\n   }(document, 'script', 'facebook-jssdk'));\n<\/script><\/p>\n","protected":false},"excerpt":{"rendered":"<p>Marcada pela confus\u00e3o generalizada ap\u00f3s o t\u00e9rmino, a luta entre Wanderlei Silva e Pop\u00f3 segue rendendo desdobramentos neste domingo (28). O \u2018Cachorro Loko\u2019, precisou ser hospitalizado depois de ser agredido por integrantes da equipe de Pop\u00f3 logo ap\u00f3s o Spaten Fight Night, realizado neste s\u00e1bado (27). De acordo com Fabr\u00edcio Werdum, Wanderlei sofreu uma fratura&#8230;<\/p>\n","protected":false},"author":2,"featured_media":12350,"comment_status":"open","ping_status":"open","sticky":false,"template":"","format":"standard","meta":{"footnotes":""},"categories":[4],"tags":[],"class_list":["post-12349","post","type-post","status-publish","format-standard","has-post-thumbnail","hentry","category-sports"],"yoast_head":"<!-- This site is optimized with the Yoast SEO plugin v27.3 - https:\/\/yoast.com\/product\/yoast-seo-wordpress\/ -->\n<title>Wanderlei Silva foi hospitalizado ap\u00f3s luta com Pop\u00f3 no Spaten Fight Night -<\/title>\n<meta name=\"robots\" content=\"index, follow, max-snippet:-1, max-image-preview:large, max-video-preview:-1\" \/>\n<link rel=\"canonical\" href=\"https:\/\/oficialnoticias.com\/?p=12349\" \/>\n<meta property=\"og:locale\" content=\"pt_BR\" \/>\n<meta property=\"og:type\" content=\"article\" \/>\n<meta property=\"og:title\" content=\"Wanderlei Silva foi hospitalizado ap\u00f3s luta com Pop\u00f3 no Spaten Fight Night -\" \/>\n<meta property=\"og:description\" content=\"Marcada pela confus\u00e3o generalizada ap\u00f3s o t\u00e9rmino, a luta entre Wanderlei Silva e Pop\u00f3 segue rendendo desdobramentos neste domingo (28). O \u2018Cachorro Loko\u2019, precisou ser hospitalizado depois de ser agredido por integrantes da equipe de Pop\u00f3 logo ap\u00f3s o Spaten Fight Night, realizado neste s\u00e1bado (27). De acordo com Fabr\u00edcio Werdum, Wanderlei sofreu uma fratura...\" \/>\n<meta property=\"og:url\" content=\"https:\/\/oficialnoticias.com\/?p=12349\" \/>\n<meta property=\"article:published_time\" content=\"2025-09-28T16:51:23+00:00\" \/>\n<meta property=\"article:modified_time\" content=\"2025-09-28T16:51:27+00:00\" \/>\n<meta property=\"og:image\" content=\"https:\/\/oficialnoticias.com\/wp-content\/uploads\/2025\/09\/urlhttps3A2F2Fk2-prod-radio-itatiaia.s3.us-east-1.amazonaws.com2Fbrightspot2Fcf2F182Fb5e9c2.webp\" \/>\n\t<meta property=\"og:image:width\" content=\"1200\" \/>\n\t<meta property=\"og:image:height\" content=\"630\" \/>\n\t<meta property=\"og:image:type\" content=\"image\/webp\" \/>\n<meta name=\"author\" content=\"Luana Gon\u00e7alves\" \/>\n<meta name=\"twitter:card\" content=\"summary_large_image\" \/>\n<meta name=\"twitter:label1\" content=\"Escrito por\" \/>\n\t<meta name=\"twitter:data1\" content=\"Luana Gon\u00e7alves\" \/>\n\t<meta name=\"twitter:label2\" content=\"Est. tempo de leitura\" \/>\n\t<meta name=\"twitter:data2\" content=\"2 minutos\" \/>\n<script type=\"application\/ld+json\" class=\"yoast-schema-graph\">{\"@context\":\"https:\\\/\\\/schema.org\",\"@graph\":[{\"@type\":\"Article\",\"@id\":\"https:\\\/\\\/oficialnoticias.com\\\/?p=12349#article\",\"isPartOf\":{\"@id\":\"https:\\\/\\\/oficialnoticias.com\\\/?p=12349\"},\"author\":{\"name\":\"Luana Gon\u00e7alves\",\"@id\":\"https:\\\/\\\/oficialnoticias.com\\\/#\\\/schema\\\/person\\\/2d1dcbb6bfbc28d68171b4dc04723d4a\"},\"headline\":\"Wanderlei Silva foi hospitalizado ap\u00f3s luta com Pop\u00f3 no Spaten Fight Night\",\"datePublished\":\"2025-09-28T16:51:23+00:00\",\"dateModified\":\"2025-09-28T16:51:27+00:00\",\"mainEntityOfPage\":{\"@id\":\"https:\\\/\\\/oficialnoticias.com\\\/?p=12349\"},\"wordCount\":410,\"commentCount\":0,\"publisher\":{\"@id\":\"https:\\\/\\\/oficialnoticias.com\\\/#organization\"},\"image\":{\"@id\":\"https:\\\/\\\/oficialnoticias.com\\\/?p=12349#primaryimage\"},\"thumbnailUrl\":\"https:\\\/\\\/oficialnoticias.com\\\/wp-content\\\/uploads\\\/2025\\\/09\\\/urlhttps3A2F2Fk2-prod-radio-itatiaia.s3.us-east-1.amazonaws.com2Fbrightspot2Fcf2F182Fb5e9c2.webp\",\"articleSection\":[\"Esporte\"],\"inLanguage\":\"pt-BR\",\"potentialAction\":[{\"@type\":\"CommentAction\",\"name\":\"Comment\",\"target\":[\"https:\\\/\\\/oficialnoticias.com\\\/?p=12349#respond\"]}]},{\"@type\":\"WebPage\",\"@id\":\"https:\\\/\\\/oficialnoticias.com\\\/?p=12349\",\"url\":\"https:\\\/\\\/oficialnoticias.com\\\/?p=12349\",\"name\":\"Wanderlei Silva foi hospitalizado ap\u00f3s luta com Pop\u00f3 no Spaten Fight Night -\",\"isPartOf\":{\"@id\":\"https:\\\/\\\/oficialnoticias.com\\\/#website\"},\"primaryImageOfPage\":{\"@id\":\"https:\\\/\\\/oficialnoticias.com\\\/?p=12349#primaryimage\"},\"image\":{\"@id\":\"https:\\\/\\\/oficialnoticias.com\\\/?p=12349#primaryimage\"},\"thumbnailUrl\":\"https:\\\/\\\/oficialnoticias.com\\\/wp-content\\\/uploads\\\/2025\\\/09\\\/urlhttps3A2F2Fk2-prod-radio-itatiaia.s3.us-east-1.amazonaws.com2Fbrightspot2Fcf2F182Fb5e9c2.webp\",\"datePublished\":\"2025-09-28T16:51:23+00:00\",\"dateModified\":\"2025-09-28T16:51:27+00:00\",\"breadcrumb\":{\"@id\":\"https:\\\/\\\/oficialnoticias.com\\\/?p=12349#breadcrumb\"},\"inLanguage\":\"pt-BR\",\"potentialAction\":[{\"@type\":\"ReadAction\",\"target\":[\"https:\\\/\\\/oficialnoticias.com\\\/?p=12349\"]}]},{\"@type\":\"ImageObject\",\"inLanguage\":\"pt-BR\",\"@id\":\"https:\\\/\\\/oficialnoticias.com\\\/?p=12349#primaryimage\",\"url\":\"https:\\\/\\\/oficialnoticias.com\\\/wp-content\\\/uploads\\\/2025\\\/09\\\/urlhttps3A2F2Fk2-prod-radio-itatiaia.s3.us-east-1.amazonaws.com2Fbrightspot2Fcf2F182Fb5e9c2.webp\",\"contentUrl\":\"https:\\\/\\\/oficialnoticias.com\\\/wp-content\\\/uploads\\\/2025\\\/09\\\/urlhttps3A2F2Fk2-prod-radio-itatiaia.s3.us-east-1.amazonaws.com2Fbrightspot2Fcf2F182Fb5e9c2.webp\",\"width\":1200,\"height\":630},{\"@type\":\"BreadcrumbList\",\"@id\":\"https:\\\/\\\/oficialnoticias.com\\\/?p=12349#breadcrumb\",\"itemListElement\":[{\"@type\":\"ListItem\",\"position\":1,\"name\":\"In\u00edcio\",\"item\":\"https:\\\/\\\/oficialnoticias.com\\\/\"},{\"@type\":\"ListItem\",\"position\":2,\"name\":\"Wanderlei Silva foi hospitalizado ap\u00f3s luta com Pop\u00f3 no Spaten Fight Night\"}]},{\"@type\":\"WebSite\",\"@id\":\"https:\\\/\\\/oficialnoticias.com\\\/#website\",\"url\":\"https:\\\/\\\/oficialnoticias.com\\\/\",\"name\":\"oficial Noticias\",\"description\":\"\",\"publisher\":{\"@id\":\"https:\\\/\\\/oficialnoticias.com\\\/#organization\"},\"potentialAction\":[{\"@type\":\"SearchAction\",\"target\":{\"@type\":\"EntryPoint\",\"urlTemplate\":\"https:\\\/\\\/oficialnoticias.com\\\/?s={search_term_string}\"},\"query-input\":{\"@type\":\"PropertyValueSpecification\",\"valueRequired\":true,\"valueName\":\"search_term_string\"}}],\"inLanguage\":\"pt-BR\"},{\"@type\":\"Organization\",\"@id\":\"https:\\\/\\\/oficialnoticias.com\\\/#organization\",\"name\":\"oficial noticias\",\"url\":\"https:\\\/\\\/oficialnoticias.com\\\/\",\"logo\":{\"@type\":\"ImageObject\",\"inLanguage\":\"pt-BR\",\"@id\":\"https:\\\/\\\/oficialnoticias.com\\\/#\\\/schema\\\/logo\\\/image\\\/\",\"url\":\"https:\\\/\\\/oficialnoticias.com\\\/wp-content\\\/uploads\\\/2025\\\/08\\\/cropped-cropped-cropped-Logo-Noticias-e1753639739829.png\",\"contentUrl\":\"https:\\\/\\\/oficialnoticias.com\\\/wp-content\\\/uploads\\\/2025\\\/08\\\/cropped-cropped-cropped-Logo-Noticias-e1753639739829.png\",\"width\":119,\"height\":86,\"caption\":\"oficial noticias\"},\"image\":{\"@id\":\"https:\\\/\\\/oficialnoticias.com\\\/#\\\/schema\\\/logo\\\/image\\\/\"}},{\"@type\":\"Person\",\"@id\":\"https:\\\/\\\/oficialnoticias.com\\\/#\\\/schema\\\/person\\\/2d1dcbb6bfbc28d68171b4dc04723d4a\",\"name\":\"Luana Gon\u00e7alves\",\"image\":{\"@type\":\"ImageObject\",\"inLanguage\":\"pt-BR\",\"@id\":\"https:\\\/\\\/secure.gravatar.com\\\/avatar\\\/7aa6afdef873224c1a0265951f3fdfc0679f65dfbd15f018612595d323c52521?s=96&d=mm&r=g\",\"url\":\"https:\\\/\\\/secure.gravatar.com\\\/avatar\\\/7aa6afdef873224c1a0265951f3fdfc0679f65dfbd15f018612595d323c52521?s=96&d=mm&r=g\",\"contentUrl\":\"https:\\\/\\\/secure.gravatar.com\\\/avatar\\\/7aa6afdef873224c1a0265951f3fdfc0679f65dfbd15f018612595d323c52521?s=96&d=mm&r=g\",\"caption\":\"Luana Gon\u00e7alves\"},\"sameAs\":[\"https:\\\/\\\/oficialnoticias.com\\\/\"],\"url\":\"https:\\\/\\\/oficialnoticias.com\\\/?author=2\"}]}<\/script>\n<!-- \/ Yoast SEO plugin. -->","yoast_head_json":{"title":"Wanderlei Silva foi hospitalizado ap\u00f3s luta com Pop\u00f3 no Spaten Fight Night -","robots":{"index":"index","follow":"follow","max-snippet":"max-snippet:-1","max-image-preview":"max-image-preview:large","max-video-preview":"max-video-preview:-1"},"canonical":"https:\/\/oficialnoticias.com\/?p=12349","og_locale":"pt_BR","og_type":"article","og_title":"Wanderlei Silva foi hospitalizado ap\u00f3s luta com Pop\u00f3 no Spaten Fight Night -","og_description":"Marcada pela confus\u00e3o generalizada ap\u00f3s o t\u00e9rmino, a luta entre Wanderlei Silva e Pop\u00f3 segue rendendo desdobramentos neste domingo (28). O \u2018Cachorro Loko\u2019, precisou ser hospitalizado depois de ser agredido por integrantes da equipe de Pop\u00f3 logo ap\u00f3s o Spaten Fight Night, realizado neste s\u00e1bado (27). De acordo com Fabr\u00edcio Werdum, Wanderlei sofreu uma fratura...","og_url":"https:\/\/oficialnoticias.com\/?p=12349","article_published_time":"2025-09-28T16:51:23+00:00","article_modified_time":"2025-09-28T16:51:27+00:00","og_image":[{"width":1200,"height":630,"url":"https:\/\/oficialnoticias.com\/wp-content\/uploads\/2025\/09\/urlhttps3A2F2Fk2-prod-radio-itatiaia.s3.us-east-1.amazonaws.com2Fbrightspot2Fcf2F182Fb5e9c2.webp","type":"image\/webp"}],"author":"Luana Gon\u00e7alves","twitter_card":"summary_large_image","twitter_misc":{"Escrito por":"Luana Gon\u00e7alves","Est. tempo de leitura":"2 minutos"},"schema":{"@context":"https:\/\/schema.org","@graph":[{"@type":"Article","@id":"https:\/\/oficialnoticias.com\/?p=12349#article","isPartOf":{"@id":"https:\/\/oficialnoticias.com\/?p=12349"},"author":{"name":"Luana Gon\u00e7alves","@id":"https:\/\/oficialnoticias.com\/#\/schema\/person\/2d1dcbb6bfbc28d68171b4dc04723d4a"},"headline":"Wanderlei Silva foi hospitalizado ap\u00f3s luta com Pop\u00f3 no Spaten Fight Night","datePublished":"2025-09-28T16:51:23+00:00","dateModified":"2025-09-28T16:51:27+00:00","mainEntityOfPage":{"@id":"https:\/\/oficialnoticias.com\/?p=12349"},"wordCount":410,"commentCount":0,"publisher":{"@id":"https:\/\/oficialnoticias.com\/#organization"},"image":{"@id":"https:\/\/oficialnoticias.com\/?p=12349#primaryimage"},"thumbnailUrl":"https:\/\/oficialnoticias.com\/wp-content\/uploads\/2025\/09\/urlhttps3A2F2Fk2-prod-radio-itatiaia.s3.us-east-1.amazonaws.com2Fbrightspot2Fcf2F182Fb5e9c2.webp","articleSection":["Esporte"],"inLanguage":"pt-BR","potentialAction":[{"@type":"CommentAction","name":"Comment","target":["https:\/\/oficialnoticias.com\/?p=12349#respond"]}]},{"@type":"WebPage","@id":"https:\/\/oficialnoticias.com\/?p=12349","url":"https:\/\/oficialnoticias.com\/?p=12349","name":"Wanderlei Silva foi hospitalizado ap\u00f3s luta com Pop\u00f3 no Spaten Fight Night -","isPartOf":{"@id":"https:\/\/oficialnoticias.com\/#website"},"primaryImageOfPage":{"@id":"https:\/\/oficialnoticias.com\/?p=12349#primaryimage"},"image":{"@id":"https:\/\/oficialnoticias.com\/?p=12349#primaryimage"},"thumbnailUrl":"https:\/\/oficialnoticias.com\/wp-content\/uploads\/2025\/09\/urlhttps3A2F2Fk2-prod-radio-itatiaia.s3.us-east-1.amazonaws.com2Fbrightspot2Fcf2F182Fb5e9c2.webp","datePublished":"2025-09-28T16:51:23+00:00","dateModified":"2025-09-28T16:51:27+00:00","breadcrumb":{"@id":"https:\/\/oficialnoticias.com\/?p=12349#breadcrumb"},"inLanguage":"pt-BR","potentialAction":[{"@type":"ReadAction","target":["https:\/\/oficialnoticias.com\/?p=12349"]}]},{"@type":"ImageObject","inLanguage":"pt-BR","@id":"https:\/\/oficialnoticias.com\/?p=12349#primaryimage","url":"https:\/\/oficialnoticias.com\/wp-content\/uploads\/2025\/09\/urlhttps3A2F2Fk2-prod-radio-itatiaia.s3.us-east-1.amazonaws.com2Fbrightspot2Fcf2F182Fb5e9c2.webp","contentUrl":"https:\/\/oficialnoticias.com\/wp-content\/uploads\/2025\/09\/urlhttps3A2F2Fk2-prod-radio-itatiaia.s3.us-east-1.amazonaws.com2Fbrightspot2Fcf2F182Fb5e9c2.webp","width":1200,"height":630},{"@type":"BreadcrumbList","@id":"https:\/\/oficialnoticias.com\/?p=12349#breadcrumb","itemListElement":[{"@type":"ListItem","position":1,"name":"In\u00edcio","item":"https:\/\/oficialnoticias.com\/"},{"@type":"ListItem","position":2,"name":"Wanderlei Silva foi hospitalizado ap\u00f3s luta com Pop\u00f3 no Spaten Fight Night"}]},{"@type":"WebSite","@id":"https:\/\/oficialnoticias.com\/#website","url":"https:\/\/oficialnoticias.com\/","name":"oficial Noticias","description":"","publisher":{"@id":"https:\/\/oficialnoticias.com\/#organization"},"potentialAction":[{"@type":"SearchAction","target":{"@type":"EntryPoint","urlTemplate":"https:\/\/oficialnoticias.com\/?s={search_term_string}"},"query-input":{"@type":"PropertyValueSpecification","valueRequired":true,"valueName":"search_term_string"}}],"inLanguage":"pt-BR"},{"@type":"Organization","@id":"https:\/\/oficialnoticias.com\/#organization","name":"oficial noticias","url":"https:\/\/oficialnoticias.com\/","logo":{"@type":"ImageObject","inLanguage":"pt-BR","@id":"https:\/\/oficialnoticias.com\/#\/schema\/logo\/image\/","url":"https:\/\/oficialnoticias.com\/wp-content\/uploads\/2025\/08\/cropped-cropped-cropped-Logo-Noticias-e1753639739829.png","contentUrl":"https:\/\/oficialnoticias.com\/wp-content\/uploads\/2025\/08\/cropped-cropped-cropped-Logo-Noticias-e1753639739829.png","width":119,"height":86,"caption":"oficial noticias"},"image":{"@id":"https:\/\/oficialnoticias.com\/#\/schema\/logo\/image\/"}},{"@type":"Person","@id":"https:\/\/oficialnoticias.com\/#\/schema\/person\/2d1dcbb6bfbc28d68171b4dc04723d4a","name":"Luana Gon\u00e7alves","image":{"@type":"ImageObject","inLanguage":"pt-BR","@id":"https:\/\/secure.gravatar.com\/avatar\/7aa6afdef873224c1a0265951f3fdfc0679f65dfbd15f018612595d323c52521?s=96&d=mm&r=g","url":"https:\/\/secure.gravatar.com\/avatar\/7aa6afdef873224c1a0265951f3fdfc0679f65dfbd15f018612595d323c52521?s=96&d=mm&r=g","contentUrl":"https:\/\/secure.gravatar.com\/avatar\/7aa6afdef873224c1a0265951f3fdfc0679f65dfbd15f018612595d323c52521?s=96&d=mm&r=g","caption":"Luana Gon\u00e7alves"},"sameAs":["https:\/\/oficialnoticias.com\/"],"url":"https:\/\/oficialnoticias.com\/?author=2"}]}},"_links":{"self":[{"href":"https:\/\/oficialnoticias.com\/index.php?rest_route=\/wp\/v2\/posts\/12349","targetHints":{"allow":["GET"]}}],"collection":[{"href":"https:\/\/oficialnoticias.com\/index.php?rest_route=\/wp\/v2\/posts"}],"about":[{"href":"https:\/\/oficialnoticias.com\/index.php?rest_route=\/wp\/v2\/types\/post"}],"author":[{"embeddable":true,"href":"https:\/\/oficialnoticias.com\/index.php?rest_route=\/wp\/v2\/users\/2"}],"replies":[{"embeddable":true,"href":"https:\/\/oficialnoticias.com\/index.php?rest_route=%2Fwp%2Fv2%2Fcomments&post=12349"}],"version-history":[{"count":1,"href":"https:\/\/oficialnoticias.com\/index.php?rest_route=\/wp\/v2\/posts\/12349\/revisions"}],"predecessor-version":[{"id":12351,"href":"https:\/\/oficialnoticias.com\/index.php?rest_route=\/wp\/v2\/posts\/12349\/revisions\/12351"}],"wp:featuredmedia":[{"embeddable":true,"href":"https:\/\/oficialnoticias.com\/index.php?rest_route=\/wp\/v2\/media\/12350"}],"wp:attachment":[{"href":"https:\/\/oficialnoticias.com\/index.php?rest_route=%2Fwp%2Fv2%2Fmedia&parent=12349"}],"wp:term":[{"taxonomy":"category","embeddable":true,"href":"https:\/\/oficialnoticias.com\/index.php?rest_route=%2Fwp%2Fv2%2Fcategories&post=12349"},{"taxonomy":"post_tag","embeddable":true,"href":"https:\/\/oficialnoticias.com\/index.php?rest_route=%2Fwp%2Fv2%2Ftags&post=12349"}],"curies":[{"name":"wp","href":"https:\/\/api.w.org\/{rel}","templated":true}]}}