{"id":12133,"date":"2025-09-27T12:37:14","date_gmt":"2025-09-27T15:37:14","guid":{"rendered":"https:\/\/oficialnoticias.com\/?p=12133"},"modified":"2025-09-27T12:37:19","modified_gmt":"2025-09-27T15:37:19","slug":"zema-faz-quase-400-voos-oficiais-aumentou-o-ritmo-na-campanha-e-incluiu-araxa-na-rota","status":"publish","type":"post","link":"https:\/\/oficialnoticias.com\/?p=12133","title":{"rendered":"Zema faz quase 400 voos oficiais, aumentou o ritmo na campanha e incluiu Arax\u00e1 na rota"},"content":{"rendered":"<p><\/p>\n<div>\n<p>Reeleito em 2022 ainda no primeiro turno, Romeu Zema (Novo) j\u00e1 fez 382 voos em aeronaves do estado em seu novo mandato. O uso de avi\u00f5es e helic\u00f3pteros faz parte das prerrogativas do cargo, mas a pr\u00e1tica j\u00e1 foi muito atacada pelo governador mineiro. Levantamento feito pela <b>Itatiaia <\/b>mostra ainda como a frequ\u00eancia das viagens oficiais aumentou durante as elei\u00e7\u00f5es municipais de 2024 e que <bsp-link-enhancement><br \/>\n    <span class=\"LinkEnhancement\"><a class=\"Link\" href=\"https:\/\/www.itatiaia.com.br\/cidades\/2022\/10\/02\/itatiaia-acompanha-voto-de-zema-em-araxa\" target=\"_blank\" title=\"&lt;b&gt;&lt;u&gt;Arax\u00e1, cidade natal do chefe do Executivo mineiro&lt;\/u&gt;&lt;\/b&gt;\" rel=\"noopener\"><b><u>Arax\u00e1, cidade natal do chefe do Executivo mineiro<\/u><\/b><\/a><\/span><\/bsp-link-enhancement>, \u00e9 origem ou destino de ao menos um voo por m\u00eas neste per\u00edodo.<\/p>\n<p>O levantamento foi feito a partir dos registros de uso das aeronaves oficiais entre janeiro de 2023 e agosto de 2025, material disponibilizado no Portal da Transpar\u00eancia do Governo de Minas. Os n\u00fameros mostram 382 voos no per\u00edodo, sendo que 118 deles foram retornos para Belo Horizonte. As viagens foram realizadas em 16 ve\u00edculos diferentes.<\/p>\n<p>Para o governador de um estado com <bsp-link-enhancement><br \/>\n    <span class=\"LinkEnhancement\"><a class=\"Link\" href=\"https:\/\/www.itatiaia.com.br\/brasil\/2024\/12\/17\/ibge-6-municipios-de-mg-registram-alteracao-de-tamanho-e-um-muda-de-nome-confira-a-lista\" target=\"_blank\" title=\"&lt;b&gt;&lt;u&gt;586,5 mil quil\u00f4metros quadrados de \u00e1rea&lt;\/u&gt;&lt;\/b&gt;\" rel=\"noopener\"><b><u>586,5 mil quil\u00f4metros quadrados de \u00e1rea<\/u><\/b><\/a><\/span><\/bsp-link-enhancement> (4\u00ba maior do Brasil), o uso de aeronaves oficiais \u00e9 necess\u00e1rio para o exerc\u00edcio do cargo e o acompanhamento presencial das necessidades dos mineiros. Uma realidade que Zema aprendeu na pr\u00e1tica.<\/p>\n<p>Ao longo de sua primeira campanha, Zema disse que acabaria com a \u201cfarra\u201d do uso de aeronaves em refer\u00eancia ao ent\u00e3o governador Fernando Pimentel (PT), <bsp-link-enhancement><br \/>\n    <span class=\"LinkEnhancement\"><a class=\"Link\" href=\"https:\/\/www.itatiaia.com.br\/politica\/justica-rejeita-acao-contra-pimentel-em-caso-de-uso-irregular-de-aeronaves\" target=\"_blank\" title=\"&lt;b&gt;&lt;u&gt;envolvido em esc\u00e2ndalos sobre o uso particular dos avi\u00f5es p\u00fablicos&lt;\/u&gt;&lt;\/b&gt;\" rel=\"noopener\"><b><u>envolvido em esc\u00e2ndalos sobre o uso particular dos avi\u00f5es p\u00fablicos<\/u><\/b><\/a><\/span><\/bsp-link-enhancement>.<\/p>\n<p>Em 2019, seu primeiro ano de governo, Zema anunciou a venda de aeronaves do estado para cumprir com o discurso de campanha e refor\u00e7ou sua tese. \u201cMais aeronaves ser\u00e3o vendidas. No meu governo n\u00e3o haver\u00e1 espa\u00e7o para esse tipo de mordomia, privil\u00e9gios ou desperd\u00edcio de dinheiro p\u00fablico\u201d, disse durante o leil\u00e3o de um LearJet, modelo 35A, em mar\u00e7o daquele ano.<\/p>\n<p>A venda dos equipamentos foi gradativamente dando espa\u00e7o \u00e0 defesa de que os avi\u00f5es e helic\u00f3pteros n\u00e3o fossem mais exclusivos para uso do governador. Em publica\u00e7\u00f5es nas redes sociais e entrevistas, j\u00e1 no mandato atual, Zema afirma reiteradamente que disponibiliza as aeronaves do estado para uso dos bombeiros, for\u00e7as de seguran\u00e7a e transporte de \u00f3rg\u00e3os.<\/p>\n<p>Em resposta \u00e0 <b>Itatiaia<\/b>, o Governo de Minas afirmou que o uso de 16 diferentes aeronaves no per\u00edodo se deu justamente pelo sistema de rod\u00edzio implementado para atender a outras demandas do estado.<\/p>\n<p>\u201cTodos os avi\u00f5es e helic\u00f3pteros do estado ficam continuamente dispon\u00edveis para atender a diversas demandas nas \u00e1reas de sa\u00fade, seguran\u00e7a e salvamento, por exemplo, priorizando as urg\u00eancias\u201d, justificou o governo.<\/p>\n<h2><b>Campanha eleitoral<\/b><\/h2>\n<p>No per\u00edodo da campanha eleitoral de 2024 foi registrado um aumento significativo na frequ\u00eancia de viagens do governador em aeronaves oficiais do estado. No recorte geral analisado os n\u00fameros apontam 382 voos em 973 dias; uma m\u00e9dia de um voo a cada 2,5 dias.<\/p>\n<p>Entre 15 de agosto e 27 de outubro de 2024, per\u00edodo oficial de campanha das elei\u00e7\u00f5es municipais, Zema fez 55 viagens em 73 dias; uma m\u00e9dia de um voo a cada 1,3 dia.<\/p>\n<p>Considerando a raz\u00e3o voos por dia, o n\u00famero saltou de 0,39 para 0,75. Um aumento de 92% na frequ\u00eancia.<\/p>\n<h2><b>Voos para Arax\u00e1<\/b><\/h2>\n<p>Arax\u00e1, cidade de quase 112 mil habitantes no Tri\u00e2ngulo Mineiro, foi a origem de 14 voos oficiais de Zema em seu segundo mandato. Em outras 20 oportunidades, o munic\u00edpio foi onde as aeronaves do estado aterrissaram.<\/p>\n<p>Romeu Zema nasceu em Arax\u00e1 em outubro de 1964. A cidade \u00e9 tamb\u00e9m o ber\u00e7o do Grupo Zema, conglomerado de com\u00e9rcio de roupas, eletrodom\u00e9sticos e postos de combust\u00edvel com forte atua\u00e7\u00e3o no interior do estado.<\/p>\n<p>De acordo com o Censo Demogr\u00e1fico de 2022, Arax\u00e1 \u00e9 a 28\u00ba cidade mais populosa do estado. Na Regi\u00e3o do Tri\u00e2ngulo Mineiro, ela fica atr\u00e1s de Uberl\u00e2ndia, Uberaba e Araguari em popula\u00e7\u00e3o. \u00c9 menor tamb\u00e9m que Patos de Minas, outro munic\u00edpio importante nas cercanias.<\/p>\n<p>Neste mandato, Zema fez 33 voos somando decolagens e aterrissagens em Uberl\u00e2ndia, Uberaba e Patos de Minas (Araguari n\u00e3o entrou na lista). Em Arax\u00e1, o n\u00famero \u00e9 de 34.<\/p>\n<p>\u00c0 <b>reportagem<\/b>, o Governo de Minas justificou as viagens para Arax\u00e1 a partir da import\u00e2ncia econ\u00f4mica e estrat\u00e9gica do Tri\u00e2ngulo Mineiro e Alto Parana\u00edna &#8211; onde est\u00e3o as cidades supracitadas.<\/p>\n<p>\u201cTri\u00e2ngulo Mineiro e Alto Parana\u00edba formam a segunda \u00e1rea mais populosa de Minas, com cerca de 3 milh\u00f5es de habitantes. Al\u00e9m disso, as duas regi\u00f5es s\u00e3o respons\u00e1veis por cerca de 18% do PIB (Produto Interno Bruto) mineiro e configuram uma importante rota de transporte de riquezas entre as regi\u00f5es Sudeste e Centro-Oeste do Brasil. \u00c9 natural que as cidades da regi\u00e3o estejam entre os destinos mais frequentes do governador. Os aeroportos de Arax\u00e1, Uberl\u00e2ndia e Uberaba s\u00e3o priorit\u00e1rios, devido a suas estruturas\u201d, disse o Governo, em nota.<\/p>\n<h2><b>Participa\u00e7\u00e3o em eventos privados<\/b><\/h2>\n<p>Zema tamb\u00e9m usou as aeronaves para ir a destinos onde participou de atos de car\u00e1ter pol\u00edtico e eventos privados. Por exemplo: em 3 de abril deste ano, o governador viajou para Porto Alegre no avi\u00e3o listado oficialmente como \u201cPP-LCE &#8211; P\u00c9GASUS 24\u201d. Na mesma data, o governador mineiro palestrou no \u201cF\u00f3rum da Liberdade\u201d.<\/p>\n<p>O f\u00f3rum \u00e9 apresentado como o \u201cmaior evento pr\u00f3-liberdade do mundo\u201d e teve como convidados, al\u00e9m de Zema, os deputados federais Marcel Van Hattem (Novo-RS) e Nikolas Ferreira (PL-MG); o ex-ministro de Minas e Energia no governo de Jair Bolsonaro (PL), Adolfo Sachsida; e o comentarista pol\u00edtico Caio Coppola.<\/p>\n<p>Outro exemplo aconteceu em 13 de agosto deste ano, quando Zema foi a S\u00e3o Paulo na mesma aeronave usada para ir ao Rio Grande do Sul quatro meses antes. O voo aconteceu tr\u00eas dias antes do <bsp-link-enhancement><br \/>\n    <span class=\"LinkEnhancement\"><a class=\"Link\" href=\"https:\/\/www.itatiaia.com.br\/politica\/zema-lanca-pre-candidatura-a-presidencia-da-republica-neste-sabado-16-em-sao-paulo\" target=\"_blank\" title=\"&lt;b&gt;&lt;u&gt;lan\u00e7amento da pr\u00e9-candidatura do governador mineiro \u00e0 Presid\u00eancia da Rep\u00fablica&lt;\/u&gt;&lt;\/b&gt;\" rel=\"noopener\"><b><u>lan\u00e7amento da pr\u00e9-candidatura do governador mineiro \u00e0 Presid\u00eancia da Rep\u00fablica<\/u><\/b><\/a><\/span><\/bsp-link-enhancement>, realizado na capital paulista.<\/p>\n<p>Questionado sobre as viagens, o Governo de Minas disse que, por quest\u00f5es de seguran\u00e7a previstas no decreto 44.028\/2005, o governador usa o transporte oficial para agendas institucionais. No caso espec\u00edfico do voo para S\u00e3o Paulo perto do lan\u00e7amento da pr\u00e9-candidatura ao Pal\u00e1cio do Planalto, o Executivo disse que Zema participou de agendas oficiais nos dias anteriores ao evento pol\u00edtico e retornou ao estado em um voo comercial.<\/p>\n<p>\u201cO chefe do Poder Executivo viajou para S\u00e3o Paulo em voo oficial no dia 13\/08. At\u00e9 o dia 15\/08, realizou compromissos oficiais, como reuni\u00f5es com poss\u00edveis investidores, membros do Comunitas, e empres\u00e1rios argentinos, realizando tamb\u00e9m atendimento \u00e0 imprensa. Cabe esclarecer que, ap\u00f3s se dedicarem ao seu expediente de trabalho, os servidores p\u00fablicos estaduais podem realizar compromissos pessoais, sem \u00f4nus para o Estado. O governador retornou \u00e0 Minas Gerais em voo comercial no dia 17 e, no dia 18, cumpriu agendas oficiais na Regi\u00e3o Metropolitana de BH\u201d, informou.<\/p>\n<h2><b>Para onde foi o governador?<\/b><\/h2>\n<p>Em seu segundo mandato, Zema viajou para 11 estados al\u00e9m de Minas Gerais. Mais de 70% dos voos aterrissou em solo mineiro. A lista segue com S\u00e3o Paulo, destino de 12% dos trajetos; Distrito Federal, com 8,9%; Rio de Janeiro, com 2,1%; Rio Grande do Sul, com 1,6%; e Paran\u00e1, com 1,3%<\/p>\n<p>Com menos de 1% das viagens aparecem Bahia, Cear\u00e1, Esp\u00edrito Santo, Goi\u00e1s, Mato Grosso e Santa Catarina.<\/p>\n<p><bsp-list-loadmore class=\"PageListStandardG\" data-module=\"\" data-show-loadmore=\"true\" data-list-title-size=\"3\" data-list-description-size=\"3\"><\/p>\n<p>    <a class=\"AnchorLink\" title=\"leia-tambem\" name=\"leia-tambem\"\/><\/p>\n<p><\/bsp-list-loadmore><\/p><\/div>\n<p><script>\n  window.fbAsyncInit = function() {\n      FB.init({\n              appId : '1447052969554341',\n          xfbml : true,\n          version : 'v2.9'\n      });\n  };\n  (function(d, s, id){\n     var js, fjs = d.getElementsByTagName(s)[0];\n     if (d.getElementById(id)) {return;}\n     js = d.createElement(s); js.id = id;\n     js.src = \"https:\/\/connect.facebook.net\/en_US\/sdk.js\";\n     fjs.parentNode.insertBefore(js, fjs);\n   }(document, 'script', 'facebook-jssdk'));\n<\/script><\/p>\n","protected":false},"excerpt":{"rendered":"<p>Reeleito em 2022 ainda no primeiro turno, Romeu Zema (Novo) j\u00e1 fez 382 voos em aeronaves do estado em seu novo mandato. O uso de avi\u00f5es e helic\u00f3pteros faz parte das prerrogativas do cargo, mas a pr\u00e1tica j\u00e1 foi muito atacada pelo governador mineiro. Levantamento feito pela Itatiaia mostra ainda como a frequ\u00eancia das viagens&#8230;<\/p>\n","protected":false},"author":2,"featured_media":12134,"comment_status":"open","ping_status":"open","sticky":false,"template":"","format":"standard","meta":{"footnotes":""},"categories":[24],"tags":[],"class_list":["post-12133","post","type-post","status-publish","format-standard","has-post-thumbnail","hentry","category-politica"],"yoast_head":"<!-- This site is optimized with the Yoast SEO plugin v28.1 - https:\/\/yoast.com\/product\/yoast-seo-wordpress\/ -->\n<title>Zema faz quase 400 voos oficiais, aumentou o ritmo na campanha e incluiu Arax\u00e1 na rota -<\/title>\n<meta name=\"robots\" content=\"index, follow, max-snippet:-1, max-image-preview:large, max-video-preview:-1\" \/>\n<link rel=\"canonical\" href=\"https:\/\/oficialnoticias.com\/?p=12133\" \/>\n<meta property=\"og:locale\" content=\"pt_BR\" \/>\n<meta property=\"og:type\" content=\"article\" \/>\n<meta property=\"og:title\" content=\"Zema faz quase 400 voos oficiais, aumentou o ritmo na campanha e incluiu Arax\u00e1 na rota -\" \/>\n<meta property=\"og:description\" content=\"Reeleito em 2022 ainda no primeiro turno, Romeu Zema (Novo) j\u00e1 fez 382 voos em aeronaves do estado em seu novo mandato. O uso de avi\u00f5es e helic\u00f3pteros faz parte das prerrogativas do cargo, mas a pr\u00e1tica j\u00e1 foi muito atacada pelo governador mineiro. Levantamento feito pela Itatiaia mostra ainda como a frequ\u00eancia das viagens...\" \/>\n<meta property=\"og:url\" content=\"https:\/\/oficialnoticias.com\/?p=12133\" \/>\n<meta property=\"article:published_time\" content=\"2025-09-27T15:37:14+00:00\" \/>\n<meta property=\"article:modified_time\" content=\"2025-09-27T15:37:19+00:00\" \/>\n<meta property=\"og:image\" content=\"https:\/\/oficialnoticias.com\/wp-content\/uploads\/2025\/09\/urlhttps3A2F2Fk2-prod-radio-itatiaia.s3.us-east-1.amazonaws.com2Fbrightspot2Ff32F2b2Fc8376d.webp\" \/>\n\t<meta property=\"og:image:width\" content=\"1200\" \/>\n\t<meta property=\"og:image:height\" content=\"630\" \/>\n\t<meta property=\"og:image:type\" content=\"image\/webp\" \/>\n<meta name=\"author\" content=\"Luana Gon\u00e7alves\" \/>\n<meta name=\"twitter:card\" content=\"summary_large_image\" \/>\n<meta name=\"twitter:label1\" content=\"Escrito por\" \/>\n\t<meta name=\"twitter:data1\" content=\"Luana Gon\u00e7alves\" \/>\n\t<meta name=\"twitter:label2\" content=\"Est. tempo de leitura\" \/>\n\t<meta name=\"twitter:data2\" content=\"6 minutos\" \/>\n<script type=\"application\/ld+json\" class=\"yoast-schema-graph\">{\"@context\":\"https:\\\/\\\/schema.org\",\"@graph\":[{\"@type\":\"Article\",\"@id\":\"https:\\\/\\\/oficialnoticias.com\\\/?p=12133#article\",\"isPartOf\":{\"@id\":\"https:\\\/\\\/oficialnoticias.com\\\/?p=12133\"},\"author\":{\"name\":\"Luana Gon\u00e7alves\",\"@id\":\"https:\\\/\\\/oficialnoticias.com\\\/#\\\/schema\\\/person\\\/2d1dcbb6bfbc28d68171b4dc04723d4a\"},\"headline\":\"Zema faz quase 400 voos oficiais, aumentou o ritmo na campanha e incluiu Arax\u00e1 na rota\",\"datePublished\":\"2025-09-27T15:37:14+00:00\",\"dateModified\":\"2025-09-27T15:37:19+00:00\",\"mainEntityOfPage\":{\"@id\":\"https:\\\/\\\/oficialnoticias.com\\\/?p=12133\"},\"wordCount\":1223,\"commentCount\":0,\"publisher\":{\"@id\":\"https:\\\/\\\/oficialnoticias.com\\\/#organization\"},\"image\":{\"@id\":\"https:\\\/\\\/oficialnoticias.com\\\/?p=12133#primaryimage\"},\"thumbnailUrl\":\"https:\\\/\\\/oficialnoticias.com\\\/wp-content\\\/uploads\\\/2025\\\/09\\\/urlhttps3A2F2Fk2-prod-radio-itatiaia.s3.us-east-1.amazonaws.com2Fbrightspot2Ff32F2b2Fc8376d.webp\",\"articleSection\":[\"Politica\"],\"inLanguage\":\"pt-BR\",\"potentialAction\":[{\"@type\":\"CommentAction\",\"name\":\"Comment\",\"target\":[\"https:\\\/\\\/oficialnoticias.com\\\/?p=12133#respond\"]}]},{\"@type\":\"WebPage\",\"@id\":\"https:\\\/\\\/oficialnoticias.com\\\/?p=12133\",\"url\":\"https:\\\/\\\/oficialnoticias.com\\\/?p=12133\",\"name\":\"Zema faz quase 400 voos oficiais, aumentou o ritmo na campanha e incluiu Arax\u00e1 na rota -\",\"isPartOf\":{\"@id\":\"https:\\\/\\\/oficialnoticias.com\\\/#website\"},\"primaryImageOfPage\":{\"@id\":\"https:\\\/\\\/oficialnoticias.com\\\/?p=12133#primaryimage\"},\"image\":{\"@id\":\"https:\\\/\\\/oficialnoticias.com\\\/?p=12133#primaryimage\"},\"thumbnailUrl\":\"https:\\\/\\\/oficialnoticias.com\\\/wp-content\\\/uploads\\\/2025\\\/09\\\/urlhttps3A2F2Fk2-prod-radio-itatiaia.s3.us-east-1.amazonaws.com2Fbrightspot2Ff32F2b2Fc8376d.webp\",\"datePublished\":\"2025-09-27T15:37:14+00:00\",\"dateModified\":\"2025-09-27T15:37:19+00:00\",\"breadcrumb\":{\"@id\":\"https:\\\/\\\/oficialnoticias.com\\\/?p=12133#breadcrumb\"},\"inLanguage\":\"pt-BR\",\"potentialAction\":[{\"@type\":\"ReadAction\",\"target\":[\"https:\\\/\\\/oficialnoticias.com\\\/?p=12133\"]}]},{\"@type\":\"ImageObject\",\"inLanguage\":\"pt-BR\",\"@id\":\"https:\\\/\\\/oficialnoticias.com\\\/?p=12133#primaryimage\",\"url\":\"https:\\\/\\\/oficialnoticias.com\\\/wp-content\\\/uploads\\\/2025\\\/09\\\/urlhttps3A2F2Fk2-prod-radio-itatiaia.s3.us-east-1.amazonaws.com2Fbrightspot2Ff32F2b2Fc8376d.webp\",\"contentUrl\":\"https:\\\/\\\/oficialnoticias.com\\\/wp-content\\\/uploads\\\/2025\\\/09\\\/urlhttps3A2F2Fk2-prod-radio-itatiaia.s3.us-east-1.amazonaws.com2Fbrightspot2Ff32F2b2Fc8376d.webp\",\"width\":1200,\"height\":630},{\"@type\":\"BreadcrumbList\",\"@id\":\"https:\\\/\\\/oficialnoticias.com\\\/?p=12133#breadcrumb\",\"itemListElement\":[{\"@type\":\"ListItem\",\"position\":1,\"name\":\"In\u00edcio\",\"item\":\"https:\\\/\\\/oficialnoticias.com\\\/\"},{\"@type\":\"ListItem\",\"position\":2,\"name\":\"Zema faz quase 400 voos oficiais, aumentou o ritmo na campanha e incluiu Arax\u00e1 na rota\"}]},{\"@type\":\"WebSite\",\"@id\":\"https:\\\/\\\/oficialnoticias.com\\\/#website\",\"url\":\"https:\\\/\\\/oficialnoticias.com\\\/\",\"name\":\"oficial Noticias\",\"description\":\"\",\"publisher\":{\"@id\":\"https:\\\/\\\/oficialnoticias.com\\\/#organization\"},\"potentialAction\":[{\"@type\":\"SearchAction\",\"target\":{\"@type\":\"EntryPoint\",\"urlTemplate\":\"https:\\\/\\\/oficialnoticias.com\\\/?s={search_term_string}\"},\"query-input\":{\"@type\":\"PropertyValueSpecification\",\"valueRequired\":true,\"valueName\":\"search_term_string\"}}],\"inLanguage\":\"pt-BR\"},{\"@type\":\"Organization\",\"@id\":\"https:\\\/\\\/oficialnoticias.com\\\/#organization\",\"name\":\"oficial noticias\",\"url\":\"https:\\\/\\\/oficialnoticias.com\\\/\",\"logo\":{\"@type\":\"ImageObject\",\"inLanguage\":\"pt-BR\",\"@id\":\"https:\\\/\\\/oficialnoticias.com\\\/#\\\/schema\\\/logo\\\/image\\\/\",\"url\":\"https:\\\/\\\/oficialnoticias.com\\\/wp-content\\\/uploads\\\/2025\\\/08\\\/cropped-cropped-cropped-Logo-Noticias-e1753639739829.png\",\"contentUrl\":\"https:\\\/\\\/oficialnoticias.com\\\/wp-content\\\/uploads\\\/2025\\\/08\\\/cropped-cropped-cropped-Logo-Noticias-e1753639739829.png\",\"width\":119,\"height\":86,\"caption\":\"oficial noticias\"},\"image\":{\"@id\":\"https:\\\/\\\/oficialnoticias.com\\\/#\\\/schema\\\/logo\\\/image\\\/\"}},{\"@type\":\"Person\",\"@id\":\"https:\\\/\\\/oficialnoticias.com\\\/#\\\/schema\\\/person\\\/2d1dcbb6bfbc28d68171b4dc04723d4a\",\"name\":\"Luana Gon\u00e7alves\",\"image\":{\"@type\":\"ImageObject\",\"inLanguage\":\"pt-BR\",\"@id\":\"https:\\\/\\\/secure.gravatar.com\\\/avatar\\\/7aa6afdef873224c1a0265951f3fdfc0679f65dfbd15f018612595d323c52521?s=96&d=mm&r=g\",\"url\":\"https:\\\/\\\/secure.gravatar.com\\\/avatar\\\/7aa6afdef873224c1a0265951f3fdfc0679f65dfbd15f018612595d323c52521?s=96&d=mm&r=g\",\"contentUrl\":\"https:\\\/\\\/secure.gravatar.com\\\/avatar\\\/7aa6afdef873224c1a0265951f3fdfc0679f65dfbd15f018612595d323c52521?s=96&d=mm&r=g\",\"caption\":\"Luana Gon\u00e7alves\"},\"sameAs\":[\"https:\\\/\\\/oficialnoticias.com\\\/\"],\"url\":\"https:\\\/\\\/oficialnoticias.com\\\/?author=2\"}]}<\/script>\n<!-- \/ Yoast SEO plugin. -->","yoast_head_json":{"title":"Zema faz quase 400 voos oficiais, aumentou o ritmo na campanha e incluiu Arax\u00e1 na rota -","robots":{"index":"index","follow":"follow","max-snippet":"max-snippet:-1","max-image-preview":"max-image-preview:large","max-video-preview":"max-video-preview:-1"},"canonical":"https:\/\/oficialnoticias.com\/?p=12133","og_locale":"pt_BR","og_type":"article","og_title":"Zema faz quase 400 voos oficiais, aumentou o ritmo na campanha e incluiu Arax\u00e1 na rota -","og_description":"Reeleito em 2022 ainda no primeiro turno, Romeu Zema (Novo) j\u00e1 fez 382 voos em aeronaves do estado em seu novo mandato. O uso de avi\u00f5es e helic\u00f3pteros faz parte das prerrogativas do cargo, mas a pr\u00e1tica j\u00e1 foi muito atacada pelo governador mineiro. Levantamento feito pela Itatiaia mostra ainda como a frequ\u00eancia das viagens...","og_url":"https:\/\/oficialnoticias.com\/?p=12133","article_published_time":"2025-09-27T15:37:14+00:00","article_modified_time":"2025-09-27T15:37:19+00:00","og_image":[{"width":1200,"height":630,"url":"https:\/\/oficialnoticias.com\/wp-content\/uploads\/2025\/09\/urlhttps3A2F2Fk2-prod-radio-itatiaia.s3.us-east-1.amazonaws.com2Fbrightspot2Ff32F2b2Fc8376d.webp","type":"image\/webp"}],"author":"Luana Gon\u00e7alves","twitter_card":"summary_large_image","twitter_misc":{"Escrito por":"Luana Gon\u00e7alves","Est. tempo de leitura":"6 minutos"},"schema":{"@context":"https:\/\/schema.org","@graph":[{"@type":"Article","@id":"https:\/\/oficialnoticias.com\/?p=12133#article","isPartOf":{"@id":"https:\/\/oficialnoticias.com\/?p=12133"},"author":{"name":"Luana Gon\u00e7alves","@id":"https:\/\/oficialnoticias.com\/#\/schema\/person\/2d1dcbb6bfbc28d68171b4dc04723d4a"},"headline":"Zema faz quase 400 voos oficiais, aumentou o ritmo na campanha e incluiu Arax\u00e1 na rota","datePublished":"2025-09-27T15:37:14+00:00","dateModified":"2025-09-27T15:37:19+00:00","mainEntityOfPage":{"@id":"https:\/\/oficialnoticias.com\/?p=12133"},"wordCount":1223,"commentCount":0,"publisher":{"@id":"https:\/\/oficialnoticias.com\/#organization"},"image":{"@id":"https:\/\/oficialnoticias.com\/?p=12133#primaryimage"},"thumbnailUrl":"https:\/\/oficialnoticias.com\/wp-content\/uploads\/2025\/09\/urlhttps3A2F2Fk2-prod-radio-itatiaia.s3.us-east-1.amazonaws.com2Fbrightspot2Ff32F2b2Fc8376d.webp","articleSection":["Politica"],"inLanguage":"pt-BR","potentialAction":[{"@type":"CommentAction","name":"Comment","target":["https:\/\/oficialnoticias.com\/?p=12133#respond"]}]},{"@type":"WebPage","@id":"https:\/\/oficialnoticias.com\/?p=12133","url":"https:\/\/oficialnoticias.com\/?p=12133","name":"Zema faz quase 400 voos oficiais, aumentou o ritmo na campanha e incluiu Arax\u00e1 na rota -","isPartOf":{"@id":"https:\/\/oficialnoticias.com\/#website"},"primaryImageOfPage":{"@id":"https:\/\/oficialnoticias.com\/?p=12133#primaryimage"},"image":{"@id":"https:\/\/oficialnoticias.com\/?p=12133#primaryimage"},"thumbnailUrl":"https:\/\/oficialnoticias.com\/wp-content\/uploads\/2025\/09\/urlhttps3A2F2Fk2-prod-radio-itatiaia.s3.us-east-1.amazonaws.com2Fbrightspot2Ff32F2b2Fc8376d.webp","datePublished":"2025-09-27T15:37:14+00:00","dateModified":"2025-09-27T15:37:19+00:00","breadcrumb":{"@id":"https:\/\/oficialnoticias.com\/?p=12133#breadcrumb"},"inLanguage":"pt-BR","potentialAction":[{"@type":"ReadAction","target":["https:\/\/oficialnoticias.com\/?p=12133"]}]},{"@type":"ImageObject","inLanguage":"pt-BR","@id":"https:\/\/oficialnoticias.com\/?p=12133#primaryimage","url":"https:\/\/oficialnoticias.com\/wp-content\/uploads\/2025\/09\/urlhttps3A2F2Fk2-prod-radio-itatiaia.s3.us-east-1.amazonaws.com2Fbrightspot2Ff32F2b2Fc8376d.webp","contentUrl":"https:\/\/oficialnoticias.com\/wp-content\/uploads\/2025\/09\/urlhttps3A2F2Fk2-prod-radio-itatiaia.s3.us-east-1.amazonaws.com2Fbrightspot2Ff32F2b2Fc8376d.webp","width":1200,"height":630},{"@type":"BreadcrumbList","@id":"https:\/\/oficialnoticias.com\/?p=12133#breadcrumb","itemListElement":[{"@type":"ListItem","position":1,"name":"In\u00edcio","item":"https:\/\/oficialnoticias.com\/"},{"@type":"ListItem","position":2,"name":"Zema faz quase 400 voos oficiais, aumentou o ritmo na campanha e incluiu Arax\u00e1 na rota"}]},{"@type":"WebSite","@id":"https:\/\/oficialnoticias.com\/#website","url":"https:\/\/oficialnoticias.com\/","name":"oficial Noticias","description":"","publisher":{"@id":"https:\/\/oficialnoticias.com\/#organization"},"potentialAction":[{"@type":"SearchAction","target":{"@type":"EntryPoint","urlTemplate":"https:\/\/oficialnoticias.com\/?s={search_term_string}"},"query-input":{"@type":"PropertyValueSpecification","valueRequired":true,"valueName":"search_term_string"}}],"inLanguage":"pt-BR"},{"@type":"Organization","@id":"https:\/\/oficialnoticias.com\/#organization","name":"oficial noticias","url":"https:\/\/oficialnoticias.com\/","logo":{"@type":"ImageObject","inLanguage":"pt-BR","@id":"https:\/\/oficialnoticias.com\/#\/schema\/logo\/image\/","url":"https:\/\/oficialnoticias.com\/wp-content\/uploads\/2025\/08\/cropped-cropped-cropped-Logo-Noticias-e1753639739829.png","contentUrl":"https:\/\/oficialnoticias.com\/wp-content\/uploads\/2025\/08\/cropped-cropped-cropped-Logo-Noticias-e1753639739829.png","width":119,"height":86,"caption":"oficial noticias"},"image":{"@id":"https:\/\/oficialnoticias.com\/#\/schema\/logo\/image\/"}},{"@type":"Person","@id":"https:\/\/oficialnoticias.com\/#\/schema\/person\/2d1dcbb6bfbc28d68171b4dc04723d4a","name":"Luana Gon\u00e7alves","image":{"@type":"ImageObject","inLanguage":"pt-BR","@id":"https:\/\/secure.gravatar.com\/avatar\/7aa6afdef873224c1a0265951f3fdfc0679f65dfbd15f018612595d323c52521?s=96&d=mm&r=g","url":"https:\/\/secure.gravatar.com\/avatar\/7aa6afdef873224c1a0265951f3fdfc0679f65dfbd15f018612595d323c52521?s=96&d=mm&r=g","contentUrl":"https:\/\/secure.gravatar.com\/avatar\/7aa6afdef873224c1a0265951f3fdfc0679f65dfbd15f018612595d323c52521?s=96&d=mm&r=g","caption":"Luana Gon\u00e7alves"},"sameAs":["https:\/\/oficialnoticias.com\/"],"url":"https:\/\/oficialnoticias.com\/?author=2"}]}},"_links":{"self":[{"href":"https:\/\/oficialnoticias.com\/index.php?rest_route=\/wp\/v2\/posts\/12133","targetHints":{"allow":["GET"]}}],"collection":[{"href":"https:\/\/oficialnoticias.com\/index.php?rest_route=\/wp\/v2\/posts"}],"about":[{"href":"https:\/\/oficialnoticias.com\/index.php?rest_route=\/wp\/v2\/types\/post"}],"author":[{"embeddable":true,"href":"https:\/\/oficialnoticias.com\/index.php?rest_route=\/wp\/v2\/users\/2"}],"replies":[{"embeddable":true,"href":"https:\/\/oficialnoticias.com\/index.php?rest_route=%2Fwp%2Fv2%2Fcomments&post=12133"}],"version-history":[{"count":1,"href":"https:\/\/oficialnoticias.com\/index.php?rest_route=\/wp\/v2\/posts\/12133\/revisions"}],"predecessor-version":[{"id":12135,"href":"https:\/\/oficialnoticias.com\/index.php?rest_route=\/wp\/v2\/posts\/12133\/revisions\/12135"}],"wp:featuredmedia":[{"embeddable":true,"href":"https:\/\/oficialnoticias.com\/index.php?rest_route=\/wp\/v2\/media\/12134"}],"wp:attachment":[{"href":"https:\/\/oficialnoticias.com\/index.php?rest_route=%2Fwp%2Fv2%2Fmedia&parent=12133"}],"wp:term":[{"taxonomy":"category","embeddable":true,"href":"https:\/\/oficialnoticias.com\/index.php?rest_route=%2Fwp%2Fv2%2Fcategories&post=12133"},{"taxonomy":"post_tag","embeddable":true,"href":"https:\/\/oficialnoticias.com\/index.php?rest_route=%2Fwp%2Fv2%2Ftags&post=12133"}],"curies":[{"name":"wp","href":"https:\/\/api.w.org\/{rel}","templated":true}]}}