{"id":11896,"date":"2025-09-26T12:01:52","date_gmt":"2025-09-26T15:01:52","guid":{"rendered":"https:\/\/oficialnoticias.com\/?p=11896"},"modified":"2025-09-26T12:01:57","modified_gmt":"2025-09-26T15:01:57","slug":"acordo-de-mariana-lula-da-posse-a-conselho-que-vai-gerir-r-5-bi-em-recursos","status":"publish","type":"post","link":"https:\/\/oficialnoticias.com\/?p=11896","title":{"rendered":"Acordo de Mariana: Lula d\u00e1 posse a conselho que vai gerir R$ 5 bi em recursos"},"content":{"rendered":"<p><\/p>\n<div>\n<p>O presidente <b>Luiz In\u00e1cio Lula da Silva (PT)<\/b> participa nesta sexta-feira (26) da posse do Conselho Federal de Participa\u00e7\u00e3o Social da Bacia do Rio Doce e Litoral Norte Capixaba (CFPS Rio Doce), \u00f3rg\u00e3o que ser\u00e1 respons\u00e1vel por monitorar a aplica\u00e7\u00e3o dos recursos previstos <bsp-link-enhancement><br \/>\n    <span class=\"LinkEnhancement\"><a class=\"Link\" href=\"https:\/\/www.itatiaia.com.br\/politica\/2024\/10\/25\/acordo-de-mariana-saiba-valores-das-indenizacoes-e-obras-previstas-na-nova-repactuacao\" target=\"_blank\" title=\"no novo acordo para reparar os danos causados pelo rompimento da barragem de Mariana\" rel=\"noopener\">no novo acordo para reparar os danos causados pelo rompimento da barragem de Mariana<\/a><\/span><\/bsp-link-enhancement>.<\/p>\n<p>Conforme estabelecido em portaria da Secretaria-Geral da Presid\u00eancia, o CFPS Rio Doc ser\u00e1 formado por 36 integrantes da sociedade civil, que ter\u00e3o mandatos de dois anos, e representantes do governo e ter\u00e1 poder deliberativo sobre o Fundo Popular de R$ 5 bilh\u00f5es destinados aos projetos das comunidades atingidas.<\/p>\n<p>No evento, que ser\u00e1 realizado no Pal\u00e1cio do Planalto, tamb\u00e9m ser\u00e3o anunciados R$ 1,6 bilh\u00e3o em investimentos na \u00e1rea da sa\u00fade em 38 munic\u00edpios mineiros e 10 capixabas, como a constru\u00e7\u00e3o e reforma de Unidades B\u00e1sicas de Sa\u00fade (UBS), Unidades de Pronto Atendimento (UPAs), Centros de Aten\u00e7\u00e3o Psicossocial (CAPS), policl\u00ednicas e hospitais. A <bsp-link-enhancement><br \/>\n    <span class=\"LinkEnhancement\"><a class=\"Link\" href=\"https:\/\/www.itatiaia.com.br\/colunas\/edilene-lopes\/acordo-de-mariana-recursos-para-a-saude-serao-liberados-na-proxima-semana\" target=\"_blank\" title=\"informa\u00e7\u00e3o foi antecipada pela &lt;b&gt;Itatiaia&lt;\/b&gt;\" rel=\"noopener\">informa\u00e7\u00e3o foi antecipada pela <b>Itatiaia<\/b><\/a><\/span><\/bsp-link-enhancement>.<\/p>\n<p><bsp-list-loadmore class=\"PageListStandardG\" data-module=\"\" data-show-loadmore=\"true\" data-list-title-size=\"3\" data-list-description-size=\"3\"><\/p>\n<p>    <a class=\"AnchorLink\" title=\"leia-tambem\" name=\"leia-tambem\"\/><\/p>\n<p><\/bsp-list-loadmore><\/p>\n<p>Por meio do Minist\u00e9rio da Sa\u00fade, ser\u00e3o investidos R$ 745 milh\u00f5es na constru\u00e7\u00e3o de tr\u00eas unidades de refer\u00eancia no atendimento de pessoas expostas a subst\u00e2ncias t\u00f3xicas, nas cidades mineiras de Mariana e Governador Valadares e o outro no Esp\u00edrito Santo.<\/p>\n<p>Em Valadares, tamb\u00e9m ser\u00e1 implantado o Centro de Refer\u00eancia das \u00c1guas, respons\u00e1vel pela vigil\u00e2ncia e monitoramento permanente de toda a Bacia do Rio Doce. Segundo o governo, o local ser\u00e1 equipado para detectar, analisar e responder a riscos relacionados \u00e0 qualidade da \u00e1gua para consumo humano, em parceria com a Universidade Federal de Juiz de Fora (UFJF), o Instituto Federal de Minas Gerais (IFMG) e a Univale.<\/p>\n<p>Os recursos tamb\u00e9m ser\u00e3o destinados \u00e0 constru\u00e7\u00e3o do Hospital-Dia de Santana do Para\u00edso, que ser\u00e1 equipada para pequenas cirurgias e exames, e de um Hospital Universit\u00e1rio em Mariana, onde h\u00e1 um campus da Universidade Federal de Ouro Preto (UFOP).<\/p>\n<\/p><\/div>\n<p><script>\n  window.fbAsyncInit = function() {\n      FB.init({\n              appId : '1447052969554341',\n          xfbml : true,\n          version : 'v2.9'\n      });\n  };\n  (function(d, s, id){\n     var js, fjs = d.getElementsByTagName(s)[0];\n     if (d.getElementById(id)) {return;}\n     js = d.createElement(s); js.id = id;\n     js.src = \"https:\/\/connect.facebook.net\/en_US\/sdk.js\";\n     fjs.parentNode.insertBefore(js, fjs);\n   }(document, 'script', 'facebook-jssdk'));\n<\/script><\/p>\n","protected":false},"excerpt":{"rendered":"<p>O presidente Luiz In\u00e1cio Lula da Silva (PT) participa nesta sexta-feira (26) da posse do Conselho Federal de Participa\u00e7\u00e3o Social da Bacia do Rio Doce e Litoral Norte Capixaba (CFPS Rio Doce), \u00f3rg\u00e3o que ser\u00e1 respons\u00e1vel por monitorar a aplica\u00e7\u00e3o dos recursos previstos no novo acordo para reparar os danos causados pelo rompimento da barragem&#8230;<\/p>\n","protected":false},"author":2,"featured_media":11897,"comment_status":"open","ping_status":"open","sticky":false,"template":"","format":"standard","meta":{"footnotes":""},"categories":[24],"tags":[],"class_list":["post-11896","post","type-post","status-publish","format-standard","has-post-thumbnail","hentry","category-politica"],"yoast_head":"<!-- This site is optimized with the Yoast SEO plugin v27.3 - https:\/\/yoast.com\/product\/yoast-seo-wordpress\/ -->\n<title>Acordo de Mariana: Lula d\u00e1 posse a conselho que vai gerir R$ 5 bi em recursos -<\/title>\n<meta name=\"robots\" content=\"index, follow, max-snippet:-1, max-image-preview:large, max-video-preview:-1\" \/>\n<link rel=\"canonical\" href=\"https:\/\/oficialnoticias.com\/?p=11896\" \/>\n<meta property=\"og:locale\" content=\"pt_BR\" \/>\n<meta property=\"og:type\" content=\"article\" \/>\n<meta property=\"og:title\" content=\"Acordo de Mariana: Lula d\u00e1 posse a conselho que vai gerir R$ 5 bi em recursos -\" \/>\n<meta property=\"og:description\" content=\"O presidente Luiz In\u00e1cio Lula da Silva (PT) participa nesta sexta-feira (26) da posse do Conselho Federal de Participa\u00e7\u00e3o Social da Bacia do Rio Doce e Litoral Norte Capixaba (CFPS Rio Doce), \u00f3rg\u00e3o que ser\u00e1 respons\u00e1vel por monitorar a aplica\u00e7\u00e3o dos recursos previstos no novo acordo para reparar os danos causados pelo rompimento da barragem...\" \/>\n<meta property=\"og:url\" content=\"https:\/\/oficialnoticias.com\/?p=11896\" \/>\n<meta property=\"article:published_time\" content=\"2025-09-26T15:01:52+00:00\" \/>\n<meta property=\"article:modified_time\" content=\"2025-09-26T15:01:57+00:00\" \/>\n<meta property=\"og:image\" content=\"https:\/\/oficialnoticias.com\/wp-content\/uploads\/2025\/09\/urlhttps3A2F2Fk2-prod-radio-itatiaia.s3.us-east-1.amazonaws.com2Fbrightspot2F992F3b2Fc6a44a.webp\" \/>\n\t<meta property=\"og:image:width\" content=\"1200\" \/>\n\t<meta property=\"og:image:height\" content=\"630\" \/>\n\t<meta property=\"og:image:type\" content=\"image\/webp\" \/>\n<meta name=\"author\" content=\"Luana Gon\u00e7alves\" \/>\n<meta name=\"twitter:card\" content=\"summary_large_image\" \/>\n<meta name=\"twitter:label1\" content=\"Escrito por\" \/>\n\t<meta name=\"twitter:data1\" content=\"Luana Gon\u00e7alves\" \/>\n\t<meta name=\"twitter:label2\" content=\"Est. tempo de leitura\" \/>\n\t<meta name=\"twitter:data2\" content=\"2 minutos\" \/>\n<script type=\"application\/ld+json\" class=\"yoast-schema-graph\">{\"@context\":\"https:\\\/\\\/schema.org\",\"@graph\":[{\"@type\":\"Article\",\"@id\":\"https:\\\/\\\/oficialnoticias.com\\\/?p=11896#article\",\"isPartOf\":{\"@id\":\"https:\\\/\\\/oficialnoticias.com\\\/?p=11896\"},\"author\":{\"name\":\"Luana Gon\u00e7alves\",\"@id\":\"https:\\\/\\\/oficialnoticias.com\\\/#\\\/schema\\\/person\\\/2d1dcbb6bfbc28d68171b4dc04723d4a\"},\"headline\":\"Acordo de Mariana: Lula d\u00e1 posse a conselho que vai gerir R$ 5 bi em recursos\",\"datePublished\":\"2025-09-26T15:01:52+00:00\",\"dateModified\":\"2025-09-26T15:01:57+00:00\",\"mainEntityOfPage\":{\"@id\":\"https:\\\/\\\/oficialnoticias.com\\\/?p=11896\"},\"wordCount\":354,\"commentCount\":0,\"publisher\":{\"@id\":\"https:\\\/\\\/oficialnoticias.com\\\/#organization\"},\"image\":{\"@id\":\"https:\\\/\\\/oficialnoticias.com\\\/?p=11896#primaryimage\"},\"thumbnailUrl\":\"https:\\\/\\\/oficialnoticias.com\\\/wp-content\\\/uploads\\\/2025\\\/09\\\/urlhttps3A2F2Fk2-prod-radio-itatiaia.s3.us-east-1.amazonaws.com2Fbrightspot2F992F3b2Fc6a44a.webp\",\"articleSection\":[\"Politica\"],\"inLanguage\":\"pt-BR\",\"potentialAction\":[{\"@type\":\"CommentAction\",\"name\":\"Comment\",\"target\":[\"https:\\\/\\\/oficialnoticias.com\\\/?p=11896#respond\"]}]},{\"@type\":\"WebPage\",\"@id\":\"https:\\\/\\\/oficialnoticias.com\\\/?p=11896\",\"url\":\"https:\\\/\\\/oficialnoticias.com\\\/?p=11896\",\"name\":\"Acordo de Mariana: Lula d\u00e1 posse a conselho que vai gerir R$ 5 bi em recursos -\",\"isPartOf\":{\"@id\":\"https:\\\/\\\/oficialnoticias.com\\\/#website\"},\"primaryImageOfPage\":{\"@id\":\"https:\\\/\\\/oficialnoticias.com\\\/?p=11896#primaryimage\"},\"image\":{\"@id\":\"https:\\\/\\\/oficialnoticias.com\\\/?p=11896#primaryimage\"},\"thumbnailUrl\":\"https:\\\/\\\/oficialnoticias.com\\\/wp-content\\\/uploads\\\/2025\\\/09\\\/urlhttps3A2F2Fk2-prod-radio-itatiaia.s3.us-east-1.amazonaws.com2Fbrightspot2F992F3b2Fc6a44a.webp\",\"datePublished\":\"2025-09-26T15:01:52+00:00\",\"dateModified\":\"2025-09-26T15:01:57+00:00\",\"breadcrumb\":{\"@id\":\"https:\\\/\\\/oficialnoticias.com\\\/?p=11896#breadcrumb\"},\"inLanguage\":\"pt-BR\",\"potentialAction\":[{\"@type\":\"ReadAction\",\"target\":[\"https:\\\/\\\/oficialnoticias.com\\\/?p=11896\"]}]},{\"@type\":\"ImageObject\",\"inLanguage\":\"pt-BR\",\"@id\":\"https:\\\/\\\/oficialnoticias.com\\\/?p=11896#primaryimage\",\"url\":\"https:\\\/\\\/oficialnoticias.com\\\/wp-content\\\/uploads\\\/2025\\\/09\\\/urlhttps3A2F2Fk2-prod-radio-itatiaia.s3.us-east-1.amazonaws.com2Fbrightspot2F992F3b2Fc6a44a.webp\",\"contentUrl\":\"https:\\\/\\\/oficialnoticias.com\\\/wp-content\\\/uploads\\\/2025\\\/09\\\/urlhttps3A2F2Fk2-prod-radio-itatiaia.s3.us-east-1.amazonaws.com2Fbrightspot2F992F3b2Fc6a44a.webp\",\"width\":1200,\"height\":630},{\"@type\":\"BreadcrumbList\",\"@id\":\"https:\\\/\\\/oficialnoticias.com\\\/?p=11896#breadcrumb\",\"itemListElement\":[{\"@type\":\"ListItem\",\"position\":1,\"name\":\"In\u00edcio\",\"item\":\"https:\\\/\\\/oficialnoticias.com\\\/\"},{\"@type\":\"ListItem\",\"position\":2,\"name\":\"Acordo de Mariana: Lula d\u00e1 posse a conselho que vai gerir R$ 5 bi em recursos\"}]},{\"@type\":\"WebSite\",\"@id\":\"https:\\\/\\\/oficialnoticias.com\\\/#website\",\"url\":\"https:\\\/\\\/oficialnoticias.com\\\/\",\"name\":\"oficial Noticias\",\"description\":\"\",\"publisher\":{\"@id\":\"https:\\\/\\\/oficialnoticias.com\\\/#organization\"},\"potentialAction\":[{\"@type\":\"SearchAction\",\"target\":{\"@type\":\"EntryPoint\",\"urlTemplate\":\"https:\\\/\\\/oficialnoticias.com\\\/?s={search_term_string}\"},\"query-input\":{\"@type\":\"PropertyValueSpecification\",\"valueRequired\":true,\"valueName\":\"search_term_string\"}}],\"inLanguage\":\"pt-BR\"},{\"@type\":\"Organization\",\"@id\":\"https:\\\/\\\/oficialnoticias.com\\\/#organization\",\"name\":\"oficial noticias\",\"url\":\"https:\\\/\\\/oficialnoticias.com\\\/\",\"logo\":{\"@type\":\"ImageObject\",\"inLanguage\":\"pt-BR\",\"@id\":\"https:\\\/\\\/oficialnoticias.com\\\/#\\\/schema\\\/logo\\\/image\\\/\",\"url\":\"https:\\\/\\\/oficialnoticias.com\\\/wp-content\\\/uploads\\\/2025\\\/08\\\/cropped-cropped-cropped-Logo-Noticias-e1753639739829.png\",\"contentUrl\":\"https:\\\/\\\/oficialnoticias.com\\\/wp-content\\\/uploads\\\/2025\\\/08\\\/cropped-cropped-cropped-Logo-Noticias-e1753639739829.png\",\"width\":119,\"height\":86,\"caption\":\"oficial noticias\"},\"image\":{\"@id\":\"https:\\\/\\\/oficialnoticias.com\\\/#\\\/schema\\\/logo\\\/image\\\/\"}},{\"@type\":\"Person\",\"@id\":\"https:\\\/\\\/oficialnoticias.com\\\/#\\\/schema\\\/person\\\/2d1dcbb6bfbc28d68171b4dc04723d4a\",\"name\":\"Luana Gon\u00e7alves\",\"image\":{\"@type\":\"ImageObject\",\"inLanguage\":\"pt-BR\",\"@id\":\"https:\\\/\\\/secure.gravatar.com\\\/avatar\\\/7aa6afdef873224c1a0265951f3fdfc0679f65dfbd15f018612595d323c52521?s=96&d=mm&r=g\",\"url\":\"https:\\\/\\\/secure.gravatar.com\\\/avatar\\\/7aa6afdef873224c1a0265951f3fdfc0679f65dfbd15f018612595d323c52521?s=96&d=mm&r=g\",\"contentUrl\":\"https:\\\/\\\/secure.gravatar.com\\\/avatar\\\/7aa6afdef873224c1a0265951f3fdfc0679f65dfbd15f018612595d323c52521?s=96&d=mm&r=g\",\"caption\":\"Luana Gon\u00e7alves\"},\"sameAs\":[\"https:\\\/\\\/oficialnoticias.com\\\/\"],\"url\":\"https:\\\/\\\/oficialnoticias.com\\\/?author=2\"}]}<\/script>\n<!-- \/ Yoast SEO plugin. -->","yoast_head_json":{"title":"Acordo de Mariana: Lula d\u00e1 posse a conselho que vai gerir R$ 5 bi em recursos -","robots":{"index":"index","follow":"follow","max-snippet":"max-snippet:-1","max-image-preview":"max-image-preview:large","max-video-preview":"max-video-preview:-1"},"canonical":"https:\/\/oficialnoticias.com\/?p=11896","og_locale":"pt_BR","og_type":"article","og_title":"Acordo de Mariana: Lula d\u00e1 posse a conselho que vai gerir R$ 5 bi em recursos -","og_description":"O presidente Luiz In\u00e1cio Lula da Silva (PT) participa nesta sexta-feira (26) da posse do Conselho Federal de Participa\u00e7\u00e3o Social da Bacia do Rio Doce e Litoral Norte Capixaba (CFPS Rio Doce), \u00f3rg\u00e3o que ser\u00e1 respons\u00e1vel por monitorar a aplica\u00e7\u00e3o dos recursos previstos no novo acordo para reparar os danos causados pelo rompimento da barragem...","og_url":"https:\/\/oficialnoticias.com\/?p=11896","article_published_time":"2025-09-26T15:01:52+00:00","article_modified_time":"2025-09-26T15:01:57+00:00","og_image":[{"width":1200,"height":630,"url":"https:\/\/oficialnoticias.com\/wp-content\/uploads\/2025\/09\/urlhttps3A2F2Fk2-prod-radio-itatiaia.s3.us-east-1.amazonaws.com2Fbrightspot2F992F3b2Fc6a44a.webp","type":"image\/webp"}],"author":"Luana Gon\u00e7alves","twitter_card":"summary_large_image","twitter_misc":{"Escrito por":"Luana Gon\u00e7alves","Est. tempo de leitura":"2 minutos"},"schema":{"@context":"https:\/\/schema.org","@graph":[{"@type":"Article","@id":"https:\/\/oficialnoticias.com\/?p=11896#article","isPartOf":{"@id":"https:\/\/oficialnoticias.com\/?p=11896"},"author":{"name":"Luana Gon\u00e7alves","@id":"https:\/\/oficialnoticias.com\/#\/schema\/person\/2d1dcbb6bfbc28d68171b4dc04723d4a"},"headline":"Acordo de Mariana: Lula d\u00e1 posse a conselho que vai gerir R$ 5 bi em recursos","datePublished":"2025-09-26T15:01:52+00:00","dateModified":"2025-09-26T15:01:57+00:00","mainEntityOfPage":{"@id":"https:\/\/oficialnoticias.com\/?p=11896"},"wordCount":354,"commentCount":0,"publisher":{"@id":"https:\/\/oficialnoticias.com\/#organization"},"image":{"@id":"https:\/\/oficialnoticias.com\/?p=11896#primaryimage"},"thumbnailUrl":"https:\/\/oficialnoticias.com\/wp-content\/uploads\/2025\/09\/urlhttps3A2F2Fk2-prod-radio-itatiaia.s3.us-east-1.amazonaws.com2Fbrightspot2F992F3b2Fc6a44a.webp","articleSection":["Politica"],"inLanguage":"pt-BR","potentialAction":[{"@type":"CommentAction","name":"Comment","target":["https:\/\/oficialnoticias.com\/?p=11896#respond"]}]},{"@type":"WebPage","@id":"https:\/\/oficialnoticias.com\/?p=11896","url":"https:\/\/oficialnoticias.com\/?p=11896","name":"Acordo de Mariana: Lula d\u00e1 posse a conselho que vai gerir R$ 5 bi em recursos -","isPartOf":{"@id":"https:\/\/oficialnoticias.com\/#website"},"primaryImageOfPage":{"@id":"https:\/\/oficialnoticias.com\/?p=11896#primaryimage"},"image":{"@id":"https:\/\/oficialnoticias.com\/?p=11896#primaryimage"},"thumbnailUrl":"https:\/\/oficialnoticias.com\/wp-content\/uploads\/2025\/09\/urlhttps3A2F2Fk2-prod-radio-itatiaia.s3.us-east-1.amazonaws.com2Fbrightspot2F992F3b2Fc6a44a.webp","datePublished":"2025-09-26T15:01:52+00:00","dateModified":"2025-09-26T15:01:57+00:00","breadcrumb":{"@id":"https:\/\/oficialnoticias.com\/?p=11896#breadcrumb"},"inLanguage":"pt-BR","potentialAction":[{"@type":"ReadAction","target":["https:\/\/oficialnoticias.com\/?p=11896"]}]},{"@type":"ImageObject","inLanguage":"pt-BR","@id":"https:\/\/oficialnoticias.com\/?p=11896#primaryimage","url":"https:\/\/oficialnoticias.com\/wp-content\/uploads\/2025\/09\/urlhttps3A2F2Fk2-prod-radio-itatiaia.s3.us-east-1.amazonaws.com2Fbrightspot2F992F3b2Fc6a44a.webp","contentUrl":"https:\/\/oficialnoticias.com\/wp-content\/uploads\/2025\/09\/urlhttps3A2F2Fk2-prod-radio-itatiaia.s3.us-east-1.amazonaws.com2Fbrightspot2F992F3b2Fc6a44a.webp","width":1200,"height":630},{"@type":"BreadcrumbList","@id":"https:\/\/oficialnoticias.com\/?p=11896#breadcrumb","itemListElement":[{"@type":"ListItem","position":1,"name":"In\u00edcio","item":"https:\/\/oficialnoticias.com\/"},{"@type":"ListItem","position":2,"name":"Acordo de Mariana: Lula d\u00e1 posse a conselho que vai gerir R$ 5 bi em recursos"}]},{"@type":"WebSite","@id":"https:\/\/oficialnoticias.com\/#website","url":"https:\/\/oficialnoticias.com\/","name":"oficial Noticias","description":"","publisher":{"@id":"https:\/\/oficialnoticias.com\/#organization"},"potentialAction":[{"@type":"SearchAction","target":{"@type":"EntryPoint","urlTemplate":"https:\/\/oficialnoticias.com\/?s={search_term_string}"},"query-input":{"@type":"PropertyValueSpecification","valueRequired":true,"valueName":"search_term_string"}}],"inLanguage":"pt-BR"},{"@type":"Organization","@id":"https:\/\/oficialnoticias.com\/#organization","name":"oficial noticias","url":"https:\/\/oficialnoticias.com\/","logo":{"@type":"ImageObject","inLanguage":"pt-BR","@id":"https:\/\/oficialnoticias.com\/#\/schema\/logo\/image\/","url":"https:\/\/oficialnoticias.com\/wp-content\/uploads\/2025\/08\/cropped-cropped-cropped-Logo-Noticias-e1753639739829.png","contentUrl":"https:\/\/oficialnoticias.com\/wp-content\/uploads\/2025\/08\/cropped-cropped-cropped-Logo-Noticias-e1753639739829.png","width":119,"height":86,"caption":"oficial noticias"},"image":{"@id":"https:\/\/oficialnoticias.com\/#\/schema\/logo\/image\/"}},{"@type":"Person","@id":"https:\/\/oficialnoticias.com\/#\/schema\/person\/2d1dcbb6bfbc28d68171b4dc04723d4a","name":"Luana Gon\u00e7alves","image":{"@type":"ImageObject","inLanguage":"pt-BR","@id":"https:\/\/secure.gravatar.com\/avatar\/7aa6afdef873224c1a0265951f3fdfc0679f65dfbd15f018612595d323c52521?s=96&d=mm&r=g","url":"https:\/\/secure.gravatar.com\/avatar\/7aa6afdef873224c1a0265951f3fdfc0679f65dfbd15f018612595d323c52521?s=96&d=mm&r=g","contentUrl":"https:\/\/secure.gravatar.com\/avatar\/7aa6afdef873224c1a0265951f3fdfc0679f65dfbd15f018612595d323c52521?s=96&d=mm&r=g","caption":"Luana Gon\u00e7alves"},"sameAs":["https:\/\/oficialnoticias.com\/"],"url":"https:\/\/oficialnoticias.com\/?author=2"}]}},"_links":{"self":[{"href":"https:\/\/oficialnoticias.com\/index.php?rest_route=\/wp\/v2\/posts\/11896","targetHints":{"allow":["GET"]}}],"collection":[{"href":"https:\/\/oficialnoticias.com\/index.php?rest_route=\/wp\/v2\/posts"}],"about":[{"href":"https:\/\/oficialnoticias.com\/index.php?rest_route=\/wp\/v2\/types\/post"}],"author":[{"embeddable":true,"href":"https:\/\/oficialnoticias.com\/index.php?rest_route=\/wp\/v2\/users\/2"}],"replies":[{"embeddable":true,"href":"https:\/\/oficialnoticias.com\/index.php?rest_route=%2Fwp%2Fv2%2Fcomments&post=11896"}],"version-history":[{"count":1,"href":"https:\/\/oficialnoticias.com\/index.php?rest_route=\/wp\/v2\/posts\/11896\/revisions"}],"predecessor-version":[{"id":11898,"href":"https:\/\/oficialnoticias.com\/index.php?rest_route=\/wp\/v2\/posts\/11896\/revisions\/11898"}],"wp:featuredmedia":[{"embeddable":true,"href":"https:\/\/oficialnoticias.com\/index.php?rest_route=\/wp\/v2\/media\/11897"}],"wp:attachment":[{"href":"https:\/\/oficialnoticias.com\/index.php?rest_route=%2Fwp%2Fv2%2Fmedia&parent=11896"}],"wp:term":[{"taxonomy":"category","embeddable":true,"href":"https:\/\/oficialnoticias.com\/index.php?rest_route=%2Fwp%2Fv2%2Fcategories&post=11896"},{"taxonomy":"post_tag","embeddable":true,"href":"https:\/\/oficialnoticias.com\/index.php?rest_route=%2Fwp%2Fv2%2Ftags&post=11896"}],"curies":[{"name":"wp","href":"https:\/\/api.w.org\/{rel}","templated":true}]}}