{"id":10836,"date":"2025-09-22T03:28:26","date_gmt":"2025-09-22T06:28:26","guid":{"rendered":"https:\/\/oficialnoticias.com\/?p=10836"},"modified":"2025-09-22T03:28:31","modified_gmt":"2025-09-22T06:28:31","slug":"crespo-crava-resultado-do-sao-paulo-contra-ldu-a-gente-vai-ganhar","status":"publish","type":"post","link":"https:\/\/oficialnoticias.com\/?p=10836","title":{"rendered":"Crespo crava resultado do S\u00e3o Paulo contra LDU: &#8216;A gente vai ganhar&#8217;"},"content":{"rendered":"<p><\/p>\n<div>\n<p>O t\u00e9cnico Hern\u00e1n Crespo est\u00e1 confiante em rela\u00e7\u00e3o ao duelo decisivo do <bsp-link-enhancement><br \/>\n    <span class=\"LinkEnhancement\"><a class=\"Link\" href=\"https:\/\/www.itatiaia.com.br\/esportes\/futebol\/futebol-nacional\/futebol-paulista\/sao-paulo\" title=\"&lt;b&gt;S\u00e3o Paulo&lt;\/b&gt;\"><b>S\u00e3o Paulo<\/b><\/a><\/span><\/bsp-link-enhancement> contra a LDU, pelas quartas de final da Copa Libertadores, e cravou a vit\u00f3ria tricolor. <\/p>\n<p>Mesmo ap\u00f3s a derrota por 1 a 0 para o Santos, na Vila Belmiro, neste domingo (21), o argentino refor\u00e7ou o otimismo para uma virada hist\u00f3rica no confronto desta quinta-feira (25).<\/p>\n<p>\u201cN\u00e3o posso convencer ningu\u00e9m. \u00c9 acreditar ou n\u00e3o. Podem acontecer duas coisas: a gente vai ser eliminado ou passa. Se passa, vai ser hist\u00f3rico, vai ser \u00e9pico. N\u00e3o quero perder a oportunidade de viver uma coisa hist\u00f3rica ou \u00e9pica\u201d, afirmou Crespo.<\/p>\n<div class=\"Enhancement\" data-align-center=\"\">\n<div class=\"Enhancement-item\">\n<div class=\"Quote\" style=\"visibility: hidden;\">\n<div class=\"Quote-content\">\n<blockquote><p>\u201cA gente vai ganhar, a gente vai ganhar. (&#8230;) Quinta ser\u00e1 um jogo mental. Estaremos bem\u201d<\/p><\/blockquote>\n<p>resumiu Hern\u00e1n Crespo<\/p>\n<\/p><\/div>\n<\/p><\/div>\n<\/p><\/div>\n<\/div>\n<p>Contra o Santos, o treinador optou por escalar a equipe com mudan\u00e7as em rela\u00e7\u00e3o ao time titular. Ele explicou que a escala\u00e7\u00e3o n\u00e3o foi definida com foco exclusivo na Libertadores. <\/p>\n<p>\u201cN\u00e3o escolhemos a escala\u00e7\u00e3o para quinta. A ideia \u00e9 jogar bem. A gente se apresentou bem, n\u00e3o foi t\u00e3o preciso no volume, em posse de bola. Mas jogamos com um time que luta contra a zona do rebaixamento, foi um detalhe que o Santos levou o jogo para eles\u201d, disse.<\/p>\n<p>Crespo destacou ainda a import\u00e2ncia de manter a confian\u00e7a no elenco ao revezar o time nos jogos.<\/p>\n<p>\u201cFalei com os jogadores que temos um grupo importante que tem de confiar, como confiamos na vit\u00f3ria do Botafogo. Hoje tamb\u00e9m. Pode fazer bom jogo, talvez n\u00e3o tanto, mas tem de dar confian\u00e7a, essa \u00e9 a ideia. Alguns tinham de jogar mais por n\u00e3o terem sequ\u00eancia\u201d, completou.<\/p>\n<p><bsp-list-loadmore class=\"PageListStandardG\" data-module=\"\" data-show-loadmore=\"true\" data-list-title-size=\"3\" data-list-description-size=\"3\"><\/p>\n<p>    <a class=\"AnchorLink\" title=\"leia-tambem\" name=\"leia-tambem\"\/><\/p>\n<p><\/bsp-list-loadmore><\/p>\n<h2>S\u00e3o Paulo x LDU<\/h2>\n<p>O S\u00e3o Paulo decide vaga nas semifinais da Copa Libertadores nesta quinta-feira (25), no Morumbis, contra a LDU, \u00e0s 19h (de Bras\u00edlia). No jogo de ida, os equatorianos venceram em casa por 2 a 0.<\/p>\n<\/p><\/div>\n<p><script>\n  window.fbAsyncInit = function() {\n      FB.init({\n              appId : '1447052969554341',\n          xfbml : true,\n          version : 'v2.9'\n      });\n  };\n  (function(d, s, id){\n     var js, fjs = d.getElementsByTagName(s)[0];\n     if (d.getElementById(id)) {return;}\n     js = d.createElement(s); js.id = id;\n     js.src = \"https:\/\/connect.facebook.net\/en_US\/sdk.js\";\n     fjs.parentNode.insertBefore(js, fjs);\n   }(document, 'script', 'facebook-jssdk'));\n<\/script><\/p>\n","protected":false},"excerpt":{"rendered":"<p>O t\u00e9cnico Hern\u00e1n Crespo est\u00e1 confiante em rela\u00e7\u00e3o ao duelo decisivo do S\u00e3o Paulo contra a LDU, pelas quartas de final da Copa Libertadores, e cravou a vit\u00f3ria tricolor. Mesmo ap\u00f3s a derrota por 1 a 0 para o Santos, na Vila Belmiro, neste domingo (21), o argentino refor\u00e7ou o otimismo para uma virada hist\u00f3rica&#8230;<\/p>\n","protected":false},"author":2,"featured_media":10837,"comment_status":"open","ping_status":"open","sticky":false,"template":"","format":"standard","meta":{"footnotes":""},"categories":[4],"tags":[],"class_list":["post-10836","post","type-post","status-publish","format-standard","has-post-thumbnail","hentry","category-sports"],"yoast_head":"<!-- This site is optimized with the Yoast SEO plugin v27.3 - https:\/\/yoast.com\/product\/yoast-seo-wordpress\/ -->\n<title>Crespo crava resultado do S\u00e3o Paulo contra LDU: &#039;A gente vai ganhar&#039; -<\/title>\n<meta name=\"robots\" content=\"index, follow, max-snippet:-1, max-image-preview:large, max-video-preview:-1\" \/>\n<link rel=\"canonical\" href=\"https:\/\/oficialnoticias.com\/?p=10836\" \/>\n<meta property=\"og:locale\" content=\"pt_BR\" \/>\n<meta property=\"og:type\" content=\"article\" \/>\n<meta property=\"og:title\" content=\"Crespo crava resultado do S\u00e3o Paulo contra LDU: &#039;A gente vai ganhar&#039; -\" \/>\n<meta property=\"og:description\" content=\"O t\u00e9cnico Hern\u00e1n Crespo est\u00e1 confiante em rela\u00e7\u00e3o ao duelo decisivo do S\u00e3o Paulo contra a LDU, pelas quartas de final da Copa Libertadores, e cravou a vit\u00f3ria tricolor. Mesmo ap\u00f3s a derrota por 1 a 0 para o Santos, na Vila Belmiro, neste domingo (21), o argentino refor\u00e7ou o otimismo para uma virada hist\u00f3rica...\" \/>\n<meta property=\"og:url\" content=\"https:\/\/oficialnoticias.com\/?p=10836\" \/>\n<meta property=\"article:published_time\" content=\"2025-09-22T06:28:26+00:00\" \/>\n<meta property=\"article:modified_time\" content=\"2025-09-22T06:28:31+00:00\" \/>\n<meta property=\"og:image\" content=\"https:\/\/oficialnoticias.com\/wp-content\/uploads\/2025\/09\/urlhttps3A2F2Fk2-prod-radio-itatiaia.s3.us-east-1.amazonaws.com2Fbrightspot2F602Fd82F41e5b1.webp\" \/>\n\t<meta property=\"og:image:width\" content=\"1200\" \/>\n\t<meta property=\"og:image:height\" content=\"630\" \/>\n\t<meta property=\"og:image:type\" content=\"image\/webp\" \/>\n<meta name=\"author\" content=\"Luana Gon\u00e7alves\" \/>\n<meta name=\"twitter:card\" content=\"summary_large_image\" \/>\n<meta name=\"twitter:label1\" content=\"Escrito por\" \/>\n\t<meta name=\"twitter:data1\" content=\"Luana Gon\u00e7alves\" \/>\n\t<meta name=\"twitter:label2\" content=\"Est. tempo de leitura\" \/>\n\t<meta name=\"twitter:data2\" content=\"2 minutos\" \/>\n<script type=\"application\/ld+json\" class=\"yoast-schema-graph\">{\"@context\":\"https:\\\/\\\/schema.org\",\"@graph\":[{\"@type\":\"Article\",\"@id\":\"https:\\\/\\\/oficialnoticias.com\\\/?p=10836#article\",\"isPartOf\":{\"@id\":\"https:\\\/\\\/oficialnoticias.com\\\/?p=10836\"},\"author\":{\"name\":\"Luana Gon\u00e7alves\",\"@id\":\"https:\\\/\\\/oficialnoticias.com\\\/#\\\/schema\\\/person\\\/2d1dcbb6bfbc28d68171b4dc04723d4a\"},\"headline\":\"Crespo crava resultado do S\u00e3o Paulo contra LDU: &#8216;A gente vai ganhar&#8217;\",\"datePublished\":\"2025-09-22T06:28:26+00:00\",\"dateModified\":\"2025-09-22T06:28:31+00:00\",\"mainEntityOfPage\":{\"@id\":\"https:\\\/\\\/oficialnoticias.com\\\/?p=10836\"},\"wordCount\":339,\"commentCount\":0,\"publisher\":{\"@id\":\"https:\\\/\\\/oficialnoticias.com\\\/#organization\"},\"image\":{\"@id\":\"https:\\\/\\\/oficialnoticias.com\\\/?p=10836#primaryimage\"},\"thumbnailUrl\":\"https:\\\/\\\/oficialnoticias.com\\\/wp-content\\\/uploads\\\/2025\\\/09\\\/urlhttps3A2F2Fk2-prod-radio-itatiaia.s3.us-east-1.amazonaws.com2Fbrightspot2F602Fd82F41e5b1.webp\",\"articleSection\":[\"Esporte\"],\"inLanguage\":\"pt-BR\",\"potentialAction\":[{\"@type\":\"CommentAction\",\"name\":\"Comment\",\"target\":[\"https:\\\/\\\/oficialnoticias.com\\\/?p=10836#respond\"]}]},{\"@type\":\"WebPage\",\"@id\":\"https:\\\/\\\/oficialnoticias.com\\\/?p=10836\",\"url\":\"https:\\\/\\\/oficialnoticias.com\\\/?p=10836\",\"name\":\"Crespo crava resultado do S\u00e3o Paulo contra LDU: 'A gente vai ganhar' -\",\"isPartOf\":{\"@id\":\"https:\\\/\\\/oficialnoticias.com\\\/#website\"},\"primaryImageOfPage\":{\"@id\":\"https:\\\/\\\/oficialnoticias.com\\\/?p=10836#primaryimage\"},\"image\":{\"@id\":\"https:\\\/\\\/oficialnoticias.com\\\/?p=10836#primaryimage\"},\"thumbnailUrl\":\"https:\\\/\\\/oficialnoticias.com\\\/wp-content\\\/uploads\\\/2025\\\/09\\\/urlhttps3A2F2Fk2-prod-radio-itatiaia.s3.us-east-1.amazonaws.com2Fbrightspot2F602Fd82F41e5b1.webp\",\"datePublished\":\"2025-09-22T06:28:26+00:00\",\"dateModified\":\"2025-09-22T06:28:31+00:00\",\"breadcrumb\":{\"@id\":\"https:\\\/\\\/oficialnoticias.com\\\/?p=10836#breadcrumb\"},\"inLanguage\":\"pt-BR\",\"potentialAction\":[{\"@type\":\"ReadAction\",\"target\":[\"https:\\\/\\\/oficialnoticias.com\\\/?p=10836\"]}]},{\"@type\":\"ImageObject\",\"inLanguage\":\"pt-BR\",\"@id\":\"https:\\\/\\\/oficialnoticias.com\\\/?p=10836#primaryimage\",\"url\":\"https:\\\/\\\/oficialnoticias.com\\\/wp-content\\\/uploads\\\/2025\\\/09\\\/urlhttps3A2F2Fk2-prod-radio-itatiaia.s3.us-east-1.amazonaws.com2Fbrightspot2F602Fd82F41e5b1.webp\",\"contentUrl\":\"https:\\\/\\\/oficialnoticias.com\\\/wp-content\\\/uploads\\\/2025\\\/09\\\/urlhttps3A2F2Fk2-prod-radio-itatiaia.s3.us-east-1.amazonaws.com2Fbrightspot2F602Fd82F41e5b1.webp\",\"width\":1200,\"height\":630},{\"@type\":\"BreadcrumbList\",\"@id\":\"https:\\\/\\\/oficialnoticias.com\\\/?p=10836#breadcrumb\",\"itemListElement\":[{\"@type\":\"ListItem\",\"position\":1,\"name\":\"In\u00edcio\",\"item\":\"https:\\\/\\\/oficialnoticias.com\\\/\"},{\"@type\":\"ListItem\",\"position\":2,\"name\":\"Crespo crava resultado do S\u00e3o Paulo contra LDU: &#8216;A gente vai ganhar&#8217;\"}]},{\"@type\":\"WebSite\",\"@id\":\"https:\\\/\\\/oficialnoticias.com\\\/#website\",\"url\":\"https:\\\/\\\/oficialnoticias.com\\\/\",\"name\":\"oficial Noticias\",\"description\":\"\",\"publisher\":{\"@id\":\"https:\\\/\\\/oficialnoticias.com\\\/#organization\"},\"potentialAction\":[{\"@type\":\"SearchAction\",\"target\":{\"@type\":\"EntryPoint\",\"urlTemplate\":\"https:\\\/\\\/oficialnoticias.com\\\/?s={search_term_string}\"},\"query-input\":{\"@type\":\"PropertyValueSpecification\",\"valueRequired\":true,\"valueName\":\"search_term_string\"}}],\"inLanguage\":\"pt-BR\"},{\"@type\":\"Organization\",\"@id\":\"https:\\\/\\\/oficialnoticias.com\\\/#organization\",\"name\":\"oficial noticias\",\"url\":\"https:\\\/\\\/oficialnoticias.com\\\/\",\"logo\":{\"@type\":\"ImageObject\",\"inLanguage\":\"pt-BR\",\"@id\":\"https:\\\/\\\/oficialnoticias.com\\\/#\\\/schema\\\/logo\\\/image\\\/\",\"url\":\"https:\\\/\\\/oficialnoticias.com\\\/wp-content\\\/uploads\\\/2025\\\/08\\\/cropped-cropped-cropped-Logo-Noticias-e1753639739829.png\",\"contentUrl\":\"https:\\\/\\\/oficialnoticias.com\\\/wp-content\\\/uploads\\\/2025\\\/08\\\/cropped-cropped-cropped-Logo-Noticias-e1753639739829.png\",\"width\":119,\"height\":86,\"caption\":\"oficial noticias\"},\"image\":{\"@id\":\"https:\\\/\\\/oficialnoticias.com\\\/#\\\/schema\\\/logo\\\/image\\\/\"}},{\"@type\":\"Person\",\"@id\":\"https:\\\/\\\/oficialnoticias.com\\\/#\\\/schema\\\/person\\\/2d1dcbb6bfbc28d68171b4dc04723d4a\",\"name\":\"Luana Gon\u00e7alves\",\"image\":{\"@type\":\"ImageObject\",\"inLanguage\":\"pt-BR\",\"@id\":\"https:\\\/\\\/secure.gravatar.com\\\/avatar\\\/7aa6afdef873224c1a0265951f3fdfc0679f65dfbd15f018612595d323c52521?s=96&d=mm&r=g\",\"url\":\"https:\\\/\\\/secure.gravatar.com\\\/avatar\\\/7aa6afdef873224c1a0265951f3fdfc0679f65dfbd15f018612595d323c52521?s=96&d=mm&r=g\",\"contentUrl\":\"https:\\\/\\\/secure.gravatar.com\\\/avatar\\\/7aa6afdef873224c1a0265951f3fdfc0679f65dfbd15f018612595d323c52521?s=96&d=mm&r=g\",\"caption\":\"Luana Gon\u00e7alves\"},\"sameAs\":[\"https:\\\/\\\/oficialnoticias.com\\\/\"],\"url\":\"https:\\\/\\\/oficialnoticias.com\\\/?author=2\"}]}<\/script>\n<!-- \/ Yoast SEO plugin. -->","yoast_head_json":{"title":"Crespo crava resultado do S\u00e3o Paulo contra LDU: 'A gente vai ganhar' -","robots":{"index":"index","follow":"follow","max-snippet":"max-snippet:-1","max-image-preview":"max-image-preview:large","max-video-preview":"max-video-preview:-1"},"canonical":"https:\/\/oficialnoticias.com\/?p=10836","og_locale":"pt_BR","og_type":"article","og_title":"Crespo crava resultado do S\u00e3o Paulo contra LDU: 'A gente vai ganhar' -","og_description":"O t\u00e9cnico Hern\u00e1n Crespo est\u00e1 confiante em rela\u00e7\u00e3o ao duelo decisivo do S\u00e3o Paulo contra a LDU, pelas quartas de final da Copa Libertadores, e cravou a vit\u00f3ria tricolor. Mesmo ap\u00f3s a derrota por 1 a 0 para o Santos, na Vila Belmiro, neste domingo (21), o argentino refor\u00e7ou o otimismo para uma virada hist\u00f3rica...","og_url":"https:\/\/oficialnoticias.com\/?p=10836","article_published_time":"2025-09-22T06:28:26+00:00","article_modified_time":"2025-09-22T06:28:31+00:00","og_image":[{"width":1200,"height":630,"url":"https:\/\/oficialnoticias.com\/wp-content\/uploads\/2025\/09\/urlhttps3A2F2Fk2-prod-radio-itatiaia.s3.us-east-1.amazonaws.com2Fbrightspot2F602Fd82F41e5b1.webp","type":"image\/webp"}],"author":"Luana Gon\u00e7alves","twitter_card":"summary_large_image","twitter_misc":{"Escrito por":"Luana Gon\u00e7alves","Est. tempo de leitura":"2 minutos"},"schema":{"@context":"https:\/\/schema.org","@graph":[{"@type":"Article","@id":"https:\/\/oficialnoticias.com\/?p=10836#article","isPartOf":{"@id":"https:\/\/oficialnoticias.com\/?p=10836"},"author":{"name":"Luana Gon\u00e7alves","@id":"https:\/\/oficialnoticias.com\/#\/schema\/person\/2d1dcbb6bfbc28d68171b4dc04723d4a"},"headline":"Crespo crava resultado do S\u00e3o Paulo contra LDU: &#8216;A gente vai ganhar&#8217;","datePublished":"2025-09-22T06:28:26+00:00","dateModified":"2025-09-22T06:28:31+00:00","mainEntityOfPage":{"@id":"https:\/\/oficialnoticias.com\/?p=10836"},"wordCount":339,"commentCount":0,"publisher":{"@id":"https:\/\/oficialnoticias.com\/#organization"},"image":{"@id":"https:\/\/oficialnoticias.com\/?p=10836#primaryimage"},"thumbnailUrl":"https:\/\/oficialnoticias.com\/wp-content\/uploads\/2025\/09\/urlhttps3A2F2Fk2-prod-radio-itatiaia.s3.us-east-1.amazonaws.com2Fbrightspot2F602Fd82F41e5b1.webp","articleSection":["Esporte"],"inLanguage":"pt-BR","potentialAction":[{"@type":"CommentAction","name":"Comment","target":["https:\/\/oficialnoticias.com\/?p=10836#respond"]}]},{"@type":"WebPage","@id":"https:\/\/oficialnoticias.com\/?p=10836","url":"https:\/\/oficialnoticias.com\/?p=10836","name":"Crespo crava resultado do S\u00e3o Paulo contra LDU: 'A gente vai ganhar' -","isPartOf":{"@id":"https:\/\/oficialnoticias.com\/#website"},"primaryImageOfPage":{"@id":"https:\/\/oficialnoticias.com\/?p=10836#primaryimage"},"image":{"@id":"https:\/\/oficialnoticias.com\/?p=10836#primaryimage"},"thumbnailUrl":"https:\/\/oficialnoticias.com\/wp-content\/uploads\/2025\/09\/urlhttps3A2F2Fk2-prod-radio-itatiaia.s3.us-east-1.amazonaws.com2Fbrightspot2F602Fd82F41e5b1.webp","datePublished":"2025-09-22T06:28:26+00:00","dateModified":"2025-09-22T06:28:31+00:00","breadcrumb":{"@id":"https:\/\/oficialnoticias.com\/?p=10836#breadcrumb"},"inLanguage":"pt-BR","potentialAction":[{"@type":"ReadAction","target":["https:\/\/oficialnoticias.com\/?p=10836"]}]},{"@type":"ImageObject","inLanguage":"pt-BR","@id":"https:\/\/oficialnoticias.com\/?p=10836#primaryimage","url":"https:\/\/oficialnoticias.com\/wp-content\/uploads\/2025\/09\/urlhttps3A2F2Fk2-prod-radio-itatiaia.s3.us-east-1.amazonaws.com2Fbrightspot2F602Fd82F41e5b1.webp","contentUrl":"https:\/\/oficialnoticias.com\/wp-content\/uploads\/2025\/09\/urlhttps3A2F2Fk2-prod-radio-itatiaia.s3.us-east-1.amazonaws.com2Fbrightspot2F602Fd82F41e5b1.webp","width":1200,"height":630},{"@type":"BreadcrumbList","@id":"https:\/\/oficialnoticias.com\/?p=10836#breadcrumb","itemListElement":[{"@type":"ListItem","position":1,"name":"In\u00edcio","item":"https:\/\/oficialnoticias.com\/"},{"@type":"ListItem","position":2,"name":"Crespo crava resultado do S\u00e3o Paulo contra LDU: &#8216;A gente vai ganhar&#8217;"}]},{"@type":"WebSite","@id":"https:\/\/oficialnoticias.com\/#website","url":"https:\/\/oficialnoticias.com\/","name":"oficial Noticias","description":"","publisher":{"@id":"https:\/\/oficialnoticias.com\/#organization"},"potentialAction":[{"@type":"SearchAction","target":{"@type":"EntryPoint","urlTemplate":"https:\/\/oficialnoticias.com\/?s={search_term_string}"},"query-input":{"@type":"PropertyValueSpecification","valueRequired":true,"valueName":"search_term_string"}}],"inLanguage":"pt-BR"},{"@type":"Organization","@id":"https:\/\/oficialnoticias.com\/#organization","name":"oficial noticias","url":"https:\/\/oficialnoticias.com\/","logo":{"@type":"ImageObject","inLanguage":"pt-BR","@id":"https:\/\/oficialnoticias.com\/#\/schema\/logo\/image\/","url":"https:\/\/oficialnoticias.com\/wp-content\/uploads\/2025\/08\/cropped-cropped-cropped-Logo-Noticias-e1753639739829.png","contentUrl":"https:\/\/oficialnoticias.com\/wp-content\/uploads\/2025\/08\/cropped-cropped-cropped-Logo-Noticias-e1753639739829.png","width":119,"height":86,"caption":"oficial noticias"},"image":{"@id":"https:\/\/oficialnoticias.com\/#\/schema\/logo\/image\/"}},{"@type":"Person","@id":"https:\/\/oficialnoticias.com\/#\/schema\/person\/2d1dcbb6bfbc28d68171b4dc04723d4a","name":"Luana Gon\u00e7alves","image":{"@type":"ImageObject","inLanguage":"pt-BR","@id":"https:\/\/secure.gravatar.com\/avatar\/7aa6afdef873224c1a0265951f3fdfc0679f65dfbd15f018612595d323c52521?s=96&d=mm&r=g","url":"https:\/\/secure.gravatar.com\/avatar\/7aa6afdef873224c1a0265951f3fdfc0679f65dfbd15f018612595d323c52521?s=96&d=mm&r=g","contentUrl":"https:\/\/secure.gravatar.com\/avatar\/7aa6afdef873224c1a0265951f3fdfc0679f65dfbd15f018612595d323c52521?s=96&d=mm&r=g","caption":"Luana Gon\u00e7alves"},"sameAs":["https:\/\/oficialnoticias.com\/"],"url":"https:\/\/oficialnoticias.com\/?author=2"}]}},"_links":{"self":[{"href":"https:\/\/oficialnoticias.com\/index.php?rest_route=\/wp\/v2\/posts\/10836","targetHints":{"allow":["GET"]}}],"collection":[{"href":"https:\/\/oficialnoticias.com\/index.php?rest_route=\/wp\/v2\/posts"}],"about":[{"href":"https:\/\/oficialnoticias.com\/index.php?rest_route=\/wp\/v2\/types\/post"}],"author":[{"embeddable":true,"href":"https:\/\/oficialnoticias.com\/index.php?rest_route=\/wp\/v2\/users\/2"}],"replies":[{"embeddable":true,"href":"https:\/\/oficialnoticias.com\/index.php?rest_route=%2Fwp%2Fv2%2Fcomments&post=10836"}],"version-history":[{"count":1,"href":"https:\/\/oficialnoticias.com\/index.php?rest_route=\/wp\/v2\/posts\/10836\/revisions"}],"predecessor-version":[{"id":10838,"href":"https:\/\/oficialnoticias.com\/index.php?rest_route=\/wp\/v2\/posts\/10836\/revisions\/10838"}],"wp:featuredmedia":[{"embeddable":true,"href":"https:\/\/oficialnoticias.com\/index.php?rest_route=\/wp\/v2\/media\/10837"}],"wp:attachment":[{"href":"https:\/\/oficialnoticias.com\/index.php?rest_route=%2Fwp%2Fv2%2Fmedia&parent=10836"}],"wp:term":[{"taxonomy":"category","embeddable":true,"href":"https:\/\/oficialnoticias.com\/index.php?rest_route=%2Fwp%2Fv2%2Fcategories&post=10836"},{"taxonomy":"post_tag","embeddable":true,"href":"https:\/\/oficialnoticias.com\/index.php?rest_route=%2Fwp%2Fv2%2Ftags&post=10836"}],"curies":[{"name":"wp","href":"https:\/\/api.w.org\/{rel}","templated":true}]}}