{"id":10812,"date":"2025-09-21T23:39:24","date_gmt":"2025-09-22T02:39:24","guid":{"rendered":"https:\/\/oficialnoticias.com\/?p=10812"},"modified":"2025-09-21T23:39:28","modified_gmt":"2025-09-22T02:39:28","slug":"um-gigante-de-sua-geracao","status":"publish","type":"post","link":"https:\/\/oficialnoticias.com\/?p=10812","title":{"rendered":"\u201cum gigante de sua gera\u00e7\u00e3o\u201d"},"content":{"rendered":"<p>\n<\/p>\n<div>\n<p>O presidente dos Estados Unidos, Donald Trump, lamentou neste domingo (21) a perda do l\u00edder da juventude conservadora Charlie Kirk em um evento em sua homenagem no estado do Arizona.<\/p>\n<p>\u201cH\u00e1 menos de duas semanas, nosso pa\u00eds foi privado de uma das figuras mais brilhantes de nossa \u00e9poca\u201d, declarou Trump diante da multid\u00e3o. \u201cUm gigante de sua gera\u00e7\u00e3o e, acima de tudo, um marido devoto, pai, filho, crist\u00e3o e patriota\u201d, disse, referindo-se ao ativista de 31 anos, que morreu assassinado em 10 de setembro.<\/p>\n<p><bsp-list-loadmore class=\"PageListStandardG\" data-module=\"\" data-show-loadmore=\"true\" data-list-title-size=\"3\" data-list-description-size=\"3\"><\/p>\n<p>    <a class=\"AnchorLink\" title=\"leia-tambem\" name=\"leia-tambem\"\/><\/p>\n<p><\/bsp-list-loadmore><\/p>\n<p>Milhares de americanos se reuniram neste domingo (21) no estado do Arizona para se despedir de Charlie Kirk, em um evento no qual o presidente Donald Trump e altos funcion\u00e1rios de seu governo prestaram homenagem a ele ap\u00f3s seu assassinato na semana passada<\/p>\n<h2>Clima de tributo<\/h2>\n<p>O tributo gerou um n\u00edvel extraordin\u00e1rio de aten\u00e7\u00e3o da m\u00eddia, comparado por alguns ve\u00edculos at\u00e9 a um funeral de Estado, para o qual foi mobilizado um forte esquema de seguran\u00e7a.<\/p>\n<p>Trump aguardou sua vez para se dirigir \u00e0 multid\u00e3o, ouvindo discursos do secret\u00e1rio de Estado Marco Rubio, do secret\u00e1rio de Defesa Pete Hegseth e de outros funcion\u00e1rios enquanto o evento se desenrolava.<\/p>\n<p>\u201cAchavam que poderiam matar Charlie Kirk? Eles o tornaram imortal\u201d, disse o principal assessor de Trump, Stephen Miller. \u201cEles imortalizaram Charlie Kirk, e agora milh\u00f5es dar\u00e3o continuidade ao seu legado.\u201d<\/p>\n<p>Entre outros oradores estavam a diretora de Intelig\u00eancia Nacional, Tulsi Gabbard; o secret\u00e1rio de Sa\u00fade, Robert F. Kennedy Jr.; o comentarista conservador Tucker Carlson e outros funcion\u00e1rios do governo.<\/p>\n<p>Ao sair da Casa Branca para voar ao Arizona, o presidente afirmou que o tributo tem como objetivo \u201ccelebrar a vida de um grande homem\u201d.<\/p>\n<p>No evento, Trump foi visto sentado ao lado do bilion\u00e1rio Elon Musk, cujo afastamento conturbado da Casa Branca ap\u00f3s sua breve passagem pelo Departamento de Efici\u00eancia Governamental (Doge) n\u00e3o foi percept\u00edvel, enquanto ambos conversavam.<\/p>\n<h2>\u201cM\u00e1rtir\u201d<\/h2>\n<p>Antes do amanhecer, milhares de pessoas faziam fila na esperan\u00e7a de entrar no est\u00e1dio, com capacidade para 63 mil espectadores, onde se celebrava o servi\u00e7o em homenagem ao l\u00edder conservador considerado um impulsionador da reelei\u00e7\u00e3o de Trump.<\/p>\n<p>Muitos dos presentes vestiam roupas com as cores vermelho, branco e azul da bandeira americana ou bon\u00e9s com o ic\u00f4nico slogan de Trump \u201cMake America Great Again\u201d (Fa\u00e7amos a Am\u00e9rica Grande de Novo).<\/p>\n<p>\u201cEu o vejo como um m\u00e1rtir de Cristo, sem d\u00favida\u201d, disse Monica Mirelez, uma texana de 44 anos que dirigiu 12 horas para assistir ao servi\u00e7o.<\/p>\n<h2>Quem foi Kirk?<\/h2>\n<p>Kirk, de 31 anos, recebeu um tiro no pesco\u00e7o em 10 de setembro enquanto falava em uma universidade de Utah como parte de sua popular s\u00e9rie de debates p\u00fablicos.<\/p>\n<p>As autoridades prenderam um suspeito ap\u00f3s 33 horas de busca, e a Promotoria solicitou a pena de morte no caso.<\/p>\n<p>O assassinato do l\u00edder conservador, fundador do grupo juvenil de direita Turning Point USA, aprofundou ainda mais as acirradas divis\u00f5es pol\u00edticas nos Estados Unidos.<\/p>\n<p>As autoridades afirmam que o suposto atirador, de 22 anos, citou como motivo de seu crime o &#8220;\u00f3dio\u201d que, segundo ele, era alimentado por Kirk, que era um cr\u00edtico mordaz das pessoas transg\u00eanero, dos mu\u00e7ulmanos e de outros.<\/p>\n<p>Kirk utilizava seus milh\u00f5es de seguidores nas redes sociais, a enorme audi\u00eancia de seu podcast e suas apari\u00e7\u00f5es em universidades para impulsionar Trump entre os jovens e defender uma ideologia pol\u00edtica nacionalista e crist\u00e3.<\/p>\n<p>Mesmo antes de o suspeito ser identificado ou preso, Trump qualificou Kirk como \u201cm\u00e1rtir da verdade e da liberdade\u201d e culpou seu assassinato \u00e0 ret\u00f3rica da \u201cesquerda radical\u201d.<\/p>\n<h2>Repress\u00e3o do \u2018terrorismo dom\u00e9stico\u2019<\/h2>\n<p>A vi\u00fava de Kirk, Erika Kirk, que assumir\u00e1 a lideran\u00e7a da Turning Point USA, tamb\u00e9m falar\u00e1 ao p\u00fablico no est\u00e1dio State Farm, em Glendale.<\/p>\n<p>Em resposta ao assassinato, a Casa Branca anunciou na semana passada que adotaria medidas en\u00e9rgicas contra o que chama de \u201cterrorismo dom\u00e9stico\u201d por parte da esquerda.<\/p>\n<p>Trump disse que designaria o movimento Antifa, uma difusa rede de ativistas de esquerda radical que se definem antifascistas, como \u201corganiza\u00e7\u00e3o terrorista\u201d.<\/p>\n<p>O apresentador de televis\u00e3o Jimmy Kimmel teve seu talk-show suspenso na quarta-feira, poucas horas ap\u00f3s o governo amea\u00e7ar com a\u00e7\u00f5es legais devido aos seus coment\u00e1rios sobre o assassinato de Kirk.<\/p>\n<p>As medidas geraram preocupa\u00e7\u00e3o entre os cr\u00edticos de Trump, que alertam sobre medidas para silenciar a dissid\u00eancia durante seu mandato, marcado por retrocessos nas pol\u00edticas de justi\u00e7a social e por uma ofensiva contra a imigra\u00e7\u00e3o que gerou den\u00fancias generalizadas de abusos de direitos.<\/p>\n<\/p><\/div>\n<p><script>\n  window.fbAsyncInit = function() {\n      FB.init({\n              appId : '1447052969554341',\n          xfbml : true,\n          version : 'v2.9'\n      });\n  };\n  (function(d, s, id){\n     var js, fjs = d.getElementsByTagName(s)[0];\n     if (d.getElementById(id)) {return;}\n     js = d.createElement(s); js.id = id;\n     js.src = \"https:\/\/connect.facebook.net\/en_US\/sdk.js\";\n     fjs.parentNode.insertBefore(js, fjs);\n   }(document, 'script', 'facebook-jssdk'));\n<\/script><br \/>\n  <\/a><\/p>\n","protected":false},"excerpt":{"rendered":"<p>O presidente dos Estados Unidos, Donald Trump, lamentou neste domingo (21) a perda do l\u00edder da juventude conservadora Charlie Kirk em um evento em sua homenagem no estado do Arizona. \u201cH\u00e1 menos de duas semanas, nosso pa\u00eds foi privado de uma das figuras mais brilhantes de nossa \u00e9poca\u201d, declarou Trump diante da multid\u00e3o. \u201cUm gigante&#8230;<\/p>\n","protected":false},"author":2,"featured_media":10813,"comment_status":"open","ping_status":"open","sticky":false,"template":"","format":"standard","meta":{"footnotes":""},"categories":[2],"tags":[],"class_list":["post-10812","post","type-post","status-publish","format-standard","has-post-thumbnail","hentry","category-decor"],"yoast_head":"<!-- This site is optimized with the Yoast SEO plugin v27.3 - https:\/\/yoast.com\/product\/yoast-seo-wordpress\/ -->\n<title>\u201cum gigante de sua gera\u00e7\u00e3o\u201d -<\/title>\n<meta name=\"robots\" content=\"index, follow, max-snippet:-1, max-image-preview:large, max-video-preview:-1\" \/>\n<link rel=\"canonical\" href=\"https:\/\/oficialnoticias.com\/?p=10812\" \/>\n<meta property=\"og:locale\" content=\"pt_BR\" \/>\n<meta property=\"og:type\" content=\"article\" \/>\n<meta property=\"og:title\" content=\"\u201cum gigante de sua gera\u00e7\u00e3o\u201d -\" \/>\n<meta property=\"og:description\" content=\"O presidente dos Estados Unidos, Donald Trump, lamentou neste domingo (21) a perda do l\u00edder da juventude conservadora Charlie Kirk em um evento em sua homenagem no estado do Arizona. \u201cH\u00e1 menos de duas semanas, nosso pa\u00eds foi privado de uma das figuras mais brilhantes de nossa \u00e9poca\u201d, declarou Trump diante da multid\u00e3o. \u201cUm gigante...\" \/>\n<meta property=\"og:url\" content=\"https:\/\/oficialnoticias.com\/?p=10812\" \/>\n<meta property=\"article:published_time\" content=\"2025-09-22T02:39:24+00:00\" \/>\n<meta property=\"article:modified_time\" content=\"2025-09-22T02:39:28+00:00\" \/>\n<meta property=\"og:image\" content=\"https:\/\/oficialnoticias.com\/wp-content\/uploads\/2025\/09\/urlhttps3A2F2Fk2-prod-radio-itatiaia.s3.us-east-1.amazonaws.com2Fbrightspot2Fc72Fe82F511e28.webp\" \/>\n\t<meta property=\"og:image:width\" content=\"1200\" \/>\n\t<meta property=\"og:image:height\" content=\"630\" \/>\n\t<meta property=\"og:image:type\" content=\"image\/webp\" \/>\n<meta name=\"author\" content=\"Luana Gon\u00e7alves\" \/>\n<meta name=\"twitter:card\" content=\"summary_large_image\" \/>\n<meta name=\"twitter:label1\" content=\"Escrito por\" \/>\n\t<meta name=\"twitter:data1\" content=\"Luana Gon\u00e7alves\" \/>\n\t<meta name=\"twitter:label2\" content=\"Est. tempo de leitura\" \/>\n\t<meta name=\"twitter:data2\" content=\"4 minutos\" \/>\n<script type=\"application\/ld+json\" class=\"yoast-schema-graph\">{\"@context\":\"https:\\\/\\\/schema.org\",\"@graph\":[{\"@type\":\"Article\",\"@id\":\"https:\\\/\\\/oficialnoticias.com\\\/?p=10812#article\",\"isPartOf\":{\"@id\":\"https:\\\/\\\/oficialnoticias.com\\\/?p=10812\"},\"author\":{\"name\":\"Luana Gon\u00e7alves\",\"@id\":\"https:\\\/\\\/oficialnoticias.com\\\/#\\\/schema\\\/person\\\/2d1dcbb6bfbc28d68171b4dc04723d4a\"},\"headline\":\"\u201cum gigante de sua gera\u00e7\u00e3o\u201d\",\"datePublished\":\"2025-09-22T02:39:24+00:00\",\"dateModified\":\"2025-09-22T02:39:28+00:00\",\"mainEntityOfPage\":{\"@id\":\"https:\\\/\\\/oficialnoticias.com\\\/?p=10812\"},\"wordCount\":804,\"commentCount\":0,\"publisher\":{\"@id\":\"https:\\\/\\\/oficialnoticias.com\\\/#organization\"},\"image\":{\"@id\":\"https:\\\/\\\/oficialnoticias.com\\\/?p=10812#primaryimage\"},\"thumbnailUrl\":\"https:\\\/\\\/oficialnoticias.com\\\/wp-content\\\/uploads\\\/2025\\\/09\\\/urlhttps3A2F2Fk2-prod-radio-itatiaia.s3.us-east-1.amazonaws.com2Fbrightspot2Fc72Fe82F511e28.webp\",\"articleSection\":[\"Mundo\"],\"inLanguage\":\"pt-BR\",\"potentialAction\":[{\"@type\":\"CommentAction\",\"name\":\"Comment\",\"target\":[\"https:\\\/\\\/oficialnoticias.com\\\/?p=10812#respond\"]}]},{\"@type\":\"WebPage\",\"@id\":\"https:\\\/\\\/oficialnoticias.com\\\/?p=10812\",\"url\":\"https:\\\/\\\/oficialnoticias.com\\\/?p=10812\",\"name\":\"\u201cum gigante de sua gera\u00e7\u00e3o\u201d -\",\"isPartOf\":{\"@id\":\"https:\\\/\\\/oficialnoticias.com\\\/#website\"},\"primaryImageOfPage\":{\"@id\":\"https:\\\/\\\/oficialnoticias.com\\\/?p=10812#primaryimage\"},\"image\":{\"@id\":\"https:\\\/\\\/oficialnoticias.com\\\/?p=10812#primaryimage\"},\"thumbnailUrl\":\"https:\\\/\\\/oficialnoticias.com\\\/wp-content\\\/uploads\\\/2025\\\/09\\\/urlhttps3A2F2Fk2-prod-radio-itatiaia.s3.us-east-1.amazonaws.com2Fbrightspot2Fc72Fe82F511e28.webp\",\"datePublished\":\"2025-09-22T02:39:24+00:00\",\"dateModified\":\"2025-09-22T02:39:28+00:00\",\"breadcrumb\":{\"@id\":\"https:\\\/\\\/oficialnoticias.com\\\/?p=10812#breadcrumb\"},\"inLanguage\":\"pt-BR\",\"potentialAction\":[{\"@type\":\"ReadAction\",\"target\":[\"https:\\\/\\\/oficialnoticias.com\\\/?p=10812\"]}]},{\"@type\":\"ImageObject\",\"inLanguage\":\"pt-BR\",\"@id\":\"https:\\\/\\\/oficialnoticias.com\\\/?p=10812#primaryimage\",\"url\":\"https:\\\/\\\/oficialnoticias.com\\\/wp-content\\\/uploads\\\/2025\\\/09\\\/urlhttps3A2F2Fk2-prod-radio-itatiaia.s3.us-east-1.amazonaws.com2Fbrightspot2Fc72Fe82F511e28.webp\",\"contentUrl\":\"https:\\\/\\\/oficialnoticias.com\\\/wp-content\\\/uploads\\\/2025\\\/09\\\/urlhttps3A2F2Fk2-prod-radio-itatiaia.s3.us-east-1.amazonaws.com2Fbrightspot2Fc72Fe82F511e28.webp\",\"width\":1200,\"height\":630},{\"@type\":\"BreadcrumbList\",\"@id\":\"https:\\\/\\\/oficialnoticias.com\\\/?p=10812#breadcrumb\",\"itemListElement\":[{\"@type\":\"ListItem\",\"position\":1,\"name\":\"In\u00edcio\",\"item\":\"https:\\\/\\\/oficialnoticias.com\\\/\"},{\"@type\":\"ListItem\",\"position\":2,\"name\":\"\u201cum gigante de sua gera\u00e7\u00e3o\u201d\"}]},{\"@type\":\"WebSite\",\"@id\":\"https:\\\/\\\/oficialnoticias.com\\\/#website\",\"url\":\"https:\\\/\\\/oficialnoticias.com\\\/\",\"name\":\"oficial Noticias\",\"description\":\"\",\"publisher\":{\"@id\":\"https:\\\/\\\/oficialnoticias.com\\\/#organization\"},\"potentialAction\":[{\"@type\":\"SearchAction\",\"target\":{\"@type\":\"EntryPoint\",\"urlTemplate\":\"https:\\\/\\\/oficialnoticias.com\\\/?s={search_term_string}\"},\"query-input\":{\"@type\":\"PropertyValueSpecification\",\"valueRequired\":true,\"valueName\":\"search_term_string\"}}],\"inLanguage\":\"pt-BR\"},{\"@type\":\"Organization\",\"@id\":\"https:\\\/\\\/oficialnoticias.com\\\/#organization\",\"name\":\"oficial noticias\",\"url\":\"https:\\\/\\\/oficialnoticias.com\\\/\",\"logo\":{\"@type\":\"ImageObject\",\"inLanguage\":\"pt-BR\",\"@id\":\"https:\\\/\\\/oficialnoticias.com\\\/#\\\/schema\\\/logo\\\/image\\\/\",\"url\":\"https:\\\/\\\/oficialnoticias.com\\\/wp-content\\\/uploads\\\/2025\\\/08\\\/cropped-cropped-cropped-Logo-Noticias-e1753639739829.png\",\"contentUrl\":\"https:\\\/\\\/oficialnoticias.com\\\/wp-content\\\/uploads\\\/2025\\\/08\\\/cropped-cropped-cropped-Logo-Noticias-e1753639739829.png\",\"width\":119,\"height\":86,\"caption\":\"oficial noticias\"},\"image\":{\"@id\":\"https:\\\/\\\/oficialnoticias.com\\\/#\\\/schema\\\/logo\\\/image\\\/\"}},{\"@type\":\"Person\",\"@id\":\"https:\\\/\\\/oficialnoticias.com\\\/#\\\/schema\\\/person\\\/2d1dcbb6bfbc28d68171b4dc04723d4a\",\"name\":\"Luana Gon\u00e7alves\",\"image\":{\"@type\":\"ImageObject\",\"inLanguage\":\"pt-BR\",\"@id\":\"https:\\\/\\\/secure.gravatar.com\\\/avatar\\\/7aa6afdef873224c1a0265951f3fdfc0679f65dfbd15f018612595d323c52521?s=96&d=mm&r=g\",\"url\":\"https:\\\/\\\/secure.gravatar.com\\\/avatar\\\/7aa6afdef873224c1a0265951f3fdfc0679f65dfbd15f018612595d323c52521?s=96&d=mm&r=g\",\"contentUrl\":\"https:\\\/\\\/secure.gravatar.com\\\/avatar\\\/7aa6afdef873224c1a0265951f3fdfc0679f65dfbd15f018612595d323c52521?s=96&d=mm&r=g\",\"caption\":\"Luana Gon\u00e7alves\"},\"sameAs\":[\"https:\\\/\\\/oficialnoticias.com\\\/\"],\"url\":\"https:\\\/\\\/oficialnoticias.com\\\/?author=2\"}]}<\/script>\n<!-- \/ Yoast SEO plugin. -->","yoast_head_json":{"title":"\u201cum gigante de sua gera\u00e7\u00e3o\u201d -","robots":{"index":"index","follow":"follow","max-snippet":"max-snippet:-1","max-image-preview":"max-image-preview:large","max-video-preview":"max-video-preview:-1"},"canonical":"https:\/\/oficialnoticias.com\/?p=10812","og_locale":"pt_BR","og_type":"article","og_title":"\u201cum gigante de sua gera\u00e7\u00e3o\u201d -","og_description":"O presidente dos Estados Unidos, Donald Trump, lamentou neste domingo (21) a perda do l\u00edder da juventude conservadora Charlie Kirk em um evento em sua homenagem no estado do Arizona. \u201cH\u00e1 menos de duas semanas, nosso pa\u00eds foi privado de uma das figuras mais brilhantes de nossa \u00e9poca\u201d, declarou Trump diante da multid\u00e3o. \u201cUm gigante...","og_url":"https:\/\/oficialnoticias.com\/?p=10812","article_published_time":"2025-09-22T02:39:24+00:00","article_modified_time":"2025-09-22T02:39:28+00:00","og_image":[{"width":1200,"height":630,"url":"https:\/\/oficialnoticias.com\/wp-content\/uploads\/2025\/09\/urlhttps3A2F2Fk2-prod-radio-itatiaia.s3.us-east-1.amazonaws.com2Fbrightspot2Fc72Fe82F511e28.webp","type":"image\/webp"}],"author":"Luana Gon\u00e7alves","twitter_card":"summary_large_image","twitter_misc":{"Escrito por":"Luana Gon\u00e7alves","Est. tempo de leitura":"4 minutos"},"schema":{"@context":"https:\/\/schema.org","@graph":[{"@type":"Article","@id":"https:\/\/oficialnoticias.com\/?p=10812#article","isPartOf":{"@id":"https:\/\/oficialnoticias.com\/?p=10812"},"author":{"name":"Luana Gon\u00e7alves","@id":"https:\/\/oficialnoticias.com\/#\/schema\/person\/2d1dcbb6bfbc28d68171b4dc04723d4a"},"headline":"\u201cum gigante de sua gera\u00e7\u00e3o\u201d","datePublished":"2025-09-22T02:39:24+00:00","dateModified":"2025-09-22T02:39:28+00:00","mainEntityOfPage":{"@id":"https:\/\/oficialnoticias.com\/?p=10812"},"wordCount":804,"commentCount":0,"publisher":{"@id":"https:\/\/oficialnoticias.com\/#organization"},"image":{"@id":"https:\/\/oficialnoticias.com\/?p=10812#primaryimage"},"thumbnailUrl":"https:\/\/oficialnoticias.com\/wp-content\/uploads\/2025\/09\/urlhttps3A2F2Fk2-prod-radio-itatiaia.s3.us-east-1.amazonaws.com2Fbrightspot2Fc72Fe82F511e28.webp","articleSection":["Mundo"],"inLanguage":"pt-BR","potentialAction":[{"@type":"CommentAction","name":"Comment","target":["https:\/\/oficialnoticias.com\/?p=10812#respond"]}]},{"@type":"WebPage","@id":"https:\/\/oficialnoticias.com\/?p=10812","url":"https:\/\/oficialnoticias.com\/?p=10812","name":"\u201cum gigante de sua gera\u00e7\u00e3o\u201d -","isPartOf":{"@id":"https:\/\/oficialnoticias.com\/#website"},"primaryImageOfPage":{"@id":"https:\/\/oficialnoticias.com\/?p=10812#primaryimage"},"image":{"@id":"https:\/\/oficialnoticias.com\/?p=10812#primaryimage"},"thumbnailUrl":"https:\/\/oficialnoticias.com\/wp-content\/uploads\/2025\/09\/urlhttps3A2F2Fk2-prod-radio-itatiaia.s3.us-east-1.amazonaws.com2Fbrightspot2Fc72Fe82F511e28.webp","datePublished":"2025-09-22T02:39:24+00:00","dateModified":"2025-09-22T02:39:28+00:00","breadcrumb":{"@id":"https:\/\/oficialnoticias.com\/?p=10812#breadcrumb"},"inLanguage":"pt-BR","potentialAction":[{"@type":"ReadAction","target":["https:\/\/oficialnoticias.com\/?p=10812"]}]},{"@type":"ImageObject","inLanguage":"pt-BR","@id":"https:\/\/oficialnoticias.com\/?p=10812#primaryimage","url":"https:\/\/oficialnoticias.com\/wp-content\/uploads\/2025\/09\/urlhttps3A2F2Fk2-prod-radio-itatiaia.s3.us-east-1.amazonaws.com2Fbrightspot2Fc72Fe82F511e28.webp","contentUrl":"https:\/\/oficialnoticias.com\/wp-content\/uploads\/2025\/09\/urlhttps3A2F2Fk2-prod-radio-itatiaia.s3.us-east-1.amazonaws.com2Fbrightspot2Fc72Fe82F511e28.webp","width":1200,"height":630},{"@type":"BreadcrumbList","@id":"https:\/\/oficialnoticias.com\/?p=10812#breadcrumb","itemListElement":[{"@type":"ListItem","position":1,"name":"In\u00edcio","item":"https:\/\/oficialnoticias.com\/"},{"@type":"ListItem","position":2,"name":"\u201cum gigante de sua gera\u00e7\u00e3o\u201d"}]},{"@type":"WebSite","@id":"https:\/\/oficialnoticias.com\/#website","url":"https:\/\/oficialnoticias.com\/","name":"oficial Noticias","description":"","publisher":{"@id":"https:\/\/oficialnoticias.com\/#organization"},"potentialAction":[{"@type":"SearchAction","target":{"@type":"EntryPoint","urlTemplate":"https:\/\/oficialnoticias.com\/?s={search_term_string}"},"query-input":{"@type":"PropertyValueSpecification","valueRequired":true,"valueName":"search_term_string"}}],"inLanguage":"pt-BR"},{"@type":"Organization","@id":"https:\/\/oficialnoticias.com\/#organization","name":"oficial noticias","url":"https:\/\/oficialnoticias.com\/","logo":{"@type":"ImageObject","inLanguage":"pt-BR","@id":"https:\/\/oficialnoticias.com\/#\/schema\/logo\/image\/","url":"https:\/\/oficialnoticias.com\/wp-content\/uploads\/2025\/08\/cropped-cropped-cropped-Logo-Noticias-e1753639739829.png","contentUrl":"https:\/\/oficialnoticias.com\/wp-content\/uploads\/2025\/08\/cropped-cropped-cropped-Logo-Noticias-e1753639739829.png","width":119,"height":86,"caption":"oficial noticias"},"image":{"@id":"https:\/\/oficialnoticias.com\/#\/schema\/logo\/image\/"}},{"@type":"Person","@id":"https:\/\/oficialnoticias.com\/#\/schema\/person\/2d1dcbb6bfbc28d68171b4dc04723d4a","name":"Luana Gon\u00e7alves","image":{"@type":"ImageObject","inLanguage":"pt-BR","@id":"https:\/\/secure.gravatar.com\/avatar\/7aa6afdef873224c1a0265951f3fdfc0679f65dfbd15f018612595d323c52521?s=96&d=mm&r=g","url":"https:\/\/secure.gravatar.com\/avatar\/7aa6afdef873224c1a0265951f3fdfc0679f65dfbd15f018612595d323c52521?s=96&d=mm&r=g","contentUrl":"https:\/\/secure.gravatar.com\/avatar\/7aa6afdef873224c1a0265951f3fdfc0679f65dfbd15f018612595d323c52521?s=96&d=mm&r=g","caption":"Luana Gon\u00e7alves"},"sameAs":["https:\/\/oficialnoticias.com\/"],"url":"https:\/\/oficialnoticias.com\/?author=2"}]}},"_links":{"self":[{"href":"https:\/\/oficialnoticias.com\/index.php?rest_route=\/wp\/v2\/posts\/10812","targetHints":{"allow":["GET"]}}],"collection":[{"href":"https:\/\/oficialnoticias.com\/index.php?rest_route=\/wp\/v2\/posts"}],"about":[{"href":"https:\/\/oficialnoticias.com\/index.php?rest_route=\/wp\/v2\/types\/post"}],"author":[{"embeddable":true,"href":"https:\/\/oficialnoticias.com\/index.php?rest_route=\/wp\/v2\/users\/2"}],"replies":[{"embeddable":true,"href":"https:\/\/oficialnoticias.com\/index.php?rest_route=%2Fwp%2Fv2%2Fcomments&post=10812"}],"version-history":[{"count":1,"href":"https:\/\/oficialnoticias.com\/index.php?rest_route=\/wp\/v2\/posts\/10812\/revisions"}],"predecessor-version":[{"id":10814,"href":"https:\/\/oficialnoticias.com\/index.php?rest_route=\/wp\/v2\/posts\/10812\/revisions\/10814"}],"wp:featuredmedia":[{"embeddable":true,"href":"https:\/\/oficialnoticias.com\/index.php?rest_route=\/wp\/v2\/media\/10813"}],"wp:attachment":[{"href":"https:\/\/oficialnoticias.com\/index.php?rest_route=%2Fwp%2Fv2%2Fmedia&parent=10812"}],"wp:term":[{"taxonomy":"category","embeddable":true,"href":"https:\/\/oficialnoticias.com\/index.php?rest_route=%2Fwp%2Fv2%2Fcategories&post=10812"},{"taxonomy":"post_tag","embeddable":true,"href":"https:\/\/oficialnoticias.com\/index.php?rest_route=%2Fwp%2Fv2%2Ftags&post=10812"}],"curies":[{"name":"wp","href":"https:\/\/api.w.org\/{rel}","templated":true}]}}