{"id":10206,"date":"2025-09-19T06:23:39","date_gmt":"2025-09-19T09:23:39","guid":{"rendered":"https:\/\/oficialnoticias.com\/?p=10206"},"modified":"2025-09-19T06:23:44","modified_gmt":"2025-09-19T09:23:44","slug":"maduro-levara-militares-as-comunidades-para-treinar-a-populacao","status":"publish","type":"post","link":"https:\/\/oficialnoticias.com\/?p=10206","title":{"rendered":"Maduro levar\u00e1 militares \u00e0s comunidades para treinar a popula\u00e7\u00e3o"},"content":{"rendered":"<p>\n<\/p>\n<div>\n<p>O presidente da Venezuela, Nicol\u00e1s Maduro, disse nesta quinta-feira (18) que enviar\u00e1 militares \u00e0s comunidades para treinamento da popula\u00e7\u00e3o no uso de armas, em meio \u00e0 escalada de tens\u00e3o com os Estados Unidos pelo envio de navios de guerra ao Caribe.<\/p>\n<p>Maduro, que acusa Washington de querer invadir a Venezuela, convocou h\u00e1 algumas semanas os volunt\u00e1rios alistados na Mil\u00edcia &#8212; um corpo armado composto por civis &#8211;, para que treinassem nos quart\u00e9is.<\/p>\n<p><bsp-list-loadmore class=\"PageListStandardG\" data-module=\"\" data-show-loadmore=\"true\" data-list-title-size=\"3\" data-list-description-size=\"3\"><\/p>\n<p>    <a class=\"AnchorLink\" title=\"leia-tambem\" name=\"leia-tambem\"\/><\/p>\n<p><\/bsp-list-loadmore><\/p>\n<p>\u201cNo pr\u00f3ximo s\u00e1bado, 20 de setembro, os quart\u00e9is, a For\u00e7a Armada Bolivariana, vai at\u00e9 o povo, vai \u00e0s comunidades para coloc\u00e1-los para revisar, para ensinar a todos os que se alistaram, homens e mulheres, no manuseio do sistema de armas\u201d, disse Maduro.<\/p>\n<p>\u201cVai ser a primeira vez que os quart\u00e9is com suas armas e soldados v\u00e3o at\u00e9 o povo, \u00e0s comunidades\u201d, disse o governante em um evento oficial transmitido pelo canal estatal VTV.<\/p>\n<p>Na quarta-feira, a For\u00e7a Armada Nacional iniciou tr\u00eas dias de exerc\u00edcios militares na ilha caribenha de La Orchila, a cerca de 65 quil\u00f4metros do continente.<\/p>\n<p>Esta \u00e9 a mobiliza\u00e7\u00e3o militar mais ostensiva ordenada por Maduro desde que, h\u00e1 um m\u00eas, os Estados Unidos enviaram uma frota naval ao Caribe sob a alega\u00e7\u00e3o de combater o narcotr\u00e1fico.<\/p>\n<p>Desde o in\u00edcio de setembro, Washington eliminou tr\u00eas embarca\u00e7\u00f5es que supostamente traficavam drogas, com um saldo de 14 mortos, segundo o presidente Donald Trump.<\/p>\n<p>Seu governo acusa Maduro de la\u00e7os com o narcotr\u00e1fico e ofereceu uma recompensa de 50 milh\u00f5es de d\u00f3lares (R$ 265 milh\u00f5es, na cota\u00e7\u00e3o atual) por sua captura.<\/p>\n<p>O l\u00edder chavista n\u00e3o \u00e9 reconhecido como presidente pelos Estados Unidos nem pelas principais democracias das Am\u00e9ricas e da Uni\u00e3o Europeia.<\/p>\n<p>\u201cN\u00f3s n\u00e3o nos metemos com ningu\u00e9m, mas nos preparamos caso seja necess\u00e1rio\u201d, disse Maduro sobre os exerc\u00edcios.<\/p>\n<p>Os Estados Unidos tamb\u00e9m enviaram a Porto Rico ca\u00e7as F-35 para apoiar a frota composta por sete barcos e um submarino de propuls\u00e3o nuclear.<\/p>\n<p>\u201cO que est\u00e1 por tr\u00e1s \u00e9 um plano imperial para uma mudan\u00e7a de regime e impor um governo marionete dos Estados Unidos para virem roubar nosso petr\u00f3leo, que \u00e9 a maior reserva do mundo, e g\u00e1s, que \u00e9 a quarta do mundo. Mas isso n\u00e3o aconteceu e n\u00e3o vai acontecer\u201d, retrucou Maduro nesta quinta.<\/p>\n<p><b><i>Com informa\u00e7\u00f5es de AFP<\/i><\/b><\/p>\n<\/p><\/div>\n<p><script>\n  window.fbAsyncInit = function() {\n      FB.init({\n              appId : '1447052969554341',\n          xfbml : true,\n          version : 'v2.9'\n      });\n  };\n  (function(d, s, id){\n     var js, fjs = d.getElementsByTagName(s)[0];\n     if (d.getElementById(id)) {return;}\n     js = d.createElement(s); js.id = id;\n     js.src = \"https:\/\/connect.facebook.net\/en_US\/sdk.js\";\n     fjs.parentNode.insertBefore(js, fjs);\n   }(document, 'script', 'facebook-jssdk'));\n<\/script><br \/>\n  <\/a><\/p>\n","protected":false},"excerpt":{"rendered":"<p>O presidente da Venezuela, Nicol\u00e1s Maduro, disse nesta quinta-feira (18) que enviar\u00e1 militares \u00e0s comunidades para treinamento da popula\u00e7\u00e3o no uso de armas, em meio \u00e0 escalada de tens\u00e3o com os Estados Unidos pelo envio de navios de guerra ao Caribe. Maduro, que acusa Washington de querer invadir a Venezuela, convocou h\u00e1 algumas semanas os&#8230;<\/p>\n","protected":false},"author":2,"featured_media":10207,"comment_status":"open","ping_status":"open","sticky":false,"template":"","format":"standard","meta":{"footnotes":""},"categories":[2],"tags":[],"class_list":["post-10206","post","type-post","status-publish","format-standard","has-post-thumbnail","hentry","category-decor"],"yoast_head":"<!-- This site is optimized with the Yoast SEO plugin v27.3 - https:\/\/yoast.com\/product\/yoast-seo-wordpress\/ -->\n<title>Maduro levar\u00e1 militares \u00e0s comunidades para treinar a popula\u00e7\u00e3o -<\/title>\n<meta name=\"robots\" content=\"index, follow, max-snippet:-1, max-image-preview:large, max-video-preview:-1\" \/>\n<link rel=\"canonical\" href=\"https:\/\/oficialnoticias.com\/?p=10206\" \/>\n<meta property=\"og:locale\" content=\"pt_BR\" \/>\n<meta property=\"og:type\" content=\"article\" \/>\n<meta property=\"og:title\" content=\"Maduro levar\u00e1 militares \u00e0s comunidades para treinar a popula\u00e7\u00e3o -\" \/>\n<meta property=\"og:description\" content=\"O presidente da Venezuela, Nicol\u00e1s Maduro, disse nesta quinta-feira (18) que enviar\u00e1 militares \u00e0s comunidades para treinamento da popula\u00e7\u00e3o no uso de armas, em meio \u00e0 escalada de tens\u00e3o com os Estados Unidos pelo envio de navios de guerra ao Caribe. Maduro, que acusa Washington de querer invadir a Venezuela, convocou h\u00e1 algumas semanas os...\" \/>\n<meta property=\"og:url\" content=\"https:\/\/oficialnoticias.com\/?p=10206\" \/>\n<meta property=\"article:published_time\" content=\"2025-09-19T09:23:39+00:00\" \/>\n<meta property=\"article:modified_time\" content=\"2025-09-19T09:23:44+00:00\" \/>\n<meta property=\"og:image\" content=\"https:\/\/oficialnoticias.com\/wp-content\/uploads\/2025\/09\/urlhttps3A2F2Fk2-prod-radio-itatiaia.s3.us-east-1.amazonaws.com2Fbrightspot2F0e2F4e2F084816.webp\" \/>\n\t<meta property=\"og:image:width\" content=\"1200\" \/>\n\t<meta property=\"og:image:height\" content=\"630\" \/>\n\t<meta property=\"og:image:type\" content=\"image\/webp\" \/>\n<meta name=\"author\" content=\"Luana Gon\u00e7alves\" \/>\n<meta name=\"twitter:card\" content=\"summary_large_image\" \/>\n<meta name=\"twitter:label1\" content=\"Escrito por\" \/>\n\t<meta name=\"twitter:data1\" content=\"Luana Gon\u00e7alves\" \/>\n\t<meta name=\"twitter:label2\" content=\"Est. tempo de leitura\" \/>\n\t<meta name=\"twitter:data2\" content=\"2 minutos\" \/>\n<script type=\"application\/ld+json\" class=\"yoast-schema-graph\">{\"@context\":\"https:\\\/\\\/schema.org\",\"@graph\":[{\"@type\":\"Article\",\"@id\":\"https:\\\/\\\/oficialnoticias.com\\\/?p=10206#article\",\"isPartOf\":{\"@id\":\"https:\\\/\\\/oficialnoticias.com\\\/?p=10206\"},\"author\":{\"name\":\"Luana Gon\u00e7alves\",\"@id\":\"https:\\\/\\\/oficialnoticias.com\\\/#\\\/schema\\\/person\\\/2d1dcbb6bfbc28d68171b4dc04723d4a\"},\"headline\":\"Maduro levar\u00e1 militares \u00e0s comunidades para treinar a popula\u00e7\u00e3o\",\"datePublished\":\"2025-09-19T09:23:39+00:00\",\"dateModified\":\"2025-09-19T09:23:44+00:00\",\"mainEntityOfPage\":{\"@id\":\"https:\\\/\\\/oficialnoticias.com\\\/?p=10206\"},\"wordCount\":419,\"commentCount\":0,\"publisher\":{\"@id\":\"https:\\\/\\\/oficialnoticias.com\\\/#organization\"},\"image\":{\"@id\":\"https:\\\/\\\/oficialnoticias.com\\\/?p=10206#primaryimage\"},\"thumbnailUrl\":\"https:\\\/\\\/oficialnoticias.com\\\/wp-content\\\/uploads\\\/2025\\\/09\\\/urlhttps3A2F2Fk2-prod-radio-itatiaia.s3.us-east-1.amazonaws.com2Fbrightspot2F0e2F4e2F084816.webp\",\"articleSection\":[\"Mundo\"],\"inLanguage\":\"pt-BR\",\"potentialAction\":[{\"@type\":\"CommentAction\",\"name\":\"Comment\",\"target\":[\"https:\\\/\\\/oficialnoticias.com\\\/?p=10206#respond\"]}]},{\"@type\":\"WebPage\",\"@id\":\"https:\\\/\\\/oficialnoticias.com\\\/?p=10206\",\"url\":\"https:\\\/\\\/oficialnoticias.com\\\/?p=10206\",\"name\":\"Maduro levar\u00e1 militares \u00e0s comunidades para treinar a popula\u00e7\u00e3o -\",\"isPartOf\":{\"@id\":\"https:\\\/\\\/oficialnoticias.com\\\/#website\"},\"primaryImageOfPage\":{\"@id\":\"https:\\\/\\\/oficialnoticias.com\\\/?p=10206#primaryimage\"},\"image\":{\"@id\":\"https:\\\/\\\/oficialnoticias.com\\\/?p=10206#primaryimage\"},\"thumbnailUrl\":\"https:\\\/\\\/oficialnoticias.com\\\/wp-content\\\/uploads\\\/2025\\\/09\\\/urlhttps3A2F2Fk2-prod-radio-itatiaia.s3.us-east-1.amazonaws.com2Fbrightspot2F0e2F4e2F084816.webp\",\"datePublished\":\"2025-09-19T09:23:39+00:00\",\"dateModified\":\"2025-09-19T09:23:44+00:00\",\"breadcrumb\":{\"@id\":\"https:\\\/\\\/oficialnoticias.com\\\/?p=10206#breadcrumb\"},\"inLanguage\":\"pt-BR\",\"potentialAction\":[{\"@type\":\"ReadAction\",\"target\":[\"https:\\\/\\\/oficialnoticias.com\\\/?p=10206\"]}]},{\"@type\":\"ImageObject\",\"inLanguage\":\"pt-BR\",\"@id\":\"https:\\\/\\\/oficialnoticias.com\\\/?p=10206#primaryimage\",\"url\":\"https:\\\/\\\/oficialnoticias.com\\\/wp-content\\\/uploads\\\/2025\\\/09\\\/urlhttps3A2F2Fk2-prod-radio-itatiaia.s3.us-east-1.amazonaws.com2Fbrightspot2F0e2F4e2F084816.webp\",\"contentUrl\":\"https:\\\/\\\/oficialnoticias.com\\\/wp-content\\\/uploads\\\/2025\\\/09\\\/urlhttps3A2F2Fk2-prod-radio-itatiaia.s3.us-east-1.amazonaws.com2Fbrightspot2F0e2F4e2F084816.webp\",\"width\":1200,\"height\":630},{\"@type\":\"BreadcrumbList\",\"@id\":\"https:\\\/\\\/oficialnoticias.com\\\/?p=10206#breadcrumb\",\"itemListElement\":[{\"@type\":\"ListItem\",\"position\":1,\"name\":\"In\u00edcio\",\"item\":\"https:\\\/\\\/oficialnoticias.com\\\/\"},{\"@type\":\"ListItem\",\"position\":2,\"name\":\"Maduro levar\u00e1 militares \u00e0s comunidades para treinar a popula\u00e7\u00e3o\"}]},{\"@type\":\"WebSite\",\"@id\":\"https:\\\/\\\/oficialnoticias.com\\\/#website\",\"url\":\"https:\\\/\\\/oficialnoticias.com\\\/\",\"name\":\"oficial Noticias\",\"description\":\"\",\"publisher\":{\"@id\":\"https:\\\/\\\/oficialnoticias.com\\\/#organization\"},\"potentialAction\":[{\"@type\":\"SearchAction\",\"target\":{\"@type\":\"EntryPoint\",\"urlTemplate\":\"https:\\\/\\\/oficialnoticias.com\\\/?s={search_term_string}\"},\"query-input\":{\"@type\":\"PropertyValueSpecification\",\"valueRequired\":true,\"valueName\":\"search_term_string\"}}],\"inLanguage\":\"pt-BR\"},{\"@type\":\"Organization\",\"@id\":\"https:\\\/\\\/oficialnoticias.com\\\/#organization\",\"name\":\"oficial noticias\",\"url\":\"https:\\\/\\\/oficialnoticias.com\\\/\",\"logo\":{\"@type\":\"ImageObject\",\"inLanguage\":\"pt-BR\",\"@id\":\"https:\\\/\\\/oficialnoticias.com\\\/#\\\/schema\\\/logo\\\/image\\\/\",\"url\":\"https:\\\/\\\/oficialnoticias.com\\\/wp-content\\\/uploads\\\/2025\\\/08\\\/cropped-cropped-cropped-Logo-Noticias-e1753639739829.png\",\"contentUrl\":\"https:\\\/\\\/oficialnoticias.com\\\/wp-content\\\/uploads\\\/2025\\\/08\\\/cropped-cropped-cropped-Logo-Noticias-e1753639739829.png\",\"width\":119,\"height\":86,\"caption\":\"oficial noticias\"},\"image\":{\"@id\":\"https:\\\/\\\/oficialnoticias.com\\\/#\\\/schema\\\/logo\\\/image\\\/\"}},{\"@type\":\"Person\",\"@id\":\"https:\\\/\\\/oficialnoticias.com\\\/#\\\/schema\\\/person\\\/2d1dcbb6bfbc28d68171b4dc04723d4a\",\"name\":\"Luana Gon\u00e7alves\",\"image\":{\"@type\":\"ImageObject\",\"inLanguage\":\"pt-BR\",\"@id\":\"https:\\\/\\\/secure.gravatar.com\\\/avatar\\\/7aa6afdef873224c1a0265951f3fdfc0679f65dfbd15f018612595d323c52521?s=96&d=mm&r=g\",\"url\":\"https:\\\/\\\/secure.gravatar.com\\\/avatar\\\/7aa6afdef873224c1a0265951f3fdfc0679f65dfbd15f018612595d323c52521?s=96&d=mm&r=g\",\"contentUrl\":\"https:\\\/\\\/secure.gravatar.com\\\/avatar\\\/7aa6afdef873224c1a0265951f3fdfc0679f65dfbd15f018612595d323c52521?s=96&d=mm&r=g\",\"caption\":\"Luana Gon\u00e7alves\"},\"sameAs\":[\"https:\\\/\\\/oficialnoticias.com\\\/\"],\"url\":\"https:\\\/\\\/oficialnoticias.com\\\/?author=2\"}]}<\/script>\n<!-- \/ Yoast SEO plugin. -->","yoast_head_json":{"title":"Maduro levar\u00e1 militares \u00e0s comunidades para treinar a popula\u00e7\u00e3o -","robots":{"index":"index","follow":"follow","max-snippet":"max-snippet:-1","max-image-preview":"max-image-preview:large","max-video-preview":"max-video-preview:-1"},"canonical":"https:\/\/oficialnoticias.com\/?p=10206","og_locale":"pt_BR","og_type":"article","og_title":"Maduro levar\u00e1 militares \u00e0s comunidades para treinar a popula\u00e7\u00e3o -","og_description":"O presidente da Venezuela, Nicol\u00e1s Maduro, disse nesta quinta-feira (18) que enviar\u00e1 militares \u00e0s comunidades para treinamento da popula\u00e7\u00e3o no uso de armas, em meio \u00e0 escalada de tens\u00e3o com os Estados Unidos pelo envio de navios de guerra ao Caribe. Maduro, que acusa Washington de querer invadir a Venezuela, convocou h\u00e1 algumas semanas os...","og_url":"https:\/\/oficialnoticias.com\/?p=10206","article_published_time":"2025-09-19T09:23:39+00:00","article_modified_time":"2025-09-19T09:23:44+00:00","og_image":[{"width":1200,"height":630,"url":"https:\/\/oficialnoticias.com\/wp-content\/uploads\/2025\/09\/urlhttps3A2F2Fk2-prod-radio-itatiaia.s3.us-east-1.amazonaws.com2Fbrightspot2F0e2F4e2F084816.webp","type":"image\/webp"}],"author":"Luana Gon\u00e7alves","twitter_card":"summary_large_image","twitter_misc":{"Escrito por":"Luana Gon\u00e7alves","Est. tempo de leitura":"2 minutos"},"schema":{"@context":"https:\/\/schema.org","@graph":[{"@type":"Article","@id":"https:\/\/oficialnoticias.com\/?p=10206#article","isPartOf":{"@id":"https:\/\/oficialnoticias.com\/?p=10206"},"author":{"name":"Luana Gon\u00e7alves","@id":"https:\/\/oficialnoticias.com\/#\/schema\/person\/2d1dcbb6bfbc28d68171b4dc04723d4a"},"headline":"Maduro levar\u00e1 militares \u00e0s comunidades para treinar a popula\u00e7\u00e3o","datePublished":"2025-09-19T09:23:39+00:00","dateModified":"2025-09-19T09:23:44+00:00","mainEntityOfPage":{"@id":"https:\/\/oficialnoticias.com\/?p=10206"},"wordCount":419,"commentCount":0,"publisher":{"@id":"https:\/\/oficialnoticias.com\/#organization"},"image":{"@id":"https:\/\/oficialnoticias.com\/?p=10206#primaryimage"},"thumbnailUrl":"https:\/\/oficialnoticias.com\/wp-content\/uploads\/2025\/09\/urlhttps3A2F2Fk2-prod-radio-itatiaia.s3.us-east-1.amazonaws.com2Fbrightspot2F0e2F4e2F084816.webp","articleSection":["Mundo"],"inLanguage":"pt-BR","potentialAction":[{"@type":"CommentAction","name":"Comment","target":["https:\/\/oficialnoticias.com\/?p=10206#respond"]}]},{"@type":"WebPage","@id":"https:\/\/oficialnoticias.com\/?p=10206","url":"https:\/\/oficialnoticias.com\/?p=10206","name":"Maduro levar\u00e1 militares \u00e0s comunidades para treinar a popula\u00e7\u00e3o -","isPartOf":{"@id":"https:\/\/oficialnoticias.com\/#website"},"primaryImageOfPage":{"@id":"https:\/\/oficialnoticias.com\/?p=10206#primaryimage"},"image":{"@id":"https:\/\/oficialnoticias.com\/?p=10206#primaryimage"},"thumbnailUrl":"https:\/\/oficialnoticias.com\/wp-content\/uploads\/2025\/09\/urlhttps3A2F2Fk2-prod-radio-itatiaia.s3.us-east-1.amazonaws.com2Fbrightspot2F0e2F4e2F084816.webp","datePublished":"2025-09-19T09:23:39+00:00","dateModified":"2025-09-19T09:23:44+00:00","breadcrumb":{"@id":"https:\/\/oficialnoticias.com\/?p=10206#breadcrumb"},"inLanguage":"pt-BR","potentialAction":[{"@type":"ReadAction","target":["https:\/\/oficialnoticias.com\/?p=10206"]}]},{"@type":"ImageObject","inLanguage":"pt-BR","@id":"https:\/\/oficialnoticias.com\/?p=10206#primaryimage","url":"https:\/\/oficialnoticias.com\/wp-content\/uploads\/2025\/09\/urlhttps3A2F2Fk2-prod-radio-itatiaia.s3.us-east-1.amazonaws.com2Fbrightspot2F0e2F4e2F084816.webp","contentUrl":"https:\/\/oficialnoticias.com\/wp-content\/uploads\/2025\/09\/urlhttps3A2F2Fk2-prod-radio-itatiaia.s3.us-east-1.amazonaws.com2Fbrightspot2F0e2F4e2F084816.webp","width":1200,"height":630},{"@type":"BreadcrumbList","@id":"https:\/\/oficialnoticias.com\/?p=10206#breadcrumb","itemListElement":[{"@type":"ListItem","position":1,"name":"In\u00edcio","item":"https:\/\/oficialnoticias.com\/"},{"@type":"ListItem","position":2,"name":"Maduro levar\u00e1 militares \u00e0s comunidades para treinar a popula\u00e7\u00e3o"}]},{"@type":"WebSite","@id":"https:\/\/oficialnoticias.com\/#website","url":"https:\/\/oficialnoticias.com\/","name":"oficial Noticias","description":"","publisher":{"@id":"https:\/\/oficialnoticias.com\/#organization"},"potentialAction":[{"@type":"SearchAction","target":{"@type":"EntryPoint","urlTemplate":"https:\/\/oficialnoticias.com\/?s={search_term_string}"},"query-input":{"@type":"PropertyValueSpecification","valueRequired":true,"valueName":"search_term_string"}}],"inLanguage":"pt-BR"},{"@type":"Organization","@id":"https:\/\/oficialnoticias.com\/#organization","name":"oficial noticias","url":"https:\/\/oficialnoticias.com\/","logo":{"@type":"ImageObject","inLanguage":"pt-BR","@id":"https:\/\/oficialnoticias.com\/#\/schema\/logo\/image\/","url":"https:\/\/oficialnoticias.com\/wp-content\/uploads\/2025\/08\/cropped-cropped-cropped-Logo-Noticias-e1753639739829.png","contentUrl":"https:\/\/oficialnoticias.com\/wp-content\/uploads\/2025\/08\/cropped-cropped-cropped-Logo-Noticias-e1753639739829.png","width":119,"height":86,"caption":"oficial noticias"},"image":{"@id":"https:\/\/oficialnoticias.com\/#\/schema\/logo\/image\/"}},{"@type":"Person","@id":"https:\/\/oficialnoticias.com\/#\/schema\/person\/2d1dcbb6bfbc28d68171b4dc04723d4a","name":"Luana Gon\u00e7alves","image":{"@type":"ImageObject","inLanguage":"pt-BR","@id":"https:\/\/secure.gravatar.com\/avatar\/7aa6afdef873224c1a0265951f3fdfc0679f65dfbd15f018612595d323c52521?s=96&d=mm&r=g","url":"https:\/\/secure.gravatar.com\/avatar\/7aa6afdef873224c1a0265951f3fdfc0679f65dfbd15f018612595d323c52521?s=96&d=mm&r=g","contentUrl":"https:\/\/secure.gravatar.com\/avatar\/7aa6afdef873224c1a0265951f3fdfc0679f65dfbd15f018612595d323c52521?s=96&d=mm&r=g","caption":"Luana Gon\u00e7alves"},"sameAs":["https:\/\/oficialnoticias.com\/"],"url":"https:\/\/oficialnoticias.com\/?author=2"}]}},"_links":{"self":[{"href":"https:\/\/oficialnoticias.com\/index.php?rest_route=\/wp\/v2\/posts\/10206","targetHints":{"allow":["GET"]}}],"collection":[{"href":"https:\/\/oficialnoticias.com\/index.php?rest_route=\/wp\/v2\/posts"}],"about":[{"href":"https:\/\/oficialnoticias.com\/index.php?rest_route=\/wp\/v2\/types\/post"}],"author":[{"embeddable":true,"href":"https:\/\/oficialnoticias.com\/index.php?rest_route=\/wp\/v2\/users\/2"}],"replies":[{"embeddable":true,"href":"https:\/\/oficialnoticias.com\/index.php?rest_route=%2Fwp%2Fv2%2Fcomments&post=10206"}],"version-history":[{"count":1,"href":"https:\/\/oficialnoticias.com\/index.php?rest_route=\/wp\/v2\/posts\/10206\/revisions"}],"predecessor-version":[{"id":10208,"href":"https:\/\/oficialnoticias.com\/index.php?rest_route=\/wp\/v2\/posts\/10206\/revisions\/10208"}],"wp:featuredmedia":[{"embeddable":true,"href":"https:\/\/oficialnoticias.com\/index.php?rest_route=\/wp\/v2\/media\/10207"}],"wp:attachment":[{"href":"https:\/\/oficialnoticias.com\/index.php?rest_route=%2Fwp%2Fv2%2Fmedia&parent=10206"}],"wp:term":[{"taxonomy":"category","embeddable":true,"href":"https:\/\/oficialnoticias.com\/index.php?rest_route=%2Fwp%2Fv2%2Fcategories&post=10206"},{"taxonomy":"post_tag","embeddable":true,"href":"https:\/\/oficialnoticias.com\/index.php?rest_route=%2Fwp%2Fv2%2Ftags&post=10206"}],"curies":[{"name":"wp","href":"https:\/\/api.w.org\/{rel}","templated":true}]}}